{"id":59564,"date":"2018-09-04T10:50:42","date_gmt":"2018-09-04T08:50:42","guid":{"rendered":"http:\/\/www.radiopiu.net\/wordpress\/?p=59564"},"modified":"2018-09-05T07:10:47","modified_gmt":"2018-09-05T05:10:47","slug":"incendi-e-incidenti-ad-agordo-e-voltago","status":"publish","type":"post","link":"https:\/\/www.radiopiu.net\/wordpress\/incendi-e-incidenti-ad-agordo-e-voltago\/","title":{"rendered":"INCENDI E INCIDENTI AD AGORDO E VOLTAGO"},"content":{"rendered":"<blockquote>\n<h1><\/h1>\n<\/blockquote>\n<p><strong>AGORDO<\/strong> Un principio d&#8217;incendio a causa del mal funzionamento di un fornello a gas e tanto fumo. Immediato l&#8217;intervento dei vigili del fuoco di Agordo ieri nel primo pomeriggio in via teatro, danni contenuti. Il mezzo in arrivo da Belluno \u00e8 incorso in un incidente stradale al ponte della Rova, una retromarcia finita male, dietro c&#8217;era un giovane in motorino che ha provato ad avvisare della sua presenza ma senza risultato. E&#8217; per\u00f2 riuscito a farsi da parte mentre il motorino \u00e8 finito sotto alle ruote del camion dei pompieri. Nessun ferito, illeso anche il motociclista che si \u00e8 visto piombare addosso in retromarcia il camion dei pompieri che stava effettuando manovra per cambiare strada e raggiungere lo stesso incendio da un\u2019altra via del paese: l\u2019uomo \u00e8 riuscito a smontare al volo dalla sella della motocicletta che \u00e8 stata poi travolta<\/p>\n<p><strong>VOLTAGO <\/strong>Altra chiamata sulla strada per Voltago in localit\u00e0 Al Cristo (salendo da Ponte Brugnach) dove una motociclista \u00e8 finito diritta contro un auto che scendeva verso Agordo. Lungo la provinciale 347, poco prima dell\u2019abitato una motociclista inglese \u00e8 finita contro un\u2019auto. La centaura 61enne, su unamoto Ducati, \u00e8 rimasta ferita e soccorsa dal centromobile dell\u2019ospedale di Agordo: ha riportato la frattura del bacino\u00a0 \u00e8 stata ricoverata. La donna tagliando la curva \u00e8 finita contro la Punto, condotta da una donna di Trichiana.<\/p>\n<p>FOTO, CLICCA PER INGRANDIRE<\/p>\n\n\t\t\t<style type='text\/css'>\n\t\t\t\t#gallery-1 {\n\t\t\t\t\tmargin: auto;\n\t\t\t\t}\n\t\t\t\t#gallery-1 .gallery-item {\n\t\t\t\t\tfloat: left;\n\t\t\t\t\tmargin-top: 10px;\n\t\t\t\t\ttext-align: center;\n\t\t\t\t\twidth: 33%;\n\t\t\t\t}\n\t\t\t\t#gallery-1 img {\n\t\t\t\t\tborder: 2px solid #cfcfcf;\n\t\t\t\t}\n\t\t\t\t#gallery-1 .gallery-caption {\n\t\t\t\t\tmargin-left: 0;\n\t\t\t\t}\n\t\t\t\t\/* see gallery_shortcode() in wp-includes\/media.php *\/\n\t\t\t<\/style>\n\t\t<div id='gallery-1' class='dt-gallery-container gallery galleryid-59564 gallery-columns-3 gallery-size-medium'><dl class='gallery-item'>\n\t\t\t\t<dt class='gallery-icon portrait'>\n\t\t\t\t\t<a class=\"rollover\" href='https:\/\/www.radiopiu.net\/wordpress\/giornale-radiopiu-04-09-2018-direttore-mirko-mezzacasa\/1f5ae01a-15f7-4d06-b24b-26ee5ec20932\/'><img loading=\"lazy\" decoding=\"async\" width=\"169\" height=\"300\" src=\"https:\/\/www.radiopiu.net\/wordpress\/wp-content\/uploads\/2018\/09\/1f5ae01a-15f7-4d06-b24b-26ee5ec20932-169x300.jpg\" class=\"attachment-medium size-medium\" alt=\"\" aria-describedby=\"gallery-1-59486\" srcset=\"https:\/\/www.radiopiu.net\/wordpress\/wp-content\/uploads\/2018\/09\/1f5ae01a-15f7-4d06-b24b-26ee5ec20932-169x300.jpg 169w, https:\/\/www.radiopiu.net\/wordpress\/wp-content\/uploads\/2018\/09\/1f5ae01a-15f7-4d06-b24b-26ee5ec20932-576x1024.jpg 576w, https:\/\/www.radiopiu.net\/wordpress\/wp-content\/uploads\/2018\/09\/1f5ae01a-15f7-4d06-b24b-26ee5ec20932.jpg 747w\" sizes=\"auto, (max-width: 169px) 100vw, 169px\" \/><\/a>\n\t\t\t\t<\/dt>\n\t\t\t\t\t<dd class='wp-caption-text gallery-caption' id='gallery-1-59486'>\n\t\t\t\t\tVIA CARRERA VERSO VIA TEATRO \n\t\t\t\t\t<\/dd><\/dl><dl class='gallery-item'>\n\t\t\t\t<dt class='gallery-icon landscape'>\n\t\t\t\t\t<a class=\"rollover\" href='https:\/\/www.radiopiu.net\/wordpress\/giornale-radiopiu-04-09-2018-direttore-mirko-mezzacasa\/c398990b-44f3-483f-9004-7c9d06eafbae\/'><img loading=\"lazy\" decoding=\"async\" width=\"300\" height=\"169\" src=\"https:\/\/www.radiopiu.net\/wordpress\/wp-content\/uploads\/2018\/09\/c398990b-44f3-483f-9004-7c9d06eafbae-300x169.jpg\" class=\"attachment-medium size-medium\" alt=\"\" aria-describedby=\"gallery-1-59485\" srcset=\"https:\/\/www.radiopiu.net\/wordpress\/wp-content\/uploads\/2018\/09\/c398990b-44f3-483f-9004-7c9d06eafbae-300x169.jpg 300w, https:\/\/www.radiopiu.net\/wordpress\/wp-content\/uploads\/2018\/09\/c398990b-44f3-483f-9004-7c9d06eafbae-768x432.jpg 768w, https:\/\/www.radiopiu.net\/wordpress\/wp-content\/uploads\/2018\/09\/c398990b-44f3-483f-9004-7c9d06eafbae-1024x576.jpg 1024w, https:\/\/www.radiopiu.net\/wordpress\/wp-content\/uploads\/2018\/09\/c398990b-44f3-483f-9004-7c9d06eafbae.jpg 1328w\" sizes=\"auto, (max-width: 300px) 100vw, 300px\" \/><\/a>\n\t\t\t\t<\/dt>\n\t\t\t\t\t<dd class='wp-caption-text gallery-caption' id='gallery-1-59485'>\n\t\t\t\t\tPONTE ROVA \n\t\t\t\t\t<\/dd><\/dl><dl class='gallery-item'>\n\t\t\t\t<dt class='gallery-icon portrait'>\n\t\t\t\t\t<a class=\"rollover\" href='https:\/\/www.radiopiu.net\/wordpress\/giornale-radiopiu-04-09-2018-direttore-mirko-mezzacasa\/ae87995c-8cfd-4721-a734-16a874139fd1\/'><img loading=\"lazy\" decoding=\"async\" width=\"225\" height=\"300\" src=\"https:\/\/www.radiopiu.net\/wordpress\/wp-content\/uploads\/2018\/09\/ae87995c-8cfd-4721-a734-16a874139fd1-225x300.jpg\" class=\"attachment-medium size-medium\" alt=\"\" aria-describedby=\"gallery-1-59453\" srcset=\"https:\/\/www.radiopiu.net\/wordpress\/wp-content\/uploads\/2018\/09\/ae87995c-8cfd-4721-a734-16a874139fd1-225x300.jpg 225w, https:\/\/www.radiopiu.net\/wordpress\/wp-content\/uploads\/2018\/09\/ae87995c-8cfd-4721-a734-16a874139fd1-768x1024.jpg 768w, https:\/\/www.radiopiu.net\/wordpress\/wp-content\/uploads\/2018\/09\/ae87995c-8cfd-4721-a734-16a874139fd1.jpg 1200w\" sizes=\"auto, (max-width: 225px) 100vw, 225px\" \/><\/a>\n\t\t\t\t<\/dt>\n\t\t\t\t\t<dd class='wp-caption-text gallery-caption' id='gallery-1-59453'>\n\t\t\t\t\tVOLTAGO-AL CRISTO\n\t\t\t\t\t<\/dd><\/dl><br style=\"clear: both\" \/>\n\t\t\t<\/div>\n\n<p>&nbsp;<\/p>\n<div class=\"moz-text-html\" lang=\"x-unicode\">\n<div dir=\"ltr\">\n<div dir=\"auto\">\n<hr \/>\n<\/div>\n<\/div>\n<\/div>\n<h1><\/h1>\n","protected":false},"excerpt":{"rendered":"<p>AGORDO Un principio d&#8217;incendio a causa del mal funzionamento di un fornello a gas e tanto fumo. Immediato l&#8217;intervento dei vigili del fuoco di Agordo ieri nel primo pomeriggio in via teatro, danni contenuti. Il mezzo in arrivo da Belluno \u00e8 incorso in un incidente stradale al ponte della Rova, una retromarcia finita male, dietro&hellip;<\/p>\n","protected":false},"author":1,"featured_media":59486,"comment_status":"closed","ping_status":"closed","sticky":false,"template":"","format":"standard","meta":{"_monsterinsights_skip_tracking":false,"_monsterinsights_sitenote_active":false,"_monsterinsights_sitenote_note":"","_monsterinsights_sitenote_category":0,"footnotes":""},"categories":[2,49],"tags":[],"class_list":["post-59564","post","type-post","status-publish","format-standard","has-post-thumbnail","hentry","category-news","category-news-18","category-2","category-49","description-off"],"img_url":"https:\/\/www.radiopiu.net\/wordpress\/wp-content\/uploads\/2018\/09\/1f5ae01a-15f7-4d06-b24b-26ee5ec20932.jpg","_links":{"self":[{"href":"https:\/\/www.radiopiu.net\/wordpress\/wp-json\/wp\/v2\/posts\/59564","targetHints":{"allow":["GET"]}}],"collection":[{"href":"https:\/\/www.radiopiu.net\/wordpress\/wp-json\/wp\/v2\/posts"}],"about":[{"href":"https:\/\/www.radiopiu.net\/wordpress\/wp-json\/wp\/v2\/types\/post"}],"author":[{"embeddable":true,"href":"https:\/\/www.radiopiu.net\/wordpress\/wp-json\/wp\/v2\/users\/1"}],"replies":[{"embeddable":true,"href":"https:\/\/www.radiopiu.net\/wordpress\/wp-json\/wp\/v2\/comments?post=59564"}],"version-history":[{"count":0,"href":"https:\/\/www.radiopiu.net\/wordpress\/wp-json\/wp\/v2\/posts\/59564\/revisions"}],"wp:featuredmedia":[{"embeddable":true,"href":"https:\/\/www.radiopiu.net\/wordpress\/wp-json\/wp\/v2\/media\/59486"}],"wp:attachment":[{"href":"https:\/\/www.radiopiu.net\/wordpress\/wp-json\/wp\/v2\/media?parent=59564"}],"wp:term":[{"taxonomy":"category","embeddable":true,"href":"https:\/\/www.radiopiu.net\/wordpress\/wp-json\/wp\/v2\/categories?post=59564"},{"taxonomy":"post_tag","embeddable":true,"href":"https:\/\/www.radiopiu.net\/wordpress\/wp-json\/wp\/v2\/tags?post=59564"}],"curies":[{"name":"wp","href":"https:\/\/api.w.org\/{rel}","templated":true}]}}