{"id":59566,"date":"2018-09-04T06:11:33","date_gmt":"2018-09-04T04:11:33","guid":{"rendered":"http:\/\/www.radiopiu.net\/wordpress\/?p=59566"},"modified":"2018-09-04T06:11:33","modified_gmt":"2018-09-04T04:11:33","slug":"altre-sono-le-priorita-in-risposta-allarticolo-zaia-e-lobbligo-alla-naja-di-franco-piacentini","status":"publish","type":"post","link":"https:\/\/www.radiopiu.net\/wordpress\/altre-sono-le-priorita-in-risposta-allarticolo-zaia-e-lobbligo-alla-naja-di-franco-piacentini\/","title":{"rendered":"ALTRE SONO LE PRIORITA&#8217; In risposta all&#8217;articolo\u00a0 \u201cZaia e l\u2019obbligo alla naja\u201d. di Franco Piacentini"},"content":{"rendered":"<p>&nbsp;<\/p>\n<p><strong><a class=\"dt-pswp-item\" href=\"http:\/\/www.radiopiu.net\/wordpress\/wp-content\/uploads\/2018\/08\/military-men-569899_960_720.jpg\" data-dt-img-description=\"\" data-large_image_width=\"960\" data-large_image_height=\"638\"><img loading=\"lazy\" decoding=\"async\" class=\"size-medium wp-image-57522 alignleft\" src=\"http:\/\/www.radiopiu.net\/wordpress\/wp-content\/uploads\/2018\/08\/military-men-569899_960_720-300x199.jpg\" alt=\"\" width=\"300\" height=\"199\" srcset=\"https:\/\/www.radiopiu.net\/wordpress\/wp-content\/uploads\/2018\/08\/military-men-569899_960_720-300x199.jpg 300w, https:\/\/www.radiopiu.net\/wordpress\/wp-content\/uploads\/2018\/08\/military-men-569899_960_720-768x510.jpg 768w, https:\/\/www.radiopiu.net\/wordpress\/wp-content\/uploads\/2018\/08\/military-men-569899_960_720.jpg 960w\" sizes=\"auto, (max-width: 300px) 100vw, 300px\" \/><\/a>FELTRE\u00a0<\/strong> Nei giorni scorsi il Governatore del Veneto ha riproposto il ripristino del servizio militare obbligatorio, precisamente un servizio di sei &#8211; otto mesi pi\u00f9 di impegno civile che &#8220;armato&#8221;, ovviamente se interpreto bene il pensiero del dott. Luca Zaia, in linea con la proposta del Ministro Matteo Salvini. A parte le criticit\u00e0 sulla copertura finanziaria e sulle strutture logistiche, che renderebbero impervio l&#8217;obbligo alla &#8220;leva militare&#8221;, quello che mi ha colpito, se le parole riportate da alcuni mass-media sono state effettivamente pronunciate dal Governatore del Veneto, \u00e8 il seguente giudizio che il dott. Zaia esprime nei confronti dei giovani: &#8220;la riforma (la mini naja &#8211; ndr) va introdotta rapidamente (&#8230;) in modo da colmare quel vuoto educativo che i ragazzi dimostrano&#8221;. Sinceramente \u00e8 una valutazione fortemente negativa sui giovani (ragazzi e ragazze). Non credo che il vuoto educativo, se realmente c&#8217;\u00e8 in forma generalizzata, venga superato con l&#8217;imposizione dell&#8217;obbligo al servizio militare. Per rendere maggiormente partecipi i giovani alla responsabilit\u00e0 civile, ci sono (anche) altre strade da percorrere: lo studio, la certezza del lavoro, l&#8217;impegno nel volontariato e le sagge indicazioni (di grandissima attualit\u00e0) di don Lorenzo Milani. Ultima considerazione: la Giunta regionale invece di perdersi in queste farraginose, inconcludenti e comunque inutili proposte, dal sapore provocatorio, concentri il proprio sforzo amministrativo sui grandi problemi dei \u201cveneti\u201d. Intraprenda convintamente la strada della concertazione con: le Confederazioni Cgil Cisl Uil; le Rappresentanze delle imprese e dell\u2019economia; i Portavoce del Forum Terzo Settore; i Coordinatori del Volontariato, per concordare, programmare e finanziare adeguatamente le seguenti priorit\u00e0: politiche attive del lavoro; nuovo piano sociosanitario; riduzione della compartecipazione ai costi assistenziali e sanitari; esigibilit\u00e0 del fondo per la non autosufficienza e la disabilit\u00e0; prevenzione infortuni nei luoghi di lavoro; tutela ambientale; specificit\u00e0 territoriali Terre Alte, Polesine e Laguna. Su questi fondamentali argomenti, i \u201cveneti\u201d da troppo tempo chiedono fatti e non parole.<\/p>\n","protected":false},"excerpt":{"rendered":"<p>&nbsp; FELTRE\u00a0 Nei giorni scorsi il Governatore del Veneto ha riproposto il ripristino del servizio militare obbligatorio, precisamente un servizio di sei &#8211; otto mesi pi\u00f9 di impegno civile che &#8220;armato&#8221;, ovviamente se interpreto bene il pensiero del dott. Luca Zaia, in linea con la proposta del Ministro Matteo Salvini. A parte le criticit\u00e0 sulla&hellip;<\/p>\n","protected":false},"author":1,"featured_media":57522,"comment_status":"closed","ping_status":"closed","sticky":false,"template":"","format":"standard","meta":{"_monsterinsights_skip_tracking":false,"_monsterinsights_sitenote_active":false,"_monsterinsights_sitenote_note":"","_monsterinsights_sitenote_category":0,"footnotes":""},"categories":[2,49],"tags":[],"class_list":["post-59566","post","type-post","status-publish","format-standard","has-post-thumbnail","hentry","category-news","category-news-18","category-2","category-49","description-off"],"img_url":"https:\/\/www.radiopiu.net\/wordpress\/wp-content\/uploads\/2018\/08\/military-men-569899_960_720.jpg","_links":{"self":[{"href":"https:\/\/www.radiopiu.net\/wordpress\/wp-json\/wp\/v2\/posts\/59566","targetHints":{"allow":["GET"]}}],"collection":[{"href":"https:\/\/www.radiopiu.net\/wordpress\/wp-json\/wp\/v2\/posts"}],"about":[{"href":"https:\/\/www.radiopiu.net\/wordpress\/wp-json\/wp\/v2\/types\/post"}],"author":[{"embeddable":true,"href":"https:\/\/www.radiopiu.net\/wordpress\/wp-json\/wp\/v2\/users\/1"}],"replies":[{"embeddable":true,"href":"https:\/\/www.radiopiu.net\/wordpress\/wp-json\/wp\/v2\/comments?post=59566"}],"version-history":[{"count":0,"href":"https:\/\/www.radiopiu.net\/wordpress\/wp-json\/wp\/v2\/posts\/59566\/revisions"}],"wp:featuredmedia":[{"embeddable":true,"href":"https:\/\/www.radiopiu.net\/wordpress\/wp-json\/wp\/v2\/media\/57522"}],"wp:attachment":[{"href":"https:\/\/www.radiopiu.net\/wordpress\/wp-json\/wp\/v2\/media?parent=59566"}],"wp:term":[{"taxonomy":"category","embeddable":true,"href":"https:\/\/www.radiopiu.net\/wordpress\/wp-json\/wp\/v2\/categories?post=59566"},{"taxonomy":"post_tag","embeddable":true,"href":"https:\/\/www.radiopiu.net\/wordpress\/wp-json\/wp\/v2\/tags?post=59566"}],"curies":[{"name":"wp","href":"https:\/\/api.w.org\/{rel}","templated":true}]}}