{"id":59574,"date":"2018-09-04T06:18:45","date_gmt":"2018-09-04T04:18:45","guid":{"rendered":"http:\/\/www.radiopiu.net\/wordpress\/?p=59574"},"modified":"2018-09-06T10:11:21","modified_gmt":"2018-09-06T08:11:21","slug":"gli-speciali-di-radio-piu-gli-ottanta-di-buba","status":"publish","type":"post","link":"https:\/\/www.radiopiu.net\/wordpress\/gli-speciali-di-radio-piu-gli-ottanta-di-buba\/","title":{"rendered":"GLI SPECIALI DI RADIO PIU GLI OTTANTA DI &#8220;BUBA&#8221;"},"content":{"rendered":"<div class=\"moz-text-html\" lang=\"x-unicode\">\n<div dir=\"ltr\">\n<div dir=\"auto\">\n<h1><\/h1>\n<p><strong><a class=\"dt-pswp-item\" href=\"http:\/\/www.radiopiu.net\/wordpress\/wp-content\/uploads\/2018\/09\/3bb18c00-02fb-4f82-8f3a-4387ce3a0f7d-1.jpg\" data-dt-img-description=\"\" data-large_image_width=\"1024\" data-large_image_height=\"1024\"><img loading=\"lazy\" decoding=\"async\" class=\"size-medium wp-image-59469 alignleft\" src=\"http:\/\/www.radiopiu.net\/wordpress\/wp-content\/uploads\/2018\/09\/3bb18c00-02fb-4f82-8f3a-4387ce3a0f7d-1-300x300.jpg\" alt=\"\" width=\"300\" height=\"300\" srcset=\"https:\/\/www.radiopiu.net\/wordpress\/wp-content\/uploads\/2018\/09\/3bb18c00-02fb-4f82-8f3a-4387ce3a0f7d-1-300x300.jpg 300w, https:\/\/www.radiopiu.net\/wordpress\/wp-content\/uploads\/2018\/09\/3bb18c00-02fb-4f82-8f3a-4387ce3a0f7d-1-150x150.jpg 150w, https:\/\/www.radiopiu.net\/wordpress\/wp-content\/uploads\/2018\/09\/3bb18c00-02fb-4f82-8f3a-4387ce3a0f7d-1-768x768.jpg 768w, https:\/\/www.radiopiu.net\/wordpress\/wp-content\/uploads\/2018\/09\/3bb18c00-02fb-4f82-8f3a-4387ce3a0f7d-1.jpg 1024w\" sizes=\"auto, (max-width: 300px) 100vw, 300px\" \/><\/a><\/strong><\/p>\n<p>&nbsp;<\/p>\n<p>&nbsp;<\/p>\n<p>&nbsp;<\/p>\n<p>&nbsp;<\/p>\n<p>&nbsp;<\/p>\n<p><strong>VENEZIA<\/strong>\u00a0Giovanni Bubacco, veneziano della Giudecca, ha legato la sua vicenda umana e sportiva fra la citt\u00e0 lagunare e Belluno, sua citt\u00e0 adottiva dalla met\u00e0 degli anni \u201970. \u201cBuba\u201d, come era ed \u00e8 ancora conosciuto nell\u2019ambiente del calcio, \u00e8 stato un portiere di spicco che con le maglie del Venezia e del Belluno ha scritto pagine indelebili nella storia sportiva del club lagunare e di quello dolomitico. Sabato, in una festa a sorpresa organizzata dai figli Gabriele e Marco in occasione dei suoi ottant\u2019anni, Giovanni Bubacco \u00e8 stato celebrato come atleta e come uomo che ha fatto della semplicit\u00e0 e della bont\u00e0 d\u2019animo i suoi tratti distintivi. A festeggiare \u201cBuba\u201d in Campo San Geremia a Venezia si sono trovati in tanti ex compagni in neroverde e gialloblu che, accompagnati dal racconto della ex \u201cvoce\u201d RAI di Novantesimo Minuto, Ugo Russo, hanno rivissuto assieme al mitico \u201cnumero uno\u201d con un pizzico di emozione tanti bei momenti di un calcio che ormai non c\u2019\u00e8 pi\u00f9.\u00a0 \u00a0IL SERVIZIO DI ROBERTO BONA E LE INTERVISTE A:\u00a0 GIANCARLO ZAMPIERI, VINCENZO DA ROLD,\u00a0 PAOLO DE TOFFOL,\u00a0 I FIGLI GABRIELE,\u00a0 MARCO\u00a0 E\u00a0 MAURIZIO CROVATO CONSIGLIERE DEL COMUNE DI VENEZIA<\/p>\n<p><strong>AUDIO<\/strong><\/p>\n<\/div>\n<\/div>\n<\/div>\n<p>&nbsp;<\/p>\n<audio class=\"wp-audio-shortcode\" id=\"audio-59574-1\" preload=\"none\" style=\"width: 100%;\" controls=\"controls\"><source type=\"audio\/mpeg\" src=\"http:\/\/www.radiopiu.net\/wordpress\/wp-content\/uploads\/2018\/09\/BUBACCO-SERVIZIO.mp3?_=1\" \/><a href=\"http:\/\/www.radiopiu.net\/wordpress\/wp-content\/uploads\/2018\/09\/BUBACCO-SERVIZIO.mp3\">http:\/\/www.radiopiu.net\/wordpress\/wp-content\/uploads\/2018\/09\/BUBACCO-SERVIZIO.mp3<\/a><\/audio>\n<p>FOTO<\/p>\n<div class=\"moz-text-html\" lang=\"x-unicode\">\n<div dir=\"ltr\">\n<div dir=\"auto\">\n\n\t\t\t<style type='text\/css'>\n\t\t\t\t#gallery-1 {\n\t\t\t\t\tmargin: auto;\n\t\t\t\t}\n\t\t\t\t#gallery-1 .gallery-item {\n\t\t\t\t\tfloat: left;\n\t\t\t\t\tmargin-top: 10px;\n\t\t\t\t\ttext-align: center;\n\t\t\t\t\twidth: 33%;\n\t\t\t\t}\n\t\t\t\t#gallery-1 img {\n\t\t\t\t\tborder: 2px solid #cfcfcf;\n\t\t\t\t}\n\t\t\t\t#gallery-1 .gallery-caption {\n\t\t\t\t\tmargin-left: 0;\n\t\t\t\t}\n\t\t\t\t\/* see gallery_shortcode() in wp-includes\/media.php *\/\n\t\t\t<\/style>\n\t\t<div id='gallery-1' class='dt-gallery-container gallery galleryid-59574 gallery-columns-3 gallery-size-medium'><dl class='gallery-item'>\n\t\t\t\t<dt class='gallery-icon landscape'>\n\t\t\t\t\t<a class=\"rollover\" href='https:\/\/www.radiopiu.net\/wordpress\/giornale-radiopiu-04-09-2018-direttore-mirko-mezzacasa\/26100798-10a1-48f8-9814-5b58d41bcd25-2\/'><img loading=\"lazy\" decoding=\"async\" width=\"300\" height=\"300\" src=\"https:\/\/www.radiopiu.net\/wordpress\/wp-content\/uploads\/2018\/09\/26100798-10a1-48f8-9814-5b58d41bcd25-1-300x300.jpg\" class=\"attachment-medium size-medium\" alt=\"\" srcset=\"https:\/\/www.radiopiu.net\/wordpress\/wp-content\/uploads\/2018\/09\/26100798-10a1-48f8-9814-5b58d41bcd25-1-300x300.jpg 300w, https:\/\/www.radiopiu.net\/wordpress\/wp-content\/uploads\/2018\/09\/26100798-10a1-48f8-9814-5b58d41bcd25-1-150x150.jpg 150w, https:\/\/www.radiopiu.net\/wordpress\/wp-content\/uploads\/2018\/09\/26100798-10a1-48f8-9814-5b58d41bcd25-1-768x768.jpg 768w, https:\/\/www.radiopiu.net\/wordpress\/wp-content\/uploads\/2018\/09\/26100798-10a1-48f8-9814-5b58d41bcd25-1.jpg 1024w\" sizes=\"auto, (max-width: 300px) 100vw, 300px\" \/><\/a>\n\t\t\t\t<\/dt><\/dl><dl class='gallery-item'>\n\t\t\t\t<dt class='gallery-icon landscape'>\n\t\t\t\t\t<a class=\"rollover\" href='https:\/\/www.radiopiu.net\/wordpress\/giornale-radiopiu-04-09-2018-direttore-mirko-mezzacasa\/bfbe7283-f0f0-4b10-998b-981ea6f626c0-2\/'><img loading=\"lazy\" decoding=\"async\" width=\"300\" height=\"300\" src=\"https:\/\/www.radiopiu.net\/wordpress\/wp-content\/uploads\/2018\/09\/bfbe7283-f0f0-4b10-998b-981ea6f626c0-1-300x300.jpg\" class=\"attachment-medium size-medium\" alt=\"\" srcset=\"https:\/\/www.radiopiu.net\/wordpress\/wp-content\/uploads\/2018\/09\/bfbe7283-f0f0-4b10-998b-981ea6f626c0-1-300x300.jpg 300w, https:\/\/www.radiopiu.net\/wordpress\/wp-content\/uploads\/2018\/09\/bfbe7283-f0f0-4b10-998b-981ea6f626c0-1-150x150.jpg 150w, https:\/\/www.radiopiu.net\/wordpress\/wp-content\/uploads\/2018\/09\/bfbe7283-f0f0-4b10-998b-981ea6f626c0-1-768x768.jpg 768w, https:\/\/www.radiopiu.net\/wordpress\/wp-content\/uploads\/2018\/09\/bfbe7283-f0f0-4b10-998b-981ea6f626c0-1.jpg 1024w\" sizes=\"auto, (max-width: 300px) 100vw, 300px\" \/><\/a>\n\t\t\t\t<\/dt><\/dl><dl class='gallery-item'>\n\t\t\t\t<dt class='gallery-icon landscape'>\n\t\t\t\t\t<a class=\"rollover\" href='https:\/\/www.radiopiu.net\/wordpress\/giornale-radiopiu-04-09-2018-direttore-mirko-mezzacasa\/6392c12d-badd-4cee-aea6-06b23d8eea8f-2\/'><img loading=\"lazy\" decoding=\"async\" width=\"300\" height=\"225\" src=\"https:\/\/www.radiopiu.net\/wordpress\/wp-content\/uploads\/2018\/09\/6392c12d-badd-4cee-aea6-06b23d8eea8f-1-300x225.jpg\" class=\"attachment-medium size-medium\" alt=\"\" srcset=\"https:\/\/www.radiopiu.net\/wordpress\/wp-content\/uploads\/2018\/09\/6392c12d-badd-4cee-aea6-06b23d8eea8f-1-300x225.jpg 300w, https:\/\/www.radiopiu.net\/wordpress\/wp-content\/uploads\/2018\/09\/6392c12d-badd-4cee-aea6-06b23d8eea8f-1-768x576.jpg 768w, https:\/\/www.radiopiu.net\/wordpress\/wp-content\/uploads\/2018\/09\/6392c12d-badd-4cee-aea6-06b23d8eea8f-1.jpg 1024w\" sizes=\"auto, (max-width: 300px) 100vw, 300px\" \/><\/a>\n\t\t\t\t<\/dt><\/dl><br style=\"clear: both\" \/><dl class='gallery-item'>\n\t\t\t\t<dt class='gallery-icon landscape'>\n\t\t\t\t\t<a class=\"rollover\" href='https:\/\/www.radiopiu.net\/wordpress\/giornale-radiopiu-04-09-2018-direttore-mirko-mezzacasa\/57bb1872-a1e2-4772-9819-ce0744596176-2\/'><img loading=\"lazy\" decoding=\"async\" width=\"300\" height=\"300\" src=\"https:\/\/www.radiopiu.net\/wordpress\/wp-content\/uploads\/2018\/09\/57bb1872-a1e2-4772-9819-ce0744596176-1-300x300.jpg\" class=\"attachment-medium size-medium\" alt=\"\" srcset=\"https:\/\/www.radiopiu.net\/wordpress\/wp-content\/uploads\/2018\/09\/57bb1872-a1e2-4772-9819-ce0744596176-1-300x300.jpg 300w, https:\/\/www.radiopiu.net\/wordpress\/wp-content\/uploads\/2018\/09\/57bb1872-a1e2-4772-9819-ce0744596176-1-150x150.jpg 150w, https:\/\/www.radiopiu.net\/wordpress\/wp-content\/uploads\/2018\/09\/57bb1872-a1e2-4772-9819-ce0744596176-1-768x768.jpg 768w, https:\/\/www.radiopiu.net\/wordpress\/wp-content\/uploads\/2018\/09\/57bb1872-a1e2-4772-9819-ce0744596176-1.jpg 1024w\" sizes=\"auto, (max-width: 300px) 100vw, 300px\" \/><\/a>\n\t\t\t\t<\/dt><\/dl><dl class='gallery-item'>\n\t\t\t\t<dt class='gallery-icon landscape'>\n\t\t\t\t\t<a class=\"rollover\" href='https:\/\/www.radiopiu.net\/wordpress\/giornale-radiopiu-04-09-2018-direttore-mirko-mezzacasa\/49d24664-b922-463b-ac17-db3b521de953-2\/'><img loading=\"lazy\" decoding=\"async\" width=\"300\" height=\"300\" src=\"https:\/\/www.radiopiu.net\/wordpress\/wp-content\/uploads\/2018\/09\/49d24664-b922-463b-ac17-db3b521de953-1-300x300.jpg\" class=\"attachment-medium size-medium\" alt=\"\" srcset=\"https:\/\/www.radiopiu.net\/wordpress\/wp-content\/uploads\/2018\/09\/49d24664-b922-463b-ac17-db3b521de953-1-300x300.jpg 300w, https:\/\/www.radiopiu.net\/wordpress\/wp-content\/uploads\/2018\/09\/49d24664-b922-463b-ac17-db3b521de953-1-150x150.jpg 150w, https:\/\/www.radiopiu.net\/wordpress\/wp-content\/uploads\/2018\/09\/49d24664-b922-463b-ac17-db3b521de953-1-768x768.jpg 768w, https:\/\/www.radiopiu.net\/wordpress\/wp-content\/uploads\/2018\/09\/49d24664-b922-463b-ac17-db3b521de953-1.jpg 1024w\" sizes=\"auto, (max-width: 300px) 100vw, 300px\" \/><\/a>\n\t\t\t\t<\/dt><\/dl><dl class='gallery-item'>\n\t\t\t\t<dt class='gallery-icon landscape'>\n\t\t\t\t\t<a class=\"rollover\" href='https:\/\/www.radiopiu.net\/wordpress\/giornale-radiopiu-04-09-2018-direttore-mirko-mezzacasa\/8a6e6812-891c-4ca7-961a-91885d7548f4-2\/'><img loading=\"lazy\" decoding=\"async\" width=\"300\" height=\"300\" src=\"https:\/\/www.radiopiu.net\/wordpress\/wp-content\/uploads\/2018\/09\/8a6e6812-891c-4ca7-961a-91885d7548f4-1-300x300.jpg\" class=\"attachment-medium size-medium\" alt=\"\" srcset=\"https:\/\/www.radiopiu.net\/wordpress\/wp-content\/uploads\/2018\/09\/8a6e6812-891c-4ca7-961a-91885d7548f4-1-300x300.jpg 300w, https:\/\/www.radiopiu.net\/wordpress\/wp-content\/uploads\/2018\/09\/8a6e6812-891c-4ca7-961a-91885d7548f4-1-150x150.jpg 150w, https:\/\/www.radiopiu.net\/wordpress\/wp-content\/uploads\/2018\/09\/8a6e6812-891c-4ca7-961a-91885d7548f4-1-768x768.jpg 768w, https:\/\/www.radiopiu.net\/wordpress\/wp-content\/uploads\/2018\/09\/8a6e6812-891c-4ca7-961a-91885d7548f4-1.jpg 1024w\" sizes=\"auto, (max-width: 300px) 100vw, 300px\" \/><\/a>\n\t\t\t\t<\/dt><\/dl><br style=\"clear: both\" \/><dl class='gallery-item'>\n\t\t\t\t<dt class='gallery-icon landscape'>\n\t\t\t\t\t<a class=\"rollover\" href='https:\/\/www.radiopiu.net\/wordpress\/giornale-radiopiu-04-09-2018-direttore-mirko-mezzacasa\/7deb4eee-568c-46c0-82dc-93a9c4488f4d-2\/'><img loading=\"lazy\" decoding=\"async\" width=\"300\" height=\"300\" src=\"https:\/\/www.radiopiu.net\/wordpress\/wp-content\/uploads\/2018\/09\/7deb4eee-568c-46c0-82dc-93a9c4488f4d-1-300x300.jpg\" class=\"attachment-medium size-medium\" alt=\"\" srcset=\"https:\/\/www.radiopiu.net\/wordpress\/wp-content\/uploads\/2018\/09\/7deb4eee-568c-46c0-82dc-93a9c4488f4d-1-300x300.jpg 300w, https:\/\/www.radiopiu.net\/wordpress\/wp-content\/uploads\/2018\/09\/7deb4eee-568c-46c0-82dc-93a9c4488f4d-1-150x150.jpg 150w, https:\/\/www.radiopiu.net\/wordpress\/wp-content\/uploads\/2018\/09\/7deb4eee-568c-46c0-82dc-93a9c4488f4d-1-768x768.jpg 768w, https:\/\/www.radiopiu.net\/wordpress\/wp-content\/uploads\/2018\/09\/7deb4eee-568c-46c0-82dc-93a9c4488f4d-1.jpg 1024w\" sizes=\"auto, (max-width: 300px) 100vw, 300px\" \/><\/a>\n\t\t\t\t<\/dt><\/dl><dl class='gallery-item'>\n\t\t\t\t<dt class='gallery-icon landscape'>\n\t\t\t\t\t<a class=\"rollover\" href='https:\/\/www.radiopiu.net\/wordpress\/giornale-radiopiu-04-09-2018-direttore-mirko-mezzacasa\/7d826152-0cce-453a-a5cb-5c91fbc19f9a-2\/'><img loading=\"lazy\" decoding=\"async\" width=\"300\" height=\"300\" src=\"https:\/\/www.radiopiu.net\/wordpress\/wp-content\/uploads\/2018\/09\/7d826152-0cce-453a-a5cb-5c91fbc19f9a-1-300x300.jpg\" class=\"attachment-medium size-medium\" alt=\"\" srcset=\"https:\/\/www.radiopiu.net\/wordpress\/wp-content\/uploads\/2018\/09\/7d826152-0cce-453a-a5cb-5c91fbc19f9a-1-300x300.jpg 300w, https:\/\/www.radiopiu.net\/wordpress\/wp-content\/uploads\/2018\/09\/7d826152-0cce-453a-a5cb-5c91fbc19f9a-1-150x150.jpg 150w, https:\/\/www.radiopiu.net\/wordpress\/wp-content\/uploads\/2018\/09\/7d826152-0cce-453a-a5cb-5c91fbc19f9a-1-768x768.jpg 768w, https:\/\/www.radiopiu.net\/wordpress\/wp-content\/uploads\/2018\/09\/7d826152-0cce-453a-a5cb-5c91fbc19f9a-1.jpg 1024w\" sizes=\"auto, (max-width: 300px) 100vw, 300px\" \/><\/a>\n\t\t\t\t<\/dt><\/dl><dl class='gallery-item'>\n\t\t\t\t<dt class='gallery-icon landscape'>\n\t\t\t\t\t<a class=\"rollover\" href='https:\/\/www.radiopiu.net\/wordpress\/giornale-radiopiu-04-09-2018-direttore-mirko-mezzacasa\/7b3887d0-4263-45e6-9e7b-199f033f84bb-2\/'><img loading=\"lazy\" decoding=\"async\" width=\"300\" height=\"300\" src=\"https:\/\/www.radiopiu.net\/wordpress\/wp-content\/uploads\/2018\/09\/7b3887d0-4263-45e6-9e7b-199f033f84bb-1-300x300.jpg\" class=\"attachment-medium size-medium\" alt=\"\" srcset=\"https:\/\/www.radiopiu.net\/wordpress\/wp-content\/uploads\/2018\/09\/7b3887d0-4263-45e6-9e7b-199f033f84bb-1-300x300.jpg 300w, https:\/\/www.radiopiu.net\/wordpress\/wp-content\/uploads\/2018\/09\/7b3887d0-4263-45e6-9e7b-199f033f84bb-1-150x150.jpg 150w, https:\/\/www.radiopiu.net\/wordpress\/wp-content\/uploads\/2018\/09\/7b3887d0-4263-45e6-9e7b-199f033f84bb-1-768x768.jpg 768w, https:\/\/www.radiopiu.net\/wordpress\/wp-content\/uploads\/2018\/09\/7b3887d0-4263-45e6-9e7b-199f033f84bb-1.jpg 1024w\" sizes=\"auto, (max-width: 300px) 100vw, 300px\" \/><\/a>\n\t\t\t\t<\/dt><\/dl><br style=\"clear: both\" \/>\n\t\t\t<\/div>\n\n<p>&nbsp;<\/p>\n<hr \/>\n<p>&nbsp;<\/p>\n<h1><\/h1>\n<\/div>\n<\/div>\n<\/div>\n","protected":false},"excerpt":{"rendered":"<p>&nbsp; &nbsp; &nbsp; &nbsp; &nbsp; VENEZIA\u00a0Giovanni Bubacco, veneziano della Giudecca, ha legato la sua vicenda umana e sportiva fra la citt\u00e0 lagunare e Belluno, sua citt\u00e0 adottiva dalla met\u00e0 degli anni \u201970. \u201cBuba\u201d, come era ed \u00e8 ancora conosciuto nell\u2019ambiente del calcio, \u00e8 stato un portiere di spicco che con le maglie del Venezia e&hellip;<\/p>\n","protected":false},"author":1,"featured_media":59476,"comment_status":"closed","ping_status":"closed","sticky":false,"template":"","format":"standard","meta":{"_monsterinsights_skip_tracking":false,"_monsterinsights_sitenote_active":false,"_monsterinsights_sitenote_note":"","_monsterinsights_sitenote_category":0,"footnotes":""},"categories":[2,49,84,72],"tags":[],"class_list":["post-59574","post","type-post","status-publish","format-standard","has-post-thumbnail","hentry","category-news","category-news-18","category-speciali","category-sport","category-2","category-49","category-84","category-72","description-off"],"img_url":"https:\/\/www.radiopiu.net\/wordpress\/wp-content\/uploads\/2018\/09\/6392c12d-badd-4cee-aea6-06b23d8eea8f-1.jpg","_links":{"self":[{"href":"https:\/\/www.radiopiu.net\/wordpress\/wp-json\/wp\/v2\/posts\/59574","targetHints":{"allow":["GET"]}}],"collection":[{"href":"https:\/\/www.radiopiu.net\/wordpress\/wp-json\/wp\/v2\/posts"}],"about":[{"href":"https:\/\/www.radiopiu.net\/wordpress\/wp-json\/wp\/v2\/types\/post"}],"author":[{"embeddable":true,"href":"https:\/\/www.radiopiu.net\/wordpress\/wp-json\/wp\/v2\/users\/1"}],"replies":[{"embeddable":true,"href":"https:\/\/www.radiopiu.net\/wordpress\/wp-json\/wp\/v2\/comments?post=59574"}],"version-history":[{"count":0,"href":"https:\/\/www.radiopiu.net\/wordpress\/wp-json\/wp\/v2\/posts\/59574\/revisions"}],"wp:featuredmedia":[{"embeddable":true,"href":"https:\/\/www.radiopiu.net\/wordpress\/wp-json\/wp\/v2\/media\/59476"}],"wp:attachment":[{"href":"https:\/\/www.radiopiu.net\/wordpress\/wp-json\/wp\/v2\/media?parent=59574"}],"wp:term":[{"taxonomy":"category","embeddable":true,"href":"https:\/\/www.radiopiu.net\/wordpress\/wp-json\/wp\/v2\/categories?post=59574"},{"taxonomy":"post_tag","embeddable":true,"href":"https:\/\/www.radiopiu.net\/wordpress\/wp-json\/wp\/v2\/tags?post=59574"}],"curies":[{"name":"wp","href":"https:\/\/api.w.org\/{rel}","templated":true}]}}