{"id":59584,"date":"2018-09-04T08:53:03","date_gmt":"2018-09-04T06:53:03","guid":{"rendered":"http:\/\/www.radiopiu.net\/wordpress\/?p=59584"},"modified":"2018-09-04T08:53:03","modified_gmt":"2018-09-04T06:53:03","slug":"consiglio-regionale-in-marmolada","status":"publish","type":"post","link":"https:\/\/www.radiopiu.net\/wordpress\/consiglio-regionale-in-marmolada\/","title":{"rendered":"CONSIGLIO REGIONALE IN MARMOLADA"},"content":{"rendered":"<div class=\"moz-text-html\" lang=\"x-unicode\">\n<div dir=\"ltr\">\n<div dir=\"auto\">\n<blockquote>\n<h1 dir=\"auto\">I DUBBI DI ROGER DE MENECH SE NON C&#8217;E&#8217; AUTONOMIA<\/h1>\n<\/blockquote>\n<div dir=\"auto\"><\/div>\n<div dir=\"auto\"><strong><a class=\"dt-pswp-item\" href=\"http:\/\/www.radiopiu.net\/wordpress\/wp-content\/uploads\/2018\/08\/MARMOALDA-2.jpg\" data-dt-img-description=\"\" data-large_image_width=\"4128\" data-large_image_height=\"2322\"><img loading=\"lazy\" decoding=\"async\" class=\" wp-image-58776 alignleft\" src=\"http:\/\/www.radiopiu.net\/wordpress\/wp-content\/uploads\/2018\/08\/MARMOALDA-2-300x169.jpg\" alt=\"\" width=\"220\" height=\"121\" \/><\/a><\/strong><\/div>\n<div dir=\"auto\"><strong>ROMA &#8220;<\/strong>Se nel consiglio regionale previsto in Marmolada si dar\u00e0 attuazione alla legge 25 avr\u00e0 un senso, altrimenti sar\u00e0 l&#8217;ennesima passerella per sbandierare le capacit\u00e0 della Regione. Troppe conferenze con la stampa, pochi gli atti concreti&#8230;<\/div>\n<div dir=\"auto\"><\/div>\n<div dir=\"auto\"><strong>ROGER DE MENECH<\/strong><\/div>\n<\/div>\n<\/div>\n<\/div>\n<div dir=\"auto\">\n<audio class=\"wp-audio-shortcode\" id=\"audio-59584-1\" preload=\"none\" style=\"width: 100%;\" controls=\"controls\"><source type=\"audio\/mpeg\" src=\"http:\/\/www.radiopiu.net\/wordpress\/wp-content\/uploads\/2018\/09\/ROGER.mp3?_=1\" \/><a href=\"http:\/\/www.radiopiu.net\/wordpress\/wp-content\/uploads\/2018\/09\/ROGER.mp3\">http:\/\/www.radiopiu.net\/wordpress\/wp-content\/uploads\/2018\/09\/ROGER.mp3<\/a><\/audio>\n<\/div>\n<div dir=\"auto\"><\/div>\n<div dir=\"auto\">\n<hr \/>\n<\/div>\n<div class=\"moz-text-html\" lang=\"x-unicode\">\n<div dir=\"ltr\">\n<div dir=\"auto\">\n<blockquote>\n<h1 dir=\"auto\">LE RISPOSTE\u00a0 DI DE BERNARDIN<\/h1>\n<\/blockquote>\n<div dir=\"auto\"><strong>ROCCA PIETORE\u00a0<\/strong> Il sindaco di Rocca Pietore risponde all&#8217;appunto critico\u00a0 del deputato del Pd circa il consiglio previsto in Marmolada.<\/div>\n<div dir=\"auto\">\n<audio class=\"wp-audio-shortcode\" id=\"audio-59584-2\" preload=\"none\" style=\"width: 100%;\" controls=\"controls\"><source type=\"audio\/mpeg\" src=\"http:\/\/www.radiopiu.net\/wordpress\/wp-content\/uploads\/2018\/09\/ANDREA-MARMOLADA.mp3?_=2\" \/><a href=\"http:\/\/www.radiopiu.net\/wordpress\/wp-content\/uploads\/2018\/09\/ANDREA-MARMOLADA.mp3\">http:\/\/www.radiopiu.net\/wordpress\/wp-content\/uploads\/2018\/09\/ANDREA-MARMOLADA.mp3<\/a><\/audio>\n<hr \/>\n<\/div>\n<blockquote>\n<div dir=\"auto\"><\/div>\n<\/blockquote>\n<\/div>\n<\/div>\n<\/div>\n<h1 dir=\"auto\"><\/h1>\n","protected":false},"excerpt":{"rendered":"<p>I DUBBI DI ROGER DE MENECH SE NON C&#8217;E&#8217; AUTONOMIA ROMA &#8220;Se nel consiglio regionale previsto in Marmolada si dar\u00e0 attuazione alla legge 25 avr\u00e0 un senso, altrimenti sar\u00e0 l&#8217;ennesima passerella per sbandierare le capacit\u00e0 della Regione. Troppe conferenze con la stampa, pochi gli atti concreti&#8230; ROGER DE MENECH LE RISPOSTE\u00a0 DI DE BERNARDIN ROCCA&hellip;<\/p>\n","protected":false},"author":1,"featured_media":46032,"comment_status":"closed","ping_status":"closed","sticky":false,"template":"","format":"standard","meta":{"_monsterinsights_skip_tracking":false,"_monsterinsights_sitenote_active":false,"_monsterinsights_sitenote_note":"","_monsterinsights_sitenote_category":0,"footnotes":""},"categories":[2,49],"tags":[],"class_list":["post-59584","post","type-post","status-publish","format-standard","has-post-thumbnail","hentry","category-news","category-news-18","category-2","category-49","description-off"],"img_url":"https:\/\/www.radiopiu.net\/wordpress\/wp-content\/uploads\/2018\/04\/Marmolada-ridotta.jpg","_links":{"self":[{"href":"https:\/\/www.radiopiu.net\/wordpress\/wp-json\/wp\/v2\/posts\/59584","targetHints":{"allow":["GET"]}}],"collection":[{"href":"https:\/\/www.radiopiu.net\/wordpress\/wp-json\/wp\/v2\/posts"}],"about":[{"href":"https:\/\/www.radiopiu.net\/wordpress\/wp-json\/wp\/v2\/types\/post"}],"author":[{"embeddable":true,"href":"https:\/\/www.radiopiu.net\/wordpress\/wp-json\/wp\/v2\/users\/1"}],"replies":[{"embeddable":true,"href":"https:\/\/www.radiopiu.net\/wordpress\/wp-json\/wp\/v2\/comments?post=59584"}],"version-history":[{"count":0,"href":"https:\/\/www.radiopiu.net\/wordpress\/wp-json\/wp\/v2\/posts\/59584\/revisions"}],"wp:featuredmedia":[{"embeddable":true,"href":"https:\/\/www.radiopiu.net\/wordpress\/wp-json\/wp\/v2\/media\/46032"}],"wp:attachment":[{"href":"https:\/\/www.radiopiu.net\/wordpress\/wp-json\/wp\/v2\/media?parent=59584"}],"wp:term":[{"taxonomy":"category","embeddable":true,"href":"https:\/\/www.radiopiu.net\/wordpress\/wp-json\/wp\/v2\/categories?post=59584"},{"taxonomy":"post_tag","embeddable":true,"href":"https:\/\/www.radiopiu.net\/wordpress\/wp-json\/wp\/v2\/tags?post=59584"}],"curies":[{"name":"wp","href":"https:\/\/api.w.org\/{rel}","templated":true}]}}