{"id":59593,"date":"2018-09-04T12:03:04","date_gmt":"2018-09-04T10:03:04","guid":{"rendered":"http:\/\/www.radiopiu.net\/wordpress\/?p=59593"},"modified":"2018-09-04T12:03:04","modified_gmt":"2018-09-04T10:03:04","slug":"pluripregiudicato-fermato-a-longarone-dopo-il-furto-al-lidl-di-ponte-nelle-alpi","status":"publish","type":"post","link":"https:\/\/www.radiopiu.net\/wordpress\/pluripregiudicato-fermato-a-longarone-dopo-il-furto-al-lidl-di-ponte-nelle-alpi\/","title":{"rendered":"PLURIPREGIUDICATO FERMATO A LONGARONE DOPO IL FURTO AL LIDL DI PONTE NELLE ALPI"},"content":{"rendered":"<h2><em>ATTIVITA\u2019 DELLA POLIZIA DI STATO DI PREVENZIONE E REPRESSIONE DEI FURTI.<\/em><br \/>\nLuned\u00ec mattina la Squadra Volante \u00e8 dovuta intervenire in seguito ad un furto verificatosi al superstore \u201cLidl\u201d di Ponte nelle Alpi. Alle 10, gli agenti hanno fermato un sessantacinquenne di Longarone; si tratta di uomo pluripregiudicato che, dopo aver sottratto numerosi articoli ed essere stato scoperto dal personale del supermercato ha tentato di scappare. Gli agenti, lo hanno subito intercettato rinvenendo nella sua borsa la refurtiva; a questo punto, per tutti gli accertamenti del caso, \u00e8 stato accompagnato in Questura dove \u00e8 stato denunciato all\u2019Autorit\u00e0 Giudiziaria per furto aggravato. Il Questore ha emesso nei suoi confronti, anche un foglio di via obbligatorio che gli impedir\u00e0 di tornare nel comune di Ponte nelle Alpi per tre anni. Marted\u00ec scorso, invece, la Squadra Volanti durante un normale controllo del territorio ha proceduto al controllo di due ragazzi apparsi sospetti; durante gli accertamenti \u00e8 emerso che su uno dei due, Muca Lok, un cittadino albanese del\u201988, pendeva un ordine di esecuzione per la carcerazione emesso dalla Procura della Repubblica presso il Tribunale Ordinario di Treviso. A questo punto i poliziotti hanno accompagnato il Muka in Questura per ulteriori controlli dove \u00e8 emerso che doveva scontare una condanna a otto mesi di reclusione per furti su un cantiere e su abitazione nel trevigiano; \u00e8 stato, pertanto arrestato ed accompagnato presso il carcere di Belluno. L\u2019attivit\u00e0 di prevenzione e repressione dei furti in citt\u00e0 da parte della Squadra Volante \u00e8 sempre intensa.<\/h2>\n","protected":false},"excerpt":{"rendered":"<p>ATTIVITA\u2019 DELLA POLIZIA DI STATO DI PREVENZIONE E REPRESSIONE DEI FURTI. Luned\u00ec mattina la Squadra Volante \u00e8 dovuta intervenire in seguito ad un furto verificatosi al superstore \u201cLidl\u201d di Ponte nelle Alpi. Alle 10, gli agenti hanno fermato un sessantacinquenne di Longarone; si tratta di uomo pluripregiudicato che, dopo aver sottratto numerosi articoli ed essere&hellip;<\/p>\n","protected":false},"author":1,"featured_media":47103,"comment_status":"closed","ping_status":"closed","sticky":false,"template":"","format":"standard","meta":{"_monsterinsights_skip_tracking":false,"_monsterinsights_sitenote_active":false,"_monsterinsights_sitenote_note":"","_monsterinsights_sitenote_category":0,"footnotes":""},"categories":[2,49],"tags":[],"class_list":["post-59593","post","type-post","status-publish","format-standard","has-post-thumbnail","hentry","category-news","category-news-18","category-2","category-49","description-off"],"img_url":"https:\/\/www.radiopiu.net\/wordpress\/wp-content\/uploads\/2018\/04\/Polizia-726x400.jpg","_links":{"self":[{"href":"https:\/\/www.radiopiu.net\/wordpress\/wp-json\/wp\/v2\/posts\/59593","targetHints":{"allow":["GET"]}}],"collection":[{"href":"https:\/\/www.radiopiu.net\/wordpress\/wp-json\/wp\/v2\/posts"}],"about":[{"href":"https:\/\/www.radiopiu.net\/wordpress\/wp-json\/wp\/v2\/types\/post"}],"author":[{"embeddable":true,"href":"https:\/\/www.radiopiu.net\/wordpress\/wp-json\/wp\/v2\/users\/1"}],"replies":[{"embeddable":true,"href":"https:\/\/www.radiopiu.net\/wordpress\/wp-json\/wp\/v2\/comments?post=59593"}],"version-history":[{"count":0,"href":"https:\/\/www.radiopiu.net\/wordpress\/wp-json\/wp\/v2\/posts\/59593\/revisions"}],"wp:featuredmedia":[{"embeddable":true,"href":"https:\/\/www.radiopiu.net\/wordpress\/wp-json\/wp\/v2\/media\/47103"}],"wp:attachment":[{"href":"https:\/\/www.radiopiu.net\/wordpress\/wp-json\/wp\/v2\/media?parent=59593"}],"wp:term":[{"taxonomy":"category","embeddable":true,"href":"https:\/\/www.radiopiu.net\/wordpress\/wp-json\/wp\/v2\/categories?post=59593"},{"taxonomy":"post_tag","embeddable":true,"href":"https:\/\/www.radiopiu.net\/wordpress\/wp-json\/wp\/v2\/tags?post=59593"}],"curies":[{"name":"wp","href":"https:\/\/api.w.org\/{rel}","templated":true}]}}