{"id":59606,"date":"2018-09-04T16:33:59","date_gmt":"2018-09-04T14:33:59","guid":{"rendered":"http:\/\/www.radiopiu.net\/wordpress\/?p=59606"},"modified":"2018-09-05T15:53:43","modified_gmt":"2018-09-05T13:53:43","slug":"emergenze-in-montagna-trovata-donna-senza-vita","status":"publish","type":"post","link":"https:\/\/www.radiopiu.net\/wordpress\/emergenze-in-montagna-trovata-donna-senza-vita\/","title":{"rendered":"EMERGENZE IN MONTAGNA, TROVATA DONNA SENZA VITA"},"content":{"rendered":"<p>&nbsp;<\/p>\n<p>PIEVE DI CADORE\u00a0 Alle 12.40 circa, a seguito del rinvenimento della sua auto su segnalazione dei familiari, \u00e8 stata avviata la ricerca di una donna, di 39 anni, di Castel Bolognese (RA). Le squadre del Soccorso alpino di Pieve di Cadore e i Vigili del fuoco ne hanno purtroppo poi rinvenuto il corpo senza vita sotto il Ponte Cadore. La salma, ricomposta e imbarellata, \u00e8 stata trasportata fino alla strada e da l\u00ec alla cella mortuaria.<\/p>\n<p>LAMON Questa mattina passate le 11, l&#8217;elicottero del Suem di Pieve di Cadore \u00e8 volato a Lamon, non distante da Ponte Serra, poich\u00e9 un uomo che stava lavorando nei campi era scivolato in un canale d&#8217;acqua cementato, sul posto si trovavano gi\u00e0 una squadra del Soccorso alpino di Feltre e il personale sanitario dell&#8217;ambulanza. Prestate le prime cure a S.D.A., 52 anni, di Feltre (BL), che aveva riportato probabili traumi a una gamba e al bacino, i soccorritori lo hanno caricato sulla barella e trasportato fino all&#8217;eliambulanza, decollata in direzione dell&#8217;ospedale di Feltre.<\/p>\n<p>CORTINA Alle 13.20 l&#8217;elicottero \u00e8 stato inviato dal 118 a Cortina d&#8217;Ampezzo, poco dopo l&#8217;uscita della Galleria del Castelletto sulla Ferrata Lipella, dove un escursionista statunitense, A.S.A., 64 anni, aveva messo male un braccio procurandosi la probabile lussazione di una spalla. Per evitare la caduta di sassi per lo spostamento d&#8217;aria nel tratto molto frequentato in quel momento, l&#8217;eliambulanza ha sbarcato il tecnico di elisoccorso abbastanza distante. Il soccorritore ha poi raggiunto l&#8217;infortunato e lo ha preparato per il recupero, avvenuto utilizzando un verricello di 60 metri. L&#8217;uomo \u00e8 stato accompagnato al Codivilla. Infine alle 15.50, l&#8217;elicottero \u00e8 intervenuto a Livinallongo del Col di Lana, per soccorrere una turista tedesca che aveva sbattuto la testa cadendo non distante dal Rifugio Cherz. I.B., 69 anni, di Amburgo, \u00e8 stata medicata per un probabile trauma cranico e trasportata all&#8217;ospedale di Brunico.<\/p>\n","protected":false},"excerpt":{"rendered":"<p>&nbsp; PIEVE DI CADORE\u00a0 Alle 12.40 circa, a seguito del rinvenimento della sua auto su segnalazione dei familiari, \u00e8 stata avviata la ricerca di una donna, di 39 anni, di Castel Bolognese (RA). Le squadre del Soccorso alpino di Pieve di Cadore e i Vigili del fuoco ne hanno purtroppo poi rinvenuto il corpo senza&hellip;<\/p>\n","protected":false},"author":1,"featured_media":51755,"comment_status":"closed","ping_status":"closed","sticky":false,"template":"","format":"standard","meta":{"_monsterinsights_skip_tracking":false,"_monsterinsights_sitenote_active":false,"_monsterinsights_sitenote_note":"","_monsterinsights_sitenote_category":0,"footnotes":""},"categories":[2,49,65],"tags":[],"class_list":["post-59606","post","type-post","status-publish","format-standard","has-post-thumbnail","hentry","category-news","category-news-18","category-soccorso","category-2","category-49","category-65","description-off"],"img_url":"https:\/\/www.radiopiu.net\/wordpress\/wp-content\/uploads\/2018\/06\/suem-1.jpg","_links":{"self":[{"href":"https:\/\/www.radiopiu.net\/wordpress\/wp-json\/wp\/v2\/posts\/59606","targetHints":{"allow":["GET"]}}],"collection":[{"href":"https:\/\/www.radiopiu.net\/wordpress\/wp-json\/wp\/v2\/posts"}],"about":[{"href":"https:\/\/www.radiopiu.net\/wordpress\/wp-json\/wp\/v2\/types\/post"}],"author":[{"embeddable":true,"href":"https:\/\/www.radiopiu.net\/wordpress\/wp-json\/wp\/v2\/users\/1"}],"replies":[{"embeddable":true,"href":"https:\/\/www.radiopiu.net\/wordpress\/wp-json\/wp\/v2\/comments?post=59606"}],"version-history":[{"count":0,"href":"https:\/\/www.radiopiu.net\/wordpress\/wp-json\/wp\/v2\/posts\/59606\/revisions"}],"wp:featuredmedia":[{"embeddable":true,"href":"https:\/\/www.radiopiu.net\/wordpress\/wp-json\/wp\/v2\/media\/51755"}],"wp:attachment":[{"href":"https:\/\/www.radiopiu.net\/wordpress\/wp-json\/wp\/v2\/media?parent=59606"}],"wp:term":[{"taxonomy":"category","embeddable":true,"href":"https:\/\/www.radiopiu.net\/wordpress\/wp-json\/wp\/v2\/categories?post=59606"},{"taxonomy":"post_tag","embeddable":true,"href":"https:\/\/www.radiopiu.net\/wordpress\/wp-json\/wp\/v2\/tags?post=59606"}],"curies":[{"name":"wp","href":"https:\/\/api.w.org\/{rel}","templated":true}]}}