{"id":59829,"date":"2018-09-05T18:41:47","date_gmt":"2018-09-05T16:41:47","guid":{"rendered":"http:\/\/www.radiopiu.net\/wordpress\/?p=59829"},"modified":"2018-09-05T18:41:47","modified_gmt":"2018-09-05T16:41:47","slug":"no-alle-ricette-elettroniche-per-gli-animali-da-affezione","status":"publish","type":"post","link":"https:\/\/www.radiopiu.net\/wordpress\/no-alle-ricette-elettroniche-per-gli-animali-da-affezione\/","title":{"rendered":"\u201cNO ALLE RICETTE ELETTRONICHE PER GLI ANIMALI DA AFFEZIONE\u201d"},"content":{"rendered":"<h2><\/h2>\n<p><strong><a class=\"dt-pswp-item\" href=\"http:\/\/www.radiopiu.net\/wordpress\/wp-content\/uploads\/2018\/08\/SOS-ANIMALI.jpeg\" data-dt-img-description=\"\" data-large_image_width=\"1280\" data-large_image_height=\"768\"><img loading=\"lazy\" decoding=\"async\" class=\"size-medium wp-image-57055 alignleft\" src=\"http:\/\/www.radiopiu.net\/wordpress\/wp-content\/uploads\/2018\/08\/SOS-ANIMALI-300x180.jpeg\" alt=\"\" width=\"300\" height=\"180\" srcset=\"https:\/\/www.radiopiu.net\/wordpress\/wp-content\/uploads\/2018\/08\/SOS-ANIMALI-300x180.jpeg 300w, https:\/\/www.radiopiu.net\/wordpress\/wp-content\/uploads\/2018\/08\/SOS-ANIMALI-768x461.jpeg 768w, https:\/\/www.radiopiu.net\/wordpress\/wp-content\/uploads\/2018\/08\/SOS-ANIMALI-1024x614.jpeg 1024w, https:\/\/www.radiopiu.net\/wordpress\/wp-content\/uploads\/2018\/08\/SOS-ANIMALI.jpeg 1280w\" sizes=\"auto, (max-width: 300px) 100vw, 300px\" \/><\/a>ROMA<\/strong> \u201c\u00c8 paradossale prevedere una ricetta veterinaria elettronica per gli animali da affezione, come cani o gatti, tanto pi\u00f9 che i farmaci veterinari non sono passati dal Servizio Sanitario Nazionale. \u00c8 necessario intervenire affinch\u00e8 dal 2019 non entri in vigore questa novit\u00e0\u201d: cos\u00ec il deputato di Forza Italia, Dario Bond, durante la discussione in XII Commissione Sanit\u00e0 e Sociale sul Decreto Milleproroghe.<\/p>\n<p><strong>DARIO BOND<\/strong><\/p>\n<audio class=\"wp-audio-shortcode\" id=\"audio-59829-1\" preload=\"none\" style=\"width: 100%;\" controls=\"controls\"><source type=\"audio\/mpeg\" src=\"http:\/\/www.radiopiu.net\/wordpress\/wp-content\/uploads\/2018\/09\/BOND-ANIMALI.mp3?_=1\" \/><a href=\"http:\/\/www.radiopiu.net\/wordpress\/wp-content\/uploads\/2018\/09\/BOND-ANIMALI.mp3\">http:\/\/www.radiopiu.net\/wordpress\/wp-content\/uploads\/2018\/09\/BOND-ANIMALI.mp3<\/a><\/audio>\n<p>&nbsp;<\/p>\n","protected":false},"excerpt":{"rendered":"<p>ROMA \u201c\u00c8 paradossale prevedere una ricetta veterinaria elettronica per gli animali da affezione, come cani o gatti, tanto pi\u00f9 che i farmaci veterinari non sono passati dal Servizio Sanitario Nazionale. \u00c8 necessario intervenire affinch\u00e8 dal 2019 non entri in vigore questa novit\u00e0\u201d: cos\u00ec il deputato di Forza Italia, Dario Bond, durante la discussione in XII&hellip;<\/p>\n","protected":false},"author":1,"featured_media":57055,"comment_status":"closed","ping_status":"closed","sticky":false,"template":"","format":"standard","meta":{"_monsterinsights_skip_tracking":false,"_monsterinsights_sitenote_active":false,"_monsterinsights_sitenote_note":"","_monsterinsights_sitenote_category":0,"footnotes":""},"categories":[49],"tags":[],"class_list":["post-59829","post","type-post","status-publish","format-standard","has-post-thumbnail","hentry","category-news-18","category-49","description-off"],"img_url":"https:\/\/www.radiopiu.net\/wordpress\/wp-content\/uploads\/2018\/08\/SOS-ANIMALI.jpeg","_links":{"self":[{"href":"https:\/\/www.radiopiu.net\/wordpress\/wp-json\/wp\/v2\/posts\/59829","targetHints":{"allow":["GET"]}}],"collection":[{"href":"https:\/\/www.radiopiu.net\/wordpress\/wp-json\/wp\/v2\/posts"}],"about":[{"href":"https:\/\/www.radiopiu.net\/wordpress\/wp-json\/wp\/v2\/types\/post"}],"author":[{"embeddable":true,"href":"https:\/\/www.radiopiu.net\/wordpress\/wp-json\/wp\/v2\/users\/1"}],"replies":[{"embeddable":true,"href":"https:\/\/www.radiopiu.net\/wordpress\/wp-json\/wp\/v2\/comments?post=59829"}],"version-history":[{"count":0,"href":"https:\/\/www.radiopiu.net\/wordpress\/wp-json\/wp\/v2\/posts\/59829\/revisions"}],"wp:featuredmedia":[{"embeddable":true,"href":"https:\/\/www.radiopiu.net\/wordpress\/wp-json\/wp\/v2\/media\/57055"}],"wp:attachment":[{"href":"https:\/\/www.radiopiu.net\/wordpress\/wp-json\/wp\/v2\/media?parent=59829"}],"wp:term":[{"taxonomy":"category","embeddable":true,"href":"https:\/\/www.radiopiu.net\/wordpress\/wp-json\/wp\/v2\/categories?post=59829"},{"taxonomy":"post_tag","embeddable":true,"href":"https:\/\/www.radiopiu.net\/wordpress\/wp-json\/wp\/v2\/tags?post=59829"}],"curies":[{"name":"wp","href":"https:\/\/api.w.org\/{rel}","templated":true}]}}