{"id":59928,"date":"2018-09-07T06:08:42","date_gmt":"2018-09-07T04:08:42","guid":{"rendered":"http:\/\/www.radiopiu.net\/wordpress\/?p=59928"},"modified":"2018-09-07T10:44:46","modified_gmt":"2018-09-07T08:44:46","slug":"giornale-radiopiu-07-settembre-2018-direttore-mirko-mezzacasa","status":"publish","type":"post","link":"https:\/\/www.radiopiu.net\/wordpress\/giornale-radiopiu-07-settembre-2018-direttore-mirko-mezzacasa\/","title":{"rendered":"GIORNALE RADIOPIU 07 SETTEMBRE 2018 DIRETTORE MIRKO MEZZACASA"},"content":{"rendered":"<blockquote>\n<h1>TRUFFE AGLI ANZIANI, INFORMARE PER PREVENIRE.<\/h1>\n<\/blockquote>\n<p><strong><a class=\"dt-pswp-item\" href=\"http:\/\/www.radiopiu.net\/wordpress\/wp-content\/uploads\/2018\/09\/WhatsApp-Image-2018-09-06-at-15.29.54.jpeg\" data-dt-img-description=\"\" data-large_image_width=\"1328\" data-large_image_height=\"747\"><img loading=\"lazy\" decoding=\"async\" class=\" wp-image-59896 alignleft\" src=\"http:\/\/www.radiopiu.net\/wordpress\/wp-content\/uploads\/2018\/09\/WhatsApp-Image-2018-09-06-at-15.29.54-300x169.jpeg\" alt=\"\" width=\"387\" height=\"218\" srcset=\"https:\/\/www.radiopiu.net\/wordpress\/wp-content\/uploads\/2018\/09\/WhatsApp-Image-2018-09-06-at-15.29.54-300x169.jpeg 300w, https:\/\/www.radiopiu.net\/wordpress\/wp-content\/uploads\/2018\/09\/WhatsApp-Image-2018-09-06-at-15.29.54-768x432.jpeg 768w, https:\/\/www.radiopiu.net\/wordpress\/wp-content\/uploads\/2018\/09\/WhatsApp-Image-2018-09-06-at-15.29.54-1024x576.jpeg 1024w, https:\/\/www.radiopiu.net\/wordpress\/wp-content\/uploads\/2018\/09\/WhatsApp-Image-2018-09-06-at-15.29.54.jpeg 1328w\" sizes=\"auto, (max-width: 387px) 100vw, 387px\" \/><\/a>BELLUNO<\/strong> In una settimana cinque tentate truffe, una purtroppo riuscita e forse non sono state nemmeno tutte denunciate, se cos\u00ec fosse sarebbe importante che le forze dell&#8217;ordine ne venissero a conoscenza. Vittime gli anziani, dai 70 ai 90 anni. Interessato il centro di Belluno nelle vie Mezzaterra, Garibaldi, Buzzati, Fratelli Rosselli, Piazza Mercato e fino a Visome. La nuova truffa viaggia via telefono, quello fisso. I numeri delle vittime sono rintracciabili sull&#8217;elenco telefonico e probabilmente non casualmente, nomi come Luigia o Erminia, non certo Kevin o Suellen, perch\u00e9 ai truffatori necessita che la vittima sia anziana con figli e nipoti. Il modus operandi spiegato al Comando dei Carabinieri di Belluno dal Maggiore Marco Stabile e dal Comandante di Stazione Maresciallo Maurizio Tomaselli, anche per informare anziani e parenti, un modo importante di fare prevenzione.<br \/>\nUn uomo, dalle denunce con accento del centro-sud Italia, telefona a casa spacciandosi per Carabiniere, piuttosto che dipendente del Tribunale, perito assicurativo o avvocato. Informa chi \u00e8 all&#8217;altro capo del telefono di un incidente che ha coinvolto il figlio, di solito un tamponamento e tra i feriti vengono subito segnalati dei minori. Viene quindi chiesto denaro per risolvere il finto problema, dai 500 ai 6000 euro in diverse rate. Alle prime perplessit\u00e0 l&#8217;autore della truffa invita a chiamare lo 00112, ovviamente un numero inesistente. La vittima colta dal panico alla successiva chiamata viene di nuovo invitata a pagare e se accetta ecco che immediatamente suona il campanello di casa, si presenta l&#8217;avvocato 40enne per ritirare il denaro. In cinque casi gli anziani non si sono fatti truffare, c&#8217;\u00e8 chi con calma ha ragionato e poi ha chiamato il 112 (quindi senza il doppio zero), oppure il figlio per sincerarsi delle sue condizioni.<\/p>\n<p><strong>IL MAGGIORE MARCO STABILE<\/strong><\/p>\n<audio class=\"wp-audio-shortcode\" id=\"audio-59928-1\" preload=\"none\" style=\"width: 100%;\" controls=\"controls\"><source type=\"audio\/mpeg\" src=\"http:\/\/www.radiopiu.net\/wordpress\/wp-content\/uploads\/2018\/09\/MAGGIORE.mp3?_=1\" \/><a href=\"http:\/\/www.radiopiu.net\/wordpress\/wp-content\/uploads\/2018\/09\/MAGGIORE.mp3\">http:\/\/www.radiopiu.net\/wordpress\/wp-content\/uploads\/2018\/09\/MAGGIORE.mp3<\/a><\/audio>\n<p>Questi sono solo alcuni esempi della tentate truffe, denunciate al 112 e non andate a buon fine. Purtroppo non sempre finisce in questo modo. Ad una nonna novantenne sono stati rubati i gioielli di famiglia, perch\u00e8 non era in possesso di denaro contante. Sconcertante il racconto della 90enne.<\/p>\n<p><strong>IL MAGGIORE MARCO STABILE<\/strong><\/p>\n<audio class=\"wp-audio-shortcode\" id=\"audio-59928-2\" preload=\"none\" style=\"width: 100%;\" controls=\"controls\"><source type=\"audio\/mpeg\" src=\"http:\/\/www.radiopiu.net\/wordpress\/wp-content\/uploads\/2018\/09\/MAGGIORE-2.mp3?_=2\" \/><a href=\"http:\/\/www.radiopiu.net\/wordpress\/wp-content\/uploads\/2018\/09\/MAGGIORE-2.mp3\">http:\/\/www.radiopiu.net\/wordpress\/wp-content\/uploads\/2018\/09\/MAGGIORE-2.mp3<\/a><\/audio>\n<p>Lo avete sentito, mentre l&#8217;anziana era ancora al telefono con il truffatore \u00e8 suonato il campanello, il complice era in prossimit\u00e0 dell&#8217;abitazione per incassare il denaro, in questo caso i gioielli: 2 anelli, 3 braccialetti, 2 collane peralto mediante due consegne perch\u00e9 la prima non era sufficiente. All&#8217;anziana come ricevuta un insieme di numeri e lettere per poter poi riscattare i gioielli, ovviamente tutto falso.La telefonata, la richiesta di consegnare il denaro avviene tutto in fretta per non lasciare il tempo alla vittima di poter ragionare, chiedere consigli a parenti.<\/p>\n<p><strong>IL MARESCIALLO MAURIZIO TOMASELLI<\/strong><\/p>\n<audio class=\"wp-audio-shortcode\" id=\"audio-59928-3\" preload=\"none\" style=\"width: 100%;\" controls=\"controls\"><source type=\"audio\/mpeg\" src=\"http:\/\/www.radiopiu.net\/wordpress\/wp-content\/uploads\/2018\/09\/MAURIZIO.mp3?_=3\" \/><a href=\"http:\/\/www.radiopiu.net\/wordpress\/wp-content\/uploads\/2018\/09\/MAURIZIO.mp3\">http:\/\/www.radiopiu.net\/wordpress\/wp-content\/uploads\/2018\/09\/MAURIZIO.mp3<\/a><\/audio>\n<blockquote><p>Morale: serve prevenzione, informazione, \u00e8 necessario parlare agli anziani, metterli in guardia, preavvisarli e invitarli a chiamare parenti ed amici nel caso dovessero trovarsi in simili situazioni, mai aprire la porta ad estranei, mai intrattenersi al telefono rendendo noti dati sensibili, soprattutto non esitare a chiedere aiuto alla pi\u00f9 vicina caserma dei Carabinieri.<\/p><\/blockquote>\n<p>&nbsp;<\/p>\n<p>&nbsp;<\/p>\n<h2><strong>ACQUA NON POTABILE A FALCADE E CAVIOLA<\/strong><\/h2>\n<p><a class=\"dt-pswp-item\" href=\"http:\/\/www.radiopiu.net\/wordpress\/wp-content\/uploads\/2018\/08\/ACQUA.jpeg\" data-dt-img-description=\"\" data-large_image_width=\"1280\" data-large_image_height=\"768\"><img loading=\"lazy\" decoding=\"async\" class=\"size-medium wp-image-57052 alignleft\" src=\"http:\/\/www.radiopiu.net\/wordpress\/wp-content\/uploads\/2018\/08\/ACQUA-300x180.jpeg\" alt=\"\" width=\"300\" height=\"180\" srcset=\"https:\/\/www.radiopiu.net\/wordpress\/wp-content\/uploads\/2018\/08\/ACQUA-300x180.jpeg 300w, https:\/\/www.radiopiu.net\/wordpress\/wp-content\/uploads\/2018\/08\/ACQUA-768x461.jpeg 768w, https:\/\/www.radiopiu.net\/wordpress\/wp-content\/uploads\/2018\/08\/ACQUA-1024x614.jpeg 1024w, https:\/\/www.radiopiu.net\/wordpress\/wp-content\/uploads\/2018\/08\/ACQUA.jpeg 1280w\" sizes=\"auto, (max-width: 300px) 100vw, 300px\" \/><\/a>E\u2019 non potabile l\u2019acqua erogata a Falcade nelle localit\u00e0 di Caviola, Falcade Alto, Villotta, La Foca e Mas De Le Mole: l\u2019utilizzo alimentare \u00e8 per\u00f2 consentito previa bollitura.<\/p>\n<h2>ACQUA POTABILE A BELLUNO, SAN GREGORIO, GOSALDO E RIVAMONTE<\/h2>\n<p>Gestione Servizi Pubblici informa che a Belluno nelle vie Sopracroda, dell\u2019Oro e Col di Roanza, a San Gregorio nelle Alpi nelle frazioni di Roncoi, Cargnach, Gasnil, Cort, a Gosaldo in zona Pongan e a Rivamonte nelle frazioni Villagrande e Rosson l&#8217;acqua erogata dall&#8217;acquedotto \u00e8 di nuovo potabile e pu\u00f2 quindi essere usata per tutti gli usi.<\/p>\n<p>&nbsp;<\/p>\n<p>&nbsp;<\/p>\n<h1>VIABILITA&#8217;<\/h1>\n<p><strong><a class=\"dt-pswp-item\" href=\"http:\/\/www.radiopiu.net\/wordpress\/wp-content\/uploads\/2018\/08\/VIABILIA.jpeg\" data-dt-img-description=\"\" data-large_image_width=\"1280\" data-large_image_height=\"768\"><img loading=\"lazy\" decoding=\"async\" class=\"size-medium wp-image-57053 alignleft\" src=\"http:\/\/www.radiopiu.net\/wordpress\/wp-content\/uploads\/2018\/08\/VIABILIA-300x180.jpeg\" alt=\"\" width=\"300\" height=\"180\" srcset=\"https:\/\/www.radiopiu.net\/wordpress\/wp-content\/uploads\/2018\/08\/VIABILIA-300x180.jpeg 300w, https:\/\/www.radiopiu.net\/wordpress\/wp-content\/uploads\/2018\/08\/VIABILIA-768x461.jpeg 768w, https:\/\/www.radiopiu.net\/wordpress\/wp-content\/uploads\/2018\/08\/VIABILIA-1024x614.jpeg 1024w, https:\/\/www.radiopiu.net\/wordpress\/wp-content\/uploads\/2018\/08\/VIABILIA.jpeg 1280w\" sizes=\"auto, (max-width: 300px) 100vw, 300px\" \/><\/a>RIVAMONTE<\/strong> Da oggi al 5 ottobre (sabato e domenica esclusi) dalle 8 alle 17 senso unico alternato con possibili brevi interruzioni totali alla viabilit\u00e0 della durata massima di 10 minuti lungo la provinciale 3 di Valle Imperina (Comune di Rivamonte) per la messa in sicurezza del versante a monte della strada.<\/p>\n<p>&nbsp;<\/p>\n<p>&nbsp;<\/p>\n<p>&nbsp;<\/p>\n<p>&nbsp;<\/p>\n<p>&nbsp;<\/p>\n<p>&nbsp;<\/p>\n<blockquote>\n<h1><\/h1>\n<h1>ASFALTATURE A BELLUNO<\/h1>\n<p>Viste le piogge previste, l&#8217;asfaltatura di Via Caffi, nel tratto tra via Loreto e via Tasso, verr\u00e0 anticipata a OGGI POMERIGGIO. La strada rester\u00e0 comunque aperta al traffico. &#8220;<em>Ieri si \u00e8 proceduto alla fresatura dell&#8217;asfalto esistente e alla messa in quota di tutti i chiusini e caditoie della via, per questo \u00e8 necessario eseguire oggi i lavori e non \u00e8 possibile rinviarli a dopo il week-end&#8221;.<\/em><\/p><\/blockquote>\n<p>&nbsp;<\/p>\n<p>&nbsp;<\/p>\n<p>&nbsp;<\/p>\n<h1>SOCCORSO SUL SENTIERO DEI KAISERJ\u00c4GER<\/h1>\n<p><strong><a class=\"dt-pswp-item\" href=\"http:\/\/www.radiopiu.net\/wordpress\/wp-content\/uploads\/2018\/06\/suem-1.jpg\" data-dt-img-description=\"\" data-large_image_width=\"1280\" data-large_image_height=\"768\"><img loading=\"lazy\" decoding=\"async\" class=\"size-medium wp-image-51755 alignleft\" src=\"http:\/\/www.radiopiu.net\/wordpress\/wp-content\/uploads\/2018\/06\/suem-1-300x180.jpg\" alt=\"\" width=\"300\" height=\"180\" srcset=\"https:\/\/www.radiopiu.net\/wordpress\/wp-content\/uploads\/2018\/06\/suem-1-300x180.jpg 300w, https:\/\/www.radiopiu.net\/wordpress\/wp-content\/uploads\/2018\/06\/suem-1-768x461.jpg 768w, https:\/\/www.radiopiu.net\/wordpress\/wp-content\/uploads\/2018\/06\/suem-1-1024x614.jpg 1024w, https:\/\/www.radiopiu.net\/wordpress\/wp-content\/uploads\/2018\/06\/suem-1.jpg 1280w\" sizes=\"auto, (max-width: 300px) 100vw, 300px\" \/><\/a>CORTINA<\/strong> Ieri alle 16.20\u00a0 il 118 \u00e8 stato allertato da un&#8217;escursionista la cui compagna, scendendo con lui il sentiero dei Kaiserj\u00e4ger sul Piccolo Lagazuoi, si era fatta male a una spalla. Dopo averli\u00a0 geolocalizzati e individuati, l&#8217;elicottero del Suem di Pieve di Cadore ha calato con un verricello di 10 metri il tecnico di elisoccorso e il personale medico che ha prestato le prime cure alla ragazza, S.I., 28 anni, di Ravenna, per una probabile lussazione. Una volta imbarcata in hovering, l&#8217;infortunata \u00e8 stata trasportata all&#8217;ospedale di Cortina.<\/p>\n<p>&nbsp;<\/p>\n<p>&nbsp;<\/p>\n<p>&nbsp;<\/p>\n<h1>CONFINI DELLA MARMOLADA, APPROVATO IL DOCUMENTO \u00abLA REGIONE SOSTENGA IL BELLUNESE\u00bb<\/h1>\n<p><strong><a class=\"dt-pswp-item\" href=\"http:\/\/www.radiopiu.net\/wordpress\/wp-content\/uploads\/2018\/04\/Marmolada-ridotta.jpg\" data-dt-img-description=\"\" data-large_image_width=\"1239\" data-large_image_height=\"697\"><img loading=\"lazy\" decoding=\"async\" class=\"size-medium wp-image-46032 alignleft\" src=\"http:\/\/www.radiopiu.net\/wordpress\/wp-content\/uploads\/2018\/04\/Marmolada-ridotta-300x169.jpg\" alt=\"\" width=\"300\" height=\"169\" srcset=\"https:\/\/www.radiopiu.net\/wordpress\/wp-content\/uploads\/2018\/04\/Marmolada-ridotta-300x169.jpg 300w, https:\/\/www.radiopiu.net\/wordpress\/wp-content\/uploads\/2018\/04\/Marmolada-ridotta-768x432.jpg 768w, https:\/\/www.radiopiu.net\/wordpress\/wp-content\/uploads\/2018\/04\/Marmolada-ridotta-1024x576.jpg 1024w, https:\/\/www.radiopiu.net\/wordpress\/wp-content\/uploads\/2018\/04\/Marmolada-ridotta.jpg 1239w\" sizes=\"auto, (max-width: 300px) 100vw, 300px\" \/><\/a>BELLUNO<\/strong> \u00c8 stato approvato\u00a0 dalla Giunta Comunale il documento sui confini della Marmolada redatto dalla conferenza dei capigruppo su richiesta del Consiglio Comunale, tenutosi a fine luglio: \u00abLa decisione arrivata da Roma di spostare i confini a favore del Comune di Canazei ci ha spiazzati e vogliamo fare sentire la nostra voce\u00bb, spiega la Vicesindaco, Lucia Olivotto.<\/p>\n<p><strong>LUCIA OLIVOTTO<\/strong><\/p>\n<audio class=\"wp-audio-shortcode\" id=\"audio-59928-4\" preload=\"none\" style=\"width: 100%;\" controls=\"controls\"><source type=\"audio\/mpeg\" src=\"http:\/\/www.radiopiu.net\/wordpress\/wp-content\/uploads\/2018\/09\/Olivotto-Documento-Marmolada.mp3?_=4\" \/><a href=\"http:\/\/www.radiopiu.net\/wordpress\/wp-content\/uploads\/2018\/09\/Olivotto-Documento-Marmolada.mp3\">http:\/\/www.radiopiu.net\/wordpress\/wp-content\/uploads\/2018\/09\/Olivotto-Documento-Marmolada.mp3<\/a><\/audio>\n<h1>IL PLAUSO DI DARIO BOND \u201cVENETO E TRENTO SI CONFRONTINO. IL CONSIGLIO REGIONALE LANCI UN SEGNALE FORTE\u201d<\/h1>\n<p>&#8220;Bene ha fatto il Comune di Belluno a rivendicare attenzione per il territorio bellunese. C&#8217;\u00e8 un referendum, quello del 22 ottobre, da rispettare&#8221;<br \/>\n<strong>DARIO BOND<\/strong><\/p>\n<audio class=\"wp-audio-shortcode\" id=\"audio-59928-5\" preload=\"none\" style=\"width: 100%;\" controls=\"controls\"><source type=\"audio\/ogg\" src=\"http:\/\/www.radiopiu.net\/wordpress\/wp-content\/uploads\/2018\/09\/WhatsApp-Ptt-2018-09-06-at-17.07.47.ogg?_=5\" \/><a href=\"http:\/\/www.radiopiu.net\/wordpress\/wp-content\/uploads\/2018\/09\/WhatsApp-Ptt-2018-09-06-at-17.07.47.ogg\">http:\/\/www.radiopiu.net\/wordpress\/wp-content\/uploads\/2018\/09\/WhatsApp-Ptt-2018-09-06-at-17.07.47.ogg<\/a><\/audio>\n<p>&nbsp;<\/p>\n<p>&nbsp;<\/p>\n<p>&nbsp;<\/p>\n<h1>ESPERTI PER LA CRESCITA DELL&#8217;AGORDINO<\/h1>\n<p><strong><a class=\"dt-pswp-item\" href=\"http:\/\/www.radiopiu.net\/wordpress\/wp-content\/uploads\/2018\/09\/dolomiti-maadness.jpg\" data-dt-img-description=\"\" data-large_image_width=\"1200\" data-large_image_height=\"800\"><img loading=\"lazy\" decoding=\"async\" class=\" wp-image-59338 alignleft\" src=\"http:\/\/www.radiopiu.net\/wordpress\/wp-content\/uploads\/2018\/09\/dolomiti-maadness-300x200.jpg\" alt=\"\" width=\"182\" height=\"121\" srcset=\"https:\/\/www.radiopiu.net\/wordpress\/wp-content\/uploads\/2018\/09\/dolomiti-maadness-300x200.jpg 300w, https:\/\/www.radiopiu.net\/wordpress\/wp-content\/uploads\/2018\/09\/dolomiti-maadness-768x512.jpg 768w, https:\/\/www.radiopiu.net\/wordpress\/wp-content\/uploads\/2018\/09\/dolomiti-maadness-1024x683.jpg 1024w, https:\/\/www.radiopiu.net\/wordpress\/wp-content\/uploads\/2018\/09\/dolomiti-maadness.jpg 1200w\" sizes=\"auto, (max-width: 182px) 100vw, 182px\" \/><\/a>ROCCA PIETORE<\/strong> Al via il ciclo di formazione gratuita per la valorizzazione dell\u2019offerta turistica. Esperienze innovative per accrescere l\u2019esperienza antica e offrire l\u2019esperienza di esperienze sempre pi\u00f9 coinvolgenti e al passo con i tempi. Dal 14 settembre primo appuntamento in Sala Teaz a Rocca Pietore dalle 10 alle 13 e dalle 14 alle 17 con \u201cL\u2019evoluzione della ricerca nel Travel: come restare competitivi in un mercato in continuo cambiamento\u201d. E&#8217; un ciclo di seminari di formazione, gratuito per tutti i residenti e gli operatori dell\u2019area, proposto nel progetto di marketing territoriale nell\u2019ambito del Piano Strategico di Marketing del Medio Alto Agordino.<\/p>\n<p>&nbsp;<\/p>\n<p>&nbsp;<\/p>\n<blockquote>\n<h1><\/h1>\n<h1><\/h1>\n<h1>DISPARITA&#8217; DAI FONDI DI CONFINE<\/h1>\n<\/blockquote>\n<p><strong><a class=\"dt-pswp-item\" href=\"http:\/\/www.radiopiu.net\/wordpress\/wp-content\/uploads\/2018\/03\/GOSALDO.jpg\" data-dt-img-description=\"\" data-large_image_width=\"267\" data-large_image_height=\"200\"><img loading=\"lazy\" decoding=\"async\" class=\"size-full wp-image-45573 alignleft\" src=\"http:\/\/www.radiopiu.net\/wordpress\/wp-content\/uploads\/2018\/03\/GOSALDO.jpg\" alt=\"\" width=\"267\" height=\"200\" \/><\/a>GOSALDO<\/strong> Domenica vengono presentati alla cittadinanza i nuovi mezzi che opereranno sotto alla Croda Granda (500 mila euro), intanto i Comuni di seconda fascia guardano e sognano accontendandosi degli scarti come ha fatto Rivamonte<\/p>\n<p>&nbsp;<\/p>\n<p>&nbsp;<\/p>\n<p><strong>DI GIANNI SANTOMASO<\/strong><\/p>\n<audio class=\"wp-audio-shortcode\" id=\"audio-59928-6\" preload=\"none\" style=\"width: 100%;\" controls=\"controls\"><source type=\"audio\/ogg\" src=\"http:\/\/www.radiopiu.net\/wordpress\/wp-content\/uploads\/2018\/09\/GIANNI.ogg?_=6\" \/><a href=\"http:\/\/www.radiopiu.net\/wordpress\/wp-content\/uploads\/2018\/09\/GIANNI.ogg\">http:\/\/www.radiopiu.net\/wordpress\/wp-content\/uploads\/2018\/09\/GIANNI.ogg<\/a><\/audio>\n<p>&nbsp;<\/p>\n<p>&nbsp;<\/p>\n<p>&nbsp;<\/p>\n<p>&nbsp;<\/p>\n<h1>IN SCADENZA LE AZIONI LUXOTTICA DONATE DAL CAVALIER LEONARDO DEL VECCHIO<\/h1>\n<p><strong><a class=\"dt-pswp-item\" href=\"http:\/\/www.radiopiu.net\/wordpress\/wp-content\/uploads\/2018\/02\/luxottica-001.jpg\" data-dt-img-description=\"\" data-large_image_width=\"630\" data-large_image_height=\"350\"><img loading=\"lazy\" decoding=\"async\" class=\"size-medium wp-image-43357 alignleft\" src=\"http:\/\/www.radiopiu.net\/wordpress\/wp-content\/uploads\/2018\/02\/luxottica-001-300x167.jpg\" alt=\"\" width=\"300\" height=\"167\" srcset=\"https:\/\/www.radiopiu.net\/wordpress\/wp-content\/uploads\/2018\/02\/luxottica-001-300x167.jpg 300w, https:\/\/www.radiopiu.net\/wordpress\/wp-content\/uploads\/2018\/02\/luxottica-001.jpg 630w\" sizes=\"auto, (max-width: 300px) 100vw, 300px\" \/><\/a><\/strong><\/p>\n<p>&nbsp;<\/p>\n<p>&nbsp;<\/p>\n<p>&nbsp;<\/p>\n<p><strong>AGORDO<\/strong> Comunicazione dall&#8217;azienda, ai microfoni di Radio Pi\u00f9 Luigi Dell&#8217;Atti della Rsu-Cgil. Ultime notizie anche in merito all&#8217;Welfare aziendale<\/p>\n<audio class=\"wp-audio-shortcode\" id=\"audio-59928-7\" preload=\"none\" style=\"width: 100%;\" controls=\"controls\"><source type=\"audio\/mpeg\" src=\"http:\/\/www.radiopiu.net\/wordpress\/wp-content\/uploads\/2018\/09\/gr-07-luxottica-luigi-dellatti.mp3?_=7\" \/><a href=\"http:\/\/www.radiopiu.net\/wordpress\/wp-content\/uploads\/2018\/09\/gr-07-luxottica-luigi-dellatti.mp3\">http:\/\/www.radiopiu.net\/wordpress\/wp-content\/uploads\/2018\/09\/gr-07-luxottica-luigi-dellatti.mp3<\/a><\/audio>\n<p>&nbsp;<\/p>\n<h2><\/h2>\n<p>&nbsp;<\/p>\n<h1>TRA AZIONI E CONVENZIONI<\/h1>\n<h3 class=\"post-title entry-title\">DI Emilio Bez<\/h3>\n<p>RSU UILTEC<\/p>\n<div id=\"post-body-505634598563834568\" class=\"post-body entry-content\">\n<div align=\"center\"><\/div>\n<p><strong><a class=\"dt-pswp-item\" href=\"http:\/\/www.radiopiu.net\/wordpress\/wp-content\/uploads\/2018\/09\/piggy-bank-2889046_640.jpg\" data-dt-img-description=\"\" data-large_image_width=\"320\" data-large_image_height=\"192\"><img loading=\"lazy\" decoding=\"async\" class=\"size-medium wp-image-59983 alignleft\" src=\"http:\/\/www.radiopiu.net\/wordpress\/wp-content\/uploads\/2018\/09\/piggy-bank-2889046_640-300x180.jpg\" alt=\"\" width=\"300\" height=\"180\" srcset=\"https:\/\/www.radiopiu.net\/wordpress\/wp-content\/uploads\/2018\/09\/piggy-bank-2889046_640-300x180.jpg 300w, https:\/\/www.radiopiu.net\/wordpress\/wp-content\/uploads\/2018\/09\/piggy-bank-2889046_640.jpg 320w\" sizes=\"auto, (max-width: 300px) 100vw, 300px\" \/><\/a>AGORDO<\/strong>\u00a0 Nell&#8217;ottobre 2015 tutti\u00a0i dipendenti italiani\u00a0Luxottica avevano ricevuto in regalo un certo numero di azioni della societ\u00e0, ciascuno\u00a0in proporzione alla propria anzianit\u00e0 aziendale. Sono ormai passati i 3 anni previsti dalla normativa fiscale e da met\u00e0 ottobre in poi\u00a0sar\u00e0 possibile trasferire le azioni su un proprio conto oppure venderle. In allegato alla prossima busta paga i dipendenti coinvolti riceveranno le spiegazioni su come effettuare l&#8217;operazione e\u00a0la modulistica necessaria. Le opzioni possibili sono diverse:\u00a0vendita collettiva\u00a0a met\u00e0 ottobre alla quotazione del momento, vendita successiva\u00a0entro un anno (durante il quale sar\u00e0 possibile mantenere in deposito\u00a0gratuitamente le azioni nell&#8217;attuale fiduciaria) oppure trasferimento su un proprio conto titoli.\u00a0Gi\u00e0\u00a0da met\u00e0 settimana prossima e\u00a0fino ai primi di ottobre, sar\u00e0 attivato dall&#8217;Azienda un infopoint dedicato che fornir\u00e0 gli\u00a0eventuali chiarimenti\u00a0e assistenza a tutti gli interessati. Le date e gli orari dell&#8217;infopoint saranno esposte nelle bacheche aziendali.<\/p>\n<\/div>\n<div class=\"post-body entry-content\">Altra novit\u00e0 dei giorni scorsi che forse a qualcuno \u00e8 sfuggita, la nuova convenzione con il circuito Gympass (\u00a0<a href=\"https:\/\/www.gympass.com\/it\" target=\"_blank\" rel=\"noopener\">https:\/\/www.gympass.com\/it<\/a>\u00a0) che consente\u00a0l&#8217;iscrizione a prezzi agevolati in quasi duemila tra\u00a0palestre, centri sportivi, piscine e molto altro, ovviamente non solo\u00a0qui\u00a0nel bellunese\u00a0ma\u00a0in tutta Italia. Gli abbonamenti partono da una decina di euro al mese per poi\u00a0salire a seconda dei servizi inclusi ma sempre mantenendo una notevole convenienza, inoltre\u00a0di norma il primo mese di prova\u00a0\u00e8 gratuito. La registrazione per l&#8217;utilizzo della convenzione si effettua online dal nostro consueto sito aziendale.\u00a0 Va per\u00f2\u00a0precisato che, fortunatamente,\u00a0l&#8217;ormai &#8220;storica&#8221; e molto apprezzata\u00a0palestra Luxottica in Valcozzena non richiede nessun abbonamento in quanto resta come prima\u00a0accessibile gratuitamente, sia\u00a0ai dipendenti\u00a0che ai\u00a0somministrati.<\/div>\n<p>&nbsp;<\/p>\n<p>&nbsp;<\/p>\n<p>&nbsp;<\/p>\n<blockquote><p>&nbsp;<\/p><\/blockquote>\n<h2>BANDO PERIFERIE, CONFINDUSTRIA:NECESSARIO CONFERMARE LE RISORSE<\/h2>\n<p><strong><a class=\"dt-pswp-item\" href=\"http:\/\/www.radiopiu.net\/wordpress\/wp-content\/uploads\/2015\/09\/confindustria-500.jpg\" data-dt-img-description=\"\" data-large_image_width=\"500\" data-large_image_height=\"360\"><img loading=\"lazy\" decoding=\"async\" class=\"size-medium wp-image-10966 alignleft\" src=\"http:\/\/www.radiopiu.net\/wordpress\/wp-content\/uploads\/2015\/09\/confindustria-500-300x216.jpg\" alt=\"\" width=\"300\" height=\"216\" \/><\/a>BELLUNO<\/strong> \u00abNon \u00e8 solo una questione di risorse: in gioco c\u2019\u00e8 anche la credibilit\u00e0 del sistema Paese. Come possiamo illuderci di attrarre e di stimolare investimenti per la crescita, se ad ogni cambio di governo si cancellano i provvedimenti, anche positivi, come nel caso del bando per le periferie\u00bb. Il presidente di Confindustria Belluno Dolomiti, Luca Barbini, interviene cos\u00ec sulla vicenda del congelamento delle risorse stanziate per il bando periferie (500 milioni), che equivale a una sostanziale cancellazione, a scapito non solo dei Comuni che ne avevano beneficiato ma anche delle imprese, in particolare quelle di un settore in sofferenza qual \u00e8 l\u2019edilizia. \u00abAuspico che su questo tema vi sia una convergenza politica \u2013 afferma Barbini \u2013 e che i parlamentari bellunesi si impegnino a confermare le risorse previste dal bando, a cominciare ovviamente dai 18 milioni per Belluno. E\u2019 infatti vero che i progetti di riqualificazione sono gi\u00e0 stati avviati in base alla convenzione firmata a dicembre. Anche la nostra associazione ha partecipato con successo al bando. E proprio a seguito del contributo concesso ha commissionato un progetto per la sistemazione di Palazzo Alpago. Se le risorse saranno definitivamente congelate, saremo costretti, come altri, a valutare azioni legali, a tutela delle spese gi\u00e0 sostenute. Mi chiedo quante siano le situazioni come la nostra e se il governo si \u00e8 per caso posto questo problema\u00bb. \u00abAllo stesso modo \u2013 prosegue Luca Barbini \u2013 bloccare le risorse del bando periferie equivale a privare le imprese del settore edile, ancora in sofferenza, di un\u2019importante opportunit\u00e0. I 18 milioni per Belluno sarebbero uno stimolo per investimenti ben pi\u00f9 consistenti (35 milioni secondo le stime) a vantaggio dell\u2019intero sistema economico locale, nonch\u00e9 delle citt\u00e0 coinvolte che si sono impegnate a sviluppare progettualit\u00e0 giudicate da una commissione tecnica. Vanno premiate le amministrazioni virtuose, a prescindere dal colore politico, che in tutt\u2019Italia hanno lavorato per migliore il loro territorio\u00bb. \u00abInfine \u2013 conclude Luca Barbini \u2013 c\u2019\u00e8 la questione della credibilit\u00e0: agire in questo modo, cancellando le regole del gioco a partita iniziata, significa alimentare l\u2019immagine di un Paese inaffidabile, dove \u00e8 meglio non investire. Spero pertanto che, come \u00e8 gi\u00e0 accaduto recentemente su altre vicende, prevalga il senso di responsabilit\u00e0 e che le risorse per il bando periferie siano confermate\u00bb.<\/p>\n<p>&nbsp;<\/p>\n<p>&nbsp;<\/p>\n<p>&nbsp;<\/p>\n<h1>FEDEROTTICA E CILP UNITI PER LA DIFFUSIONE DELL&#8217;ASCOLTO DELLA LETTURA<\/h1>\n<p><strong><a class=\"dt-pswp-item\" href=\"http:\/\/www.radiopiu.net\/wordpress\/wp-content\/uploads\/2018\/09\/WhatsApp-Image-2018-09-06-at-11.24.56.jpeg\" data-dt-img-description=\"\" data-large_image_width=\"899\" data-large_image_height=\"1599\"><img loading=\"lazy\" decoding=\"async\" class=\"size-medium wp-image-59941 alignleft\" src=\"http:\/\/www.radiopiu.net\/wordpress\/wp-content\/uploads\/2018\/09\/WhatsApp-Image-2018-09-06-at-11.24.56-169x300.jpeg\" alt=\"\" width=\"169\" height=\"300\" srcset=\"https:\/\/www.radiopiu.net\/wordpress\/wp-content\/uploads\/2018\/09\/WhatsApp-Image-2018-09-06-at-11.24.56-169x300.jpeg 169w, https:\/\/www.radiopiu.net\/wordpress\/wp-content\/uploads\/2018\/09\/WhatsApp-Image-2018-09-06-at-11.24.56-768x1366.jpeg 768w, https:\/\/www.radiopiu.net\/wordpress\/wp-content\/uploads\/2018\/09\/WhatsApp-Image-2018-09-06-at-11.24.56-576x1024.jpeg 576w, https:\/\/www.radiopiu.net\/wordpress\/wp-content\/uploads\/2018\/09\/WhatsApp-Image-2018-09-06-at-11.24.56.jpeg 899w\" sizes=\"auto, (max-width: 169px) 100vw, 169px\" \/><\/a><\/strong><\/p>\n<p>&nbsp;<\/p>\n<p>&nbsp;<\/p>\n<p>&nbsp;<\/p>\n<p>&nbsp;<\/p>\n<p>&nbsp;<\/p>\n<p>&nbsp;<\/p>\n<p>&nbsp;<\/p>\n<p><strong>FELTRE<\/strong><\/p>\n<p><strong>DI LUISA ALCHINI<\/strong><\/p>\n<audio class=\"wp-audio-shortcode\" id=\"audio-59928-8\" preload=\"none\" style=\"width: 100%;\" controls=\"controls\"><source type=\"audio\/mpeg\" src=\"http:\/\/www.radiopiu.net\/wordpress\/wp-content\/uploads\/2018\/09\/federotticaecilp.mp3?_=8\" \/><a href=\"http:\/\/www.radiopiu.net\/wordpress\/wp-content\/uploads\/2018\/09\/federotticaecilp.mp3\">http:\/\/www.radiopiu.net\/wordpress\/wp-content\/uploads\/2018\/09\/federotticaecilp.mp3<\/a><\/audio>\n<p>&nbsp;<\/p>\n<p>&nbsp;<\/p>\n<p>&nbsp;<\/p>\n<h2>DROGA TRA I GIOVANI. ZAIA SU INCONTRO DI TREVISO, \u201cBENE FORMAZIONE ABBINATA A TOLLERANZA ZERO\u201d<\/h2>\n<p><strong><a class=\"dt-pswp-item\" href=\"http:\/\/www.radiopiu.net\/wordpress\/wp-content\/uploads\/2018\/06\/drogati.jpg\" data-dt-img-description=\"\" data-large_image_width=\"1280\" data-large_image_height=\"853\"><img loading=\"lazy\" decoding=\"async\" class=\"size-medium wp-image-51037 alignleft\" src=\"http:\/\/www.radiopiu.net\/wordpress\/wp-content\/uploads\/2018\/06\/drogati-300x200.jpg\" alt=\"\" width=\"300\" height=\"200\" srcset=\"https:\/\/www.radiopiu.net\/wordpress\/wp-content\/uploads\/2018\/06\/drogati-300x200.jpg 300w, https:\/\/www.radiopiu.net\/wordpress\/wp-content\/uploads\/2018\/06\/drogati-768x512.jpg 768w, https:\/\/www.radiopiu.net\/wordpress\/wp-content\/uploads\/2018\/06\/drogati-1024x682.jpg 1024w, https:\/\/www.radiopiu.net\/wordpress\/wp-content\/uploads\/2018\/06\/drogati.jpg 1280w\" sizes=\"auto, (max-width: 300px) 100vw, 300px\" \/><\/a>VENEZIA<\/strong> \u201cFormazione e tolleranza zero sono due aspetti fondamentali per combattere il fenomeno della diffusione della droga tra i giovani e nelle scuole. Condivido l\u2019operazione scuole sicure avviata dal Viminale e l\u2019iniziativa di oggi a Treviso per avviare un\u2019azione di prevenzione fondata sulla formazione\u201d.<br \/>\nLo sottolinea il Presidente della Regione Luca Zaia, intervenendo sul tema del preoccupante abbassamento dell\u2019et\u00e0 di primo consumo della droga, rispetto al quale, oggi in Prefettura a Treviso, si \u00e8 svolto un incontro fra operatori di Polizia, della scuola e della sanit\u00e0 per mettere in campo un\u2019azione coordinata, composta da interventi di formazione mirata e dall\u2019azione di prevenzione di Polizia all\u2019esterno delle scuole, con il concorso delle Polizie locali. \u201cE\u2019 fondamentale \u2013 aggiunge Zaia \u2013 fare squadra da un lato per far capire ai ragazzi cosa rischiano, quanto rischiano e perch\u00e9, dall\u2019altro per dare la caccia con tolleranza zero agli spacciatori, sempre e ovunque\u201d. \u201cE\u2019 una battaglia difficile, ma che si deve combattere e si pu\u00f2 vincere \u2013 conclude il Governatore &#8211; mano a mano che i ragazzi, conoscendo il pericolo a cui si espongono, si allontaneranno dalle tentazioni, e che l\u2019azione delle Forze dell\u2019Ordine render\u00e0 la vita sempre pi\u00f9 difficile, speriamo impossibile, ai seminatori di morte\u201d.<\/p>\n<p>&nbsp;<\/p>\n<p>&nbsp;<\/p>\n<p>&nbsp;<\/p>\n<h1><\/h1>\n<h1>CLAUDIO SCIMONE: IL CORDOGLIO DEL PRESIDENTE ZAIA<\/h1>\n<p><strong><a class=\"dt-pswp-item\" href=\"http:\/\/www.radiopiu.net\/wordpress\/wp-content\/uploads\/2018\/09\/download-1.jpg\" data-dt-img-description=\"\" data-large_image_width=\"259\" data-large_image_height=\"194\"><img loading=\"lazy\" decoding=\"async\" class=\"size-full wp-image-59930 alignleft\" src=\"http:\/\/www.radiopiu.net\/wordpress\/wp-content\/uploads\/2018\/09\/download-1.jpg\" alt=\"\" width=\"259\" height=\"194\" \/><\/a>VENEZIA<\/strong> \u201cTutto il Veneto piange la scomparsa di un grande maestro della musica, che con i suoi Solisti veneti ha contribuito in maniera determinante alla conoscenza e alla diffusione nel mondo del miglior repertorio della musica veneta, da Albinoni a Vivaldi, da Galuppi a Benedetto Marcello, da Salieri a Boccherini. Ci sono uomini che con la loro opera diventano istituzioni, e Claudio Scimone era uno di loro. Il Veneto, che l\u2019ha amato, applaudito e onorato per la sua grande cultura, per le sue raffinate interpretazioni e per il suo stile fatto di discrezione, tenacia e grande umanit\u00e0, l\u2019ha insignito nel 2005 della massima onorificenza regionale proclamandolo \u201cleone del Veneto\u201d.Cos\u00ec il presidente della Regione, Luca Zaia, si fa interprete del cordoglio dell\u2019istituzione per la scomparsa di Claudio Scimone, musicista e musicologo di fama internazionale, fondatore e direttore dei Solisti veneti, il Gruppo orchestrale da camera pi\u00f9 popolare nel mondo che ha eseguito migliaia di concerti in tutti i continenti.\u201cIl maestro Scimone ci ha regalato esecuzioni magistrali, ma soprattutto la gioia della riscoperta di testi e autori del repertorio musicale veneto che avevamo forse dimenticato e che, grazie alla finezza della sua arte e alle sue capacit\u00e0 di imprenditore artistico, sono tornati ad essere la \u2018colonna sonora\u2019 della nostra terra, il biglietto da visita del Veneto nel mondo\u201d.\u201cGrazie a lui, e all\u2019enorme lavoro che \u00e8 riuscito a svolgere dirigendo per quasi trent\u2019anni il Conservatorio di Padova e portando per oltre mezzo secolo i suoi Solisti in giro per il mondo, i capolavori della musica veneta sono tornati a vivere e a ispirare artisti e generazioni di appassionati e cultori\u201d.<\/p>\n<p>&nbsp;<\/p>\n<p>&nbsp;<\/p>\n<p>&nbsp;<\/p>\n<h1><\/h1>\n<h1>VIA I PILONI<\/h1>\n<p><strong><a class=\"dt-pswp-item\" href=\"http:\/\/www.radiopiu.net\/wordpress\/wp-content\/uploads\/2018\/09\/WhatsApp-Image-2018-09-06-at-17.15.28.jpeg\" data-dt-img-description=\"\" data-large_image_width=\"1024\" data-large_image_height=\"768\"><img loading=\"lazy\" decoding=\"async\" class=\"size-medium wp-image-59915 alignleft\" src=\"http:\/\/www.radiopiu.net\/wordpress\/wp-content\/uploads\/2018\/09\/WhatsApp-Image-2018-09-06-at-17.15.28-300x225.jpeg\" alt=\"\" width=\"300\" height=\"225\" srcset=\"https:\/\/www.radiopiu.net\/wordpress\/wp-content\/uploads\/2018\/09\/WhatsApp-Image-2018-09-06-at-17.15.28-300x225.jpeg 300w, https:\/\/www.radiopiu.net\/wordpress\/wp-content\/uploads\/2018\/09\/WhatsApp-Image-2018-09-06-at-17.15.28-768x576.jpeg 768w, https:\/\/www.radiopiu.net\/wordpress\/wp-content\/uploads\/2018\/09\/WhatsApp-Image-2018-09-06-at-17.15.28.jpeg 1024w\" sizes=\"auto, (max-width: 300px) 100vw, 300px\" \/><\/a><\/strong><\/p>\n<p>&nbsp;<\/p>\n<p>&nbsp;<\/p>\n<p>&nbsp;<\/p>\n<p><strong>LIVINALLONGO<\/strong> Scomparsi i piloni della linea a media tensione, 40 impattanti tralicci sono stati disattivati e smaltiti. Soprattutto sono stati posati 15 chilometri di cavi interrati per la sicurezza degli utenti anche in casi di abbondanti nevicate. Due milioni di investimenti e pi\u00f9 energia per gli utenti.<br \/>\n<strong>IL SINDACO LEANDRO GRONES<\/strong><\/p>\n<audio class=\"wp-audio-shortcode\" id=\"audio-59928-9\" preload=\"none\" style=\"width: 100%;\" controls=\"controls\"><source type=\"audio\/mpeg\" src=\"http:\/\/www.radiopiu.net\/wordpress\/wp-content\/uploads\/2018\/09\/LEANDRO-1.mp3?_=9\" \/><a href=\"http:\/\/www.radiopiu.net\/wordpress\/wp-content\/uploads\/2018\/09\/LEANDRO-1.mp3\">http:\/\/www.radiopiu.net\/wordpress\/wp-content\/uploads\/2018\/09\/LEANDRO-1.mp3<\/a><\/audio>\n<p>&nbsp;<\/p>\n<p>&nbsp;<\/p>\n<p>&nbsp;<\/p>\n<p>&nbsp;<\/p>\n<h2>MARIANNA LORENZONI, NUOVO DIRETTORE MEDICO ALL&#8217;OSPEDALE DI FELTRE<\/h2>\n<p><strong><a href=\"http:\/\/www.radiopiu.net\/wordpress\/wp-content\/uploads\/2018\/09\/lorenzoni.bmp\"><img loading=\"lazy\" decoding=\"async\" class=\"size-full wp-image-59901 alignleft\" src=\"http:\/\/www.radiopiu.net\/wordpress\/wp-content\/uploads\/2018\/09\/lorenzoni.bmp\" alt=\"\" width=\"229\" height=\"249\" \/><\/a>FELTRE\u00a0<\/strong> La dottoressa Marianna Lorenzioni \u00e8 il nuovo direttore medico dell\u2019ospedale di Feltre.\u00a0 Nata nel 1976 a Verona, si \u00e8 laureata in Medicina e chirurgia all\u2019Universit\u00e0 di Verona nel 2001 e nel 2007 ha conseguito la specializzazione in Igiene e medicina preventiva sempre a Verona. La dottoressa Lorenzoni ha maturato un\u2019importante esperienza all\u2019azienda ospedaliera Carlo Poma di Mantova dal 2008 al 2014, con una parentesi all\u2019ospedale di Bassano, come dirigente medico di direzione, ricoprendo anche un incarico di responsabilit\u00e0 di struttura semplice sul governo dei processi clinici dal 2013. Si \u00e8 occupata in particolare di gestione delle attivit\u00e0 sanitarie e organizzazione dei servizi anche in relazioni a ristrutturazioni in corso nei vari presidi. Si \u00e8 occupata in particolare dell\u2019organizzazione dei blocchi operatori e della riorganizzazione dei dipartimenti chirurgico-ortopedico, emergenza-urgenza e neuroscienze. Dal 2014 al 2016 ha lavorato all\u2019ospedale di Bassano e, successivamente e fino ad oggi all\u2019Ulss 2 Marca Trevigiana.\u00c8 stata docente di igiene generale e applicata al corso di laurea di fisioterapia dell\u2019universit\u00e0 di Brescia per due anni accademici.Ha curato diverse pubblicazioni di articoli scientifici sul risk management, sulla legionella, sulla continuit\u00e0 tra cure primarie e cure specialistiche e sull\u2019organizzazione ospedaliera.\u00abRingrazio il dott. Alessio Gioffredi che sta guidando l\u2019ospedale di Feltre dopo il pensionamento del dott. Lorenzo Tognon e do il benvenuto alla dottoressa Lorenzoni oggi nominata alla guida del Santa Maria del Prato\u00bb, conclude il direttore generale, Adriano Rasi Caldogno.<\/p>\n<p>&nbsp;<\/p>\n<p>&nbsp;<\/p>\n<p>&nbsp;<\/p>\n<p>&nbsp;<\/p>\n<h1><\/h1>\n<h1><\/h1>\n<h1><\/h1>\n<h1>TAC: UNITA&#8217; MOBILE PER DIECI GIORNI<\/h1>\n<p><strong><a class=\"dt-pswp-item\" href=\"http:\/\/www.radiopiu.net\/wordpress\/wp-content\/uploads\/2018\/07\/ospedale-feltre.jpg\" data-dt-img-description=\"\" data-large_image_width=\"798\" data-large_image_height=\"457\"><img loading=\"lazy\" decoding=\"async\" class=\" wp-image-53812 alignleft\" src=\"http:\/\/www.radiopiu.net\/wordpress\/wp-content\/uploads\/2018\/07\/ospedale-feltre-300x172.jpg\" alt=\"\" width=\"242\" height=\"139\" srcset=\"https:\/\/www.radiopiu.net\/wordpress\/wp-content\/uploads\/2018\/07\/ospedale-feltre-300x172.jpg 300w, https:\/\/www.radiopiu.net\/wordpress\/wp-content\/uploads\/2018\/07\/ospedale-feltre-768x440.jpg 768w, https:\/\/www.radiopiu.net\/wordpress\/wp-content\/uploads\/2018\/07\/ospedale-feltre.jpg 798w\" sizes=\"auto, (max-width: 242px) 100vw, 242px\" \/><\/a>FELTRE<\/strong>\u00a0La Ulss informa\u00a0 che dal 7 al 17 settembre 2018, per attivit\u00e0 inerenti le lavorazioni sulla piastra chirurgia dell\u2019ospedale di Feltre, per consentire l\u2019esecuzione degli esami di diagnostica TAC all\u2019ospedale di Feltre, sia per gli esami prenotati tramite CUP che per gli esami di pazienti interni o eventuali urgenze \u00e8 stata attivata un\u2019unit\u00e0 mobile di diagnostica con TAC. Si invitano gli utenti esterni che, in questo periodo, devono eseguire un esame TAC a rivolgersi per l\u2019accettazione, come di consueto, alla segreteria della Radiologia al piano sotterraneo del padiglione Dalla Palma. L\u2019esame sar\u00e0 poi effettuato nel sistema mobile appositamente installato nella zona dei nuovi accessi.<\/p>\n<p>&nbsp;<\/p>\n<p>&nbsp;<\/p>\n<p>&nbsp;<\/p>\n<h1><\/h1>\n<h1><\/h1>\n<h1>DUE POLIZIOTTI IN PIU&#8217; PER CORTINA<\/h1>\n<blockquote><p><em>Sap: \u201cSoddisfatti a met\u00e0, non bastano\u201d \u201cRisibili le nostre richieste? Forse sono risibili le esternazioni del Siulp\u201d<\/em><\/p><\/blockquote>\n<p><strong><a class=\"dt-pswp-item\" href=\"http:\/\/www.radiopiu.net\/wordpress\/wp-content\/uploads\/2018\/09\/soccorso-piste-4.jpg\" data-dt-img-description=\"\" data-large_image_width=\"244\" data-large_image_height=\"206\"><img loading=\"lazy\" decoding=\"async\" class=\"size-full wp-image-59920 alignleft\" src=\"http:\/\/www.radiopiu.net\/wordpress\/wp-content\/uploads\/2018\/09\/soccorso-piste-4.jpg\" alt=\"\" width=\"244\" height=\"206\" \/><\/a>BELLUNO<\/strong> Saranno complessivamente 12 anzich\u00e9 10 i poliziotti impiegati nei comprensori sciistici di competenza del Commissariato di P.S. di Cortina d\u2019Ampezzo, ovvero Falzarego Lagazuoi (3 unit\u00e0) e Cortina &#8211; San Vito di Cadore (9 unit\u00e0). Un piccolo passo in avanti che ci soddisfa a met\u00e0 &#8211; afferma la Segreteria Provinciale del Sap di Belluno, dopo aver ricevuto la comunicazione dal Ministero. Questo il mezzo risultato ottenuto tra denunce pubbliche a mezzo stampa, lunga dettagliata e circostanziata nota inviata al Dipartimento e determinata critica espressa nel conseguente incontro al Ministero del 28 agosto scorso. Due poliziotti specializzati in pi\u00f9 con San Vito di Cadore che &#8211; incomprensibilmente &#8211; non viene considerato comprensorio a s\u00e9 stante. Per far fronte alle esigenze che il servizio in questione impone, garantendo al personale di operare in sicurezza e di fruire del previsto riposo settimanale &#8211; prosegue il Sap bellunese &#8211; avevamo rappresentato la necessit\u00e0 di avere 5 unit\u00e0 in pi\u00f9; il Siulp ne ha chieste 3 e un\u2019altra sigla sindacale 2. Apprendere oggi che il Siulp di Belluno definisce \u201crisibile\u201d la nostra richiesta (peraltro avanzataci da chi ha anche un ruolo di responsabilit\u00e0 nello specifico servizio) &#8211; appare a noi irrispettoso, non tanto nei nostri confronti, ma nei confronti dei colleghi. Ma, come sempre, saranno proprio i colleghi stessi a giudicare, anche il lavoro fatto sino ad oggi. Le \u201csfavorevoli congiunture che non consentivano interventi di maggior portata\u201d &#8211; di cui parla il Siulp Belluno &#8211; sono a noi ben note e sono state determinate con la complicit\u00e0, a livello nazionale, di chi anzich\u00e9 denunciare, come ha fatto il Sap incessantemente negli ultimi quattro anni, ha preferito fare lo struzzo, probabilmente perch\u00e9 suggestionato &#8211; Lui &#8211; da una particolare affinit\u00e0 con un colore politico allora al Governo. Tuttavia \u00e8 bene ricordare che l\u2019aumento di 5 unit\u00e0 da noi richiesto era assolutamente possibile, giacch\u00e9 rispetto allo scorso anno il Ministero non deve impiegare 3 unit\u00e0 in Val Senales. E <a class=\"dt-pswp-item\" href=\"http:\/\/www.radiopiu.net\/wordpress\/wp-content\/uploads\/2018\/09\/soccorso-piste-6.jpg\" data-dt-img-description=\"\" data-large_image_width=\"486\" data-large_image_height=\"308\"><img loading=\"lazy\" decoding=\"async\" class=\"size-medium wp-image-59921 alignright\" src=\"http:\/\/www.radiopiu.net\/wordpress\/wp-content\/uploads\/2018\/09\/soccorso-piste-6-300x190.jpg\" alt=\"\" width=\"300\" height=\"190\" srcset=\"https:\/\/www.radiopiu.net\/wordpress\/wp-content\/uploads\/2018\/09\/soccorso-piste-6-300x190.jpg 300w, https:\/\/www.radiopiu.net\/wordpress\/wp-content\/uploads\/2018\/09\/soccorso-piste-6.jpg 486w\" sizes=\"auto, (max-width: 300px) 100vw, 300px\" \/><\/a>l\u2019altra unica richiesta &#8211; peraltro non accolta &#8211; di aumento dell\u2019organico (1 unit\u00e0), portata al tavolo ministeriale, riguardava l\u2019Etna. Quindi con l\u2019impiego di sole 3 unit\u00e0 in pi\u00f9 rispetto allo scorso anno &#8211; da individuarsi a livello nazionale &#8211; era possibile portare l\u2019impiego dalle allora 194 unit\u00e0 complessive a 197, accogliendo sia le richieste bellunesi che catanesi. (Oggi l\u2019impiego previsto \u00e8 pari a 193 operatori). Attendiamo ora &#8211; conclude il Sap bellunese &#8211; risposte dal Ministero per le importanti questioni dei criteri di rotazione nell\u2019individuazione del personale da impiegare e per le eventuali sostituzioni a stagione in corso, non dimenticando che lo scorso anno a Falcade l\u2019operatore infortunatosi a Natale non \u00e8 mai stato sostituito e ad oggi non \u00e8 dato sapere il perch\u00e9. E alla massima del Segretario Generale del Siulp Felice Romano, citata oggi dal Siulp Belluno \u201cnon esistono governi amici o nemici, ma semplicemente controparti\u201d, il Sap bellunese replica alla Siulp maniera: \u201crisibile\u201d, e chiede: \u201cPerch\u00e9 il Siulp negli ultimi quattro anni non \u00e8 mai sceso in piazza? Forse perch\u00e9 il comparto sicurezza godeva di ottima salute? Noi &#8211; afferma il Sap &#8211; eravamo sotto casa di Berlusconi nel 2010 e sotto casa di Renzi nel 2015, e gli altri?\u201d<\/p>\n<p>&nbsp;<\/p>\n<p>&nbsp;<\/p>\n<p>&nbsp;<\/p>\n<p>&nbsp;<\/p>\n<blockquote>\n<h1>SEMINARIO PER LA GESTIONE DELLO STRESS<\/h1>\n<\/blockquote>\n<p><strong><a class=\"dt-pswp-item\" href=\"http:\/\/www.radiopiu.net\/wordpress\/wp-content\/uploads\/2017\/11\/Questore-Lucio-Aprile-300x225.jpg\" data-dt-img-description=\"\" data-large_image_width=\"300\" data-large_image_height=\"225\"><img loading=\"lazy\" decoding=\"async\" class=\"size-medium wp-image-38829 alignleft\" src=\"http:\/\/www.radiopiu.net\/wordpress\/wp-content\/uploads\/2017\/11\/Questore-Lucio-Aprile-300x225-300x225.jpg\" alt=\"\" width=\"300\" height=\"225\" \/><\/a>BELLUNO<\/strong> La Polizia di Belluno organizza dal 12 settembre e per i successivi 5 mercoledi presso l&#8217;IIS Segato di via Tasso un seminario tenuto dall&#8217;Associazione Italiana per la Gestione dello Stress nelle Forze dell&#8217;Ordine e del Soccorso-sezione Triveneto il cui presidente \u00e8 il dottor Stefano Iapichino. Si tratta di un seminario sul tema della &#8220;Comunicazione nei conflitti relazionali in vista di un&#8217;efficace azione di Polizia&#8221; con la partecipazione delle dottoresse Ilaria Dalla C\u00e0 e socie sostenitrici Aigesfos.<br \/>\nIl seminario fa parte di un progetto che mira a dotare l&#8217;operatore di Polizia degli strumenti idonei a fronteggiare nel pi\u00f9 corretto dei modi i momenti di elevata tensione emotiva che quotidianamente si presentano nella sua attivit\u00e0. Gli incontri dedicati esclusivamente agli operatori delle Forze dell&#8217;Ordine della provincia di Belluno, si svolgeranno all&#8217;interno di una giornata formativa, per la durata di 4 ore, per consentire a tutti gli operatori che partecipano, di usufruire di questo momento di formazione. Il Questore della provincia di Belluno, Lucio Aprile (foto), \u00e8 certo che il seminario servir\u00e0 a tutti gli operatori interessati per acquisire strumenti validi ad operare al meglio nell&#8217;impegnativo lavoro di tutti i giorni.<\/p>\n<p>&nbsp;<\/p>\n<p>&nbsp;<\/p>\n<p>&nbsp;<\/p>\n<p>&nbsp;<\/p>\n<p>&nbsp;<\/p>\n<blockquote>\n<h1><\/h1>\n<h1><\/h1>\n<h1>BIOETICA E ANIMALI NON UMANI, ULTIMO INCONTRO<\/h1>\n<\/blockquote>\n<p><strong><a class=\"dt-pswp-item\" href=\"http:\/\/www.radiopiu.net\/wordpress\/wp-content\/uploads\/2018\/09\/LUCIA-OLIVOTTO.jpg\" data-dt-img-description=\"\" data-large_image_width=\"194\" data-large_image_height=\"259\"><img loading=\"lazy\" decoding=\"async\" class=\"size-full wp-image-59935 alignleft\" src=\"http:\/\/www.radiopiu.net\/wordpress\/wp-content\/uploads\/2018\/09\/LUCIA-OLIVOTTO.jpg\" alt=\"\" width=\"194\" height=\"259\" \/><\/a>BELLUNO<\/strong> Si chiuder\u00e0 venerd\u00ec 14 il ciclo di incontri organizzato dalla Consulta di Bioetica \u2013 Sezione di Belluno, con il patrocinio del Comune di Belluno: tema dell&#8217;ultimo appuntamento, che avr\u00e0 inizio alle 17.30 in Sala Bianchi, sar\u00e0 \u201cEtica e diritti morali degli animali non umani\u201d. Interverranno il professor Maurizio Mori, presidente della Consulta di Bioetica nazionale, la Vicesindaco del capoluogo, Lucia Olivotto, e Piergiorgio Svaluto Moreolo, docente di Filosofia. A loro si affiancheranno Fabio Jerman, dei Vigili del Fuoco di Belluno, con Jeky Funes, componente dell&#8217;unit\u00e0 cinofila dei Vigili del Fuoco insieme al suo cane Jacob. \u00abLo scopo di questa serata sar\u00e0 quello di approfondire dal punto di vista morale ed etico il rapporto tra uomo e animale, anzi: tra animale umano e non umano. &#8211; spiega Romano Cavagna, della Consulta di Bioetica di Belluno \u2013 Affronteremo molteplici argomenti, dal rapporto con gli animali domestici e selvatici alla sperimentazione e alla ricerca scientifica\u00bb. Pi\u00f9 incentrato \u201csul campo\u201d l&#8217;intervento dei Vigili del Fuoco: \u00abRacconteremo il funzionamento del rapporto in situazioni emergenziali. &#8211; anticipa Fabio Jerman \u2013 Da un lato, quella dell&#8217;operativit\u00e0 quotidiana, con il recupero e soccorso agli animali; dall&#8217;altro, l&#8217;attivit\u00e0 delle squadre cinofile, con le esperienze di Jeky e Jacob, operativi nelle grandi tragedie nazionali, da Rigopiano al crollo del Ponte Morandi di Genova\u00bb.<br \/>\n<strong>LA VICESINDACO LUCIA OLIVOTTO (FOTO)<\/strong><\/p>\n<audio class=\"wp-audio-shortcode\" id=\"audio-59928-10\" preload=\"none\" style=\"width: 100%;\" controls=\"controls\"><source type=\"audio\/mpeg\" src=\"http:\/\/www.radiopiu.net\/wordpress\/wp-content\/uploads\/2018\/09\/OLIVOTTO-BIOETICA.mp3?_=10\" \/><a href=\"http:\/\/www.radiopiu.net\/wordpress\/wp-content\/uploads\/2018\/09\/OLIVOTTO-BIOETICA.mp3\">http:\/\/www.radiopiu.net\/wordpress\/wp-content\/uploads\/2018\/09\/OLIVOTTO-BIOETICA.mp3<\/a><\/audio>\n<p>&nbsp;<\/p>\n<p>&nbsp;<\/p>\n<p>&nbsp;<\/p>\n<p>&nbsp;<\/p>\n<h1>A TAVOLA NEL FELTRINO IL FAGIOLO<\/h1>\n<p><strong><a class=\"dt-pswp-item\" href=\"http:\/\/www.radiopiu.net\/wordpress\/wp-content\/uploads\/2017\/05\/San-Donato-di-Lamon-Foto-120.jpg\" data-dt-img-description=\"\" data-large_image_width=\"500\" data-large_image_height=\"335\"><img loading=\"lazy\" decoding=\"async\" class=\"size-medium wp-image-32418 alignleft\" src=\"http:\/\/www.radiopiu.net\/wordpress\/wp-content\/uploads\/2017\/05\/San-Donato-di-Lamon-Foto-120-300x201.jpg\" alt=\"\" width=\"300\" height=\"201\" \/><\/a>LAMON<\/strong> In occasione della festa del fagiolo di Lamon, quest&#8217;anno si festeggiano anche i 25 anni dalla nascita del Consorzio di tutela del fagiolo di Lamon e della vallata bellunese che promuove la sua coltivazione secondo un preciso disciplinare approvato dall&#8217;Europa, per mantenere le caratteristiche del legume che sono alla base della sua fama. Verr\u00e0 presentato durante la festa il primo volumetto di tre che raccontano la storia del fagiolo e della sua coltivazione sull&#8217;altopiano lamonese. Dedicato alle origini dell&#8217;arrivo del fagiolo in Europa dalle Americhe, fa parte di un progetto nato dall&#8217;idea di Tiziana Penco e Giuliano Candeago, con i testi di Guido Tiziani e le illustrazioni di Alessandro Paleari. Sar\u00e0 seguito da altre due pubblicazioni che spiegheranno cosa \u00e8 accaduto nei secoli alla coltivazione del fagiolo, come sia diventato fondamentale per sostenere la povera economia dei secoli passati, fino ad arrivare ai giorni nostri e alla nascita di un Consorzio stesso. Uno sguardo sulle origini, sulla coltivazione e sulle tradizioni legate al fagiolo sar\u00e0 possibile anche visitando la mostra \u201cLa nostra storia: il fagiolo\u201d che sar\u00e0 allestita durante la festa nella ex chiesa di San Daniele. E&#8217; la pi\u00f9 importante delle mostre proposte durante la manifestazione lamonese. La mostra racconta la storia attraverso pannelli e documenti, ma ci saranno spazi per mostrare la coltivazione, con l&#8217;allestimento di un vero e proprio campo di fagioli, e saranno esposte altre sementi rare che verranno portate in mostra dall&#8217;associazione Coltivare Condividendo. Inoltre il gruppo folk Drio le Peche di Lamon allestir\u00e0 un caratteristico \u201csoler\u201d (poggiolo) dove un tempo venivano messi i fagioli a completare l&#8217;essicatura. Infine il centro del Libro parlato di Feltre allestir\u00e0 un angolo dove ascoltare i testi del libretto. Sar\u00e0 aperta durante la festa la mostra archeologica \u201cLa necropoli romana di San Donato\u201d e altre esposizioni di fotografia e pittura saranno allestite in varie parti del paese.<\/p>\n<p>&nbsp;<\/p>\n<p>&nbsp;<\/p>\n<p>&nbsp;<\/p>\n<p>&nbsp;<\/p>\n<h1>ESCURSIONE GEOLOGICA AL MONTE RITE<\/h1>\n<p><strong><a class=\"dt-pswp-item\" href=\"http:\/\/www.radiopiu.net\/wordpress\/wp-content\/uploads\/2018\/09\/image004.jpg\" data-dt-img-description=\"\" data-large_image_width=\"154\" data-large_image_height=\"106\"><img loading=\"lazy\" decoding=\"async\" class=\" wp-image-59927 alignleft\" src=\"http:\/\/www.radiopiu.net\/wordpress\/wp-content\/uploads\/2018\/09\/image004.jpg\" alt=\"\" width=\"200\" height=\"138\" \/><\/a>CIBIANA DI CADORE<\/strong>. Sigea e Ordine dei Geologi del Veneto (con patrocinio di Ministero dell\u2019Ambiente, Regione del Veneto, Provincia di Belluno, Comuni di Cibiana di Cadore e di Valle di Cadore, Comunit\u00e0 Montana della Val del Boite, Fondazione Angelini, Fondazione Dolomiti Unesco, CAI), organizza per il 15 settembre a Cibiana di Cadore un&#8217;escursione geologica al Monte Rite (aperta a tutti) sul tema IL TRIAS, TETTONICA, SISMICITA\u2019 E PAESAGGIO VEGETALE DOLOMITICO con contributi del prof. Piero Gianolla (Universit\u00e0 di Ferrara, Fondazione Dolomiti UNESCO), del dott. Jacopo Boaga (Universit\u00e0 di Padova) e del dott. Cesare Lasen (Fondazione Dolomiti UNESCO). Il programma prevede anche la presentazione in anteprima nazionale del volume in formato cartaceo \u201cRischio sismico in Italia: analisi e prospettive per una prevenzione efficace in un Paese fragile\u201d (che verr\u00e0 poi presentato al Senato della Repubblica il 2 ottobre) e la visita al Museo della Montagna (Messner Mountain Museum Dolomites). Nell\u2019ottica, sempre meno procrastinabile, del miglioramento della consapevolezza del rischio (in generale e in dettaglio anche quello sismico) l\u2019iniziativa intende promuovere una maggiore conoscenza delle questioni ambientali che interessano il nostro paese e i nostri concittadini, in questo caso l\u2019ambiente geologico e il rischio sismico.<\/p>\n<p>&nbsp;<\/p>\n<p>&nbsp;<\/p>\n<p>&nbsp;<\/p>\n<h1><\/h1>\n<h1>BELLUNESI AL &#8220;FESTIVALETTERATURA DI MANTOVA&#8221;<\/h1>\n<h2><a class=\"dt-pswp-item\" href=\"http:\/\/www.radiopiu.net\/wordpress\/wp-content\/uploads\/2017\/11\/LUISA.jpg\" data-dt-img-description=\"\" data-large_image_width=\"954\" data-large_image_height=\"960\"><img loading=\"lazy\" decoding=\"async\" class=\"alignnone wp-image-39207\" src=\"http:\/\/www.radiopiu.net\/wordpress\/wp-content\/uploads\/2017\/11\/LUISA-298x300.jpg\" alt=\"\" width=\"147\" height=\"148\" \/><\/a>Invitati i prestatori di voce del Cilp di FELTRE<\/h2>\n<p><strong>DI LUISA ALCHINI<\/strong><\/p>\n<audio class=\"wp-audio-shortcode\" id=\"audio-59928-11\" preload=\"none\" style=\"width: 100%;\" controls=\"controls\"><source type=\"audio\/mpeg\" src=\"http:\/\/www.radiopiu.net\/wordpress\/wp-content\/uploads\/2018\/09\/bellunesiamantova.mp3?_=11\" \/><a href=\"http:\/\/www.radiopiu.net\/wordpress\/wp-content\/uploads\/2018\/09\/bellunesiamantova.mp3\">http:\/\/www.radiopiu.net\/wordpress\/wp-content\/uploads\/2018\/09\/bellunesiamantova.mp3<\/a><\/audio>\n<p>&nbsp;<\/p>\n<p>&nbsp;<\/p>\n<p>&nbsp;<\/p>\n<h1>IL CAI INFORMA: AGGIORNAMENTO SPEDIZIONE\u00a0 KILIMANGIARO<\/h1>\n<p>Breve aggiornamento sulla spedizione Kilimangiaro 2018 della Sezione di Agordo &#8220;Il gruppo \u00e8 arrivato a Moschi alle 8.30 di ieri per una giornata di relax prima di cominciare l&#8217;avvicinamento al Kilimangiaro previsto per oggi. Purtroppo, lasciato l&#8217;albergo non avranno pi\u00f9 collegamento internet perci\u00f2 non potranno mandarci notizie e aggiornamenti sulla salita. Rinnovando i migliori auguri per la buona riuscita della spedizione, attendiamo con ansia loro notizie. Per intanto ci godiamo alcune immagini inviateci stamane dall&#8217;albergo in cui hanno soggiornato.<\/p>\n\n\t\t\t<style type='text\/css'>\n\t\t\t\t#gallery-1 {\n\t\t\t\t\tmargin: auto;\n\t\t\t\t}\n\t\t\t\t#gallery-1 .gallery-item {\n\t\t\t\t\tfloat: left;\n\t\t\t\t\tmargin-top: 10px;\n\t\t\t\t\ttext-align: center;\n\t\t\t\t\twidth: 33%;\n\t\t\t\t}\n\t\t\t\t#gallery-1 img {\n\t\t\t\t\tborder: 2px solid #cfcfcf;\n\t\t\t\t}\n\t\t\t\t#gallery-1 .gallery-caption {\n\t\t\t\t\tmargin-left: 0;\n\t\t\t\t}\n\t\t\t\t\/* see gallery_shortcode() in wp-includes\/media.php *\/\n\t\t\t<\/style>\n\t\t<div id='gallery-1' class='dt-gallery-container gallery galleryid-59928 gallery-columns-3 gallery-size-thumbnail'><dl class='gallery-item'>\n\t\t\t\t<dt class='gallery-icon landscape'>\n\t\t\t\t\t<a class=\"rollover\" href='https:\/\/www.radiopiu.net\/wordpress\/giornale-radiopiu-07-settembre-2018-direttore-mirko-mezzacasa\/16b68de8-eca6-4b4c-bc33-9dd56ba872fa\/'><img loading=\"lazy\" decoding=\"async\" width=\"150\" height=\"150\" src=\"https:\/\/www.radiopiu.net\/wordpress\/wp-content\/uploads\/2018\/09\/16b68de8-eca6-4b4c-bc33-9dd56ba872fa-150x150.jpg\" class=\"attachment-thumbnail size-thumbnail\" alt=\"\" \/><\/a>\n\t\t\t\t<\/dt><\/dl><dl class='gallery-item'>\n\t\t\t\t<dt class='gallery-icon landscape'>\n\t\t\t\t\t<a class=\"rollover\" href='https:\/\/www.radiopiu.net\/wordpress\/giornale-radiopiu-07-settembre-2018-direttore-mirko-mezzacasa\/d2a31482-aa6d-421f-a2a5-e57c65f71b11\/'><img loading=\"lazy\" decoding=\"async\" width=\"150\" height=\"150\" src=\"https:\/\/www.radiopiu.net\/wordpress\/wp-content\/uploads\/2018\/09\/d2a31482-aa6d-421f-a2a5-e57c65f71b11-150x150.jpg\" class=\"attachment-thumbnail size-thumbnail\" alt=\"\" \/><\/a>\n\t\t\t\t<\/dt><\/dl><dl class='gallery-item'>\n\t\t\t\t<dt class='gallery-icon landscape'>\n\t\t\t\t\t<a class=\"rollover\" href='https:\/\/www.radiopiu.net\/wordpress\/giornale-radiopiu-07-settembre-2018-direttore-mirko-mezzacasa\/a1258bef-1cd0-468c-9075-5f63f76d77a0\/'><img loading=\"lazy\" decoding=\"async\" width=\"150\" height=\"150\" src=\"https:\/\/www.radiopiu.net\/wordpress\/wp-content\/uploads\/2018\/09\/a1258bef-1cd0-468c-9075-5f63f76d77a0-150x150.jpg\" class=\"attachment-thumbnail size-thumbnail\" alt=\"\" \/><\/a>\n\t\t\t\t<\/dt><\/dl><br style=\"clear: both\" \/>\n\t\t\t<\/div>\n\n<p>&nbsp;<\/p>\n<p>&nbsp;<\/p>\n<p>&nbsp;<\/p>\n<p>&nbsp;<\/p>\n<h1>CONFERMA\u00a0 AL TERZO POSTO<\/h1>\n<p><a class=\"dt-pswp-item\" href=\"http:\/\/www.radiopiu.net\/wordpress\/wp-content\/uploads\/2018\/09\/WhatsApp-Image-2018-09-06-at-13.43.36.jpeg\" data-dt-img-description=\"\" data-large_image_width=\"1280\" data-large_image_height=\"960\"><img loading=\"lazy\" decoding=\"async\" class=\"size-medium wp-image-59934 alignleft\" src=\"http:\/\/www.radiopiu.net\/wordpress\/wp-content\/uploads\/2018\/09\/WhatsApp-Image-2018-09-06-at-13.43.36-300x225.jpeg\" alt=\"\" width=\"300\" height=\"225\" srcset=\"https:\/\/www.radiopiu.net\/wordpress\/wp-content\/uploads\/2018\/09\/WhatsApp-Image-2018-09-06-at-13.43.36-300x225.jpeg 300w, https:\/\/www.radiopiu.net\/wordpress\/wp-content\/uploads\/2018\/09\/WhatsApp-Image-2018-09-06-at-13.43.36-768x576.jpeg 768w, https:\/\/www.radiopiu.net\/wordpress\/wp-content\/uploads\/2018\/09\/WhatsApp-Image-2018-09-06-at-13.43.36-1024x768.jpeg 1024w, https:\/\/www.radiopiu.net\/wordpress\/wp-content\/uploads\/2018\/09\/WhatsApp-Image-2018-09-06-at-13.43.36.jpeg 1280w\" sizes=\"auto, (max-width: 300px) 100vw, 300px\" \/><\/a><\/p>\n<p>&nbsp;<\/p>\n<p>&nbsp;<\/p>\n<p>&nbsp;<\/p>\n<p>Continua l&#8217;avventura di William Da Roit in Islanda, altra gara ed altro podio anche nella giornata di ieri. Al termine della competizione il suo racconto e oggi \u00e8 in programma la Maratona mentre la fatica s&#8217;accumula al circolo polare artico.<\/p>\n<audio class=\"wp-audio-shortcode\" id=\"audio-59928-12\" preload=\"none\" style=\"width: 100%;\" controls=\"controls\"><source type=\"audio\/mpeg\" src=\"http:\/\/www.radiopiu.net\/wordpress\/wp-content\/uploads\/2018\/09\/WILLIAM-1.mp3?_=12\" \/><a href=\"http:\/\/www.radiopiu.net\/wordpress\/wp-content\/uploads\/2018\/09\/WILLIAM-1.mp3\">http:\/\/www.radiopiu.net\/wordpress\/wp-content\/uploads\/2018\/09\/WILLIAM-1.mp3<\/a><\/audio>\n<p>&nbsp;<\/p>\n<p>&nbsp;<\/p>\n<p>&nbsp;<\/p>\n<p>&nbsp;<\/p>\n<h1 class=\"font_8\"><em><span class=\"wixGuard\">AL VIA LA NUOVA AVVENTURA <\/span><\/em><\/h1>\n<p class=\"font_8\"><a class=\"dt-pswp-item\" href=\"http:\/\/www.radiopiu.net\/wordpress\/wp-content\/uploads\/2018\/09\/safe_image.jpg\" data-dt-img-description=\"\" data-large_image_width=\"235\" data-large_image_height=\"350\"><img loading=\"lazy\" decoding=\"async\" class=\"size-medium wp-image-59976 alignleft\" src=\"http:\/\/www.radiopiu.net\/wordpress\/wp-content\/uploads\/2018\/09\/safe_image-201x300.jpg\" alt=\"\" width=\"201\" height=\"300\" srcset=\"https:\/\/www.radiopiu.net\/wordpress\/wp-content\/uploads\/2018\/09\/safe_image-201x300.jpg 201w, https:\/\/www.radiopiu.net\/wordpress\/wp-content\/uploads\/2018\/09\/safe_image.jpg 235w\" sizes=\"auto, (max-width: 201px) 100vw, 201px\" \/><\/a>L&#8217;inizio delle riprese de\u00a0\u201dLa Val che Urla\u201d, sono imminenti.Si tratta di un film noir, dalle tinte fosche, ambientato in un piccolo paese di montagna, dove si svolger\u00e0 l\u2019intera vicenda. Il protagonista, \u00e8 un \u201ccittadino\u201d, un ingegnere cinquantenne che in seguito alla perdita del lavoro, fugge dalla citt\u00e0 e ritorna nei luoghi conosciuti da bambino, per cercare un momento di serenit\u00e0, ma viene, invece, coinvolto in una sequenza di omicidi che si scopriranno\u00a0essere legati ad avvenimenti della sua infanzia. L\u2019atmosfera cupa di una valle montana, circondata da una natura selvaggia, lontana dai circuiti turistici, s\u2019intreccia con un ambiente claustrofobico, dove la neve condiziona il succedersi degli avvenimenti, fino al colpo di scena finale, dove si comprender\u00e0 che spesso le cose non sono come sembrano.<\/p>\n<p>FOTO L&#8217;ATTORE LUCA ZANFRON<\/p>\n<p>LA PRIMA INTERVISTA. DI MIRKO MEZZACASA<\/p>\n<audio class=\"wp-audio-shortcode\" id=\"audio-59928-13\" preload=\"none\" style=\"width: 100%;\" controls=\"controls\"><source type=\"audio\/mpeg\" src=\"http:\/\/www.radiopiu.net\/wordpress\/wp-content\/uploads\/2018\/09\/921.mp3?_=13\" \/><a href=\"http:\/\/www.radiopiu.net\/wordpress\/wp-content\/uploads\/2018\/09\/921.mp3\">http:\/\/www.radiopiu.net\/wordpress\/wp-content\/uploads\/2018\/09\/921.mp3<\/a><\/audio>\n<p>&nbsp;<\/p>\n<p>&nbsp;<\/p>\n<p>&nbsp;<\/p>\n<p>&nbsp;<\/p>\n<p>&nbsp;<\/p>\n<p>&nbsp;<\/p>\n<p><a class=\"dt-pswp-item\" href=\"http:\/\/www.radiopiu.net\/wordpress\/wp-content\/uploads\/2015\/08\/PROSSIMI_APPUNTAMENTI.jpg\" data-dt-img-description=\"\" data-large_image_width=\"397\" data-large_image_height=\"123\"><img loading=\"lazy\" decoding=\"async\" class=\"alignnone wp-image-8642 \" src=\"http:\/\/www.radiopiu.net\/wordpress\/wp-content\/uploads\/2015\/08\/PROSSIMI_APPUNTAMENTI.jpg\" alt=\"\" width=\"739\" height=\"229\" \/><\/a><\/p>\n<p>&nbsp;<\/p>\n<p>&nbsp;<\/p>\n<h2>OGGI GEOLOGO AL TEAZ<\/h2>\n<p><strong>ROCCA PIETORE<\/strong><\/p>\n<audio class=\"wp-audio-shortcode\" id=\"audio-59928-14\" preload=\"none\" style=\"width: 100%;\" controls=\"controls\"><source type=\"audio\/mpeg\" src=\"http:\/\/www.radiopiu.net\/wordpress\/wp-content\/uploads\/2018\/09\/gr-04-rocca-teaz-venerdi.mp3?_=14\" \/><a href=\"http:\/\/www.radiopiu.net\/wordpress\/wp-content\/uploads\/2018\/09\/gr-04-rocca-teaz-venerdi.mp3\">http:\/\/www.radiopiu.net\/wordpress\/wp-content\/uploads\/2018\/09\/gr-04-rocca-teaz-venerdi.mp3<\/a><\/audio>\n<h2><\/h2>\n<p>&nbsp;<\/p>\n<h1>DOMENICA A GOSALDO<\/h1>\n<p><a class=\"dt-pswp-item\" href=\"http:\/\/www.radiopiu.net\/wordpress\/wp-content\/uploads\/2018\/09\/vigili-gosaldo.jpg\" data-dt-img-description=\"\" data-large_image_width=\"842\" data-large_image_height=\"1191\"><img loading=\"lazy\" decoding=\"async\" class=\"size-medium wp-image-59353 alignleft\" src=\"http:\/\/www.radiopiu.net\/wordpress\/wp-content\/uploads\/2018\/09\/vigili-gosaldo-212x300.jpg\" alt=\"\" width=\"212\" height=\"300\" srcset=\"https:\/\/www.radiopiu.net\/wordpress\/wp-content\/uploads\/2018\/09\/vigili-gosaldo-212x300.jpg 212w, https:\/\/www.radiopiu.net\/wordpress\/wp-content\/uploads\/2018\/09\/vigili-gosaldo-768x1086.jpg 768w, https:\/\/www.radiopiu.net\/wordpress\/wp-content\/uploads\/2018\/09\/vigili-gosaldo-724x1024.jpg 724w, https:\/\/www.radiopiu.net\/wordpress\/wp-content\/uploads\/2018\/09\/vigili-gosaldo.jpg 842w\" sizes=\"auto, (max-width: 212px) 100vw, 212px\" \/><\/a><\/p>\n<p>Inaugurazione dei mezzi acquistati con i fondi di confine, messa, inaugurazione e pranzo in una festa di paese.<\/p>\n<p>il sindaco, <strong>GIOCONDO DALLE FESTE<\/strong><\/p>\n<audio class=\"wp-audio-shortcode\" id=\"audio-59928-15\" preload=\"none\" style=\"width: 100%;\" controls=\"controls\"><source type=\"audio\/mpeg\" src=\"http:\/\/www.radiopiu.net\/wordpress\/wp-content\/uploads\/2018\/09\/gr-06-giocondo-domenica.mp3?_=15\" \/><a href=\"http:\/\/www.radiopiu.net\/wordpress\/wp-content\/uploads\/2018\/09\/gr-06-giocondo-domenica.mp3\">http:\/\/www.radiopiu.net\/wordpress\/wp-content\/uploads\/2018\/09\/gr-06-giocondo-domenica.mp3<\/a><\/audio>\n<p>&nbsp;<\/p>\n<p>&nbsp;<\/p>\n<p>&nbsp;<\/p>\n<h2>SABATO E DOMENICA LA DESMONTEGADA<\/h2>\n<p><strong>SELVA DI CADORE<\/strong><\/p>\n<audio class=\"wp-audio-shortcode\" id=\"audio-59928-16\" preload=\"none\" style=\"width: 100%;\" controls=\"controls\"><source type=\"audio\/mpeg\" src=\"http:\/\/www.radiopiu.net\/wordpress\/wp-content\/uploads\/2018\/09\/gr-06-selva-desmontegada.mp3?_=16\" \/><a href=\"http:\/\/www.radiopiu.net\/wordpress\/wp-content\/uploads\/2018\/09\/gr-06-selva-desmontegada.mp3\">http:\/\/www.radiopiu.net\/wordpress\/wp-content\/uploads\/2018\/09\/gr-06-selva-desmontegada.mp3<\/a><\/audio>\n<p>&nbsp;<\/p>\n<h2><\/h2>\n<h2>SABATO A LIVINALLONGO IL CORO<\/h2>\n<p><strong>LIVINALLONGO<\/strong><\/p>\n<audio class=\"wp-audio-shortcode\" id=\"audio-59928-17\" preload=\"none\" style=\"width: 100%;\" controls=\"controls\"><source type=\"audio\/mpeg\" src=\"http:\/\/www.radiopiu.net\/wordpress\/wp-content\/uploads\/2018\/09\/gr-06-livinallongo-1.mp3?_=17\" \/><a href=\"http:\/\/www.radiopiu.net\/wordpress\/wp-content\/uploads\/2018\/09\/gr-06-livinallongo-1.mp3\">http:\/\/www.radiopiu.net\/wordpress\/wp-content\/uploads\/2018\/09\/gr-06-livinallongo-1.mp3<\/a><\/audio>\n<p>&nbsp;<\/p>\n<h2><\/h2>\n<h2>SABATO NEL RICORDO DI DON STEFANO GORZEGNO<\/h2>\n<p><strong>VOLTAGO<\/strong><\/p>\n<audio class=\"wp-audio-shortcode\" id=\"audio-59928-18\" preload=\"none\" style=\"width: 100%;\" controls=\"controls\"><source type=\"audio\/mpeg\" src=\"http:\/\/www.radiopiu.net\/wordpress\/wp-content\/uploads\/2018\/09\/gr-28-concerto-frassene-8-settembre.mp3?_=18\" \/><a href=\"http:\/\/www.radiopiu.net\/wordpress\/wp-content\/uploads\/2018\/09\/gr-28-concerto-frassene-8-settembre.mp3\">http:\/\/www.radiopiu.net\/wordpress\/wp-content\/uploads\/2018\/09\/gr-28-concerto-frassene-8-settembre.mp3<\/a><\/audio>\n<p>&nbsp;<\/p>\n<h2><\/h2>\n<h2>DOMENICA &#8220;CONTO 100 CANTO PACE&#8221; AL PALALUXOTTICA<\/h2>\n<p><strong>AGORDO<\/strong><\/p>\n<audio class=\"wp-audio-shortcode\" id=\"audio-59928-19\" preload=\"none\" style=\"width: 100%;\" controls=\"controls\"><source type=\"audio\/mpeg\" src=\"http:\/\/www.radiopiu.net\/wordpress\/wp-content\/uploads\/2018\/09\/gr-23-cori-ROBERTA-CONEDERA.mp3?_=19\" \/><a href=\"http:\/\/www.radiopiu.net\/wordpress\/wp-content\/uploads\/2018\/09\/gr-23-cori-ROBERTA-CONEDERA.mp3\">http:\/\/www.radiopiu.net\/wordpress\/wp-content\/uploads\/2018\/09\/gr-23-cori-ROBERTA-CONEDERA.mp3<\/a><\/audio>\n<h2><\/h2>\n<h2><\/h2>\n<h2>DOMENICA LA MESSA CON GENITORI SEMPRE<\/h2>\n<p><strong>AGORDO<\/strong><\/p>\n<audio class=\"wp-audio-shortcode\" id=\"audio-59928-20\" preload=\"none\" style=\"width: 100%;\" controls=\"controls\"><source type=\"audio\/mpeg\" src=\"http:\/\/www.radiopiu.net\/wordpress\/wp-content\/uploads\/2018\/09\/gr-04-messa-genitori-sempre.mp3?_=20\" \/><a href=\"http:\/\/www.radiopiu.net\/wordpress\/wp-content\/uploads\/2018\/09\/gr-04-messa-genitori-sempre.mp3\">http:\/\/www.radiopiu.net\/wordpress\/wp-content\/uploads\/2018\/09\/gr-04-messa-genitori-sempre.mp3<\/a><\/audio>\n<p>&nbsp;<\/p>\n<h2><\/h2>\n<h2>DOMENICA GLI EX IOE A RADUNO<\/h2>\n<p><strong>SELVA DI CADORE<\/strong><\/p>\n<audio class=\"wp-audio-shortcode\" id=\"audio-59928-21\" preload=\"none\" style=\"width: 100%;\" controls=\"controls\"><source type=\"audio\/mpeg\" src=\"http:\/\/www.radiopiu.net\/wordpress\/wp-content\/uploads\/2018\/09\/gr-05-ex-ioe-loris.mp3?_=21\" \/><a href=\"http:\/\/www.radiopiu.net\/wordpress\/wp-content\/uploads\/2018\/09\/gr-05-ex-ioe-loris.mp3\">http:\/\/www.radiopiu.net\/wordpress\/wp-content\/uploads\/2018\/09\/gr-05-ex-ioe-loris.mp3<\/a><\/audio>\n<h2><\/h2>\n<p>&nbsp;<\/p>\n<h2>AL PARCO CON MAMMA E PAPA&#8217;<\/h2>\n<p><strong>FELTRE<\/strong><\/p>\n<audio class=\"wp-audio-shortcode\" id=\"audio-59928-22\" preload=\"none\" style=\"width: 100%;\" controls=\"controls\"><source type=\"audio\/mpeg\" src=\"http:\/\/www.radiopiu.net\/wordpress\/wp-content\/uploads\/2018\/09\/gr-05-al-parco.mp3?_=22\" \/><a href=\"http:\/\/www.radiopiu.net\/wordpress\/wp-content\/uploads\/2018\/09\/gr-05-al-parco.mp3\">http:\/\/www.radiopiu.net\/wordpress\/wp-content\/uploads\/2018\/09\/gr-05-al-parco.mp3<\/a><\/audio>\n<p>&nbsp;<\/p>\n<h2>SABATO AL PARCO PER I 25 ANNI<\/h2>\n<p><strong>SOSPIROLO<\/strong><\/p>\n<audio class=\"wp-audio-shortcode\" id=\"audio-59928-23\" preload=\"none\" style=\"width: 100%;\" controls=\"controls\"><source type=\"audio\/mpeg\" src=\"http:\/\/www.radiopiu.net\/wordpress\/wp-content\/uploads\/2018\/09\/gr-04-parco-1.mp3?_=23\" \/><a href=\"http:\/\/www.radiopiu.net\/wordpress\/wp-content\/uploads\/2018\/09\/gr-04-parco-1.mp3\">http:\/\/www.radiopiu.net\/wordpress\/wp-content\/uploads\/2018\/09\/gr-04-parco-1.mp3<\/a><\/audio>\n<p>&nbsp;<\/p>\n<h2>A TAVOLA NEL FELTRINO<\/h2>\n<p><strong>LAMON<\/strong><\/p>\n<audio class=\"wp-audio-shortcode\" id=\"audio-59928-24\" preload=\"none\" style=\"width: 100%;\" controls=\"controls\"><source type=\"audio\/mpeg\" src=\"http:\/\/www.radiopiu.net\/wordpress\/wp-content\/uploads\/2018\/09\/gr-05-a-tavola-del-feltrino.mp3?_=24\" \/><a href=\"http:\/\/www.radiopiu.net\/wordpress\/wp-content\/uploads\/2018\/09\/gr-05-a-tavola-del-feltrino.mp3\">http:\/\/www.radiopiu.net\/wordpress\/wp-content\/uploads\/2018\/09\/gr-05-a-tavola-del-feltrino.mp3<\/a><\/audio>\n<h2><\/h2>\n<h2>DOBBIACO-LIENZ CON LA DOLOMITES GUIDE<\/h2>\n<p><strong>LA VALLE AGORDINA<\/strong><\/p>\n<audio class=\"wp-audio-shortcode\" id=\"audio-59928-25\" preload=\"none\" style=\"width: 100%;\" controls=\"controls\"><source type=\"audio\/mpeg\" src=\"http:\/\/www.radiopiu.net\/wordpress\/wp-content\/uploads\/2018\/09\/dolomites-guida-f.-07.09.18.mp3?_=25\" \/><a href=\"http:\/\/www.radiopiu.net\/wordpress\/wp-content\/uploads\/2018\/09\/dolomites-guida-f.-07.09.18.mp3\">http:\/\/www.radiopiu.net\/wordpress\/wp-content\/uploads\/2018\/09\/dolomites-guida-f.-07.09.18.mp3<\/a><\/audio>\n<p>&nbsp;<\/p>\n<h2>LUNEDI PER NON DIMENTICARE<\/h2>\n<p><strong>FALCADE<\/strong><\/p>\n<audio class=\"wp-audio-shortcode\" id=\"audio-59928-26\" preload=\"none\" style=\"width: 100%;\" controls=\"controls\"><source type=\"audio\/mpeg\" src=\"http:\/\/www.radiopiu.net\/wordpress\/wp-content\/uploads\/2018\/09\/gr-03-falcade-10-settembre.mp3?_=26\" \/><a href=\"http:\/\/www.radiopiu.net\/wordpress\/wp-content\/uploads\/2018\/09\/gr-03-falcade-10-settembre.mp3\">http:\/\/www.radiopiu.net\/wordpress\/wp-content\/uploads\/2018\/09\/gr-03-falcade-10-settembre.mp3<\/a><\/audio>\n<h2><\/h2>\n<h2>IL CONCORSO LETTERARIO E FOTOGRAFICO<\/h2>\n<p><strong>SOSPIROLO<\/strong><\/p>\n<audio class=\"wp-audio-shortcode\" id=\"audio-59928-27\" preload=\"none\" style=\"width: 100%;\" controls=\"controls\"><source type=\"audio\/mpeg\" src=\"http:\/\/www.radiopiu.net\/wordpress\/wp-content\/uploads\/2018\/09\/gr-04-concorso-sospirolo.mp3?_=27\" \/><a href=\"http:\/\/www.radiopiu.net\/wordpress\/wp-content\/uploads\/2018\/09\/gr-04-concorso-sospirolo.mp3\">http:\/\/www.radiopiu.net\/wordpress\/wp-content\/uploads\/2018\/09\/gr-04-concorso-sospirolo.mp3<\/a><\/audio>\n<p>&nbsp;<\/p>\n<h2><\/h2>\n<p>&nbsp;<\/p>\n<p>&nbsp;<\/p>\n<h2>1918-2018 MEMORIE DELLA GRANDE GUERRA<\/h2>\n<p><strong>ROCCA PIETORE<\/strong> Sulla Marmolada e sar\u00e0 un autunno molto diverso da quello che 100 anni fa vissero le popolazioni dolomitiche durante l\u2019anno di amministrazione austro-ungarica di queste terre. La fame arriv\u00f2 insieme ai soldati dell\u2019Impero Asburgico e l\u2019anno che stava per volgere al termine era stato il pi\u00f9 duro di tutto il conflitto. Domenica la Marmolada ospiter\u00e0 \u201cConto 100, Canto Pace\u201d, manifestazione organizzata da ASAC Veneto e che prevede concerti su tutto il territorio Agordino contemporaneamente, nella speranza che il messaggio di pace lanciato da questi cori arrivi chiaro e forte a tutti i cuori pi\u00f9 bellicosi. Dalle 11.00 in poi, presso la stazione di Serauta si esibir\u00e0 quindi il Coro A.N.A. Gemona.<\/p>\n<h2><\/h2>\n<h2><\/h2>\n<p>&nbsp;<\/p>\n<p>&nbsp;<\/p>\n<p>&nbsp;<\/p>\n<blockquote>\n<h2>APRE LA CASA DELLA MUSICA<\/h2>\n<\/blockquote>\n<p><strong><a class=\"dt-pswp-item\" href=\"http:\/\/www.radiopiu.net\/wordpress\/wp-content\/uploads\/2018\/09\/CASA-DELLA-MUSICA-ZUMELLESE-APERTA-2018ok.jpg\" data-dt-img-description=\"\" data-large_image_width=\"709\" data-large_image_height=\"1009\"><img loading=\"lazy\" decoding=\"async\" class=\"size-medium wp-image-59817 alignleft\" src=\"http:\/\/www.radiopiu.net\/wordpress\/wp-content\/uploads\/2018\/09\/CASA-DELLA-MUSICA-ZUMELLESE-APERTA-2018ok-211x300.jpg\" alt=\"\" width=\"211\" height=\"300\" srcset=\"https:\/\/www.radiopiu.net\/wordpress\/wp-content\/uploads\/2018\/09\/CASA-DELLA-MUSICA-ZUMELLESE-APERTA-2018ok-211x300.jpg 211w, https:\/\/www.radiopiu.net\/wordpress\/wp-content\/uploads\/2018\/09\/CASA-DELLA-MUSICA-ZUMELLESE-APERTA-2018ok.jpg 709w\" sizes=\"auto, (max-width: 211px) 100vw, 211px\" \/><\/a>MEL<\/strong> La Casa della Musica Zumellese, diretta dal Maestro Manolo Da Rold, aprir\u00e0 ai &#8220;curiosi della musica&#8221; domenica alle 16. Per vedere, sentire e provare gli strumenti musicali ed il canto.<\/p>\n<p>&nbsp;<\/p>\n<p>&nbsp;<\/p>\n<p>&nbsp;<\/p>\n<p>&nbsp;<\/p>\n<p>&nbsp;<\/p>\n<p>&nbsp;<\/p>\n<p>&nbsp;<\/p>\n<p>&nbsp;<\/p>\n<p>&nbsp;<\/p>\n<p>&nbsp;<\/p>\n<p>&nbsp;<\/p>\n<blockquote>\n<h1><strong>SPORT<\/strong><\/h1>\n<\/blockquote>\n<h2><strong>PRESENTAZIONE DELL&#8217;AGORDINA CALCIO, OGGI ALLE 15.10 E QUESTA SERA ALLE 21.00 LO SPECIALE ALLA RADIO<\/strong><\/h2>\n<blockquote>\n<h3><strong>DI MARCO GAZ<\/strong><\/h3>\n<\/blockquote>\n<audio class=\"wp-audio-shortcode\" id=\"audio-59928-28\" preload=\"none\" style=\"width: 100%;\" controls=\"controls\"><source type=\"audio\/mpeg\" src=\"http:\/\/www.radiopiu.net\/wordpress\/wp-content\/uploads\/2018\/09\/gr-07-agordina-presentazione-squadra.mp3?_=28\" \/><a href=\"http:\/\/www.radiopiu.net\/wordpress\/wp-content\/uploads\/2018\/09\/gr-07-agordina-presentazione-squadra.mp3\">http:\/\/www.radiopiu.net\/wordpress\/wp-content\/uploads\/2018\/09\/gr-07-agordina-presentazione-squadra.mp3<\/a><\/audio>\n<p>&nbsp;<\/p>\n<p>&nbsp;<\/p>\n<h1>PREVISIONI DEL TEMPO DA OGGI LUNEDI<\/h1>\n<p><strong>Venerdi 7<\/strong><br \/>\nTempo atteso: Giornata perlopi\u00f9 nuvolosa e a tratti instabile, con copertura piuttosto insistente, sia per nubi medio-alte a tratti estese, sia per probabili nubi basse localmente insistenti, e schiarite solo temporanee, pi\u00f9 ampie verso sera specie sulle Dolomiti; possibili fenomeni sparsi. Ulteriore calo termico diurno.<br \/>\nPrecipitazioni: Possibili rovesci sparsi, localmente temporaleschi, discontinui anche con periodi asciutti, specie su Dolomiti al mattino, ma possibili per buona parte della giornata, un po&#8217; pi\u00f9 probabili nelle ore centrali e pomeridiane (50\/70%), ed in possibile attenuazione verso sera a partire dalle Dolomiti. Qualche fiocco di neve potr\u00e0 cadere sulle vette dolomitiche pi\u00f9 elevate, oltre i 3000 m.<br \/>\nTemperature: Minime in lieve calo in quota alla sera, stazionarie nelle valli; massime in calo ovunque. Su Prealpi a 1500 m min 11\u00b0C max 14\u00b0C, a 2000 m min 8\u00b0C max 10\u00b0C. Su Dolomiti a 2000 m min 7\u00b0C max 11\u00b0C, a 3000 m min 1\u00b0C max 3\u00b0C.<br \/>\nVenti: Nelle valli deboli di direzione variabile; in quota deboli occidentali, in rotazione dai quadranti settentrionali, a 5-10 km\/h a 2000 m, 5-15 km\/h a 3000 m.<br \/>\n<strong>Sabato 8<\/strong><br \/>\nTempo atteso: Tempo piuttosto soleggiato, anche se con l&#8217;insidia di qualche iniziale nube bassa soprattutto sulle Prealpi, con successive ampie schiarite mattutine e modesta formazione di cumuli nelle ore pi\u00f9 calde, ma con rischio contenuto di qualche fenomeno. Clima mattutino fresco in caso di ampie schiarite notturne, pi\u00f9 mite di giorno.<br \/>\nPrecipitazioni: Generalmente assenti, o al pi\u00f9 limitate a qualche isolato rovescio, eventualmente anche temporalesco, nelle ore pi\u00f9 calde (20\/30%).<br \/>\nTemperature: Minime in calo nelle valli, eccetto in caso di nubi basse; stazionarie in quota; massime in aumento. Su Prealpi a 1500 m min 11\u00b0C max 14\u00b0C, a 2000 m min 8\u00b0C max 11\u00b0C. Su Dolomiti a 2000 m min 7\u00b0C max 13\u00b0C, a 3000 m min 2\u00b0C max 5\u00b0C.<br \/>\nVenti: Nelle valli deboli di direzione variabile; in quota deboli da Ovest Nord-Ovest, a 5-10 km\/h a 2000 m, 5-15 km\/h a 3000 m.<br \/>\n<strong>Domenica 9<\/strong><br \/>\nTempo stabile e perlopi\u00f9 soleggiato, anche se ancora con il rischio di nubi basse mattutine, con modesti addensamenti cumuliformi diurni e rischio pressoch\u00e9 assente di fenomeni. Clima pi\u00f9 mite di stampo quasi estivo.<br \/>\n<strong>Lunedi 10<\/strong><br \/>\nTempo perlopi\u00f9 soleggiato e stabile, con rischio di nubi basse su alcuni settori al primo mattino e modesti addensamenti cumuliformi diurni, senza precipitazioni. Clima caldo di stampo estivo. Previsore<\/p>\n<p>&nbsp;<\/p>\n<p>&nbsp;<\/p>\n<p>&nbsp;<\/p>\n<p>&nbsp;<\/p>\n","protected":false},"excerpt":{"rendered":"<p>TRUFFE AGLI ANZIANI, INFORMARE PER PREVENIRE. BELLUNO In una settimana cinque tentate truffe, una purtroppo riuscita e forse non sono state nemmeno tutte denunciate, se cos\u00ec fosse sarebbe importante che le forze dell&#8217;ordine ne venissero a conoscenza. Vittime gli anziani, dai 70 ai 90 anni. Interessato il centro di Belluno nelle vie Mezzaterra, Garibaldi, Buzzati,&hellip;<\/p>\n","protected":false},"author":1,"featured_media":59915,"comment_status":"closed","ping_status":"closed","sticky":false,"template":"","format":"standard","meta":{"_monsterinsights_skip_tracking":false,"_monsterinsights_sitenote_active":false,"_monsterinsights_sitenote_note":"","_monsterinsights_sitenote_category":0,"footnotes":""},"categories":[1,86,49],"tags":[],"class_list":["post-59928","post","type-post","status-publish","format-standard","has-post-thumbnail","hentry","category-senza-categoria","category-gr","category-news-18","category-1","category-86","category-49","description-off"],"img_url":"https:\/\/www.radiopiu.net\/wordpress\/wp-content\/uploads\/2018\/09\/WhatsApp-Image-2018-09-06-at-17.15.28.jpeg","_links":{"self":[{"href":"https:\/\/www.radiopiu.net\/wordpress\/wp-json\/wp\/v2\/posts\/59928","targetHints":{"allow":["GET"]}}],"collection":[{"href":"https:\/\/www.radiopiu.net\/wordpress\/wp-json\/wp\/v2\/posts"}],"about":[{"href":"https:\/\/www.radiopiu.net\/wordpress\/wp-json\/wp\/v2\/types\/post"}],"author":[{"embeddable":true,"href":"https:\/\/www.radiopiu.net\/wordpress\/wp-json\/wp\/v2\/users\/1"}],"replies":[{"embeddable":true,"href":"https:\/\/www.radiopiu.net\/wordpress\/wp-json\/wp\/v2\/comments?post=59928"}],"version-history":[{"count":0,"href":"https:\/\/www.radiopiu.net\/wordpress\/wp-json\/wp\/v2\/posts\/59928\/revisions"}],"wp:featuredmedia":[{"embeddable":true,"href":"https:\/\/www.radiopiu.net\/wordpress\/wp-json\/wp\/v2\/media\/59915"}],"wp:attachment":[{"href":"https:\/\/www.radiopiu.net\/wordpress\/wp-json\/wp\/v2\/media?parent=59928"}],"wp:term":[{"taxonomy":"category","embeddable":true,"href":"https:\/\/www.radiopiu.net\/wordpress\/wp-json\/wp\/v2\/categories?post=59928"},{"taxonomy":"post_tag","embeddable":true,"href":"https:\/\/www.radiopiu.net\/wordpress\/wp-json\/wp\/v2\/tags?post=59928"}],"curies":[{"name":"wp","href":"https:\/\/api.w.org\/{rel}","templated":true}]}}