{"id":60035,"date":"2018-09-07T15:34:01","date_gmt":"2018-09-07T13:34:01","guid":{"rendered":"http:\/\/www.radiopiu.net\/wordpress\/?p=60035"},"modified":"2018-09-07T15:34:01","modified_gmt":"2018-09-07T13:34:01","slug":"piano-socio-sanitario-lincontro-a-monselice","status":"publish","type":"post","link":"https:\/\/www.radiopiu.net\/wordpress\/piano-socio-sanitario-lincontro-a-monselice\/","title":{"rendered":"PIANO SOCIO SANITARIO, L&#8217;INCONTRO A MONSELICE"},"content":{"rendered":"<p align=\"LEFT\"><span style=\"font-family: Arial, sans-serif;\"><span style=\"font-size: large;\">I sindaci veneti accolgono le proposte dei loro colleghi bellunesi a tutela dell&#8217;assistenza socio-sanitaria nei territori di montagna: \u00abSi tratta certo di un risultato parziale, siamo ancora a livello di proposte e di bozza, ma siamo molto soddisfatti della condivisione ottenuta quest&#8217;oggi sul testo dei due emendamenti che abbiamo presentato\u00bb, commenta il sindaco di Feltre, Paolo Perenzin, vicepresidente della Conferenza dei Sindaci dell&#8217;Ulss 1 Dolomiti, di ritorno dal gruppo di Lavoro della Conferenza Regionale Permanente per la Programmazione Sanitarie e Socio Sanitaria del Veneto, riunitosi stamane a Monselice (PD) per un incontro informale. \u00abIl parere della Conferenza, assieme a quello della Quinta Commissione, \u00e8 l&#8217;unico obbligatorio, sebbene non vincolante; ci attendiamo che le istanze che vi sono contenute trovino il seguito che meritano i nostri territori\u00bb. <\/span><\/span><\/p>\n<p align=\"LEFT\"><span style=\"font-family: Arial, sans-serif;\"><span style=\"font-size: large;\">\u00ab\u00c8 importante che i nostri colleghi della pianura abbiano capito le necessit\u00e0 della montagna, &#8211; aggiunge Jacopo Massaro, presidente della Conferenza dei Sindaci bellunese, oggi impossibilitato a presenziare all&#8217;incontro \u2013 ma c&#8217;\u00e8 molto da lavorare: il Piano Socio-sanitario Regionale ha alcuni aspetti da rivedere completamente, ed \u00e8 importante l&#8217;unit\u00e0 di intenti a livello provinciale e veneto. Stiamo lavorando tutti insieme per arrivare a un documento che rispetti le necessit\u00e0 dei bellunesi\u00bb.<\/span><\/span><\/p>\n<p align=\"LEFT\"><span style=\"font-family: Arial, sans-serif;\"><span style=\"font-size: large;\">Nella precedente riunione, ad agosto, i sindaci del Bellunese si erano fatti carico di formalizzare la bozza degli emendamenti al testo varato dalla Regione, inerenti i territori di montagna. Perenzin ha portato al tavolo dei colleghi due testi riguardanti altrettante questioni specifiche. Nel primo, inerente le risorse economiche, con un emendamento all&#8217;art. 3 del DDL 13, si chiede e si sottolinea che \u2013 pur agendo nell\u2019ambito delle risorse umane, strumentali e finanziarie disponibili a legislazione vigente &#8211; sia fatta salva in ogni caso la necessit\u00e0 di garantire la piena attuazione della legge, anche facendo ricorso a nuovi e maggiori oneri a carico del bilancio della Regione. L&#8217;obiettivo \u00e8 quello di garantire i livelli dell&#8217;assistenza in territorio montano contemplando, se necessario, la possibilit\u00e0 di un ampliamento delle risorse finanziarie destinate dal bilancio regionale.<br \/>\nNel secondo emendamento presentato al gruppo di lavoro si pone invece l&#8217;accento sulla specificit\u00e0 dei territori di montagna disagiati. \u00abFondo non autosufficienza, impegnative di residenzialit\u00e0 e altre prerogative devono essere maggiori l\u00e0 dove maggiore \u00e8 il fabbisogno\u00bb, sottolineano i sindaci del Bellunese; il parametro unico di riferimento non pu\u00f2 essere quindi la sola media regionale. A titolo di esempio, nell\u2019ULSS 1 Dolomiti, interamente montana, la densit\u00e0 \u00e8 di 56 abitanti per kmq, contro i 267 della media regionale; l\u2019indice di vecchiaia \u00e8 di 215,6 contro la media regionale di 163,6; differenze significative si registrano inoltre per tutti i principali indici demografici (indice di natalit\u00e0, di mortalit\u00e0, et\u00e0 media, indice di dipendenza strutturale, di ricambio della popolazione attiva, di struttura della popolazione attiva, etc.). A questi indici, vanno ad aggiungersi le difficolt\u00e0 derivanti dalla specificit\u00e0 orogeografica del territorio montano (distanze, difficolt\u00e0 di accesso e raggiungibilit\u00e0 dei luoghi, distribuzione diffusa e in pendenza delle residenze, fattore climatico in particolare nei mesi invernali).<br \/>\nPer i territori alpini e disagiati, con l\u2019aggiunta dei territori lagunari e insulari, &#8211; \u00e8 la richiesta presentata nel secondo emendamento &#8211; la Regione assicuri le risorse aggiuntive necessarie per far fronte ai maggiori fabbisogni e ai maggiori costi del sistema socio-sanitario, al fine di garantire a tutti i cittadini della Regione del Veneto parit\u00e0 di trattamento, di accesso alle cure e di presa in carico da parte della rete dei servizi sanitari, socio-sanitari e sociali.<br \/>\n\u00abIl cammino \u00e8 ancora lungo, ma il riconoscimento e al condivisione ottenuti oggi anche dagli altri sindaci del Veneto sulla maggiore attenzione dovuta alle aree alpine disagiate ci rassicura sull&#8217;esito positivo di questa battaglia a tutela della salute dei nostri cittadini\u00bb, conclude Perenzin.<\/span><\/span><\/p>\n","protected":false},"excerpt":{"rendered":"<p>I sindaci veneti accolgono le proposte dei loro colleghi bellunesi a tutela dell&#8217;assistenza socio-sanitaria nei territori di montagna: \u00abSi tratta certo di un risultato parziale, siamo ancora a livello di proposte e di bozza, ma siamo molto soddisfatti della condivisione ottenuta quest&#8217;oggi sul testo dei due emendamenti che abbiamo presentato\u00bb, commenta il sindaco di Feltre,&hellip;<\/p>\n","protected":false},"author":1,"featured_media":0,"comment_status":"closed","ping_status":"closed","sticky":false,"template":"","format":"standard","meta":{"_monsterinsights_skip_tracking":false,"_monsterinsights_sitenote_active":false,"_monsterinsights_sitenote_note":"","_monsterinsights_sitenote_category":0,"footnotes":""},"categories":[49],"tags":[],"class_list":["post-60035","post","type-post","status-publish","format-standard","hentry","category-news-18","category-49","description-off"],"img_url":false,"_links":{"self":[{"href":"https:\/\/www.radiopiu.net\/wordpress\/wp-json\/wp\/v2\/posts\/60035","targetHints":{"allow":["GET"]}}],"collection":[{"href":"https:\/\/www.radiopiu.net\/wordpress\/wp-json\/wp\/v2\/posts"}],"about":[{"href":"https:\/\/www.radiopiu.net\/wordpress\/wp-json\/wp\/v2\/types\/post"}],"author":[{"embeddable":true,"href":"https:\/\/www.radiopiu.net\/wordpress\/wp-json\/wp\/v2\/users\/1"}],"replies":[{"embeddable":true,"href":"https:\/\/www.radiopiu.net\/wordpress\/wp-json\/wp\/v2\/comments?post=60035"}],"version-history":[{"count":0,"href":"https:\/\/www.radiopiu.net\/wordpress\/wp-json\/wp\/v2\/posts\/60035\/revisions"}],"wp:attachment":[{"href":"https:\/\/www.radiopiu.net\/wordpress\/wp-json\/wp\/v2\/media?parent=60035"}],"wp:term":[{"taxonomy":"category","embeddable":true,"href":"https:\/\/www.radiopiu.net\/wordpress\/wp-json\/wp\/v2\/categories?post=60035"},{"taxonomy":"post_tag","embeddable":true,"href":"https:\/\/www.radiopiu.net\/wordpress\/wp-json\/wp\/v2\/tags?post=60035"}],"curies":[{"name":"wp","href":"https:\/\/api.w.org\/{rel}","templated":true}]}}