{"id":60075,"date":"2018-09-07T18:10:18","date_gmt":"2018-09-07T16:10:18","guid":{"rendered":"http:\/\/www.radiopiu.net\/wordpress\/?p=60075"},"modified":"2018-09-08T07:07:42","modified_gmt":"2018-09-08T05:07:42","slug":"oggi-la-cronaca","status":"publish","type":"post","link":"https:\/\/www.radiopiu.net\/wordpress\/oggi-la-cronaca\/","title":{"rendered":"OGGI, LA CRONACA"},"content":{"rendered":"<h1>CONTRO UN&#8217;AUTO LUNGO LA COLONNA<\/h1>\n<p><strong><a class=\"dt-pswp-item\" href=\"http:\/\/www.radiopiu.net\/wordpress\/wp-content\/uploads\/2018\/09\/DSCN3221.jpg\" data-dt-img-description=\"\" data-large_image_width=\"4608\" data-large_image_height=\"2623\"><img loading=\"lazy\" decoding=\"async\" class=\"size-medium wp-image-60056 alignleft\" src=\"http:\/\/www.radiopiu.net\/wordpress\/wp-content\/uploads\/2018\/09\/DSCN3221-300x171.jpg\" alt=\"\" width=\"300\" height=\"171\" srcset=\"https:\/\/www.radiopiu.net\/wordpress\/wp-content\/uploads\/2018\/09\/DSCN3221-300x171.jpg 300w, https:\/\/www.radiopiu.net\/wordpress\/wp-content\/uploads\/2018\/09\/DSCN3221-768x437.jpg 768w, https:\/\/www.radiopiu.net\/wordpress\/wp-content\/uploads\/2018\/09\/DSCN3221-1024x583.jpg 1024w\" sizes=\"auto, (max-width: 300px) 100vw, 300px\" \/><\/a>PONTE NELLE ALPI<\/strong> E&#8217; in ospedale dopo aver riportato un forte trauma agli arti superiori: un 45enne di Trichiana, M.P. a bordo di una moto Bmw che stamane nel tentativo di superare una colonna di automezzi ferma lungo la strada regionale 51 a Cadola, ha colliso lateralmente con l&#8217;Opel Corsa, condotta da G.P.D. di Ponte nelle Alpi che procedeva nello stesso senso di marcia e si apprestava a svoltare verso Paiane. Rilievi di legge dei Carabinieri.<\/p>\n<p>&nbsp;<\/p>\n<h1><\/h1>\n<h1>CADE DALLA SCALA, CAPANNONE SOTTO SEQUESTRO<\/h1>\n<p><strong>VAL DI ZOLDO<\/strong>\u00a0Incidente sul lavoro nel pomeriggio di ieri a Palafavera, l&#8217;operaio M.M. di 29 anni \u00e8 caduto da una scala. Soccorso dall&#8217;elicottere del Suem \u00e8 stato trasportato in gravi condizioni all&#8217;ospedale di Treviso. E&#8217; in rianimazione e in prognosi riservata. Indagini di Carabinieri e Spisal, intanto il capannone \u00e8 stato messo sotto sequestro.<\/p>\n<h1><\/h1>\n<h1>DENUNCIATO PER RICETTAZIONE<\/h1>\n<p><strong>SANTA GIUSTINA\u00a0<\/strong>I Carabinieri della locale stagione hanno denunciato un 41enne feltrino per ricettazione e falso. R.G. (le iniziali)\u00a0 si presentava presso una Farmacia di Santa Giustina con l&#8217;intenzione di acquistare medicinali ma\u00a0 esibendo una ricetta rubata e contraffatta.<\/p>\n<p>&nbsp;<\/p>\n<h1>AUTOSTOPPISTA LADRA: DENUNCIATA<\/h1>\n<p><strong>ALPAGO\u00a0<\/strong>Una 37enne bellunese \u00e8 stato denunciato per furto dai Carabinieri dell&#8217;Alpago. La donna, in stato di libert\u00e0 \u00e8 riuscita a far fermare l&#8217;automobilista con il classico &#8220;auto stop&#8221; e non appena la giovane conducente si \u00e8 distratta,\u00a0 la stessa si \u00e8 impossessata del portafoglio contenuto nella borsetta con all&#8217;interno documenti e poche decine di euro<\/p>\n<p>&nbsp;<\/p>\n<p>&nbsp;<\/p>\n","protected":false},"excerpt":{"rendered":"<p>CONTRO UN&#8217;AUTO LUNGO LA COLONNA PONTE NELLE ALPI E&#8217; in ospedale dopo aver riportato un forte trauma agli arti superiori: un 45enne di Trichiana, M.P. a bordo di una moto Bmw che stamane nel tentativo di superare una colonna di automezzi ferma lungo la strada regionale 51 a Cadola, ha colliso lateralmente con l&#8217;Opel Corsa,&hellip;<\/p>\n","protected":false},"author":1,"featured_media":0,"comment_status":"closed","ping_status":"closed","sticky":false,"template":"","format":"standard","meta":{"_monsterinsights_skip_tracking":false,"_monsterinsights_sitenote_active":false,"_monsterinsights_sitenote_note":"","_monsterinsights_sitenote_category":0,"footnotes":""},"categories":[49],"tags":[],"class_list":["post-60075","post","type-post","status-publish","format-standard","hentry","category-news-18","category-49","description-off"],"img_url":false,"_links":{"self":[{"href":"https:\/\/www.radiopiu.net\/wordpress\/wp-json\/wp\/v2\/posts\/60075","targetHints":{"allow":["GET"]}}],"collection":[{"href":"https:\/\/www.radiopiu.net\/wordpress\/wp-json\/wp\/v2\/posts"}],"about":[{"href":"https:\/\/www.radiopiu.net\/wordpress\/wp-json\/wp\/v2\/types\/post"}],"author":[{"embeddable":true,"href":"https:\/\/www.radiopiu.net\/wordpress\/wp-json\/wp\/v2\/users\/1"}],"replies":[{"embeddable":true,"href":"https:\/\/www.radiopiu.net\/wordpress\/wp-json\/wp\/v2\/comments?post=60075"}],"version-history":[{"count":0,"href":"https:\/\/www.radiopiu.net\/wordpress\/wp-json\/wp\/v2\/posts\/60075\/revisions"}],"wp:attachment":[{"href":"https:\/\/www.radiopiu.net\/wordpress\/wp-json\/wp\/v2\/media?parent=60075"}],"wp:term":[{"taxonomy":"category","embeddable":true,"href":"https:\/\/www.radiopiu.net\/wordpress\/wp-json\/wp\/v2\/categories?post=60075"},{"taxonomy":"post_tag","embeddable":true,"href":"https:\/\/www.radiopiu.net\/wordpress\/wp-json\/wp\/v2\/tags?post=60075"}],"curies":[{"name":"wp","href":"https:\/\/api.w.org\/{rel}","templated":true}]}}