{"id":60096,"date":"2018-09-08T06:28:42","date_gmt":"2018-09-08T04:28:42","guid":{"rendered":"http:\/\/www.radiopiu.net\/wordpress\/?p=60096"},"modified":"2018-09-08T06:28:42","modified_gmt":"2018-09-08T04:28:42","slug":"scuola-il-trasporto-degli-alunni-delle-elementari-fino-al-capoluogo-giulia-fiocco-nessun-merito-ma-era-quello-che-auspicavamo","status":"publish","type":"post","link":"https:\/\/www.radiopiu.net\/wordpress\/scuola-il-trasporto-degli-alunni-delle-elementari-fino-al-capoluogo-giulia-fiocco-nessun-merito-ma-era-quello-che-auspicavamo\/","title":{"rendered":"SCUOLA, IL TRASPORTO DEGLI ALUNNI DELLE ELEMENTARI FINO AL CAPOLUOGO. GIULIA FIOCCO: &#8220;NESSUN MERITO, MA ERA QUELLO CHE AUSPICAVAMO&#8221;."},"content":{"rendered":"<blockquote>\n<h1><\/h1>\n<\/blockquote>\n<p><strong><a class=\"dt-pswp-item\" href=\"http:\/\/www.radiopiu.net\/wordpress\/wp-content\/uploads\/2018\/09\/GIULIA-FIOCCO.jpg\" data-dt-img-description=\"\" data-large_image_width=\"223\" data-large_image_height=\"226\"><img loading=\"lazy\" decoding=\"async\" class=\" wp-image-60020 alignleft\" src=\"http:\/\/www.radiopiu.net\/wordpress\/wp-content\/uploads\/2018\/09\/GIULIA-FIOCCO.jpg\" alt=\"\" width=\"234\" height=\"237\" \/><\/a>CANALE D&#8217;AGORDO<\/strong>\u00a0<strong>&#8220;Nessuno ha mai preteso che il Comune di Canale d\u2019 Agordo trasportasse i bambini fino a Vallada. Ci\u00f2 che ha provocato lo sconquasso di questi giorni \u00e8 stata in realt\u00e0 la decisione di divulgare una richiesta: fare il possibile per portare fino al capoluogo anche i 5 &#8211; 6 bambini delle frazioni alte iscritti a Vallada&#8221;.<\/strong> Inizia cos\u00ec l&#8217;intervento di Giulia Fiocco, capogruppo di minoranza a Canale d&#8217;Agordo in risposta alle recenti dichiarazione del sindaco, Flavio Colcergnan.<br \/>\n<em><strong>&#8220;Mi ero ripromessa &#8211; continua Giulia Fiocco- di non rispondere alle parole (non esattamente cortesi) che il sindaco ha rivolto alla minoranza consiliare, in realt\u00e0 alla capogruppo. Dispiace soprattutto che non soltanto vengano fraintese le intenzioni delle persone, ma che anche le loro parole vengano distorte, alterate, allo scopo di attaccare chi non condivide certe soluzioni e, soprattutto, decide di divulgare il proprio pensiero attraverso i mezzi di informazione&#8221;.<\/strong> <\/em><br \/>\nQuindi Giulia Fiocco ricorda ancora come sono andati i fatti da mercoled\u00ec 29 agosto incontro con i genitori degli alunni del capoluogo e delle frazioni. Venerd\u00ec 31 incontro su appuntamento richiesto al Sindaco, alla presenza dell\u2019 assessore Marilisa Luchetta. Luned\u00ec 3 settembre la Fiocco riscontra che presso gli uffici comunali, la lista degli alunni che potranno usufruire dello scuolabus ancora non c\u2019\u00e8 e il giorno dopo come minoranza, fa pervenire all\u2019Amministrazione una lettera per manifestare il punto di vista &#8220;Abbiamo solo chiesto uno sforzo da parte dell\u2019 Amministrazione per assicurare il trasporto fino al capoluogo (e non oltre) anche ai 5 -6 bambini delle frazioni alte che frequenteranno a Vallada&#8221;. Mercoled\u00ec 5 settembre in un\u2019 intervista rilasciata a Radio pi\u00f9, il Sindaco Colcergnan sfoga il proprio risentimento nei confronti dell\u2019 iniziativa: <em>&#8220;Non sarebbe -ha detto Colcergnan &#8211; che un mezzo per mettersi in mostra, primeggiare, una forma insomma di \u201cbecero protagonismo\u201d.<\/em> <strong>&#8220;Ha fatto anche del sarcasmo -dice Giulia Fiocco- sul fatto che non so che il Regolamento del trasporto scolastico esiste dal 2009. Purtroppo \u00e8 stato cercato in internet, dove ce ne sono molti ma non quello del Comune di Canale d\u2019 Agordo&#8221;<\/strong>. Gioved\u00ec 6 settembre: nelle dichiarazioni del Sindaco Colcergnan, riportate nell\u2019 articolo de Il Corriere delle Alpi, compare un\u2019 importante novit\u00e0, che il Comune \u00e8 in grado di portare tutti i bambini delle frazioni alte fino alla piazza del capoluogo. Nel giro di una decina di giorni, dunque, una soluzione diversa \u00e8 stata trovata. <strong>&#8220;Proprio quella che anche noi avevamo auspicato &#8211; continua la Fiocco &#8211; naturalmente non ce ne attribuiamo il merito, ma non possiamo fare a meno di chiederci: se tutti, compresa la minoranza, fossero stati zitti e buoni, se stampa e Radio pi\u00f9 non ne avessero parlato, l\u2019 esito di questa vicenda sarebbe stato lo stesso?&#8221;<\/strong><\/p>\n<p><span style=\"color: #ff0000;\"><strong>PRECEDENTE SERVIZIO E INTERVISTA DI FLAVIO COLCERGNAN, NOTIZIARIO RADIOPIU DI MERCOLEDI<\/strong><\/span><\/p>\n<audio class=\"wp-audio-shortcode\" id=\"audio-60096-1\" preload=\"none\" style=\"width: 100%;\" controls=\"controls\"><source type=\"audio\/mpeg\" src=\"http:\/\/www.radiopiu.net\/wordpress\/wp-content\/uploads\/2018\/09\/GR-05-FLAVIO.mp3?_=1\" \/><a href=\"http:\/\/www.radiopiu.net\/wordpress\/wp-content\/uploads\/2018\/09\/GR-05-FLAVIO.mp3\">http:\/\/www.radiopiu.net\/wordpress\/wp-content\/uploads\/2018\/09\/GR-05-FLAVIO.mp3<\/a><\/audio>\n<p>&nbsp;<\/p>\n<h1><\/h1>\n","protected":false},"excerpt":{"rendered":"<p>CANALE D&#8217;AGORDO\u00a0&#8220;Nessuno ha mai preteso che il Comune di Canale d\u2019 Agordo trasportasse i bambini fino a Vallada. Ci\u00f2 che ha provocato lo sconquasso di questi giorni \u00e8 stata in realt\u00e0 la decisione di divulgare una richiesta: fare il possibile per portare fino al capoluogo anche i 5 &#8211; 6 bambini delle frazioni alte iscritti&hellip;<\/p>\n","protected":false},"author":1,"featured_media":60020,"comment_status":"closed","ping_status":"closed","sticky":false,"template":"","format":"standard","meta":{"_monsterinsights_skip_tracking":false,"_monsterinsights_sitenote_active":false,"_monsterinsights_sitenote_note":"","_monsterinsights_sitenote_category":0,"footnotes":""},"categories":[51,49],"tags":[],"class_list":["post-60096","post","type-post","status-publish","format-standard","has-post-thumbnail","hentry","category-evidenza-top","category-news-18","category-51","category-49","description-off"],"img_url":"https:\/\/www.radiopiu.net\/wordpress\/wp-content\/uploads\/2018\/09\/GIULIA-FIOCCO.jpg","_links":{"self":[{"href":"https:\/\/www.radiopiu.net\/wordpress\/wp-json\/wp\/v2\/posts\/60096","targetHints":{"allow":["GET"]}}],"collection":[{"href":"https:\/\/www.radiopiu.net\/wordpress\/wp-json\/wp\/v2\/posts"}],"about":[{"href":"https:\/\/www.radiopiu.net\/wordpress\/wp-json\/wp\/v2\/types\/post"}],"author":[{"embeddable":true,"href":"https:\/\/www.radiopiu.net\/wordpress\/wp-json\/wp\/v2\/users\/1"}],"replies":[{"embeddable":true,"href":"https:\/\/www.radiopiu.net\/wordpress\/wp-json\/wp\/v2\/comments?post=60096"}],"version-history":[{"count":0,"href":"https:\/\/www.radiopiu.net\/wordpress\/wp-json\/wp\/v2\/posts\/60096\/revisions"}],"wp:featuredmedia":[{"embeddable":true,"href":"https:\/\/www.radiopiu.net\/wordpress\/wp-json\/wp\/v2\/media\/60020"}],"wp:attachment":[{"href":"https:\/\/www.radiopiu.net\/wordpress\/wp-json\/wp\/v2\/media?parent=60096"}],"wp:term":[{"taxonomy":"category","embeddable":true,"href":"https:\/\/www.radiopiu.net\/wordpress\/wp-json\/wp\/v2\/categories?post=60096"},{"taxonomy":"post_tag","embeddable":true,"href":"https:\/\/www.radiopiu.net\/wordpress\/wp-json\/wp\/v2\/tags?post=60096"}],"curies":[{"name":"wp","href":"https:\/\/api.w.org\/{rel}","templated":true}]}}