{"id":60124,"date":"2018-09-08T21:05:39","date_gmt":"2018-09-08T19:05:39","guid":{"rendered":"http:\/\/www.radiopiu.net\/wordpress\/?p=60124"},"modified":"2018-09-08T21:05:39","modified_gmt":"2018-09-08T19:05:39","slug":"%c2%ada-tavola-nel-feltrino-il-fagiolo-lamon-14-15-16-settembre","status":"publish","type":"post","link":"https:\/\/www.radiopiu.net\/wordpress\/%c2%ada-tavola-nel-feltrino-il-fagiolo-lamon-14-15-16-settembre\/","title":{"rendered":"\u00adA TAVOLA NEL FELTRINO \u2013 IL FAGIOLO &#8211;  Lamon &#8211; 14-15-16 settembre"},"content":{"rendered":"<p>La gastronomia rappresenta da sempre (e lo testimonia il nome della manifestazione) uno dei punti di forza della Festa del fagiolo di Lamon. Ad una settimana dalla rassegna sull\u2019altopiano lamonese sono stati definiti e pubblicati i men\u00f9 (sul sito della Pro loco di Lamon) che i visitatori e i lamonesi potranno trovare da venerd\u00ec 14 a domenica 16 settembre negli stand e nei ristoranti del paese.<br \/>\nGli stand allestiti per l\u2019occasione sono ben otto, organizzati e curati da varie associazioni.<br \/>\nC\u2019\u00e8 lo stand \u201cPolisportiva Sovramonte\u201d che propone quattro primi tra cui scegliere, quattro secondi, svariati contorni e dessert: si va dalle crespelle ai fagioli, alle seppie in umido con fagioli, dai paccheri con salsiccia e fagioli alle guancette di maiale (ovviamente ai fagioli) solo per citare alcuni dei piatti proposti.<br \/>\nPoi lo stand \u201cUsd Malacarne auto Lamonese\u201d con il classico minestrone di fagioli, la trippa con fagioli, la carne di pecora affumicata (caratteristica lamonese e presentata praticamente da tutti gli stand). Il Gruppo Reves e protezione civile curano il punto di assaggi e bar in piazza, dove comunque si possono trovare piatti caldi e freddi con i fagioli come protagonisti, ma non solo.<br \/>\nIl quartiere Castello di Feltre ha tra  i pezzi forti lo spiedo, poi le lasagnette con fagioli, la classica pasta e fagioli e tanto altro ancora.<br \/>\nCeltics Dolomiti allestisce il proprio stand in cui presenta  le \u201cpenne detonanti de Lamon\u201d, anche la frittura di pesce, un piatto texano con fagioli di Lamon.<br \/>\nPer chi vuole sedersi a tavola in uno dei Casel del paese, apre come ogni anno quello di Pezz\u00e8, con il proprio tradizionale men\u00f9 che si rif\u00e0 alle vecchie ricette del paese. Anche gli allevatori lamonesi che allestiscono l\u2019area dell\u2019agricoltura e degli animali hanno una cucina che presenta agli ospiti, tra l\u2019altro, una crostata con la farina di fagioli.<br \/>\nAccanto agli stand, ci sono i ristoranti. Tutti quelli che lavorano nel paese predispongono men\u00f9 particolari per l\u2019occasione: il ristorante Stella d\u2019oro, il ristorante Ponte Serra, Al Tajol  a Le Ei, il ristorante Chalet da Pina a Le Ei, il ristorante Cavallino Caff\u00e8 a Rugna, Osteria Coppolo, ristorante Belvedere, pizzeria Officina del Gusto, pizzeria Baita alla Siega, Agriturismo al Fagiolo d\u2019oro.<br \/>\nI men\u00f9 sono molto ricchi e vari, pieni di piatti tradizionali ma anche con rivisitazioni moderne.<br \/>\nA questo punto non resta che sedersi a tavola. <\/p>\n","protected":false},"excerpt":{"rendered":"<p>La gastronomia rappresenta da sempre (e lo testimonia il nome della manifestazione) uno dei punti di forza della Festa del fagiolo di Lamon. Ad una settimana dalla rassegna sull\u2019altopiano lamonese sono stati definiti e pubblicati i men\u00f9 (sul sito della Pro loco di Lamon) che i visitatori e i lamonesi potranno trovare da venerd\u00ec 14&hellip;<\/p>\n","protected":false},"author":1,"featured_media":60125,"comment_status":"closed","ping_status":"closed","sticky":false,"template":"","format":"standard","meta":{"_monsterinsights_skip_tracking":false,"_monsterinsights_sitenote_active":false,"_monsterinsights_sitenote_note":"","_monsterinsights_sitenote_category":0,"footnotes":""},"categories":[49],"tags":[],"class_list":["post-60124","post","type-post","status-publish","format-standard","has-post-thumbnail","hentry","category-news-18","category-49","description-off"],"img_url":"https:\/\/www.radiopiu.net\/wordpress\/wp-content\/uploads\/2018\/09\/lamon.jpg","_links":{"self":[{"href":"https:\/\/www.radiopiu.net\/wordpress\/wp-json\/wp\/v2\/posts\/60124","targetHints":{"allow":["GET"]}}],"collection":[{"href":"https:\/\/www.radiopiu.net\/wordpress\/wp-json\/wp\/v2\/posts"}],"about":[{"href":"https:\/\/www.radiopiu.net\/wordpress\/wp-json\/wp\/v2\/types\/post"}],"author":[{"embeddable":true,"href":"https:\/\/www.radiopiu.net\/wordpress\/wp-json\/wp\/v2\/users\/1"}],"replies":[{"embeddable":true,"href":"https:\/\/www.radiopiu.net\/wordpress\/wp-json\/wp\/v2\/comments?post=60124"}],"version-history":[{"count":0,"href":"https:\/\/www.radiopiu.net\/wordpress\/wp-json\/wp\/v2\/posts\/60124\/revisions"}],"wp:featuredmedia":[{"embeddable":true,"href":"https:\/\/www.radiopiu.net\/wordpress\/wp-json\/wp\/v2\/media\/60125"}],"wp:attachment":[{"href":"https:\/\/www.radiopiu.net\/wordpress\/wp-json\/wp\/v2\/media?parent=60124"}],"wp:term":[{"taxonomy":"category","embeddable":true,"href":"https:\/\/www.radiopiu.net\/wordpress\/wp-json\/wp\/v2\/categories?post=60124"},{"taxonomy":"post_tag","embeddable":true,"href":"https:\/\/www.radiopiu.net\/wordpress\/wp-json\/wp\/v2\/tags?post=60124"}],"curies":[{"name":"wp","href":"https:\/\/api.w.org\/{rel}","templated":true}]}}