{"id":60131,"date":"2018-09-09T14:05:16","date_gmt":"2018-09-09T12:05:16","guid":{"rendered":"http:\/\/www.radiopiu.net\/wordpress\/?p=60131"},"modified":"2018-09-09T14:05:16","modified_gmt":"2018-09-09T12:05:16","slug":"fuori-dai-denti-dei-writers-da-non-poterne-piu","status":"publish","type":"post","link":"https:\/\/www.radiopiu.net\/wordpress\/fuori-dai-denti-dei-writers-da-non-poterne-piu\/","title":{"rendered":"FUORI DAI DENTI: DEI WRITERS,  DA NON POTERNE PIU&#8217;"},"content":{"rendered":"<p><strong>BELLUNO CITTA&#8217; STUFA DEI WRITERS<\/strong> Con grande rammarico ci vediamo ancora una volta costretti a parlare della tematica dei writers che, dopo essersi dati all\u2019imbratto di edifici pubblici e privati, ora non si sono fatti scrupolo innanzi ad opere di carattere artistico e culturale quali la fontana sita in via Torricelle nei pressi di Porta Rugo.<em>\u00a0 &#8220;Come Lega Nord di Belluno &#8211; si legge nel comunitacato &#8211;\u00a0 \u00e8 nostro dovere rendere noto alla cittadinanza lo scempio che la nostra amata citt\u00e0 continua a subire, vittima di questi atti di vandalismo urbano. Se infatti \u00e8 nostra intenzione come citt\u00e0 capoluogo delle Dolomiti presentarci al meglio delle nostre possibilit\u00e0 non possiamo permettere che il nostro centro storico venga cos\u00ec deturpato. Sollecitiamo, quindi. <\/em>Ecco pertanto il sollecito leghista, un invito alla Giunta Comunale ed al Sindaco a passare dalle parole ai fatti ed andare anche oltre alla tanto proposta \u201ceducazione civica\u201d che evidentemente non basta per arrestare un fenomeno che\u00a0 dilagante. <em>&#8220;Infatti &#8211; continua la nota della Lega &#8211;\u00a0 possiamo assistere a questi fenomeni di vandalismo in tutta la citt\u00e0, dalle frazioni pi\u00f9 isolate alle principali vie di comunicazione cittadine, constatando che le azioni intraprese non sono sufficienti. Ci pare dunque doveroso spronare la maggioranza affinch\u00e9 nuove soluzioni vengano trovate, ad esempio da una maggiore attivit\u00e0 dei vigili urbani sul territorio comunale anche nelle ore pi\u00f9 \u201cadatte\u201d a queste attivit\u00e0 illecite. Belluno non potr\u00e0 infatti vantare di essere \u201ccartolina delle Dolomiti\u201d fin tanto che in ogni dove scritte, insulti e tag dei vari writers infesteranno l\u2019ambiente della nostra citt\u00e0&#8221;.<\/em><\/p>\n","protected":false},"excerpt":{"rendered":"<p>BELLUNO CITTA&#8217; STUFA DEI WRITERS Con grande rammarico ci vediamo ancora una volta costretti a parlare della tematica dei writers che, dopo essersi dati all\u2019imbratto di edifici pubblici e privati, ora non si sono fatti scrupolo innanzi ad opere di carattere artistico e culturale quali la fontana sita in via Torricelle nei pressi di Porta&hellip;<\/p>\n","protected":false},"author":1,"featured_media":60132,"comment_status":"closed","ping_status":"closed","sticky":false,"template":"","format":"standard","meta":{"_monsterinsights_skip_tracking":false,"_monsterinsights_sitenote_active":false,"_monsterinsights_sitenote_note":"","_monsterinsights_sitenote_category":0,"footnotes":""},"categories":[51,49],"tags":[],"class_list":["post-60131","post","type-post","status-publish","format-standard","has-post-thumbnail","hentry","category-evidenza-top","category-news-18","category-51","category-49","description-off"],"img_url":"https:\/\/www.radiopiu.net\/wordpress\/wp-content\/uploads\/2018\/09\/Foto-Fontana-via-Torricelle.jpeg","_links":{"self":[{"href":"https:\/\/www.radiopiu.net\/wordpress\/wp-json\/wp\/v2\/posts\/60131","targetHints":{"allow":["GET"]}}],"collection":[{"href":"https:\/\/www.radiopiu.net\/wordpress\/wp-json\/wp\/v2\/posts"}],"about":[{"href":"https:\/\/www.radiopiu.net\/wordpress\/wp-json\/wp\/v2\/types\/post"}],"author":[{"embeddable":true,"href":"https:\/\/www.radiopiu.net\/wordpress\/wp-json\/wp\/v2\/users\/1"}],"replies":[{"embeddable":true,"href":"https:\/\/www.radiopiu.net\/wordpress\/wp-json\/wp\/v2\/comments?post=60131"}],"version-history":[{"count":0,"href":"https:\/\/www.radiopiu.net\/wordpress\/wp-json\/wp\/v2\/posts\/60131\/revisions"}],"wp:featuredmedia":[{"embeddable":true,"href":"https:\/\/www.radiopiu.net\/wordpress\/wp-json\/wp\/v2\/media\/60132"}],"wp:attachment":[{"href":"https:\/\/www.radiopiu.net\/wordpress\/wp-json\/wp\/v2\/media?parent=60131"}],"wp:term":[{"taxonomy":"category","embeddable":true,"href":"https:\/\/www.radiopiu.net\/wordpress\/wp-json\/wp\/v2\/categories?post=60131"},{"taxonomy":"post_tag","embeddable":true,"href":"https:\/\/www.radiopiu.net\/wordpress\/wp-json\/wp\/v2\/tags?post=60131"}],"curies":[{"name":"wp","href":"https:\/\/api.w.org\/{rel}","templated":true}]}}