{"id":60196,"date":"2018-09-10T07:10:33","date_gmt":"2018-09-10T05:10:33","guid":{"rendered":"http:\/\/www.radiopiu.net\/wordpress\/?p=60196"},"modified":"2018-09-10T07:10:33","modified_gmt":"2018-09-10T05:10:33","slug":"questa-sera-la-grande-musica-dorchestra-a-radio-piu","status":"publish","type":"post","link":"https:\/\/www.radiopiu.net\/wordpress\/questa-sera-la-grande-musica-dorchestra-a-radio-piu\/","title":{"rendered":"QUESTA SERA LA GRANDE MUSICA D&#8217;ORCHESTRA A RADIO PIU"},"content":{"rendered":"<h1><\/h1>\n<p><strong>DI LORIS SANTOMASO<\/strong><\/p>\n<p><strong><a class=\"dt-pswp-item\" href=\"http:\/\/www.radiopiu.net\/wordpress\/wp-content\/uploads\/2018\/08\/Myriam-Dal-Don.jpg\" data-dt-img-description=\"\" data-large_image_width=\"984\" data-large_image_height=\"1312\"><img loading=\"lazy\" decoding=\"async\" class=\" wp-image-58768 alignleft\" src=\"http:\/\/www.radiopiu.net\/wordpress\/wp-content\/uploads\/2018\/08\/Myriam-Dal-Don-225x300.jpg\" alt=\"\" width=\"155\" height=\"207\" srcset=\"https:\/\/www.radiopiu.net\/wordpress\/wp-content\/uploads\/2018\/08\/Myriam-Dal-Don-225x300.jpg 225w, https:\/\/www.radiopiu.net\/wordpress\/wp-content\/uploads\/2018\/08\/Myriam-Dal-Don-768x1024.jpg 768w, https:\/\/www.radiopiu.net\/wordpress\/wp-content\/uploads\/2018\/08\/Myriam-Dal-Don.jpg 984w\" sizes=\"auto, (max-width: 155px) 100vw, 155px\" \/><\/a>TAIBON-AGORDO :<\/strong> Questa sera dalle 20.30 Radio Pi\u00f9 trasmette il concerto registrato lo scorso venerdi nella chiesa Arcidiaconale di Agordo.\u00a0 Un concerto mozzafiato, proprio come i nostri panorami, un evento che segner\u00e0 la storia di questa comunit\u00e0. \u00c8 quello andato in scena la sera di venerd\u00ec 31 agosto nella chiesa arcidiaconale di Agordo gremita di gente venuta anche da fuori nonostante la pioggia battente. L\u2019esibizione di un\u2019Orchestra di assoluto livello come quella di Padova e del Veneto, diretta da Romolo Gessi, e di una straordinaria violinista come Myriam Dal Don, di origini agordine, \u00e8 stato un evento decisamente eccezionale per il capoluogo di vallata che mai prima d\u2019ora, eccezion fatta per i Solisti Veneti e per l\u2019orchestra da camera di Padova negli anni \u201880, aveva potuto ascoltare una musica di tale livello. Un evento reso possibile grazie all\u2019incontro tra l\u2019idea della Parrocchia di Agordo, guidata da mons. Giorgio Lise e il sostegno del cavaliere del lavoro Luigi Francavilla (al quale il pubblico ha riservato un caloroso e riconoscente applauso), che ha offerto il concerto dedicato alla memoria di Marina e Benito Fabbri, la famiglia veronese che per tanti anni ha donato all\u2019Agordino una serie di prestigiosi concerti di musica classica nelle chiese di Falcade, Rivamonte Taibon e Agordo. Scomparsi i coniugi Fabbri, la comunit\u00e0 agordina ha cos\u00ec voluto rendere omaggio alla loro memoria organizzando un concerto, presentato da Dino Bridda, durante il quale l\u2019orchestra e la violinista hanno deliziato il pubblico, per due ore di alta cultura e spiritualit\u00e0, con le sublimi note di Mozart e Beethoven. La Sonata da Chiesa in do maggiore KV 278 di Mozart, e i due capolavori di Beethoven: il Concerto in re maggiore per violino e orchestra op. 61 (il cosiddetto \u201cConcerto dei Concerti\u201d) e la Sinfonia n\u00b0 4 in si bemolle maggiore op. 60, che RadioPi\u00f9 ha il piacere di trasmettere integralmente questa sera, sono stati, come sentiremo, a lungo applaudite dal pubblico agordino particolarmente entusiasta di poter riabbracciare anche la \u00absua gloria agordina\u00bb Myriam Dal Don, violinista di fama internazionale originaria di Gosaldo, ritornata \u00abin casa\u00bb dopo le sue apparizioni di fine anni \u201980 ai Festival d\u2019organo e violino ideati dal Coro Agordo.\u00a0 Questa sera dunque dalle 20.30 su RADIO PIU.<\/p>\n","protected":false},"excerpt":{"rendered":"<p>DI LORIS SANTOMASO TAIBON-AGORDO : Questa sera dalle 20.30 Radio Pi\u00f9 trasmette il concerto registrato lo scorso venerdi nella chiesa Arcidiaconale di Agordo.\u00a0 Un concerto mozzafiato, proprio come i nostri panorami, un evento che segner\u00e0 la storia di questa comunit\u00e0. \u00c8 quello andato in scena la sera di venerd\u00ec 31 agosto nella chiesa arcidiaconale di&hellip;<\/p>\n","protected":false},"author":1,"featured_media":58768,"comment_status":"closed","ping_status":"closed","sticky":false,"template":"","format":"standard","meta":{"_monsterinsights_skip_tracking":false,"_monsterinsights_sitenote_active":false,"_monsterinsights_sitenote_note":"","_monsterinsights_sitenote_category":0,"footnotes":""},"categories":[49],"tags":[],"class_list":["post-60196","post","type-post","status-publish","format-standard","has-post-thumbnail","hentry","category-news-18","category-49","description-off"],"img_url":"https:\/\/www.radiopiu.net\/wordpress\/wp-content\/uploads\/2018\/08\/Myriam-Dal-Don.jpg","_links":{"self":[{"href":"https:\/\/www.radiopiu.net\/wordpress\/wp-json\/wp\/v2\/posts\/60196","targetHints":{"allow":["GET"]}}],"collection":[{"href":"https:\/\/www.radiopiu.net\/wordpress\/wp-json\/wp\/v2\/posts"}],"about":[{"href":"https:\/\/www.radiopiu.net\/wordpress\/wp-json\/wp\/v2\/types\/post"}],"author":[{"embeddable":true,"href":"https:\/\/www.radiopiu.net\/wordpress\/wp-json\/wp\/v2\/users\/1"}],"replies":[{"embeddable":true,"href":"https:\/\/www.radiopiu.net\/wordpress\/wp-json\/wp\/v2\/comments?post=60196"}],"version-history":[{"count":0,"href":"https:\/\/www.radiopiu.net\/wordpress\/wp-json\/wp\/v2\/posts\/60196\/revisions"}],"wp:featuredmedia":[{"embeddable":true,"href":"https:\/\/www.radiopiu.net\/wordpress\/wp-json\/wp\/v2\/media\/58768"}],"wp:attachment":[{"href":"https:\/\/www.radiopiu.net\/wordpress\/wp-json\/wp\/v2\/media?parent=60196"}],"wp:term":[{"taxonomy":"category","embeddable":true,"href":"https:\/\/www.radiopiu.net\/wordpress\/wp-json\/wp\/v2\/categories?post=60196"},{"taxonomy":"post_tag","embeddable":true,"href":"https:\/\/www.radiopiu.net\/wordpress\/wp-json\/wp\/v2\/tags?post=60196"}],"curies":[{"name":"wp","href":"https:\/\/api.w.org\/{rel}","templated":true}]}}