{"id":60236,"date":"2018-09-10T11:02:38","date_gmt":"2018-09-10T09:02:38","guid":{"rendered":"http:\/\/www.radiopiu.net\/wordpress\/?p=60236"},"modified":"2018-09-10T11:02:38","modified_gmt":"2018-09-10T09:02:38","slug":"stato-di-agitazione-a-baldenich","status":"publish","type":"post","link":"https:\/\/www.radiopiu.net\/wordpress\/stato-di-agitazione-a-baldenich\/","title":{"rendered":"STATO DI AGITAZIONE A BALDENICH"},"content":{"rendered":"<p>BELLUNO\u00a0 Le sigle sindacali Cisl Fns, Cgil Fp, Uspp, Sappe, Osapp, Fsa Cnpp, rappresentative presso la Casa Circondariale di Belluno, proclamano lo stato di agitazione del personale di polizia penitenziaria di Belluno e comunicano che a partire da, oggi, luned\u00ec 10 settembre, gli agenti si asterranno dalla mensa obbligatoria di servizio come segno di protesta. <em>&#8220;Dopo quasi un anno di promesse da parte dell\u2019amministrazione penitenziaria in merito alla chiusura della sezione Articolazione per la Tutela della Salute Mentale del penitenziario bellunese &#8211; ultima fra tutte l\u2019impegno preso con l\u2019onorevole Luca De Carlo lo scorso giugno dal provveditore del Triveneto per una chiusura definitiva entro due mesi &#8211; e visti gli ultimi eventi critici che hanno messo a repentaglio l\u2019incolumit\u00e0 psicofisica del personale di polizia penitenziaria e civile, dove in un caso non si \u00e8 sfiorato il peggio solo grazie al sangue freddo e alla professionalit\u00e0 dei poliziotti in servizio, i sindacati di polizia penitenziaria hanno deciso di proclamare lo stato di agitazione e lo sciopero dei 90 agenti dalla mensa di servizio.<\/em><em>\u201c\u00c8 inverosimile &#8211; affermano il segretario Fsa Cnpp Lavinia Roldo, il segretario provinciale del Sappe Luigi Pantusa, il segretario provinciale Cgil Fp Luisa Baschiera, Ii segretario provinciale Osapp Giuseppe Ongaro e Robert Da Re per la segreteria territoriale Cisl Fns Belluno Treviso -, l\u2019atteggiamento dell\u2019amministrazione penitenziaria, la quale a conoscenza dell\u2019inadeguatezza della struttura e della gestione traballante dei \u2018pazienti-detenuti\u2019, rimanga impassibile di fronte al disagio lavorativo dei poliziotti bellunesi. Altres\u00ec incomprensibile \u00e8 l\u2019atteggiamento della Sanit\u00e0 Veneta, che, consapevole delle condizioni dei ristretti presso la struttura bellunese, non si adoperi per una corretta e celere soluzione del caso&#8221;.<\/em> Gli agenti della Casa Circondariale di Belluno sono determinati e adotteranno ogni mezzo possibile per salvaguardare i propri diritti lavorativi\u201d.<\/p>\n","protected":false},"excerpt":{"rendered":"<p>BELLUNO\u00a0 Le sigle sindacali Cisl Fns, Cgil Fp, Uspp, Sappe, Osapp, Fsa Cnpp, rappresentative presso la Casa Circondariale di Belluno, proclamano lo stato di agitazione del personale di polizia penitenziaria di Belluno e comunicano che a partire da, oggi, luned\u00ec 10 settembre, gli agenti si asterranno dalla mensa obbligatoria di servizio come segno di protesta.&hellip;<\/p>\n","protected":false},"author":1,"featured_media":0,"comment_status":"closed","ping_status":"closed","sticky":false,"template":"","format":"standard","meta":{"_monsterinsights_skip_tracking":false,"_monsterinsights_sitenote_active":false,"_monsterinsights_sitenote_note":"","_monsterinsights_sitenote_category":0,"footnotes":""},"categories":[49],"tags":[],"class_list":["post-60236","post","type-post","status-publish","format-standard","hentry","category-news-18","category-49","description-off"],"img_url":false,"_links":{"self":[{"href":"https:\/\/www.radiopiu.net\/wordpress\/wp-json\/wp\/v2\/posts\/60236","targetHints":{"allow":["GET"]}}],"collection":[{"href":"https:\/\/www.radiopiu.net\/wordpress\/wp-json\/wp\/v2\/posts"}],"about":[{"href":"https:\/\/www.radiopiu.net\/wordpress\/wp-json\/wp\/v2\/types\/post"}],"author":[{"embeddable":true,"href":"https:\/\/www.radiopiu.net\/wordpress\/wp-json\/wp\/v2\/users\/1"}],"replies":[{"embeddable":true,"href":"https:\/\/www.radiopiu.net\/wordpress\/wp-json\/wp\/v2\/comments?post=60236"}],"version-history":[{"count":0,"href":"https:\/\/www.radiopiu.net\/wordpress\/wp-json\/wp\/v2\/posts\/60236\/revisions"}],"wp:attachment":[{"href":"https:\/\/www.radiopiu.net\/wordpress\/wp-json\/wp\/v2\/media?parent=60236"}],"wp:term":[{"taxonomy":"category","embeddable":true,"href":"https:\/\/www.radiopiu.net\/wordpress\/wp-json\/wp\/v2\/categories?post=60236"},{"taxonomy":"post_tag","embeddable":true,"href":"https:\/\/www.radiopiu.net\/wordpress\/wp-json\/wp\/v2\/tags?post=60236"}],"curies":[{"name":"wp","href":"https:\/\/api.w.org\/{rel}","templated":true}]}}