{"id":60248,"date":"2018-09-10T14:44:19","date_gmt":"2018-09-10T12:44:19","guid":{"rendered":"http:\/\/www.radiopiu.net\/wordpress\/?p=60248"},"modified":"2018-09-10T14:44:19","modified_gmt":"2018-09-10T12:44:19","slug":"sono-47-milioni-gli-italiani-che-lavorano-di-domenica","status":"publish","type":"post","link":"https:\/\/www.radiopiu.net\/wordpress\/sono-47-milioni-gli-italiani-che-lavorano-di-domenica\/","title":{"rendered":"SONO 4,7 MILIONI GLI ITALIANI CHE  LAVORANO DI DOMENICA"},"content":{"rendered":"<p><a class=\"dt-pswp-item\" href=\"http:\/\/www.radiopiu.net\/wordpress\/wp-content\/uploads\/2018\/09\/graf1.jpeg\" data-dt-img-description=\"\" data-large_image_width=\"1360\" data-large_image_height=\"1132\"><img loading=\"lazy\" decoding=\"async\" class=\" wp-image-60249 alignleft\" src=\"http:\/\/www.radiopiu.net\/wordpress\/wp-content\/uploads\/2018\/09\/graf1-300x250.jpeg\" alt=\"\" width=\"142\" height=\"127\" \/><\/a>Secondo un\u2019analisi realizzata dall\u2019Ufficio studi della CGIA e riferita al 2016, sono 4,7 milioni gli italiani che lavorano di domenica. Tra questi 4,7 milioni, 3,4 sono lavoratori dipendenti e gli altri 1,3 sono autonomi (artigiani, commercianti, esercenti, ambulanti, agricoltori, etc.). Se 1 lavoratore dipendente su 5 \u00e8 impiegato alla domenica, i lavoratori autonomi, invece, registrano una frequenza maggiore: quasi 1 su 4 (vedi Graf. 1).<\/p>\n<p>Il settore dove la presenza al lavoro di domenica \u00e8 pi\u00f9 elevata \u00e8 quello degli alberghi\/ristoranti: i 688.300 lavoratori dipendenti coinvolti incidono sul totale degli occupati dipendenti del settore per il 68,3 per cento. Seguono il commercio (579.000 occupati pari al 29,6 per cento del totale), la Pubblica amministrazione (329.100 dipendenti pari al 25,9 per cento del totale), la sanit\u00e0 (686.300 pari al 23 per cento del totale) e i trasporti (215.600 pari al 22,7 per cento) (vedi Tab. 1).<a class=\"dt-pswp-item\" href=\"http:\/\/www.radiopiu.net\/wordpress\/wp-content\/uploads\/2018\/09\/tab1.jpeg\" data-dt-img-description=\"\" data-large_image_width=\"1156\" data-large_image_height=\"1006\"><img loading=\"lazy\" decoding=\"async\" class=\" wp-image-60250 alignright\" src=\"http:\/\/www.radiopiu.net\/wordpress\/wp-content\/uploads\/2018\/09\/tab1-300x261.jpeg\" alt=\"\" width=\"147\" height=\"135\" \/><\/a><\/p>\n<p>\u201cLa maggiore disponibilit\u00e0 di alcuni territori a lavorare nei weekend \u2013 dichiara il segretario della Cgia Renato Mason\u00a0 &#8211; va in gran parte ricondotta al fatto che buona parte del Paese ha un\u2019elevata vocazione turistica che coinvolge le localit\u00e0 montane e quelle balneari, le grandi citt\u00e0, ma anche i piccoli borghi. E quando le attivit\u00e0 turistico-ricettive sono aperte anche la domenica, i settori economici collegati, come l\u2019agroalimentare, la ristorazione, i trasporti pubblici e privati, i servizi alla persona, le attivit\u00e0 manutentive, etc., sono incentivate a\u00a0 fare altrettanto\u201d.<\/p>\n<p>Le realt\u00e0 territoriali dove il lavoro \u201cdomenicale\u201d \u00e8 pi\u00f9 diffuso sono quelle dove la vocazione turistica\/commerciale \u00e8 prevalente: Valle d\u2019Aosta (29,5 per cento di occupati alla domenica sul totale dipendenti presenti in regione), Sardegna (24,5 per cento), Puglia (24 per cento), Sicilia (23,7 per cento) e Molise (23,6 per cento) guidano questa particolare graduatoria. In coda alla classifica, invece, si <a class=\"dt-pswp-item\" href=\"http:\/\/www.radiopiu.net\/wordpress\/wp-content\/uploads\/2018\/09\/tab2.jpeg\" data-dt-img-description=\"\" data-large_image_width=\"976\" data-large_image_height=\"1228\"><img loading=\"lazy\" decoding=\"async\" class=\" wp-image-60251 alignleft\" src=\"http:\/\/www.radiopiu.net\/wordpress\/wp-content\/uploads\/2018\/09\/tab2-238x300.jpeg\" alt=\"\" width=\"96\" height=\"149\" \/><\/a>posizionano l\u2019Emilia Romagna (17,9 per cento), le Marche (17,4 per cento) e la Lombardia (16,9 per cento). La media nazionale si attesta al 19,8 per cento (vedi Tab. 2).<\/p>\n<p>\u201cNegli ultimi anni \u2013 segnala il coordinatore dell\u2019Ufficio studi della CGIA Paolo Zabeo \u2013 il trend degli occupati di domenica \u00e8 aumentato costantemente sia tra i dipendenti che tra gli autonomi. Nel settore commerciale, grazie alla liberalizzazione degli orari introdotta dal Governo Monti, una risposta alla crisi \u00e8 stata quella di aumentare i giorni di apertura dei negozi. Con la grande distribuzione e gli outlet che durante tutto l\u2019anno faticano a chiudere solo il giorno di Natale e quello di Pasqua, anche le piccolissime attivit\u00e0, nella stragrande maggioranza dei casi a conduzione familiare, sono state costrette a tenere aperto anche nei giorni festivi per non perdere una parte di clientela\u201d.<\/p>\n<p>Rispetto agli altri paesi europei, comunque, l\u2019Italia si posiziona negli ultimi posti della classifica tra chi lavora di domenica. Se nel 2015, in riferimento ai lavoratori dipendenti, la media dei 28 paesi Ue era del 23,2 per cento &#8211; con punte del 33,9 per cento in Danimarca, del 33,4 per cento in Slovacchia e del 33,2 per cento nei Paesi Bassi \u2013 da noi la percentuale era del 19,5 per cento. Solo Austria (19,4 per cento), Francia (19,3 per cento), Belgio (19,2 per cento) e Lituania (18 per cento) presentavano una quota inferiore alla nostra (vedi Tab. 3).<a class=\"dt-pswp-item\" href=\"http:\/\/www.radiopiu.net\/wordpress\/wp-content\/uploads\/2018\/09\/tab3-b.jpeg\" data-dt-img-description=\"\" data-large_image_width=\"1336\" data-large_image_height=\"1288\"><img loading=\"lazy\" decoding=\"async\" class=\" wp-image-60252 alignright\" src=\"http:\/\/www.radiopiu.net\/wordpress\/wp-content\/uploads\/2018\/09\/tab3-b-300x289.jpeg\" alt=\"\" width=\"166\" height=\"166\" \/><\/a><\/p>\n<p>Ricordiamo, infine, l\u2019elenco delle principali professioni che da sempre lavorano anche la domenica. Esso \u00e8 costituito da: medici, infermieri, farmacisti, commessi, negozianti, addetti al soccorso stradale, benzinai, bagnini, giornalisti, operatori radio-Tv, fotografi, operai su impianti a ciclo continuo, addetti ai musei\/cinema\/teatri\/mostre e spettacoli vari, guide turistiche, tipografi, grafici, ferrovieri, tramvieri, casellanti, autisti, taxisti, piloti- assistenti e controllori di volo, poliziotti, carabinieri, finanzieri, vigilantes, vigili urbani, vigili del fuoco, atleti professionisti, baristi, pasticceri, panificatori, gastronomi, fioristi, commessi, edicolanti, cuochi, camerieri, ristoratori, albergatori, tabaccai, ambulanti, allevatori di bestiame, pescatori, marinai, portuali, colf e badanti.<\/p>\n","protected":false},"excerpt":{"rendered":"<p>Secondo un\u2019analisi realizzata dall\u2019Ufficio studi della CGIA e riferita al 2016, sono 4,7 milioni gli italiani che lavorano di domenica. Tra questi 4,7 milioni, 3,4 sono lavoratori dipendenti e gli altri 1,3 sono autonomi (artigiani, commercianti, esercenti, ambulanti, agricoltori, etc.). Se 1 lavoratore dipendente su 5 \u00e8 impiegato alla domenica, i lavoratori autonomi, invece, registrano&hellip;<\/p>\n","protected":false},"author":1,"featured_media":60253,"comment_status":"closed","ping_status":"closed","sticky":false,"template":"","format":"standard","meta":{"_monsterinsights_skip_tracking":false,"_monsterinsights_sitenote_active":false,"_monsterinsights_sitenote_note":"","_monsterinsights_sitenote_category":0,"footnotes":""},"categories":[49],"tags":[],"class_list":["post-60248","post","type-post","status-publish","format-standard","has-post-thumbnail","hentry","category-news-18","category-49","description-off"],"img_url":"https:\/\/www.radiopiu.net\/wordpress\/wp-content\/uploads\/2018\/09\/work-2005640_1280.jpg","_links":{"self":[{"href":"https:\/\/www.radiopiu.net\/wordpress\/wp-json\/wp\/v2\/posts\/60248","targetHints":{"allow":["GET"]}}],"collection":[{"href":"https:\/\/www.radiopiu.net\/wordpress\/wp-json\/wp\/v2\/posts"}],"about":[{"href":"https:\/\/www.radiopiu.net\/wordpress\/wp-json\/wp\/v2\/types\/post"}],"author":[{"embeddable":true,"href":"https:\/\/www.radiopiu.net\/wordpress\/wp-json\/wp\/v2\/users\/1"}],"replies":[{"embeddable":true,"href":"https:\/\/www.radiopiu.net\/wordpress\/wp-json\/wp\/v2\/comments?post=60248"}],"version-history":[{"count":0,"href":"https:\/\/www.radiopiu.net\/wordpress\/wp-json\/wp\/v2\/posts\/60248\/revisions"}],"wp:featuredmedia":[{"embeddable":true,"href":"https:\/\/www.radiopiu.net\/wordpress\/wp-json\/wp\/v2\/media\/60253"}],"wp:attachment":[{"href":"https:\/\/www.radiopiu.net\/wordpress\/wp-json\/wp\/v2\/media?parent=60248"}],"wp:term":[{"taxonomy":"category","embeddable":true,"href":"https:\/\/www.radiopiu.net\/wordpress\/wp-json\/wp\/v2\/categories?post=60248"},{"taxonomy":"post_tag","embeddable":true,"href":"https:\/\/www.radiopiu.net\/wordpress\/wp-json\/wp\/v2\/tags?post=60248"}],"curies":[{"name":"wp","href":"https:\/\/api.w.org\/{rel}","templated":true}]}}