{"id":60273,"date":"2018-09-11T06:08:38","date_gmt":"2018-09-11T04:08:38","guid":{"rendered":"http:\/\/www.radiopiu.net\/wordpress\/?p=60273"},"modified":"2018-09-11T18:20:22","modified_gmt":"2018-09-11T16:20:22","slug":"giornale-radiopiu-11-settembre-2018-direttore-mirko-mezzacasa","status":"publish","type":"post","link":"https:\/\/www.radiopiu.net\/wordpress\/giornale-radiopiu-11-settembre-2018-direttore-mirko-mezzacasa\/","title":{"rendered":"GIORNALE RADIOPIU 11 SETTEMBRE 2018 DIRETTORE MIRKO MEZZACASA"},"content":{"rendered":"<blockquote>\n<h1 align=\"JUSTIFY\">TAIBON<\/h1>\n<h1 align=\"JUSTIFY\">ULTIM&#8217;ORA NOTIZIE, ANCORA FRANE SUL FRAMONT SOPRA RONC DE BOS E LISTOLADE<\/h1>\n<h1 align=\"JUSTIFY\">LE FOTO<\/h1>\n<\/blockquote>\n\n\t\t\t<style type='text\/css'>\n\t\t\t\t#gallery-1 {\n\t\t\t\t\tmargin: auto;\n\t\t\t\t}\n\t\t\t\t#gallery-1 .gallery-item {\n\t\t\t\t\tfloat: left;\n\t\t\t\t\tmargin-top: 10px;\n\t\t\t\t\ttext-align: center;\n\t\t\t\t\twidth: 33%;\n\t\t\t\t}\n\t\t\t\t#gallery-1 img {\n\t\t\t\t\tborder: 2px solid #cfcfcf;\n\t\t\t\t}\n\t\t\t\t#gallery-1 .gallery-caption {\n\t\t\t\t\tmargin-left: 0;\n\t\t\t\t}\n\t\t\t\t\/* see gallery_shortcode() in wp-includes\/media.php *\/\n\t\t\t<\/style>\n\t\t<div id='gallery-1' class='dt-gallery-container gallery galleryid-60273 gallery-columns-3 gallery-size-thumbnail'><dl class='gallery-item'>\n\t\t\t\t<dt class='gallery-icon landscape'>\n\t\t\t\t\t<a class=\"rollover\" href='https:\/\/www.radiopiu.net\/wordpress\/giornale-radiopiu-11-settembre-2018-direttore-mirko-mezzacasa\/whatsapp-image-2018-09-11-at-06-39-44-2\/'><img loading=\"lazy\" decoding=\"async\" width=\"150\" height=\"150\" src=\"https:\/\/www.radiopiu.net\/wordpress\/wp-content\/uploads\/2018\/09\/WhatsApp-Image-2018-09-11-at-06.39.44-2-150x150.jpeg\" class=\"attachment-thumbnail size-thumbnail\" alt=\"\" \/><\/a>\n\t\t\t\t<\/dt><\/dl><dl class='gallery-item'>\n\t\t\t\t<dt class='gallery-icon portrait'>\n\t\t\t\t\t<a class=\"rollover\" href='https:\/\/www.radiopiu.net\/wordpress\/giornale-radiopiu-11-settembre-2018-direttore-mirko-mezzacasa\/whatsapp-image-2018-09-11-at-06-39-44\/'><img loading=\"lazy\" decoding=\"async\" width=\"150\" height=\"150\" src=\"https:\/\/www.radiopiu.net\/wordpress\/wp-content\/uploads\/2018\/09\/WhatsApp-Image-2018-09-11-at-06.39.44-150x150.jpeg\" class=\"attachment-thumbnail size-thumbnail\" alt=\"\" \/><\/a>\n\t\t\t\t<\/dt><\/dl><dl class='gallery-item'>\n\t\t\t\t<dt class='gallery-icon landscape'>\n\t\t\t\t\t<a class=\"rollover\" href='https:\/\/www.radiopiu.net\/wordpress\/giornale-radiopiu-11-settembre-2018-direttore-mirko-mezzacasa\/whatsapp-image-2018-09-11-at-06-39-44-1\/'><img loading=\"lazy\" decoding=\"async\" width=\"150\" height=\"150\" src=\"https:\/\/www.radiopiu.net\/wordpress\/wp-content\/uploads\/2018\/09\/WhatsApp-Image-2018-09-11-at-06.39.44-1-150x150.jpeg\" class=\"attachment-thumbnail size-thumbnail\" alt=\"\" \/><\/a>\n\t\t\t\t<\/dt><\/dl><br style=\"clear: both\" \/>\n\t\t\t<\/div>\n\n<blockquote>\n<p align=\"JUSTIFY\">\n<\/blockquote>\n<blockquote>\n<p align=\"JUSTIFY\"><span style=\"font-family: Arial, sans-serif;\">Gestione Servizi Pubblici informa che \u00e8 di nuovo potabile l&#8217;acqua di acquedotto erogata ad Alleghe in tutto il centro, nelle vie Val Grande, Degli Alpini, Monte Fertazza, Coldai, Delle Scuole, P.zza Vecchia e nelle localit\u00e0 Fontanive, Rusech, Vallazza e Casaril.\u00a0<\/span><span style=\"font-family: Arial, sans-serif;\">E\u2019 di nuovo potabile anche l\u2019acqua erogata a Cavalea di Lamon.<\/span><\/p>\n<\/blockquote>\n<h1><\/h1>\n<h1><\/h1>\n<p>&nbsp;<\/p>\n<p>&nbsp;<\/p>\n<h1>INTERVENTO DEL SOCCORSO ALPINO, DI NOTTE<\/h1>\n\n\t\t\t<style type='text\/css'>\n\t\t\t\t#gallery-2 {\n\t\t\t\t\tmargin: auto;\n\t\t\t\t}\n\t\t\t\t#gallery-2 .gallery-item {\n\t\t\t\t\tfloat: left;\n\t\t\t\t\tmargin-top: 10px;\n\t\t\t\t\ttext-align: center;\n\t\t\t\t\twidth: 33%;\n\t\t\t\t}\n\t\t\t\t#gallery-2 img {\n\t\t\t\t\tborder: 2px solid #cfcfcf;\n\t\t\t\t}\n\t\t\t\t#gallery-2 .gallery-caption {\n\t\t\t\t\tmargin-left: 0;\n\t\t\t\t}\n\t\t\t\t\/* see gallery_shortcode() in wp-includes\/media.php *\/\n\t\t\t<\/style>\n\t\t<div id='gallery-2' class='dt-gallery-container gallery galleryid-60273 gallery-columns-3 gallery-size-thumbnail'><dl class='gallery-item'>\n\t\t\t\t<dt class='gallery-icon landscape'>\n\t\t\t\t\t<a class=\"rollover\" href='https:\/\/www.radiopiu.net\/wordpress\/?attachment_id=60263'><img loading=\"lazy\" decoding=\"async\" width=\"150\" height=\"150\" src=\"https:\/\/www.radiopiu.net\/wordpress\/wp-content\/uploads\/2018\/09\/ELI-1-150x150.jpg\" class=\"attachment-thumbnail size-thumbnail\" alt=\"\" \/><\/a>\n\t\t\t\t<\/dt><\/dl><dl class='gallery-item'>\n\t\t\t\t<dt class='gallery-icon landscape'>\n\t\t\t\t\t<a class=\"rollover\" href='https:\/\/www.radiopiu.net\/wordpress\/?attachment_id=60262'><img loading=\"lazy\" decoding=\"async\" width=\"150\" height=\"150\" src=\"https:\/\/www.radiopiu.net\/wordpress\/wp-content\/uploads\/2018\/09\/ELI-3-150x150.jpg\" class=\"attachment-thumbnail size-thumbnail\" alt=\"\" \/><\/a>\n\t\t\t\t<\/dt><\/dl><dl class='gallery-item'>\n\t\t\t\t<dt class='gallery-icon landscape'>\n\t\t\t\t\t<a class=\"rollover\" href='https:\/\/www.radiopiu.net\/wordpress\/?attachment_id=60261'><img loading=\"lazy\" decoding=\"async\" width=\"150\" height=\"150\" src=\"https:\/\/www.radiopiu.net\/wordpress\/wp-content\/uploads\/2018\/09\/ELI-2-150x150.jpg\" class=\"attachment-thumbnail size-thumbnail\" alt=\"\" srcset=\"https:\/\/www.radiopiu.net\/wordpress\/wp-content\/uploads\/2018\/09\/ELI-2-150x150.jpg 150w, https:\/\/www.radiopiu.net\/wordpress\/wp-content\/uploads\/2018\/09\/ELI-2-300x300.jpg 300w, https:\/\/www.radiopiu.net\/wordpress\/wp-content\/uploads\/2018\/09\/ELI-2-768x768.jpg 768w, https:\/\/www.radiopiu.net\/wordpress\/wp-content\/uploads\/2018\/09\/ELI-2-1024x1024.jpg 1024w, https:\/\/www.radiopiu.net\/wordpress\/wp-content\/uploads\/2018\/09\/ELI-2.jpg 1600w\" sizes=\"auto, (max-width: 150px) 100vw, 150px\" \/><\/a>\n\t\t\t\t<\/dt><\/dl><br style=\"clear: both\" \/>\n\t\t\t<\/div>\n\n<p><strong>ALPAGO<\/strong> Domenica sera verso le 22.30 \u00e8 scattato l&#8217;allarme per un escursionista di Mirano (VE) infortunatosi in un canale tra I Muri e il Brut Pass. Due amici ieri stavano percorrendo l&#8217;Alta Via numero 7, quando hanno deciso di scendere lungo un canale. Resisi conto che non riuscivano a procedere, sono ritornati sui propri passi, ma risalendo uno di loro era ruzzolato una ventina di metri nel ghiaione, riportando alcune contusioni. Poich\u00e9 la zona \u00e8 sprovvista di copertura telefonica, il compagno era tornato in cresta in cerca di un punto dove poter contattare il 112 e chiedere aiuto. Posto il campo base a Casera Campitello, una squadra del Soccorso alpino dell&#8217;Alpago si \u00e8 avviata sul sentiero, riuscendo nel tragitto ad appurare dall&#8217;amico &#8211; rimasto in vetta per continuare ad essere rintracciabile &#8211; che l&#8217;escursionista che si era fatto male era in un punto sicuro, provvisto di abbigliamento opportuno e cibo. I quattro soccorritori hanno raggiunto il punto in cresta in cui si trovava il compagno verso le 4.30 di ieri mattina, ma per il forte rischio di far rotolare sassi a valle se fossero scesi, si sono fermati in quota, mantendo un contatto vocale con l&#8217;infortunato per rassicurarlo e assisterlo fino a che, spuntato il sole, l&#8217;eliambulanza di Trento non \u00e8 intervenuta, sbarcando il proprio tecnico di elisoccorso. Mentre il tecnico predisponeva il recupero, l&#8217;elicottero ha imbarcato la squadra e il secondo escursionista e li ha trasportati a Pian Formosa, per poi tornare a prendere l&#8217;infortunato e volare all&#8217;ospedale di Belluno.<\/p>\n<p>&nbsp;<\/p>\n<p>&nbsp;<\/p>\n<p>&nbsp;<\/p>\n<h1>7 FERITI NELL&#8217;INCIDENTE IN AUTOSTRADA<\/h1>\n<p><strong>BELLUNO<\/strong> Tamponamento a catena al casello autostradale dalla A27 a Pian di Vedoia, quattro adulti e tre bambini\u00a0 sono stati medicati all&#8217;ospedale di Belluno, fortunatamente gi\u00e0 tutti dimessi. Una Peugeot 306 era ferma al casello per pagare il pedaggio quando da dietro \u00e8 piombata la Peugeot 206 che non \u00e8 riuscita a frenare pare per un guasto ai freni. La Peugeot 306 con alla guida E.K., 29 anni di Cavallino Tre Porti, aveva tre passeggeri a bordo e viaggiava verso nord. Stessa direzione per la Peugeot 206 condotta da L.M., 25 anni di Conegliano.<\/p>\n<p>&nbsp;<\/p>\n<p>&nbsp;<\/p>\n<h1>FURTO IN FARMACIA<\/h1>\n<p><strong>BELLUNO<\/strong> Alla fine il ladro se n&#8217;\u00e8 andato a mani vuote, non ha trovato nulla da rubare alla Farmacia dell&#8217;Ospedale di Belluno. L&#8217;ignoto si \u00e8 introdotto di notte nel magazzino del San Martino di via Prati ma non avrebbe trovato nulla da rubare o almeno\u00a0 non mancherebbe nulla.<\/p>\n<p>&nbsp;<\/p>\n<p>&nbsp;<\/p>\n<h1>OMISSIONE DI SOCCORSO<\/h1>\n<p><strong>FELTRE Una donna feltrina di 82 anni (O.B. le iniziali) \u00e8 stata ritrovata a terra con delle ferite, probabilmente \u00e8 stata investita da un&#8217;auto il cui conducente ha poi tirato diritto. L&#8217;investimento all&#8217;altezza del passaggio pedonale regolato da semaforo. La donna \u00e8 stata portata in ospedale a Feltre con una prognosi di 30 giorni. L&#8217;incidente nella mattinata di ieri e ci sarebbero anche dei testimoni che potrebbero aiutare gli inquirenti a risalire al pirata della strada, non secondarie per importanza le immagini della video sorveglianza. L&#8217;automobilista potrebbe anche non essersi accorto, in ogni caso rischia la denuncia per omissione di soccorso.<\/strong><\/p>\n<p>&nbsp;<\/p>\n<p>&nbsp;<\/p>\n<p>&nbsp;<\/p>\n<h1>NUOVO PIANO TARIFFARIO IL SINDACO NE PARLA IN CONSIGLIO<strong><a class=\"dt-pswp-item\" href=\"http:\/\/www.radiopiu.net\/wordpress\/wp-content\/uploads\/2015\/12\/acqua-pubblica_74691.jpg\" data-dt-img-description=\"\" data-large_image_width=\"600\" data-large_image_height=\"300\"><img loading=\"lazy\" decoding=\"async\" class=\"size-medium wp-image-14375 alignleft\" src=\"http:\/\/www.radiopiu.net\/wordpress\/wp-content\/uploads\/2015\/12\/acqua-pubblica_74691-300x150.jpg\" alt=\"\" width=\"300\" height=\"150\" \/><\/a><\/strong><\/h1>\n<p>&nbsp;<\/p>\n<p><strong>TAIBON<\/strong> Nel consiglio comunale di sabato mattina il sindaco Silvia Tormen nelle comunicazioni ha preannunciato nuove tariffe per il servizio idrico, saranno decise a Belluno. Ecco il suo intervento<\/p>\n<audio class=\"wp-audio-shortcode\" id=\"audio-60273-1\" preload=\"none\" style=\"width: 100%;\" controls=\"controls\"><source type=\"audio\/mpeg\" src=\"http:\/\/www.radiopiu.net\/wordpress\/wp-content\/uploads\/2018\/09\/SILVIA-ACQUA.mp3?_=1\" \/><a href=\"http:\/\/www.radiopiu.net\/wordpress\/wp-content\/uploads\/2018\/09\/SILVIA-ACQUA.mp3\">http:\/\/www.radiopiu.net\/wordpress\/wp-content\/uploads\/2018\/09\/SILVIA-ACQUA.mp3<\/a><\/audio>\n<p><strong>Questo invece l&#8217;intervento del primo cittadino in riferimento all&#8217;approvazione del DUP<\/strong><\/p>\n<audio class=\"wp-audio-shortcode\" id=\"audio-60273-2\" preload=\"none\" style=\"width: 100%;\" controls=\"controls\"><source type=\"audio\/mpeg\" src=\"http:\/\/www.radiopiu.net\/wordpress\/wp-content\/uploads\/2018\/09\/SILVIA-1-1.mp3?_=2\" \/><a href=\"http:\/\/www.radiopiu.net\/wordpress\/wp-content\/uploads\/2018\/09\/SILVIA-1-1.mp3\">http:\/\/www.radiopiu.net\/wordpress\/wp-content\/uploads\/2018\/09\/SILVIA-1-1.mp3<\/a><\/audio>\n<p>&nbsp;<\/p>\n<h1><\/h1>\n<p>&nbsp;<\/p>\n<p>&nbsp;<\/p>\n<h1>MILLE PROROGHE, IL GIORNO DELLA VERITA&#8217;<\/h1>\n<p><strong><a class=\"dt-pswp-item\" href=\"http:\/\/www.radiopiu.net\/wordpress\/wp-content\/uploads\/2018\/09\/Decreto-milleproroghe-01-767x431.jpg\" data-dt-img-description=\"\" data-large_image_width=\"800\" data-large_image_height=\"449\"><img loading=\"lazy\" decoding=\"async\" class=\"size-medium wp-image-60302 alignleft\" src=\"http:\/\/www.radiopiu.net\/wordpress\/wp-content\/uploads\/2018\/09\/Decreto-milleproroghe-01-767x431-300x168.jpg\" alt=\"\" width=\"300\" height=\"168\" srcset=\"https:\/\/www.radiopiu.net\/wordpress\/wp-content\/uploads\/2018\/09\/Decreto-milleproroghe-01-767x431-300x168.jpg 300w, https:\/\/www.radiopiu.net\/wordpress\/wp-content\/uploads\/2018\/09\/Decreto-milleproroghe-01-767x431-768x431.jpg 768w, https:\/\/www.radiopiu.net\/wordpress\/wp-content\/uploads\/2018\/09\/Decreto-milleproroghe-01-767x431.jpg 800w\" sizes=\"auto, (max-width: 300px) 100vw, 300px\" \/><\/a><\/strong><\/p>\n<p>&nbsp;<\/p>\n<p>&nbsp;<\/p>\n<p>&nbsp;<\/p>\n<p><strong>BELLUNO E&#8217; il decreto che blocca il piano periferie fino al 2020 togliendo i soldi per i Comuni. Oggi la risposte dalla Camera dei Deputati<\/strong><\/p>\n<p>di Damiano Tormen<\/p>\n<audio class=\"wp-audio-shortcode\" id=\"audio-60273-3\" preload=\"none\" style=\"width: 100%;\" controls=\"controls\"><source type=\"audio\/mpeg\" src=\"http:\/\/www.radiopiu.net\/wordpress\/wp-content\/uploads\/2018\/09\/DAMIANO.mp3?_=3\" \/><a href=\"http:\/\/www.radiopiu.net\/wordpress\/wp-content\/uploads\/2018\/09\/DAMIANO.mp3\">http:\/\/www.radiopiu.net\/wordpress\/wp-content\/uploads\/2018\/09\/DAMIANO.mp3<\/a><\/audio>\n<p>&nbsp;<\/p>\n<p>&nbsp;<\/p>\n<p>&nbsp;<\/p>\n<p>&nbsp;<\/p>\n<p>&nbsp;<\/p>\n<h1>DI PROBLEMA IN PROBLEMA, DOPO IL PRONTO SOCCORSO LA TAC, IL MEDICO ALLE 17.30 STACCA E CROLLA IL NUMERO DELLE VISITE<\/h1>\n<p><em><a class=\"dt-pswp-item\" href=\"http:\/\/www.radiopiu.net\/wordpress\/wp-content\/uploads\/2016\/04\/sanit\u00e0-1.jpg\" data-dt-img-description=\"\" data-large_image_width=\"1728\" data-large_image_height=\"800\"><img loading=\"lazy\" decoding=\"async\" class=\"alignnone size-medium wp-image-18839\" src=\"http:\/\/www.radiopiu.net\/wordpress\/wp-content\/uploads\/2016\/04\/sanit\u00e0-1-300x139.jpg\" alt=\"\" width=\"300\" height=\"139\" \/><\/a><strong>DI GIANNI SANTOMASO<\/strong><\/em><\/p>\n<audio class=\"wp-audio-shortcode\" id=\"audio-60273-4\" preload=\"none\" style=\"width: 100%;\" controls=\"controls\"><source type=\"audio\/mpeg\" src=\"http:\/\/www.radiopiu.net\/wordpress\/wp-content\/uploads\/2018\/09\/GIANNI-OSPEDALE-2.mp3?_=4\" \/><a href=\"http:\/\/www.radiopiu.net\/wordpress\/wp-content\/uploads\/2018\/09\/GIANNI-OSPEDALE-2.mp3\">http:\/\/www.radiopiu.net\/wordpress\/wp-content\/uploads\/2018\/09\/GIANNI-OSPEDALE-2.mp3<\/a><\/audio>\n<p>&nbsp;<\/p>\n<p>&nbsp;<\/p>\n<p>&nbsp;<\/p>\n<p>&nbsp;<\/p>\n<p>&nbsp;<\/p>\n<p>&nbsp;<\/p>\n<h1>RISTRUTTURAZIONE DEL PRONTO SOCCORSO<strong><a class=\"dt-pswp-item\" href=\"http:\/\/www.radiopiu.net\/wordpress\/wp-content\/uploads\/2017\/08\/Corsi-di-laurea-in-professioni-sanitarie.jpg\" data-dt-img-description=\"\" data-large_image_width=\"770\" data-large_image_height=\"400\"><img loading=\"lazy\" decoding=\"async\" class=\"size-medium wp-image-36060 alignleft\" src=\"http:\/\/www.radiopiu.net\/wordpress\/wp-content\/uploads\/2017\/08\/Corsi-di-laurea-in-professioni-sanitarie-300x156.jpg\" alt=\"\" width=\"300\" height=\"156\" \/><\/a><\/strong><\/h1>\n<p><strong>AGORDO<\/strong> Molto politico, senza dubbio, la tematica alla quale stiamo assistendo in questi giorni con i vari interventi dei sindaci dell&#8217;Agordino circa il contributo da 2,5 milioni dei fondi di confine vincolato &#8211; come richiesto dal gruppo sanit\u00e0 in seno all&#8217;Unione Montana Agordina &#8211; del rispetto delle schede ospedalieri, laboratorio anlisi compreso. Oggi ospitiamo un ulteriore intervento del sindaco di Rocca Pietore, Andrea De Bernardin e del sindaco di Livinallongo Leandro Grones.<br \/>\n<strong>ANDREA DE BERNARDIN<\/strong><\/p>\n<audio class=\"wp-audio-shortcode\" id=\"audio-60273-5\" preload=\"none\" style=\"width: 100%;\" controls=\"controls\"><source type=\"audio\/mpeg\" src=\"http:\/\/www.radiopiu.net\/wordpress\/wp-content\/uploads\/2018\/09\/ANDREA-RIPRESA-1.mp3?_=5\" \/><a href=\"http:\/\/www.radiopiu.net\/wordpress\/wp-content\/uploads\/2018\/09\/ANDREA-RIPRESA-1.mp3\">http:\/\/www.radiopiu.net\/wordpress\/wp-content\/uploads\/2018\/09\/ANDREA-RIPRESA-1.mp3<\/a><\/audio>\n<p><strong>LEANDRO GRONES<\/strong><\/p>\n<audio class=\"wp-audio-shortcode\" id=\"audio-60273-6\" preload=\"none\" style=\"width: 100%;\" controls=\"controls\"><source type=\"audio\/mpeg\" src=\"http:\/\/www.radiopiu.net\/wordpress\/wp-content\/uploads\/2018\/09\/LEANDRO-2.mp3?_=6\" \/><a href=\"http:\/\/www.radiopiu.net\/wordpress\/wp-content\/uploads\/2018\/09\/LEANDRO-2.mp3\">http:\/\/www.radiopiu.net\/wordpress\/wp-content\/uploads\/2018\/09\/LEANDRO-2.mp3<\/a><\/audio>\n<p>&nbsp;<\/p>\n<h1><\/h1>\n<p>&nbsp;<\/p>\n<p>&nbsp;<\/p>\n<p>&nbsp;<\/p>\n<h1>ECCOLI I CASSONETTI INTELLIGENTI<\/h1>\n<p><strong><a class=\"dt-pswp-item\" href=\"http:\/\/www.radiopiu.net\/wordpress\/wp-content\/uploads\/2018\/09\/IMG_20180910_122324.jpg\" data-dt-img-description=\"\" data-large_image_width=\"5054\" data-large_image_height=\"2884\"><img loading=\"lazy\" decoding=\"async\" class=\"size-medium wp-image-60287 alignleft\" src=\"http:\/\/www.radiopiu.net\/wordpress\/wp-content\/uploads\/2018\/09\/IMG_20180910_122324-300x171.jpg\" alt=\"\" width=\"300\" height=\"171\" srcset=\"https:\/\/www.radiopiu.net\/wordpress\/wp-content\/uploads\/2018\/09\/IMG_20180910_122324-300x171.jpg 300w, https:\/\/www.radiopiu.net\/wordpress\/wp-content\/uploads\/2018\/09\/IMG_20180910_122324-768x438.jpg 768w, https:\/\/www.radiopiu.net\/wordpress\/wp-content\/uploads\/2018\/09\/IMG_20180910_122324-1024x584.jpg 1024w\" sizes=\"auto, (max-width: 300px) 100vw, 300px\" \/><\/a><\/strong><\/p>\n<p>&nbsp;<\/p>\n<p>&nbsp;<\/p>\n<p>&nbsp;<\/p>\n<p><strong>FELTRE\u00a0<\/strong>\u00a0Un nuovo sistema di raccolta differenziata dei rifiuti solidi urbani, in linea con i principi della \u201cCircular Economy\u201d, volta a migliorare la qualit\u00e0 dei materiali conferiti con il supporto della tecnologia, e senza l\u2019impiego massiccio di nuove risorse umane, cos\u00ec come impone il fatto di un servizio in gestione diretta con il blocco del turnover. E\u2019 quello a cui sta lavorando l\u2019amministrazione comunale di Feltre, che ha presentato quest\u2019oggi i primi 50 cassonetti \u201cintelligenti\u201d per la raccolta della carta e del cartone. A breve ne arriveranno altrettanti per la raccolta della plastica. \u201cLa distribuzione inizier\u00e0 a brevissimo, sottolinea l\u2019assessore competente Adis Zatta&#8221;<\/p>\n<audio class=\"wp-audio-shortcode\" id=\"audio-60273-7\" preload=\"none\" style=\"width: 100%;\" controls=\"controls\"><source type=\"audio\/mpeg\" src=\"http:\/\/www.radiopiu.net\/wordpress\/wp-content\/uploads\/2018\/09\/ZATTA.mp3?_=7\" \/><a href=\"http:\/\/www.radiopiu.net\/wordpress\/wp-content\/uploads\/2018\/09\/ZATTA.mp3\">http:\/\/www.radiopiu.net\/wordpress\/wp-content\/uploads\/2018\/09\/ZATTA.mp3<\/a><\/audio>\n<p>L\u2019obiettivo \u00e8 migliorare la qualit\u00e0 dei materiali per rendere il livello degli stock conferiti adeguati alla richiesta del mercato e abbassare ulteriormente la tariffa applicata ai cittadini; \u00e8 necessaria per\u00f2 la collaborazione di tutti i feltrini, che hanno gi\u00e0 dimostrato di sapere raggiungere livelli di eccellenza nella quantit\u00e0 della differenziata. Il sistema sanzionatorio per chi non rispetta le regole c\u2019\u00e8 e, per raggiungere i risultati che ci siamo prefissati \u2013 lo faremo valere, conclude Zatta\u201d.\u00a0 L\u2019acquisto dei 100 nuovi cassonetti \u201cintelligenti\u201d, comprese le spese per la gestione elettronica dei dati tramite sim telefonica, \u00e8 costato circa 220 mila euro (al netto del ritiro dei contenitori di vecchia generazione che l\u2019azienda fornitrice ha valutato 500 euro ciascuno), gi\u00e0 finanziati alla fine dello scorso esercizio,<\/p>\n<p>&nbsp;<\/p>\n<p>&nbsp;<\/p>\n<p>&nbsp;<\/p>\n<p>&nbsp;<\/p>\n<p>&nbsp;<\/p>\n<h1>ANFAO E CERTOTTICA ENTRANO NEL TAVOLO TECNICO DEL DIGITAL INNOVATION HUB<\/h1>\n<p><strong><a class=\"dt-pswp-item\" href=\"http:\/\/www.radiopiu.net\/wordpress\/wp-content\/uploads\/2018\/01\/da-certottica-2-corsi-specialistici-richiesti-dalle-aziende_Platform_Optic.jpg\" data-dt-img-description=\"\" data-large_image_width=\"785\" data-large_image_height=\"454\"><img loading=\"lazy\" decoding=\"async\" class=\"size-medium wp-image-42612 alignleft\" src=\"http:\/\/www.radiopiu.net\/wordpress\/wp-content\/uploads\/2018\/01\/da-certottica-2-corsi-specialistici-richiesti-dalle-aziende_Platform_Optic-300x174.jpg\" alt=\"\" width=\"300\" height=\"174\" srcset=\"https:\/\/www.radiopiu.net\/wordpress\/wp-content\/uploads\/2018\/01\/da-certottica-2-corsi-specialistici-richiesti-dalle-aziende_Platform_Optic-300x174.jpg 300w, https:\/\/www.radiopiu.net\/wordpress\/wp-content\/uploads\/2018\/01\/da-certottica-2-corsi-specialistici-richiesti-dalle-aziende_Platform_Optic-768x444.jpg 768w, https:\/\/www.radiopiu.net\/wordpress\/wp-content\/uploads\/2018\/01\/da-certottica-2-corsi-specialistici-richiesti-dalle-aziende_Platform_Optic.jpg 785w\" sizes=\"auto, (max-width: 300px) 100vw, 300px\" \/><\/a>BELLUNO<\/strong> Anche ANFAO e Certottica sposano il progetto del DIGITAL INNOVATION HUB DOLOMITI, il polo di innovazione tecnologica attivato all\u2019interno dell\u2019Istituto Tecnico Negrelli, in collaborazione con la Provincia di Belluno, il Consorzio Bim Piave, il Comune di Feltre e l\u2019Universit\u00e0 di Trento, con l\u2019obiettivo di supportare le imprese e la pubblica amministrazione nella trasformazione digitale. Intanto prosegue l\u2019attivit\u00e0 del digital Innovation Hub, in particolare con le scuole. Nei giorni scorsi, all\u2019Istituto Tecnico Negrelli a Feltre, si \u00e8 svolto il primo confronto tra il Dirigente Scolastico, gli insegnati, l\u2019Universit\u00e0 di Trento e i componenti del Tavolo Tecnico coordinato da Confindustria Belluno Dolomiti per iniziare a condividere i percorsi formativi in base alle reali esigenze delle imprese, in linea con gli obiettivi del progetto.<\/p>\n<p>&nbsp;<\/p>\n<p>&nbsp;<\/p>\n<h1><\/h1>\n<h1><\/h1>\n<h1><\/h1>\n<p>&nbsp;<\/p>\n<h1>OLIMPIADI 2026 : \u201cOGGI VERTICE FONDAMENTALE\u201d<\/h1>\n<p><a class=\"dt-pswp-item\" href=\"http:\/\/www.radiopiu.net\/wordpress\/wp-content\/uploads\/2018\/09\/BOND.jpg\" data-dt-img-description=\"\" data-large_image_width=\"109\" data-large_image_height=\"160\"><img loading=\"lazy\" decoding=\"async\" class=\"size-full wp-image-59772 alignleft\" src=\"http:\/\/www.radiopiu.net\/wordpress\/wp-content\/uploads\/2018\/09\/BOND.jpg\" alt=\"\" width=\"109\" height=\"160\" \/><\/a><\/p>\n<p>&nbsp;<\/p>\n<p><strong>ROMA<\/strong> \u201cSi avvicina il momento della verit\u00e0 per le olimpiadi invernali 2026 e, dopo le aperture arrivate\u00a0 da Milano, l&#8217;incontro di oggi con Cortina e Torino diventa fondamentale\u201d: questo il commento di Dario Bond, deputato di Forza Italia, al termine dell&#8217;incontro a Palazzo Chigi tra il sottosegretario con delega allo sport, Giancarlo Giorgetti, il Sindaco di Milano e il Presidente della Regione Lombardia, e in attesa del vertice di oggi con la realt\u00e0 ampezzana, il capoluogo piemontese e i rispettivi rappresentanti regionali.<\/p>\n<audio class=\"wp-audio-shortcode\" id=\"audio-60273-8\" preload=\"none\" style=\"width: 100%;\" controls=\"controls\"><source type=\"audio\/mpeg\" src=\"http:\/\/www.radiopiu.net\/wordpress\/wp-content\/uploads\/2018\/09\/BOND.mp3?_=8\" \/><a href=\"http:\/\/www.radiopiu.net\/wordpress\/wp-content\/uploads\/2018\/09\/BOND.mp3\">http:\/\/www.radiopiu.net\/wordpress\/wp-content\/uploads\/2018\/09\/BOND.mp3<\/a><\/audio>\n<blockquote>\n<h1><\/h1>\n<\/blockquote>\n<p>&nbsp;<\/p>\n<h1><\/h1>\n<p>&nbsp;<\/p>\n<blockquote><p>&nbsp;<\/p><\/blockquote>\n<h1>CONTO 100 CANTO PACE, DOMANI SERA LA DIRETTA DIFFERITA DALLE 20.30<\/h1>\n<p><strong><a class=\"dt-pswp-item\" href=\"http:\/\/www.radiopiu.net\/wordpress\/wp-content\/uploads\/2018\/09\/41365713_10217770033669405_5398520144404152320_n.jpg\" data-dt-img-description=\"\" data-large_image_width=\"960\" data-large_image_height=\"540\"><img loading=\"lazy\" decoding=\"async\" class=\"size-medium wp-image-60174 alignleft\" src=\"http:\/\/www.radiopiu.net\/wordpress\/wp-content\/uploads\/2018\/09\/41365713_10217770033669405_5398520144404152320_n-300x169.jpg\" alt=\"\" width=\"300\" height=\"169\" srcset=\"https:\/\/www.radiopiu.net\/wordpress\/wp-content\/uploads\/2018\/09\/41365713_10217770033669405_5398520144404152320_n-300x169.jpg 300w, https:\/\/www.radiopiu.net\/wordpress\/wp-content\/uploads\/2018\/09\/41365713_10217770033669405_5398520144404152320_n-768x432.jpg 768w, https:\/\/www.radiopiu.net\/wordpress\/wp-content\/uploads\/2018\/09\/41365713_10217770033669405_5398520144404152320_n.jpg 960w\" sizes=\"auto, (max-width: 300px) 100vw, 300px\" \/><\/a><\/strong><\/p>\n<p>&nbsp;<\/p>\n<p><strong>AGORDO<\/strong> Domani sera dalle 20.30 con la collaborazione di Siro Lena e Stefano Santomaso Radio Pi\u00f9 trasmette la serata del Palaluxottica. In questo notiziario il servizio riassuntivo di Gianni Santomaso e le conclusioni di Roberta Conedera, direttore del Coro Agordo che con Asac ha proposto un appuntamento indimenticabile per tutto l&#8217;Agordino.<\/p>\n<p><strong>DI GIANNI SANTOMASO<\/strong><\/p>\n<audio class=\"wp-audio-shortcode\" id=\"audio-60273-9\" preload=\"none\" style=\"width: 100%;\" controls=\"controls\"><source type=\"audio\/mpeg\" src=\"http:\/\/www.radiopiu.net\/wordpress\/wp-content\/uploads\/2018\/09\/GIANNI-CONTO-CENTO.mp3?_=9\" \/><a href=\"http:\/\/www.radiopiu.net\/wordpress\/wp-content\/uploads\/2018\/09\/GIANNI-CONTO-CENTO.mp3\">http:\/\/www.radiopiu.net\/wordpress\/wp-content\/uploads\/2018\/09\/GIANNI-CONTO-CENTO.mp3<\/a><\/audio>\n<p><strong>ROBERTA CONEDERA\u00a0<\/strong><\/p>\n<audio class=\"wp-audio-shortcode\" id=\"audio-60273-10\" preload=\"none\" style=\"width: 100%;\" controls=\"controls\"><source type=\"audio\/mpeg\" src=\"http:\/\/www.radiopiu.net\/wordpress\/wp-content\/uploads\/2018\/09\/ROBERTA.mp3?_=10\" \/><a href=\"http:\/\/www.radiopiu.net\/wordpress\/wp-content\/uploads\/2018\/09\/ROBERTA.mp3\">http:\/\/www.radiopiu.net\/wordpress\/wp-content\/uploads\/2018\/09\/ROBERTA.mp3<\/a><\/audio>\n<h1><\/h1>\n<h1><\/h1>\n<p>&nbsp;<\/p>\n<blockquote><p>&nbsp;<\/p><\/blockquote>\n<h1><\/h1>\n<p>&nbsp;<\/p>\n<blockquote><p>&nbsp;<\/p><\/blockquote>\n<h1>IL NUOVO VOLUME CON IL PARCO<\/h1>\n<p><strong>FELTRE<\/strong> Il Comune di Belluno ha recentemente concesso in custodia all&#8217;Ente Parco Nazionale Dolomiti Bellunesi due erbari storici di sua proprieta&#8217;: l&#8217;Erbario Sandi, del XIX secolo e l&#8217;erbario di Francesco Caldart, che contiene campioni vegetali raccolti tra il 1921 e il 1969. Tale scelta nasce dall&#8217;opportunit\u00e0 di garantire alle collezioni botaniche un&#8217;adeguata conservazione presso il nuovo Museo Naturalistico Dolomiti Bellunesi appositamente realizzato dal Parco in piazza Piloni a Belluno. Per valorizzare le collezioni conservate il Parco ha deciso di pubblicare un volume con il catalogo dell&#8217;erbario Caldart. Il volume sara&#8217; presentato al Museo Naturalistico Dolomiti Bellunesi, in piazza Piloni a Belluno, sabato 15 settembre alle ore 18.00. In occasione della presentazione del volume il Museo restera&#8217; aperto per tutta la giornata<\/p>\n<p>&nbsp;<\/p>\n<p>&nbsp;<\/p>\n<p>&nbsp;<\/p>\n<p>&nbsp;<\/p>\n<p>&nbsp;<\/p>\n<h1>A PALAZZO BALBI LE LOCAZIONI TURISTICHE<\/h1>\n<p><strong><a class=\"dt-pswp-item\" href=\"http:\/\/www.radiopiu.net\/wordpress\/wp-content\/uploads\/2017\/12\/Caner-firma-Intesa-Fondo-Comuni-di-Confine.jpg\" data-dt-img-description=\"\" data-large_image_width=\"1024\" data-large_image_height=\"577\"><img loading=\"lazy\" decoding=\"async\" class=\" wp-image-39335 alignleft\" src=\"http:\/\/www.radiopiu.net\/wordpress\/wp-content\/uploads\/2017\/12\/Caner-firma-Intesa-Fondo-Comuni-di-Confine-300x169.jpg\" alt=\"\" width=\"211\" height=\"119\" \/><\/a>VENEZIA<\/strong> i contenuti del disegno di legge, appena licenziato dalla giunta regionale, con le nuove \u201cDisposizioni in materia di ricettivit\u00e0 turistica\u201d \u2013 con specifico riferimento alle locazioni turistiche &#8211; saranno presentati nel corso di una conferenza oggi, alle ore 11.30 a Palazzo Balbi (Dorsoduro, 3901) dall\u2019assessore al turismo Federico Caner. Le norme introducono, tra l\u2019altro, anche un codice identificativo per gli alloggi turistici.<\/p>\n<p>&nbsp;<\/p>\n<p>&nbsp;<\/p>\n<p>&nbsp;<\/p>\n<p>&nbsp;<\/p>\n<p>&nbsp;<\/p>\n<p>&nbsp;<\/p>\n<p>&nbsp;<\/p>\n<h1>COMMERCIO, LA QUALITA&#8217; DELLA VITA SECONDO D&#8217;INCA&#8217;<\/h1>\n<p>audio<\/p>\n<p>&nbsp;<\/p>\n<audio class=\"wp-audio-shortcode\" id=\"audio-60273-11\" preload=\"none\" style=\"width: 100%;\" controls=\"controls\"><source type=\"audio\/mpeg\" src=\"http:\/\/www.radiopiu.net\/wordpress\/wp-content\/uploads\/2018\/09\/FEDERICO-1.mp3?_=11\" \/><a href=\"http:\/\/www.radiopiu.net\/wordpress\/wp-content\/uploads\/2018\/09\/FEDERICO-1.mp3\">http:\/\/www.radiopiu.net\/wordpress\/wp-content\/uploads\/2018\/09\/FEDERICO-1.mp3<\/a><\/audio>\n<p>&nbsp;<\/p>\n<p><strong><a class=\"dt-pswp-item\" href=\"http:\/\/www.radiopiu.net\/wordpress\/wp-content\/uploads\/2018\/03\/DInc\u00e0-Agrimont-droni.jpg\" data-dt-img-description=\"\" data-large_image_width=\"1280\" data-large_image_height=\"960\"><img loading=\"lazy\" decoding=\"async\" class=\"size-medium wp-image-44982 alignleft\" src=\"http:\/\/www.radiopiu.net\/wordpress\/wp-content\/uploads\/2018\/03\/DInc\u00e0-Agrimont-droni-300x225.jpg\" alt=\"\" width=\"300\" height=\"225\" srcset=\"https:\/\/www.radiopiu.net\/wordpress\/wp-content\/uploads\/2018\/03\/DInc\u00e0-Agrimont-droni-300x225.jpg 300w, https:\/\/www.radiopiu.net\/wordpress\/wp-content\/uploads\/2018\/03\/DInc\u00e0-Agrimont-droni-768x576.jpg 768w, https:\/\/www.radiopiu.net\/wordpress\/wp-content\/uploads\/2018\/03\/DInc\u00e0-Agrimont-droni-1024x768.jpg 1024w, https:\/\/www.radiopiu.net\/wordpress\/wp-content\/uploads\/2018\/03\/DInc\u00e0-Agrimont-droni.jpg 1280w\" sizes=\"auto, (max-width: 300px) 100vw, 300px\" \/><\/a>ROMA<\/strong> La qualit\u00e0 della vita delle persone va messa al primo posto. Lo ricorda il parlamentare bellunese del Movimento 5 Stelle Federico D&#8217;Inc\u00e0, che commenta cos\u00ec le recenti polemiche sul progetto M5S di superamento delle liberalizzazioni di Monti: \u201cLa qualit\u00e0 della vita delle persone va messa al primo posto in questo frangente \u2013 dice D&#8217;Inc\u00e0 \u2013 con la chiusura dello sciagurato capitolo delle liberalizzazioni si andr\u00e0 proprio in questa direzione. I dipendenti e i negozianti potranno dedicare la domenica agli affetti e alla famiglia\u201d. \u201cInoltre \u2013 ricorda il parlamentare, che ricopre il ruolo di questore alla Camera \u2013 non ci saranno ripercussioni negative sui profitti. Chi si affanna oggi a paventare perdite di decine di migliaia di posti di lavoro, come i centri commerciali e la grande distribuzione, sta solo difendendo i propri interessi e non certo quelli dei lavoratori, delle famiglie e dei cittadini\u201d. \u201cAnche perch\u00e9 \u2013 conclude D&#8217;Inc\u00e0 \u2013 il progetto non prevede la chiusura totale di tutti i negozi, ma una turnazione. Ci sar\u00e0 sempre un posto dove fare la spesa, anche di domenica<\/p>\n<p>&nbsp;<\/p>\n<p>&nbsp;<\/p>\n<h1><\/h1>\n<h1><\/h1>\n<p>&nbsp;<\/p>\n<p>&nbsp;<\/p>\n<p>&nbsp;<\/p>\n<h1>POLIZIA DI STATO. OPERAZIONE AD ALTO IMPATTO \u201cESTATE SICURA\u201d<\/h1>\n\n\t\t\t<style type='text\/css'>\n\t\t\t\t#gallery-3 {\n\t\t\t\t\tmargin: auto;\n\t\t\t\t}\n\t\t\t\t#gallery-3 .gallery-item {\n\t\t\t\t\tfloat: left;\n\t\t\t\t\tmargin-top: 10px;\n\t\t\t\t\ttext-align: center;\n\t\t\t\t\twidth: 33%;\n\t\t\t\t}\n\t\t\t\t#gallery-3 img {\n\t\t\t\t\tborder: 2px solid #cfcfcf;\n\t\t\t\t}\n\t\t\t\t#gallery-3 .gallery-caption {\n\t\t\t\t\tmargin-left: 0;\n\t\t\t\t}\n\t\t\t\t\/* see gallery_shortcode() in wp-includes\/media.php *\/\n\t\t\t<\/style>\n\t\t<div id='gallery-3' class='dt-gallery-container gallery galleryid-60273 gallery-columns-3 gallery-size-thumbnail'><dl class='gallery-item'>\n\t\t\t\t<dt class='gallery-icon landscape'>\n\t\t\t\t\t<a class=\"rollover\" href='https:\/\/www.radiopiu.net\/wordpress\/?attachment_id=60260'><img loading=\"lazy\" decoding=\"async\" width=\"150\" height=\"150\" src=\"https:\/\/www.radiopiu.net\/wordpress\/wp-content\/uploads\/2018\/09\/POLIZIA-3-150x150.jpg\" class=\"attachment-thumbnail size-thumbnail\" alt=\"\" \/><\/a>\n\t\t\t\t<\/dt><\/dl><dl class='gallery-item'>\n\t\t\t\t<dt class='gallery-icon landscape'>\n\t\t\t\t\t<a class=\"rollover\" href='https:\/\/www.radiopiu.net\/wordpress\/?attachment_id=60259'><img loading=\"lazy\" decoding=\"async\" width=\"150\" height=\"150\" src=\"https:\/\/www.radiopiu.net\/wordpress\/wp-content\/uploads\/2018\/09\/POLIZIA-2-150x150.jpg\" class=\"attachment-thumbnail size-thumbnail\" alt=\"\" \/><\/a>\n\t\t\t\t<\/dt><\/dl><dl class='gallery-item'>\n\t\t\t\t<dt class='gallery-icon landscape'>\n\t\t\t\t\t<a class=\"rollover\" href='https:\/\/www.radiopiu.net\/wordpress\/?attachment_id=60258'><img loading=\"lazy\" decoding=\"async\" width=\"150\" height=\"150\" src=\"https:\/\/www.radiopiu.net\/wordpress\/wp-content\/uploads\/2018\/09\/POLIZIA-1-150x150.jpg\" class=\"attachment-thumbnail size-thumbnail\" alt=\"\" \/><\/a>\n\t\t\t\t<\/dt><\/dl><br style=\"clear: both\" \/>\n\t\t\t<\/div>\n\n<p><strong>BELLUNO<\/strong> Sono 4186 equipaggi, pari a 9765 operatori, quelli messi in campo dalla\u00a0Polizia di Stato\u00a0nell\u2019ambito dell\u2019operazione ad alto impatto denominata\u00a0&#8220;Estate Sicura 2018&#8221;, finalizzata in particolare a contrastare il fenomeno dei furti in abitazione. La fase conclusiva dell\u2019iniziativa \u00e8 andata in scena dal 4 al 6 settembre e ha coinvolto pi\u00f9 di venti citt\u00e0 italiane, coordinata dal Servizio Controllo del Territorio della Direzione Centrale Anticrimine del Dipartimento di Pubblica Sicurezza presso il Ministero dell\u2019Interno, con lo scopo, appunto, di aumentare i controlli nel periodo estivo, quando si acuisce il fenomeno dei furti in appartamento, specie nei capoluoghi di provincia che si spopolano e si ripropone l\u2019esigenza di una forte azione di contrasto ai reati predatori, intensificando i servizi di prevenzione e repressione.<\/p>\n<p><strong> I controlli nel bellunese. <\/strong><\/p>\n<p>Anche il\u00a0territorio bellunese\u00a0\u00e8 stato interessato con un importante sforzo da parte del Questore di Belluno che ha messo in campo 30 equipaggi, pari a un totale di 77 uomini delle Volanti, della Polizia Scientifica, e del Reparto Prevenzione Crimine di Padova. A sostegno del dispositivo anche equipaggi della Polizia Stradale della Sezione di Belluno e alcune pattuglie della Polizia Ferroviaria.\u00a0I controlli hanno avuto inizio alla mezzanotte del\u00a04 settembre\u00a0e si sono protratti fino a tarda notte del\u00a06 settembre. L\u2019attivit\u00e0 svolta ha consentito di identificare e controllare 214 persone, di cui 34 extracomunitarie e 61 pregiudicate.<\/p>\n<p><strong> L\u2019utilizzo del\u00a0&#8220;sistema mercurio&#8221;<\/strong>,<\/p>\n<p>Nuovo sistema tecnologico di lettura delle targhe, ha permesso di sottoporre all\u2019occhio elettronico 515 veicoli sui 763 complessivamente controllati, di questi ben 27 veicoli sono stati contravvenzionati ai sensi del Codice della Strada. Grazie al grande lavoro svolto dagli uomini delle Volanti sono stati segnalati all\u2019Autorit\u00e0 Giudiziaria anche tre\u00a0persone. Un uomo marted\u00ec \u00e8 stato denunciato per furto aggravato, mentre gioved\u00ec una coppia \u00e8 stata deferita per furto aggravato, possesso ingiustificato di arnesi atti allo scasso e di armi. L\u2019attivit\u00e0 di prevenzione e repressione dei reati prosegue tuttavia in maniera costante ed intensa soprattutto in questo particolare periodo dell\u2019anno che, insieme alla parentesi natalizia, vede l\u2019apice della presenza turistica in provincia.<\/p>\n<p>&nbsp;<\/p>\n<p>&nbsp;<\/p>\n<p>&nbsp;<\/p>\n<p>&nbsp;<\/p>\n<p>&nbsp;<\/p>\n<p>&nbsp;<\/p>\n<h1>STATO DI AGITAZIONE IN CARCERE<\/h1>\n<p><strong><a class=\"dt-pswp-item\" href=\"http:\/\/www.radiopiu.net\/wordpress\/wp-content\/uploads\/2016\/01\/carcere-bl.jpg\" data-dt-img-description=\"\" data-large_image_width=\"1600\" data-large_image_height=\"1067\"><img loading=\"lazy\" decoding=\"async\" class=\"size-medium wp-image-15619 alignleft\" src=\"http:\/\/www.radiopiu.net\/wordpress\/wp-content\/uploads\/2016\/01\/carcere-bl-300x200.jpg\" alt=\"\" width=\"300\" height=\"200\" \/><\/a>BELLUNO<\/strong> Alla Casa Circondariale di Belluno, proclamato lo stato di agitazione del personale di polizia penitenziaria, da ieri, gli agenti si asterranno dalla mensa obbligatoria di servizio come segno di protesta. Dopo quasi un anno di promesse da parte dell\u2019amministrazione penitenziaria in merito alla chiusura della sezione Articolazione per la Tutela della Salute Mentale del penitenziario bellunese &#8211; ultima fra tutte l\u2019impegno preso con l\u2019onorevole Luca De Carlo lo scorso giugno dal provveditore del Triveneto per una chiusura definitiva entro due mesi &#8211; e visti gli ultimi eventi critici che hanno messo a repentaglio l\u2019incolumit\u00e0 psicofisica del personale di polizia penitenziaria e civile, dove in un caso non si \u00e8 sfiorato il peggio solo grazie al sangue freddo e alla professionalit\u00e0 dei poliziotti in servizio, i sindacati di polizia penitenziaria hanno deciso di proclamare lo stato di agitazione e lo sciopero dei 90 agenti dalla mensa di servizio. \u201c\u00c8 inverosimile &#8211; affermano il segretario Fsa Cnpp Lavinia Roldo, il segretario provinciale del Sappe Luigi Pantusa, il segretario provinciale Cgil Fp Luisa Baschiera, Ii segretario provinciale Osapp Giuseppe Ongaro e Robert Da Re per la segreteria territoriale Cisl Fns Belluno Treviso -, l\u2019atteggiamento dell\u2019amministrazione penitenziaria, la quale a conoscenza dell\u2019inadeguatezza della struttura e della gestione traballante dei \u2018pazienti-detenuti\u2019, rimanga impassibile di fronte al disagio lavorativo dei poliziotti bellunesi. Altres\u00ec incomprensibile \u00e8 l\u2019atteggiamento della Sanit\u00e0 Veneta, che, consapevole delle condizioni dei ristretti presso la struttura bellunese, non si adoperi per una corretta e celere soluzione del caso. Gli agenti della Casa Circondariale di Belluno sono determinati e adotteranno ogni mezzo possibile per salvaguardare i propri diritti lavorativi\u201d.<\/p>\n<p>&nbsp;<\/p>\n<p>&nbsp;<\/p>\n<h1><\/h1>\n<p>&nbsp;<\/p>\n<p>&nbsp;<\/p>\n<p>&nbsp;<\/p>\n<h1>CACCIA: AMMESSO L\u2019USO DI RICHIAMI VIVI &#8211; ASSESSORE PAN, \u201cLA REGIONE VENETO RISPETTA PROTOCOLLO DI BIOSICUREZZA E TRACCIABILIT\u00c0\u201d<\/h1>\n<p><strong><a class=\"dt-pswp-item\" href=\"http:\/\/www.radiopiu.net\/wordpress\/wp-content\/uploads\/2017\/01\/1439544293-1343990265-cacciatori-italiani.jpg\" data-dt-img-description=\"\" data-large_image_width=\"448\" data-large_image_height=\"278\"><img loading=\"lazy\" decoding=\"async\" class=\"size-medium wp-image-27162 alignleft\" src=\"http:\/\/www.radiopiu.net\/wordpress\/wp-content\/uploads\/2017\/01\/1439544293-1343990265-cacciatori-italiani-300x186.jpg\" alt=\"\" width=\"300\" height=\"186\" \/><\/a>VENEZIA<\/strong> Nella stagione venatoria 2018-2019 i cacciatori in Veneto potranno tornare ad utilizzare i richiami vivi appartenenti agli Ordini Anseriformi e Caradriformi, noti anche come anatidi. La favorevole situazione epidemiologica relativa all\u2019influenza aviaria ha indotto la Commissione Europea ed il Ministero della Salute ad autorizzarne l\u2019utilizzo a supporto dell\u2019attivit\u00e0 venatoria, nel pieno rispetto di norme e prescrizioni di un rigoroso protocollo operativo adottato, sulla base delle indicazioni comunitarie, dall\u2019autorit\u00e0 nazionale competente, il Ministero della Salute. E\u2019 appunto lo stesso Ministero ad attestare l\u2019avvenuto e positivo superamento di una fase critica dell\u2019epidemia di influenza aviaria in ambito nazionale e, su questa base, ad avviare una nuova fase gestionale, orientata a una autorizzazione all\u2019utilizzo di questi richiami vivi. E ci\u00f2 anche tenendo in considerazione il fatto che proprio tale utilizzo assume il ruolo di elemento di puntuale monitoraggio della situazione epidemiologica sul territorio regionale. In questo quadro complessivo si inserisce quindi la delibera approvata oggi dalla Giunta regionale del Veneto, su proposta dell\u2019assessore alla Caccia, Giuseppe Pan, di concerto con l\u2019assessore alla sanit\u00e0, Luca Coletto.<\/p>\n<p>&nbsp;<\/p>\n<p>&nbsp;<\/p>\n<h1><\/h1>\n<h1><\/h1>\n<p>&nbsp;<\/p>\n<h1>SCONFITTA ROMANA PER I CACCIATORI<\/h1>\n<div class=\"entry\">\n<div id=\"attachment_72596\" class=\"wp-caption alignleft\">\n<p><a href=\"http:\/\/www.bellunopress.it\/2015\/10\/21\/erbicida-glifosato-zanoni-pd-dalla-giunta-veneta-una-risposta-poco-soddisfacente\/zanoni\/\" rel=\"attachment wp-att-72596\"><img loading=\"lazy\" decoding=\"async\" class=\"size-full wp-image-72596\" src=\"http:\/\/www.bellunopress.it\/wp-content\/uploads\/2015\/10\/Zanoni.jpg\" alt=\"\" width=\"156\" height=\"180\" \/><\/a><\/p>\n<\/div>\n<p><strong>VENEZIA\u00a0<\/strong> \u00a0\u201cLa decisione del Governo di bocciare le leggi delle Province autonome di Trento e Bolzano che autorizzavano la cattura e l\u2019uccisione dei lupi e degli orsi era dovuta e scontata. Mi auguro che il precedente sia da monito\u201d. Questo il giudizio espresso dal consigliere del Partito Democratico Andrea Zanoni, presidente a Palazzo Ferro Fini dell\u2019Intergruppo per il benessere e la conservazione degli animali e della natura. \u201cL\u2019impugnazione di leggi regionali che violano norme statali, fatte solo per compiacere le lobby dei cacciatori, era inevitabile e in Veneto ne sappiamo qualcosa. Adesso nella Conferenza Stato e Regioni si approvi un piano per la gestione del lupo che risponda pienamente all\u2019esigenza di proteggere questi animali, tutelando nel contempo con metodi intelligenti l\u2019economia montana. Basterebbe dotare i malgari di cani addestrati per risolvere finalmente il problema delle predazioni cos\u00ec come testimoniato direttamente da pi\u00f9 un allevatore\u201d, ribadisce il consigliere del PD. \u201cNessuno pensi di abbattere lupi e orsi impunemente. I consiglieri di maggioranza, come Ciambetti, Finco e Berlato (in tutto 14 su 50), che hanno proposto anche in Veneto questa legge obbrobriosa, se ne facciano una ragione. Farebbero meglio a ritirarla per evitare brutte figure e non far perdere ore di lavoro alle Commissioni e al Consiglio regionale. Il provvedimento farebbe la stessa fine di quelli di Trento e Bolzano, \u00e8 scontato\u201d. Infine il consigliere democratico plaude all\u2019azione del ministro dell\u2019Ambiente Costa: \u201cHa fatto il suo dovere ricordando a tutti che gli animali selvatici sono un patrimonio nazionale e che la gestione di specie minacciate e tutelate a livello comunitario non pu\u00f2 dipendere da interessi di pochi e di qualche lobby\u201d.<\/p>\n<h4>FOTO: ZANONI- BELLUNOPRESS<\/h4>\n<\/div>\n<p>&nbsp;<\/p>\n<p>&nbsp;<\/p>\n<p>&nbsp;<\/p>\n<p>&nbsp;<\/p>\n<h1>LA MESSA NEL RICORDO DEI NOSTRI GIOVANI,<\/h1>\n<p><strong><a class=\"dt-pswp-item\" href=\"http:\/\/www.radiopiu.net\/wordpress\/wp-content\/uploads\/2017\/07\/genitorisempre.png\" data-dt-img-description=\"\" data-large_image_width=\"300\" data-large_image_height=\"85\"><img loading=\"lazy\" decoding=\"async\" class=\"size-medium wp-image-34056 alignleft\" src=\"http:\/\/www.radiopiu.net\/wordpress\/wp-content\/uploads\/2017\/07\/genitorisempre-300x85.png\" alt=\"\" width=\"300\" height=\"85\" \/><\/a>AGORDO<\/strong> Partecipata messa nel ricordo dei figli prematuramente scomparsi domenica sera nell&#8217;Arcidiaconale. Per il secondo anno con Genitori Sempre<\/p>\n<p>&nbsp;<\/p>\n<p><strong>di Gianni Santomaso<\/strong><\/p>\n<audio class=\"wp-audio-shortcode\" id=\"audio-60273-12\" preload=\"none\" style=\"width: 100%;\" controls=\"controls\"><source type=\"audio\/mpeg\" src=\"http:\/\/www.radiopiu.net\/wordpress\/wp-content\/uploads\/2018\/09\/GIANNI-GENITORI.mp3?_=12\" \/><a href=\"http:\/\/www.radiopiu.net\/wordpress\/wp-content\/uploads\/2018\/09\/GIANNI-GENITORI.mp3\">http:\/\/www.radiopiu.net\/wordpress\/wp-content\/uploads\/2018\/09\/GIANNI-GENITORI.mp3<\/a><\/audio>\n<p>&nbsp;<\/p>\n<p>&nbsp;<\/p>\n<p>&nbsp;<\/p>\n<p>&nbsp;<\/p>\n<p>&nbsp;<\/p>\n<p>&nbsp;<\/p>\n<h1>AL VIA I MERCOLEDI DELLA SALUTE<\/h1>\n<p><strong><a class=\"dt-pswp-item\" href=\"http:\/\/www.radiopiu.net\/wordpress\/wp-content\/uploads\/2018\/07\/ospedale-feltre.jpg\" data-dt-img-description=\"\" data-large_image_width=\"798\" data-large_image_height=\"457\"><img loading=\"lazy\" decoding=\"async\" class=\"size-medium wp-image-53812 alignleft\" src=\"http:\/\/www.radiopiu.net\/wordpress\/wp-content\/uploads\/2018\/07\/ospedale-feltre-300x172.jpg\" alt=\"\" width=\"300\" height=\"172\" srcset=\"https:\/\/www.radiopiu.net\/wordpress\/wp-content\/uploads\/2018\/07\/ospedale-feltre-300x172.jpg 300w, https:\/\/www.radiopiu.net\/wordpress\/wp-content\/uploads\/2018\/07\/ospedale-feltre-768x440.jpg 768w, https:\/\/www.radiopiu.net\/wordpress\/wp-content\/uploads\/2018\/07\/ospedale-feltre.jpg 798w\" sizes=\"auto, (max-width: 300px) 100vw, 300px\" \/><\/a>FELTRE<\/strong>. Riparte il ciclo di incontri \u201cUlss Dolomiti incontra. I mercoled\u00ec della salute\u201d, la serie di serate organizzate dall\u2019Ulss Dolomiti e rivolte alla cittadinanza per approfondire tematiche legate alla promozione della salute, alla prevenzione e alla cura delle malattie e ad aspetti di bioetica o di attualit\u00e0 in ambito socio sanitario. Domani alle 18 nella sala convegni dell\u2019ospedale di Feltre si parler\u00e0 di come tenere allenato il cervello con la neurologa Roberta Padoan del Centro Decadimento Cognitivo e Demenze. L\u2019incontro ha l\u2019obiettivo di dare delle strategie utili a prevenire il declino cognitivo e degli strumenti per riconoscerne precocemente i sintomi e si inserisce in una serie di attivit\u00e0 organizzate dall\u2019Ulss Dolomiti in occasione del mese dedicato alla demenza. Da gennaio a giugno 2018 per il ciclo \u201cMercoled\u00ec della salute\u201d sono stati effettuati a Feltre 20 incontri che hanno coinvolto circa 2000 persone. Gli incontri pi\u00f9 partecipati sono stati quelli dedicati alle zecche, all\u2019alimentazione equilibrata, all\u2019esercizio fisico per il cuore. Per settembre 2018, dopo la serata dedicata al cervello, mercoled\u00ec 19 si parler\u00e0 di \u201cMarmellate: preparazione e conservazione\u201d con il dott. Oscar Cora del Dipartimento di Prevenzione, e mercoled\u00ec 26 settembre si affronter\u00e0 il tema della chirurgia generale nell\u2019era dell\u2019iperspecialit\u00e0: la centralit\u00e0 della persona assistita con il nuovo direttore della chirurgia di Feltre Umberto Montin.<\/p>\n<p>&nbsp;<\/p>\n<p>&nbsp;<\/p>\n<h1><\/h1>\n<h1><\/h1>\n<h1><\/h1>\n<p>&nbsp;<\/p>\n<h1>IN 20 MILA ALLO STREET FOOD<\/h1>\n<p><strong><a class=\"dt-pswp-item\" href=\"http:\/\/www.radiopiu.net\/wordpress\/wp-content\/uploads\/2018\/09\/IMG_20180908_195320.jpg\" data-dt-img-description=\"\" data-large_image_width=\"5142\" data-large_image_height=\"2920\"><img loading=\"lazy\" decoding=\"async\" class=\"size-medium wp-image-60239 alignleft\" src=\"http:\/\/www.radiopiu.net\/wordpress\/wp-content\/uploads\/2018\/09\/IMG_20180908_195320-300x170.jpg\" alt=\"\" width=\"300\" height=\"170\" srcset=\"https:\/\/www.radiopiu.net\/wordpress\/wp-content\/uploads\/2018\/09\/IMG_20180908_195320-300x170.jpg 300w, https:\/\/www.radiopiu.net\/wordpress\/wp-content\/uploads\/2018\/09\/IMG_20180908_195320-768x436.jpg 768w, https:\/\/www.radiopiu.net\/wordpress\/wp-content\/uploads\/2018\/09\/IMG_20180908_195320-1024x582.jpg 1024w\" sizes=\"auto, (max-width: 300px) 100vw, 300px\" \/><\/a>FELTRE<\/strong> La lunga estate feltrina (quanto meno sul piano delle manifestazioni e delle proposte per cittadini e visitatori) si impreziosisce di un altro week end da record. Sono infatti circa 20 mila le presenze contate in citt\u00e0 per lo Street Food che ha animato l&#8217;intero fine settimana: la proposta dei 15 camioncini con le specialit\u00e0 gastronomiche del territorio, accompagnati da spettacoli di cabaret, giocoleria e dalle band musicali ha fatto segnare il \u201ctutto esaurito\u201d. Se i food truck presenti all&#8217;inizio di via Roma sono stati presi a tratti letteralmente d&#8217;assalto, grandissimo successo hanno infatti riscontrato anche le proposte legate ai giochi dislocati in Largo Castaldi, dove a fermarsi non sono stati soltanto&#8230;i pi\u00f9 piccoli. La manifestazione ha infatti trovato l&#8217;apprezzamento generale e trasversale di giovani, adulti e famiglie, riunendo sotto il sole settembrino e durante le sere ancora tiepide tutte le generazioni.<br \/>\nLa giornata di domenica \u00e8 stata poi impreziosita dal ritorno del mercatino dei sapori e dei saperi in piazzetta Trento e Trieste, oltre che dal tradizionale appuntamento con la Fiera dell&#8217;oggetto ritrovato in Piazza Maggiore. Senza contare che la citt\u00e0 \u00e8 stata animata da un&#8217;altra serie di importanti iniziative, tra cui la Pedala Feltre \u2013 oltre 500 i partecipanti alla manifestazione organizzata dal CSI -, la festa per i 60 anni del Gruppo Alpini di Farra, gli appuntamenti culturali nel centro storico. \u201cLa risposta del pubblico conferma ancora un volta che Feltre \u00e8 una citt\u00e0 estremamente viva e la programmazione di eventi come lo Street Food rappresenta un \u201cplus\u201d per l&#8217;offerta verso cittadini e visitatori. Si sono viste in centro moltissime persone giunte da fuori, da tutta la provincia ma non solo, per prendere parte agli eventi in programma: un&#8217;occasione di promozione, ma anche di business, che ci conferma come questa sia la strada giusta; sta a noi tutti saper cogliere le opportunit\u00e0\u201d, commenta l&#8217;assessore alle attivit\u00e0 produttive e alle politiche della famiglia Debora Nicoletto, presente con uno stand alla Pedala Feltre per presentare le caratteristiche del Progetto Family. \u201cNon possiamo che essere soddisfatti della risposta ottenuta; \u00e8 stato un week end davvero da record, sotto tanti punti di vista\u201d, le fa eco l&#8217;assessore allo sport e alle manifestazioni Anna Maria Rossi. \u201cIl meteo questa volta ci \u00e8 stato amico. Grazie a tutti coloro che hanno lavorato a vario titolo per la buona riuscita degli eventi\u201d.<\/p>\n<p>&nbsp;<\/p>\n<p>&nbsp;<\/p>\n<p>&nbsp;<\/p>\n<p>&nbsp;<\/p>\n<p>&nbsp;<\/p>\n<p>&nbsp;<\/p>\n<h1>LA PASSEGGIATA SOLIDALE NEL RICORDO DI SONIA<\/h1>\n<p><span style=\"color: #ff0000;\">CLICCA PER INGRANDIRE E LEGGERE LE INFO<\/span><\/p>\n\n\t\t\t<style type='text\/css'>\n\t\t\t\t#gallery-4 {\n\t\t\t\t\tmargin: auto;\n\t\t\t\t}\n\t\t\t\t#gallery-4 .gallery-item {\n\t\t\t\t\tfloat: left;\n\t\t\t\t\tmargin-top: 10px;\n\t\t\t\t\ttext-align: center;\n\t\t\t\t\twidth: 33%;\n\t\t\t\t}\n\t\t\t\t#gallery-4 img {\n\t\t\t\t\tborder: 2px solid #cfcfcf;\n\t\t\t\t}\n\t\t\t\t#gallery-4 .gallery-caption {\n\t\t\t\t\tmargin-left: 0;\n\t\t\t\t}\n\t\t\t\t\/* see gallery_shortcode() in wp-includes\/media.php *\/\n\t\t\t<\/style>\n\t\t<div id='gallery-4' class='dt-gallery-container gallery galleryid-60273 gallery-columns-3 gallery-size-thumbnail'><dl class='gallery-item'>\n\t\t\t\t<dt class='gallery-icon landscape'>\n\t\t\t\t\t<a class=\"rollover\" href='https:\/\/www.radiopiu.net\/wordpress\/giornale-radiopiu-11-settembre-2018-direttore-mirko-mezzacasa\/img_20180712_154126\/'><img loading=\"lazy\" decoding=\"async\" width=\"150\" height=\"150\" src=\"https:\/\/www.radiopiu.net\/wordpress\/wp-content\/uploads\/2018\/09\/IMG_20180712_154126-150x150.png\" class=\"attachment-thumbnail size-thumbnail\" alt=\"\" srcset=\"https:\/\/www.radiopiu.net\/wordpress\/wp-content\/uploads\/2018\/09\/IMG_20180712_154126-150x150.png 150w, https:\/\/www.radiopiu.net\/wordpress\/wp-content\/uploads\/2018\/09\/IMG_20180712_154126-300x300.png 300w, https:\/\/www.radiopiu.net\/wordpress\/wp-content\/uploads\/2018\/09\/IMG_20180712_154126-768x764.png 768w, https:\/\/www.radiopiu.net\/wordpress\/wp-content\/uploads\/2018\/09\/IMG_20180712_154126-1024x1019.png 1024w, https:\/\/www.radiopiu.net\/wordpress\/wp-content\/uploads\/2018\/09\/IMG_20180712_154126.png 1032w\" sizes=\"auto, (max-width: 150px) 100vw, 150px\" \/><\/a>\n\t\t\t\t<\/dt><\/dl><dl class='gallery-item'>\n\t\t\t\t<dt class='gallery-icon landscape'>\n\t\t\t\t\t<a class=\"rollover\" href='https:\/\/www.radiopiu.net\/wordpress\/giornale-radiopiu-11-settembre-2018-direttore-mirko-mezzacasa\/img-20180711-wa0007\/'><img loading=\"lazy\" decoding=\"async\" width=\"150\" height=\"150\" src=\"https:\/\/www.radiopiu.net\/wordpress\/wp-content\/uploads\/2018\/09\/IMG-20180711-WA0007-150x150.jpg\" class=\"attachment-thumbnail size-thumbnail\" alt=\"\" srcset=\"https:\/\/www.radiopiu.net\/wordpress\/wp-content\/uploads\/2018\/09\/IMG-20180711-WA0007-150x150.jpg 150w, https:\/\/www.radiopiu.net\/wordpress\/wp-content\/uploads\/2018\/09\/IMG-20180711-WA0007-300x300.jpg 300w, https:\/\/www.radiopiu.net\/wordpress\/wp-content\/uploads\/2018\/09\/IMG-20180711-WA0007.jpg 591w\" sizes=\"auto, (max-width: 150px) 100vw, 150px\" \/><\/a>\n\t\t\t\t<\/dt><\/dl>\n\t\t\t\t<br style='clear: both' \/>\n\t\t\t<\/div>\n\n<p><a class=\"dt-pswp-item\" href=\"http:\/\/www.radiopiu.net\/wordpress\/wp-content\/uploads\/2018\/09\/WhatsApp-Image-2018-09-10-at-20.40.42.jpeg\" data-dt-img-description=\"\" data-large_image_width=\"800\" data-large_image_height=\"1600\"><img loading=\"lazy\" decoding=\"async\" class=\"size-medium wp-image-60295 alignleft\" src=\"http:\/\/www.radiopiu.net\/wordpress\/wp-content\/uploads\/2018\/09\/WhatsApp-Image-2018-09-10-at-20.40.42-150x300.jpeg\" alt=\"\" width=\"150\" height=\"300\" srcset=\"https:\/\/www.radiopiu.net\/wordpress\/wp-content\/uploads\/2018\/09\/WhatsApp-Image-2018-09-10-at-20.40.42-150x300.jpeg 150w, https:\/\/www.radiopiu.net\/wordpress\/wp-content\/uploads\/2018\/09\/WhatsApp-Image-2018-09-10-at-20.40.42-768x1536.jpeg 768w, https:\/\/www.radiopiu.net\/wordpress\/wp-content\/uploads\/2018\/09\/WhatsApp-Image-2018-09-10-at-20.40.42-512x1024.jpeg 512w, https:\/\/www.radiopiu.net\/wordpress\/wp-content\/uploads\/2018\/09\/WhatsApp-Image-2018-09-10-at-20.40.42.jpeg 800w\" sizes=\"auto, (max-width: 150px) 100vw, 150px\" \/><\/a><\/p>\n<p>&nbsp;<\/p>\n<p>&nbsp;<\/p>\n<p>&nbsp;<\/p>\n<p>&nbsp;<\/p>\n<p>&nbsp;<\/p>\n<p>&nbsp;<\/p>\n<p>Il cuore tra le mani \u00e8 un evento di Aisla belluno che nasce nel 2013 da un idea di Luana Gorza.\u00a0 Nei primi anni\u00a0 si \u00e8 svolto\u00a0a Feltre in collaborazione con l&#8217;Associazione Mano Amica, ma dall&#8217;anno 2017 nasce la collaborazione con i ragazzi di &#8220;Dona 1 sorriso&#8221; e cos\u00ec ecco &#8220;Dona 1 sorriso con il cuore tra le mani&#8221;. Quest&#8217;anno vista la prematura scomparsa di Sonia Menel, socia di Aisla, \u00e8\u00a0 stato deciso di dedicarle e associare questa camminata a lei. Tutto il ricavato verr\u00e0 devoluto alle due associazioni Aisla Belluno e Dona 1 sorriso. In programma anche un concerto al Teatro Comunale con Eugenio Finardi<\/p>\n<p><strong>AI MICROFONI DI RADIO PIU&#8217; IL REFERENTE PROVINCIALE AISLA LUCIANO TULIMIERO<\/strong><\/p>\n<audio class=\"wp-audio-shortcode\" id=\"audio-60273-13\" preload=\"none\" style=\"width: 100%;\" controls=\"controls\"><source type=\"audio\/mpeg\" src=\"http:\/\/www.radiopiu.net\/wordpress\/wp-content\/uploads\/2018\/09\/LUCIANO.mp3?_=13\" \/><a href=\"http:\/\/www.radiopiu.net\/wordpress\/wp-content\/uploads\/2018\/09\/LUCIANO.mp3\">http:\/\/www.radiopiu.net\/wordpress\/wp-content\/uploads\/2018\/09\/LUCIANO.mp3<\/a><\/audio>\n<p>&nbsp;<\/p>\n<p>&nbsp;<\/p>\n<p>&nbsp;<\/p>\n<p>&nbsp;<\/p>\n<p>&nbsp;<\/p>\n<p>&nbsp;<\/p>\n<h1>RICORDI DA PONTE NELLE ALPI<\/h1>\n<p>CLICCA PER INGRANDIRE<\/p>\n\n\t\t\t<style type='text\/css'>\n\t\t\t\t#gallery-5 {\n\t\t\t\t\tmargin: auto;\n\t\t\t\t}\n\t\t\t\t#gallery-5 .gallery-item {\n\t\t\t\t\tfloat: left;\n\t\t\t\t\tmargin-top: 10px;\n\t\t\t\t\ttext-align: center;\n\t\t\t\t\twidth: 33%;\n\t\t\t\t}\n\t\t\t\t#gallery-5 img {\n\t\t\t\t\tborder: 2px solid #cfcfcf;\n\t\t\t\t}\n\t\t\t\t#gallery-5 .gallery-caption {\n\t\t\t\t\tmargin-left: 0;\n\t\t\t\t}\n\t\t\t\t\/* see gallery_shortcode() in wp-includes\/media.php *\/\n\t\t\t<\/style>\n\t\t<div id='gallery-5' class='dt-gallery-container gallery galleryid-60273 gallery-columns-3 gallery-size-thumbnail'><dl class='gallery-item'>\n\t\t\t\t<dt class='gallery-icon portrait'>\n\t\t\t\t\t<a class=\"rollover\" href='https:\/\/www.radiopiu.net\/wordpress\/?attachment_id=60270'><img loading=\"lazy\" decoding=\"async\" width=\"150\" height=\"150\" src=\"https:\/\/www.radiopiu.net\/wordpress\/wp-content\/uploads\/2018\/09\/40895903_670351706683477_8591120960751403008_n-150x150.jpg\" class=\"attachment-thumbnail size-thumbnail\" alt=\"\" \/><\/a>\n\t\t\t\t<\/dt><\/dl>\n\t\t\t\t<br style='clear: both' \/>\n\t\t\t<\/div>\n\n<p>&nbsp;<\/p>\n<p><strong>RONCAN E CORNOLADE<\/strong> Il Circolo Il Burcio organizza le serate al Burcio per vivere meglio il territorio. Venerdi alle 20.30 Una storia di eventi: le Universiadi del 1985. Alle 20.30 apertura serata con Nicola Balcon presidente della frazione di Roncan e Cornolade, alle 20.40 relazione di Giovanni Viel &#8220;Il nostro territorio, una storia di eventi&#8221;. Ingresso Libero.<\/p>\n<p>&nbsp;<\/p>\n<p>&nbsp;<\/p>\n<p>&nbsp;<\/p>\n<p>&nbsp;<\/p>\n<p>&nbsp;<\/p>\n<p>&nbsp;<\/p>\n<p>&nbsp;<\/p>\n<p>&nbsp;<\/p>\n<h1>TEMPO DI RODEDENDRI<\/h1>\n<p>clicca per ingrandire<\/p>\n\n\t\t\t<style type='text\/css'>\n\t\t\t\t#gallery-6 {\n\t\t\t\t\tmargin: auto;\n\t\t\t\t}\n\t\t\t\t#gallery-6 .gallery-item {\n\t\t\t\t\tfloat: left;\n\t\t\t\t\tmargin-top: 10px;\n\t\t\t\t\ttext-align: center;\n\t\t\t\t\twidth: 33%;\n\t\t\t\t}\n\t\t\t\t#gallery-6 img {\n\t\t\t\t\tborder: 2px solid #cfcfcf;\n\t\t\t\t}\n\t\t\t\t#gallery-6 .gallery-caption {\n\t\t\t\t\tmargin-left: 0;\n\t\t\t\t}\n\t\t\t\t\/* see gallery_shortcode() in wp-includes\/media.php *\/\n\t\t\t<\/style>\n\t\t<div id='gallery-6' class='dt-gallery-container gallery galleryid-60273 gallery-columns-3 gallery-size-thumbnail'><dl class='gallery-item'>\n\t\t\t\t<dt class='gallery-icon portrait'>\n\t\t\t\t\t<a class=\"rollover\" href='https:\/\/www.radiopiu.net\/wordpress\/giornale-radiopiu-11-settembre-2018-direttore-mirko-mezzacasa\/whatsapp-image-2018-09-10-at-09-58-02-2\/'><img loading=\"lazy\" decoding=\"async\" width=\"150\" height=\"150\" src=\"https:\/\/www.radiopiu.net\/wordpress\/wp-content\/uploads\/2018\/09\/WhatsApp-Image-2018-09-10-at-09.58.02-1-150x150.jpeg\" class=\"attachment-thumbnail size-thumbnail\" alt=\"\" \/><\/a>\n\t\t\t\t<\/dt><\/dl>\n\t\t\t\t<br style='clear: both' \/>\n\t\t\t<\/div>\n\n<p><strong>VALLADA Domenica alle 18 a San Simon di Vallada lo scrittore Vincenzo Agostini presenta il monologo in musica di una storia del 2492. Accompagnamento al violino di Svetlana Pletneva.<\/strong><\/p>\n<p>Vincenzo Agostini<\/p>\n<audio class=\"wp-audio-shortcode\" id=\"audio-60273-14\" preload=\"none\" style=\"width: 100%;\" controls=\"controls\"><source type=\"audio\/mpeg\" src=\"http:\/\/www.radiopiu.net\/wordpress\/wp-content\/uploads\/2018\/09\/VINCENZO-1.mp3?_=14\" \/><a href=\"http:\/\/www.radiopiu.net\/wordpress\/wp-content\/uploads\/2018\/09\/VINCENZO-1.mp3\">http:\/\/www.radiopiu.net\/wordpress\/wp-content\/uploads\/2018\/09\/VINCENZO-1.mp3<\/a><\/audio>\n<blockquote>\n<h1><\/h1>\n<\/blockquote>\n<h1><\/h1>\n<p>&nbsp;<\/p>\n<p>&nbsp;<\/p>\n<p>&nbsp;<\/p>\n<blockquote><p>&nbsp;<\/p>\n<p>DOMANI SERA DALLE 20.10 RADIO PIU TRASMETTE &#8220;CONTO 100 CANTO PACE&#8221; L&#8217;INTERA SERATA DEL PALALUXOTTICA, DIRETTA DIFFERITA, COLLABORAZIONE SIRO LENA-STEFANO SANTOMASO<\/p><\/blockquote>\n<h1><\/h1>\n<p>&nbsp;<\/p>\n<p>&nbsp;<\/p>\n<p>&nbsp;<\/p>\n<blockquote><p>&nbsp;<\/p><\/blockquote>\n<h1>\u00a0HOCKEY, IL FASSA TORNA AL DE TONI<\/h1>\n<p><a class=\"dt-pswp-item\" href=\"http:\/\/www.radiopiu.net\/wordpress\/wp-content\/uploads\/2018\/09\/41431386_2254943071187312_5792576693663170560_n.jpg\" data-dt-img-description=\"\" data-large_image_width=\"280\" data-large_image_height=\"373\"><img loading=\"lazy\" decoding=\"async\" class=\" wp-image-60296 alignleft\" src=\"http:\/\/www.radiopiu.net\/wordpress\/wp-content\/uploads\/2018\/09\/41431386_2254943071187312_5792576693663170560_n-225x300.jpg\" alt=\"\" width=\"140\" height=\"187\" srcset=\"https:\/\/www.radiopiu.net\/wordpress\/wp-content\/uploads\/2018\/09\/41431386_2254943071187312_5792576693663170560_n-225x300.jpg 225w, https:\/\/www.radiopiu.net\/wordpress\/wp-content\/uploads\/2018\/09\/41431386_2254943071187312_5792576693663170560_n.jpg 280w\" sizes=\"auto, (max-width: 140px) 100vw, 140px\" \/><\/a><\/p>\n<p>&nbsp;<\/p>\n<p>Questa sera ad Alleghe\u00a0nuova amichevole con un club di Ahl, l&#8217;amichevole Alleghe-Fassa \u00e8 in programma alle 20. Juhani Matikainen il coach che ha conseguito il master in coaching al Cruyff Institute di Amsterdam questa sera guida la Under 19 nel primo impegno con il Brunico in Pusteria<\/p>\n<p>dalla pagina facebook dell&#8217;Alleghe Hockey<\/p>\n<p><strong><em>Siamo orgogliosi che il nostro coach della 19 Juhani Matikainen abbia conseguito il master in Coaching al Cruyff Institute di Amsterdam. Complimenti!<\/em><\/strong><br \/>\n<strong><em>A Juhani ai ragazzi 19 a tutto lo staff un grosso in bocca al lupo per l&#8217;inizio della stagione hockeystica 2018\/19.<\/em><\/strong><\/p>\n<p>DI MARCO GAZ<\/p>\n<audio class=\"wp-audio-shortcode\" id=\"audio-60273-15\" preload=\"none\" style=\"width: 100%;\" controls=\"controls\"><source type=\"audio\/mpeg\" src=\"http:\/\/www.radiopiu.net\/wordpress\/wp-content\/uploads\/2018\/09\/gr-11-alleghe-hockey.mp3?_=15\" \/><a href=\"http:\/\/www.radiopiu.net\/wordpress\/wp-content\/uploads\/2018\/09\/gr-11-alleghe-hockey.mp3\">http:\/\/www.radiopiu.net\/wordpress\/wp-content\/uploads\/2018\/09\/gr-11-alleghe-hockey.mp3<\/a><\/audio>\n<h1><\/h1>\n<h1><\/h1>\n<h1><\/h1>\n<h1><\/h1>\n<h1><\/h1>\n<h1>3 ORI, 4 ARGENTI, 12 BRONZI PER IL CSI BELLUNO<\/h1>\n\n\t\t\t<style type='text\/css'>\n\t\t\t\t#gallery-7 {\n\t\t\t\t\tmargin: auto;\n\t\t\t\t}\n\t\t\t\t#gallery-7 .gallery-item {\n\t\t\t\t\tfloat: left;\n\t\t\t\t\tmargin-top: 10px;\n\t\t\t\t\ttext-align: center;\n\t\t\t\t\twidth: 33%;\n\t\t\t\t}\n\t\t\t\t#gallery-7 img {\n\t\t\t\t\tborder: 2px solid #cfcfcf;\n\t\t\t\t}\n\t\t\t\t#gallery-7 .gallery-caption {\n\t\t\t\t\tmargin-left: 0;\n\t\t\t\t}\n\t\t\t\t\/* see gallery_shortcode() in wp-includes\/media.php *\/\n\t\t\t<\/style>\n\t\t<div id='gallery-7' class='dt-gallery-container gallery galleryid-60273 gallery-columns-3 gallery-size-thumbnail'><dl class='gallery-item'>\n\t\t\t\t<dt class='gallery-icon landscape'>\n\t\t\t\t\t<a class=\"rollover\" href='https:\/\/www.radiopiu.net\/wordpress\/?attachment_id=60264'><img loading=\"lazy\" decoding=\"async\" width=\"150\" height=\"150\" src=\"https:\/\/www.radiopiu.net\/wordpress\/wp-content\/uploads\/2018\/09\/as-vodo-2018-set-cles-150x150.jpeg\" class=\"attachment-thumbnail size-thumbnail\" alt=\"\" \/><\/a>\n\t\t\t\t<\/dt><\/dl><dl class='gallery-item'>\n\t\t\t\t<dt class='gallery-icon landscape'>\n\t\t\t\t\t<a class=\"rollover\" href='https:\/\/www.radiopiu.net\/wordpress\/?attachment_id=60265'><img loading=\"lazy\" decoding=\"async\" width=\"150\" height=\"150\" src=\"https:\/\/www.radiopiu.net\/wordpress\/wp-content\/uploads\/2018\/09\/santa-giustina-set-2018-150x150.jpg\" class=\"attachment-thumbnail size-thumbnail\" alt=\"\" \/><\/a>\n\t\t\t\t<\/dt><\/dl>\n\t\t\t\t<br style='clear: both' \/>\n\t\t\t<\/div>\n\n<p>\u00c8 stata ancora una volta una partecipazione numericamente e qualitativamente importante quella delle societ\u00e0 del comitato di Belluno al Campionato nazionale di atletica del Centro sportivo italiano. Dal 6 al 9 settembre scorsi, a Cles (Trento), in occasione della 21.ma edizione dell&#8217;evento tricolore, i club di Csi Belluno in gara sono stati sei, per un totale di 59 atleti. Ben 19 sono state le medaglie conquistate: 3 ori, 4 argenti e 12 bronzi. A conquistare il titolo blu arancio sono Luca Olivotto, dell&#8217;Associazione sportiva Vodo di Cadore, primo nel disco Allievi con la misura di 32.55, Mirco Zardini, anch&#8217;egli del Vodo, primo nel giavellotto Allievi lanciando a 45.35, e Matteo Cesco, dell&#8217;Astra Quero, vittorioso nel salto in alto della categoria Amatori A con la misura di 1.53. Nel medagliere, la societ\u00e0 bellunese maggiormente in evidenza (34.ma nella graduatoria nazionale) \u00e8 stata l&#8217;Associazione sportiva Vodo, con 2 ori, 1 argento e 2 bronzi. Nella classifica generale per societ\u00e0, il miglior sodalizio bellunese \u00e8 stata la Polisportiva Santa Giustina, sedicesima su 108 club in lizza. Oro: Luca Olivotto (As Vodo) disco Allievi; Mirco Zardini (As Vodo) giavellotto Allievi; Matteo Cesco (Astra Quero) salto in alto Amatori A.<br \/>\nArgento: Barbara Da Ros (Giocallena Atleticadore) salto in alto Amatori B; Mirco Zardini (As Vodo) disco Allievi; Aurora Gallina (Astra Quero) 200 Seniores; Samuele Menegazzo (Astra Quero) 400 Allievi.<br \/>\nBronzo: Dante Passuello (As Pozzale) 800 metri Veterani; Aurora De Bon (Polisportiva Santa Giustina) marcia 2 km Cadette; Alex Brusati (Polisportiva Santa Giustina) marcia 2 km Cadette; Alessio Argenta (Polisportiva Santa Giustina) Vortex Ragazzi; Barbara Da Ros (Giocallena Atleticadore) salto in lungo e disco Amatori B; Diego Zardini (As Vodo) giavellotto e disco Juniores; Aurora Gallina (Astra Quero) 100 e 400 Seniores; Sofia Furlan (Astra Quero) 60 Ragazze; Matteo Cesco (Astra Quero) giavellotto Amatori A.<br \/>\nMedagliere: As Vodo di Cadore 2 ori, 1 argento, 2 bronzi, Astra Quero 1 oro, 2 argenti, 4 bronzi, Atleticadore Giocallena 1 argento, 2 bronzi, Polisportiva Santa Giustina 3 bronzi, As Pozzale 1 bronzo.<\/p>\n<p>&nbsp;<\/p>\n<p>&nbsp;<\/p>\n<p>&nbsp;<\/p>\n<p>&nbsp;<\/p>\n<p>&nbsp;<\/p>\n<h1>PREVISIONI DEL TEMPO DA OGGI A VENERDI<\/h1>\n<p><strong>Martedi 11<\/strong><br \/>\nTempo atteso: Tempo perlopi\u00f9 soleggiato, stabile e caldo, con cielo quasi sereno o a tratti leggermente velato per sottili nubi alte. L&#8217;aria molto secca favorir\u00e0 l&#8217;assenza o la quasi assenza dell&#8217;attivit\u00e0 cumuliforme nelle ore pi\u00f9 calde.<br \/>\nPrecipitazioni: Assenti (0%)<br \/>\nTemperature: In generale lieve aumento, su valori di circa 4\/5\u00b0C superiori alla norma del periodo. Le punte massime potranno toccare i 28\/29\u00b0C nel catino bellunese ed i 24\/25\u00b0C a 1000\/1200m. Su Prealpi a 1500 m min 13\u00b0C max 19\u00b0C, a 2000 m min 11\u00b0C max 15\u00b0C. Su Dolomiti a 2000 m min 10\u00b0C max 17\u00b0C, a 3000 m min 6\u00b0C max 9\u00b0C.<br \/>\nVenti: Nelle valli deboli\/moderati per brezze; in quota deboli, a tratti moderati sulle vette pi\u00f9 alte, da Nord-Ovest, a 5-10 km\/h a 2000 m, a 10-15 km\/h a 3000 m.<br \/>\n<strong>Mercoledi 12<\/strong><br \/>\nTempo atteso: Giornata molto bella e calda, con cielo in prevalenza sereno, aria tersa ed ottima visibilit\u00e0. Nel tardo pomeriggio\/sera comparsa di velature man mano pi\u00f9 estese. Clima diurno caldo per il periodo con temperature elevate a tutte le quote, su valori 6\/7\u00b0C sopra la norma.<br \/>\nPrecipitazioni: Assenti (0%).<br \/>\nTemperature: In generale ulteriore aumento con punte massime che toccheranno i 30\/32\u00b0C nel catino bellunese e di 25\/26\u00b0C a 1000\/1200m. Su Prealpi a 1500 m min 14\u00b0C max 20\u00b0C, a 2000 m min 12\u00b0C max 17\u00b0C. Su Dolomiti a 2000 m min 11\u00b0C max 18\u00b0C, a 3000 m min 8\u00b0C max 10\u00b0C.<br \/>\nVenti: Nelle valli deboli\/moderati a regime di brezza; in quota generalmente deboli dai quadranti occidentali, a 5-10 km\/h a 2000 m, a 5-15 km\/h a 3000 m.<br \/>\n<strong>Giovedi 13<\/strong><br \/>\nTempo da soleggiato a parzialmente soleggiato e ancora caldo per la stagione. Attivit\u00e0 cumuliforme maggiore rispetto ai giorni precedenti, con rischio di qualche rovescio o eventuale temporale nel pomeriggio\/prima serata, specie sui settori confinanti con il Trentino e l&#8217;Alto Adige. Temperature minime stazionarie e massime in lieve calo, ancora superiori alla norma. Venti in quota deboli da Sud-Ovest.<br \/>\n<strong>Venerdi 14<\/strong><br \/>\nMattinata piuttosto soleggiata con cielo pressoch\u00e9 sereno. Al pomeriggio schiarite ed annuvolamenti cumuliformi irregolari, associati a rovesci, localmente temporaleschi. Temperature in ulteriore lieve calo. Venti da deboli a moderati da Sud-Ovest al mattino e da Nord-Ovest nel tardo pomeriggio\/sera. Previsore: R.L.Th.<\/p>\n","protected":false},"excerpt":{"rendered":"<p>TAIBON ULTIM&#8217;ORA NOTIZIE, ANCORA FRANE SUL FRAMONT SOPRA RONC DE BOS E LISTOLADE LE FOTO Gestione Servizi Pubblici informa che \u00e8 di nuovo potabile l&#8217;acqua di acquedotto erogata ad Alleghe in tutto il centro, nelle vie Val Grande, Degli Alpini, Monte Fertazza, Coldai, Delle Scuole, P.zza Vecchia e nelle localit\u00e0 Fontanive, Rusech, Vallazza e Casaril.\u00a0E\u2019&hellip;<\/p>\n","protected":false},"author":1,"featured_media":60287,"comment_status":"closed","ping_status":"closed","sticky":false,"template":"","format":"standard","meta":{"_monsterinsights_skip_tracking":false,"_monsterinsights_sitenote_active":false,"_monsterinsights_sitenote_note":"","_monsterinsights_sitenote_category":0,"footnotes":""},"categories":[86,49],"tags":[],"class_list":["post-60273","post","type-post","status-publish","format-standard","has-post-thumbnail","hentry","category-gr","category-news-18","category-86","category-49","description-off"],"img_url":"https:\/\/www.radiopiu.net\/wordpress\/wp-content\/uploads\/2018\/09\/IMG_20180910_122324.jpg","_links":{"self":[{"href":"https:\/\/www.radiopiu.net\/wordpress\/wp-json\/wp\/v2\/posts\/60273","targetHints":{"allow":["GET"]}}],"collection":[{"href":"https:\/\/www.radiopiu.net\/wordpress\/wp-json\/wp\/v2\/posts"}],"about":[{"href":"https:\/\/www.radiopiu.net\/wordpress\/wp-json\/wp\/v2\/types\/post"}],"author":[{"embeddable":true,"href":"https:\/\/www.radiopiu.net\/wordpress\/wp-json\/wp\/v2\/users\/1"}],"replies":[{"embeddable":true,"href":"https:\/\/www.radiopiu.net\/wordpress\/wp-json\/wp\/v2\/comments?post=60273"}],"version-history":[{"count":0,"href":"https:\/\/www.radiopiu.net\/wordpress\/wp-json\/wp\/v2\/posts\/60273\/revisions"}],"wp:featuredmedia":[{"embeddable":true,"href":"https:\/\/www.radiopiu.net\/wordpress\/wp-json\/wp\/v2\/media\/60287"}],"wp:attachment":[{"href":"https:\/\/www.radiopiu.net\/wordpress\/wp-json\/wp\/v2\/media?parent=60273"}],"wp:term":[{"taxonomy":"category","embeddable":true,"href":"https:\/\/www.radiopiu.net\/wordpress\/wp-json\/wp\/v2\/categories?post=60273"},{"taxonomy":"post_tag","embeddable":true,"href":"https:\/\/www.radiopiu.net\/wordpress\/wp-json\/wp\/v2\/tags?post=60273"}],"curies":[{"name":"wp","href":"https:\/\/api.w.org\/{rel}","templated":true}]}}