{"id":60358,"date":"2018-09-11T11:13:44","date_gmt":"2018-09-11T09:13:44","guid":{"rendered":"http:\/\/www.radiopiu.net\/wordpress\/?p=60358"},"modified":"2018-09-11T11:13:44","modified_gmt":"2018-09-11T09:13:44","slug":"un-nuovo-ingresso-al-cimitero-di-alleghe-da-un-progetto-di-massimiliano-dellolivo","status":"publish","type":"post","link":"https:\/\/www.radiopiu.net\/wordpress\/un-nuovo-ingresso-al-cimitero-di-alleghe-da-un-progetto-di-massimiliano-dellolivo\/","title":{"rendered":"UN NUOVO INGRESSO AL CIMITERO DI ALLEGHE, DA UN PROGETTO DI MASSIMILIANO DELL&#8217;OLIVO"},"content":{"rendered":"<p><strong>ALLEGHE\u00a0\u00a0<\/strong>Sono recentemente terminati i lavori di adeguamento alla normativa in materia di barriere architettoniche dell\u2019ingresso al cimitero di Alleghe. Il progetto preliminare partito nel 2014 con l\u2019amministrazione del sindaco Gloria Pianezze ha trovato compimento quest\u2019anno tramite il progetto esecutivo sino alla realizzazione dell\u2019opera.\u00a0 L&#8217;amministrazione comunale del sindaco Siro De Biasio\u00a0 ha impegnato\u00a0 55.000 euro. La vecchia scalinata in pietra, ripida e consunta dal tempo, non solo era divenuta pericolosa, ma non garantiva n\u00e9 l\u2019accesso ai portatori di handicap n\u00e9 ai mezzi meccanici del Comune. Il progetto dell\u2019architetto Massimiliano Dell\u2019Olivo rilegge l\u2019intera area prospicente il cancello d\u2019ingresso al camposanto al fine di rispondere alle esigenze funzionali con un intervento unitario e dal forte significato simbolico. L\u2019ingresso al recinto sacro altro non \u00e8 che una soglia, intesa non come separazione ma come unione, come momento di passaggio tra i ritmi della quotidianit\u00e0 ed un luogo dove il tempo \u00e8 infinito.<\/p>\n<p><strong>CONCETTO D&#8217;INTERVENTO<\/strong><br \/>\nConfigurare il tutto come un blocco scolpito di pietra dolomia in grado di accogliere sia la nuova scalinata che la nuova rampa disabili. Come lo stilobate di un tempio antico questo elemento si pone tra noi ed il cimitero, articolandosi con tre diverse sfaccettature. Sulla sinistra troviamo il parcheggio dedicato ai diversamente abili posto in diretta connessione con la rampa, al centro l\u2019ampia scalinata monumentale ed a destra la stradina che raccorda il pendio esistente a monte e consente l\u2019accesso ai mezzi del Comune. Il progetto ha anche salvaguardato gli elementi lapidei della vecchia scalinata, recuperandoli e riutilizzandoli come cordonate della stradina.<\/p>\n<p><strong>I SIMBOLI<\/strong><br \/>\nDue simboli sono incisi nella pietra a lato della rampa disabili: l\u2019ancora ed il pesce. L\u2019ancora per i Cristiani simboleggia la speranza ed in particolare nella promessa della vita eterna, il pesce \u00e8 il simbolo di Ges\u00f9 Cristo Figlio di Dio, perci\u00f2 il significato dei due simboli insieme \u00e8 la promessa della risurrezione per mezzo della fede in Cristo. A completamento dell\u2019intervento anche una nuova area di parcheggio posta immediatamente a valle del piazzale esistente realizzata lungo la strada di accesso per mezzo di un terrapieno sostenuto da una scogliera in massi ciclopici.<\/p>\n<p>Fotografie di Stefano Dell\u2019Antone, CLICCA PER INGRANDIRE<\/p>\n\n\t\t\t<style type='text\/css'>\n\t\t\t\t#gallery-1 {\n\t\t\t\t\tmargin: auto;\n\t\t\t\t}\n\t\t\t\t#gallery-1 .gallery-item {\n\t\t\t\t\tfloat: left;\n\t\t\t\t\tmargin-top: 10px;\n\t\t\t\t\ttext-align: center;\n\t\t\t\t\twidth: 33%;\n\t\t\t\t}\n\t\t\t\t#gallery-1 img {\n\t\t\t\t\tborder: 2px solid #cfcfcf;\n\t\t\t\t}\n\t\t\t\t#gallery-1 .gallery-caption {\n\t\t\t\t\tmargin-left: 0;\n\t\t\t\t}\n\t\t\t\t\/* see gallery_shortcode() in wp-includes\/media.php *\/\n\t\t\t<\/style>\n\t\t<div id='gallery-1' class='dt-gallery-container gallery galleryid-60358 gallery-columns-3 gallery-size-thumbnail'><dl class='gallery-item'>\n\t\t\t\t<dt class='gallery-icon landscape'>\n\t\t\t\t\t<a class=\"rollover\" href='https:\/\/www.radiopiu.net\/wordpress\/un-nuovo-ingresso-al-cimitero-di-alleghe-da-un-progetto-di-massimiliano-dellolivo\/dsc_2883-3000\/'><img loading=\"lazy\" decoding=\"async\" width=\"150\" height=\"150\" src=\"https:\/\/www.radiopiu.net\/wordpress\/wp-content\/uploads\/2018\/09\/DSC_2883-3000-150x150.jpg\" class=\"attachment-thumbnail size-thumbnail\" alt=\"\" \/><\/a>\n\t\t\t\t<\/dt><\/dl><dl class='gallery-item'>\n\t\t\t\t<dt class='gallery-icon landscape'>\n\t\t\t\t\t<a class=\"rollover\" href='https:\/\/www.radiopiu.net\/wordpress\/un-nuovo-ingresso-al-cimitero-di-alleghe-da-un-progetto-di-massimiliano-dellolivo\/dsc_2893-3000\/'><img loading=\"lazy\" decoding=\"async\" width=\"150\" height=\"150\" src=\"https:\/\/www.radiopiu.net\/wordpress\/wp-content\/uploads\/2018\/09\/DSC_2893-3000-150x150.jpg\" class=\"attachment-thumbnail size-thumbnail\" alt=\"\" \/><\/a>\n\t\t\t\t<\/dt><\/dl><dl class='gallery-item'>\n\t\t\t\t<dt class='gallery-icon portrait'>\n\t\t\t\t\t<a class=\"rollover\" href='https:\/\/www.radiopiu.net\/wordpress\/un-nuovo-ingresso-al-cimitero-di-alleghe-da-un-progetto-di-massimiliano-dellolivo\/dsc_2895-3000\/'><img loading=\"lazy\" decoding=\"async\" width=\"150\" height=\"150\" src=\"https:\/\/www.radiopiu.net\/wordpress\/wp-content\/uploads\/2018\/09\/DSC_2895-3000-150x150.jpg\" class=\"attachment-thumbnail size-thumbnail\" alt=\"\" \/><\/a>\n\t\t\t\t<\/dt><\/dl><br style=\"clear: both\" \/>\n\t\t\t<\/div>\n\n","protected":false},"excerpt":{"rendered":"<p>ALLEGHE\u00a0\u00a0Sono recentemente terminati i lavori di adeguamento alla normativa in materia di barriere architettoniche dell\u2019ingresso al cimitero di Alleghe. Il progetto preliminare partito nel 2014 con l\u2019amministrazione del sindaco Gloria Pianezze ha trovato compimento quest\u2019anno tramite il progetto esecutivo sino alla realizzazione dell\u2019opera.\u00a0 L&#8217;amministrazione comunale del sindaco Siro De Biasio\u00a0 ha impegnato\u00a0 55.000 euro. La&hellip;<\/p>\n","protected":false},"author":1,"featured_media":60359,"comment_status":"closed","ping_status":"closed","sticky":false,"template":"","format":"standard","meta":{"_monsterinsights_skip_tracking":false,"_monsterinsights_sitenote_active":false,"_monsterinsights_sitenote_note":"","_monsterinsights_sitenote_category":0,"footnotes":""},"categories":[49],"tags":[],"class_list":["post-60358","post","type-post","status-publish","format-standard","has-post-thumbnail","hentry","category-news-18","category-49","description-off"],"img_url":"https:\/\/www.radiopiu.net\/wordpress\/wp-content\/uploads\/2018\/09\/DSC_2883-3000.jpg","_links":{"self":[{"href":"https:\/\/www.radiopiu.net\/wordpress\/wp-json\/wp\/v2\/posts\/60358","targetHints":{"allow":["GET"]}}],"collection":[{"href":"https:\/\/www.radiopiu.net\/wordpress\/wp-json\/wp\/v2\/posts"}],"about":[{"href":"https:\/\/www.radiopiu.net\/wordpress\/wp-json\/wp\/v2\/types\/post"}],"author":[{"embeddable":true,"href":"https:\/\/www.radiopiu.net\/wordpress\/wp-json\/wp\/v2\/users\/1"}],"replies":[{"embeddable":true,"href":"https:\/\/www.radiopiu.net\/wordpress\/wp-json\/wp\/v2\/comments?post=60358"}],"version-history":[{"count":0,"href":"https:\/\/www.radiopiu.net\/wordpress\/wp-json\/wp\/v2\/posts\/60358\/revisions"}],"wp:featuredmedia":[{"embeddable":true,"href":"https:\/\/www.radiopiu.net\/wordpress\/wp-json\/wp\/v2\/media\/60359"}],"wp:attachment":[{"href":"https:\/\/www.radiopiu.net\/wordpress\/wp-json\/wp\/v2\/media?parent=60358"}],"wp:term":[{"taxonomy":"category","embeddable":true,"href":"https:\/\/www.radiopiu.net\/wordpress\/wp-json\/wp\/v2\/categories?post=60358"},{"taxonomy":"post_tag","embeddable":true,"href":"https:\/\/www.radiopiu.net\/wordpress\/wp-json\/wp\/v2\/tags?post=60358"}],"curies":[{"name":"wp","href":"https:\/\/api.w.org\/{rel}","templated":true}]}}