{"id":60368,"date":"2018-09-11T13:54:14","date_gmt":"2018-09-11T11:54:14","guid":{"rendered":"http:\/\/www.radiopiu.net\/wordpress\/?p=60368"},"modified":"2018-09-11T14:52:47","modified_gmt":"2018-09-11T12:52:47","slug":"ingiustificato-possesso-darma-e-sequestro-di-stupefacenti-attivita-della-polizia","status":"publish","type":"post","link":"https:\/\/www.radiopiu.net\/wordpress\/ingiustificato-possesso-darma-e-sequestro-di-stupefacenti-attivita-della-polizia\/","title":{"rendered":"INGIUSTIFICATO POSSESSO D&#8217;ARMA E SEQUESTRO DI STUPEFACENTI, ATTIVITA&#8217; DELLA POLIZIA"},"content":{"rendered":"<p>&nbsp;<\/p>\n<p><strong><a class=\"dt-pswp-item\" href=\"http:\/\/www.radiopiu.net\/wordpress\/wp-content\/uploads\/2018\/09\/POLIZIA-3.jpg\" data-dt-img-description=\"\" data-large_image_width=\"660\" data-large_image_height=\"227\"><img loading=\"lazy\" decoding=\"async\" class=\"size-medium wp-image-60260 alignleft\" src=\"http:\/\/www.radiopiu.net\/wordpress\/wp-content\/uploads\/2018\/09\/POLIZIA-3-300x103.jpg\" alt=\"\" width=\"300\" height=\"103\" srcset=\"https:\/\/www.radiopiu.net\/wordpress\/wp-content\/uploads\/2018\/09\/POLIZIA-3-300x103.jpg 300w, https:\/\/www.radiopiu.net\/wordpress\/wp-content\/uploads\/2018\/09\/POLIZIA-3.jpg 660w\" sizes=\"auto, (max-width: 300px) 100vw, 300px\" \/><\/a>BELLUNO<\/strong> Tre giorni intensi per la Squadra Volanti sul fronte del contrasto ai fenomeni dello spaccio e del consumo di sostanze stupefacenti a Belluno e provincia.<\/p>\n<p><strong>Sabato notte<\/strong> i poliziotti, durante il controllo del territorio, hanno controllato un\u2019autovettura che stava transitando lungo viale Europa, a Belluno. A bordo dell\u2019autovettura c\u2019era un ragazzo feltrino del \u201990, che, dopo una prima esitazione a seguito del controllo, ha estratto dalla tasca dei pantaloni un coltello a serramanico con blocco lama di cui non era in grado di giustificare il possesso. Gli uomini delle Volanti hanno subito anche notato una scatola in plastica trasparente contenente un involucro in cellophane, con all\u2019interno un mix di sostanze vegetali di colore verde e marrone, che una volta analizzato \u00e8 risultato essere un composto di marijuana e all\u2019hashish. Il giovane feltrino del \u201890, \u00e8 stato trovato in possesso di una busta per alimenti trasparente, contenente lo stesso composto, custodita all\u2019interno di un marsupio: in tutto si tratta di circa 6 grammi di hashish e marijuana.<br \/>\nA questo punto il ragazzo \u00e8 accompagnato in Questura dove, tenuto conto delle circostanze, \u00e8 stato denunciato all\u2019Autorit\u00e0 Giudiziaria per possesso ingiustificato di armi, ed \u00e8 stato, altres\u00ec, deferito alla Prefettura per uso di sostanze stupefacenti; il coltello invece \u00e8 stato sequestrato.<\/p>\n<p><strong>Luned\u00ec alle due di pomeriggio circa,<\/strong> gli agenti durante l\u2019attivit\u00e0 di controllo del territorio, in via Giovanni Paolo I, a Belluno, hanno controllato un giovane a piedi. Il ragazzo \u00e8 stato trovato in possesso di una busta di carta che conteneva circa 2 grammi di marijuana; la sostanza, \u00e8 stata sequestrata e lui \u00e8 stato segnalato alla Prefettura di Belluno in quanto assuntore di sostanze stupefacenti.<\/p>\n<p><strong>Sabato mattina,<\/strong> durante un\u2019attivit\u00e0 di controllo del territorio una pattuglia delle Volanti ha fermato presso il campo sportivo \u201cLa Rossa\u201d un ciclomotore con due giovani a bordo. Il motorino stava svoltando in direzione del campo dove era in programma una festa privata.\u00a0 Durante il controllo il conducente, un giovane bellunese, \u00e8 subito apparso molto nervoso e infatti, all\u2019interno del suo zaino \u00e8 stato rinvenuto un involucro di cellophane trasparente, con all\u2019interno circa 1.5 grammi di marijuana. Anche lui \u00e8 stato segnalato in Prefettura mentre ciclomotore \u00e8 stato sottoposto al vincolo del fermo amministrativo per 30 giorni.<\/p>\n<p><strong>\u00c8 di qualche giorno fa<\/strong> invece il sequestro di circa 11 grammi di hashish ai danni di un ragazzo del 2000, di Pieve di Cadore, fermato per un controllo in via Lungardo a Belluno e poi segnalato in Prefettura.<br \/>\nIntensa e senza sosta, con diversi interventi in pochi giorni, dunque l\u2019attivit\u00e0 della Questura di contrasto ai fenomeni dello spaccio e dell\u2019uso di sostanze stupefacenti; i controlli proseguiranno e verranno anzi ulteriormente intensificati.<\/p>\n","protected":false},"excerpt":{"rendered":"<p>&nbsp; BELLUNO Tre giorni intensi per la Squadra Volanti sul fronte del contrasto ai fenomeni dello spaccio e del consumo di sostanze stupefacenti a Belluno e provincia. Sabato notte i poliziotti, durante il controllo del territorio, hanno controllato un\u2019autovettura che stava transitando lungo viale Europa, a Belluno. A bordo dell\u2019autovettura c\u2019era un ragazzo feltrino del&hellip;<\/p>\n","protected":false},"author":1,"featured_media":60259,"comment_status":"closed","ping_status":"closed","sticky":false,"template":"","format":"standard","meta":{"_monsterinsights_skip_tracking":false,"_monsterinsights_sitenote_active":false,"_monsterinsights_sitenote_note":"","_monsterinsights_sitenote_category":0,"footnotes":""},"categories":[51,49],"tags":[],"class_list":["post-60368","post","type-post","status-publish","format-standard","has-post-thumbnail","hentry","category-evidenza-top","category-news-18","category-51","category-49","description-off"],"img_url":"https:\/\/www.radiopiu.net\/wordpress\/wp-content\/uploads\/2018\/09\/POLIZIA-2.jpg","_links":{"self":[{"href":"https:\/\/www.radiopiu.net\/wordpress\/wp-json\/wp\/v2\/posts\/60368","targetHints":{"allow":["GET"]}}],"collection":[{"href":"https:\/\/www.radiopiu.net\/wordpress\/wp-json\/wp\/v2\/posts"}],"about":[{"href":"https:\/\/www.radiopiu.net\/wordpress\/wp-json\/wp\/v2\/types\/post"}],"author":[{"embeddable":true,"href":"https:\/\/www.radiopiu.net\/wordpress\/wp-json\/wp\/v2\/users\/1"}],"replies":[{"embeddable":true,"href":"https:\/\/www.radiopiu.net\/wordpress\/wp-json\/wp\/v2\/comments?post=60368"}],"version-history":[{"count":0,"href":"https:\/\/www.radiopiu.net\/wordpress\/wp-json\/wp\/v2\/posts\/60368\/revisions"}],"wp:featuredmedia":[{"embeddable":true,"href":"https:\/\/www.radiopiu.net\/wordpress\/wp-json\/wp\/v2\/media\/60259"}],"wp:attachment":[{"href":"https:\/\/www.radiopiu.net\/wordpress\/wp-json\/wp\/v2\/media?parent=60368"}],"wp:term":[{"taxonomy":"category","embeddable":true,"href":"https:\/\/www.radiopiu.net\/wordpress\/wp-json\/wp\/v2\/categories?post=60368"},{"taxonomy":"post_tag","embeddable":true,"href":"https:\/\/www.radiopiu.net\/wordpress\/wp-json\/wp\/v2\/tags?post=60368"}],"curies":[{"name":"wp","href":"https:\/\/api.w.org\/{rel}","templated":true}]}}