{"id":60373,"date":"2018-09-12T06:29:18","date_gmt":"2018-09-12T04:29:18","guid":{"rendered":"http:\/\/www.radiopiu.net\/wordpress\/?p=60373"},"modified":"2018-09-12T07:56:44","modified_gmt":"2018-09-12T05:56:44","slug":"giornale-radiopiu-12-settembre-2018-direttore-mirko-mezzacasa","status":"publish","type":"post","link":"https:\/\/www.radiopiu.net\/wordpress\/giornale-radiopiu-12-settembre-2018-direttore-mirko-mezzacasa\/","title":{"rendered":"GIORNALE RADIOPIU 12 SETTEMBRE 2018 DIRETTORE MIRKO MEZZACASA"},"content":{"rendered":"<h2>PRECIPITA E PERDE LA VITA SUL CRISTALLO<\/h2>\n<p><strong><a class=\"dt-pswp-item\" href=\"http:\/\/www.radiopiu.net\/wordpress\/wp-content\/uploads\/2018\/09\/ELI-1.jpg\" data-dt-img-description=\"\" data-large_image_width=\"1368\" data-large_image_height=\"765\"><img loading=\"lazy\" decoding=\"async\" class=\"size-medium wp-image-60263 alignleft\" src=\"http:\/\/www.radiopiu.net\/wordpress\/wp-content\/uploads\/2018\/09\/ELI-1-300x168.jpg\" alt=\"\" width=\"300\" height=\"168\" srcset=\"https:\/\/www.radiopiu.net\/wordpress\/wp-content\/uploads\/2018\/09\/ELI-1-300x168.jpg 300w, https:\/\/www.radiopiu.net\/wordpress\/wp-content\/uploads\/2018\/09\/ELI-1-768x429.jpg 768w, https:\/\/www.radiopiu.net\/wordpress\/wp-content\/uploads\/2018\/09\/ELI-1-1024x573.jpg 1024w, https:\/\/www.radiopiu.net\/wordpress\/wp-content\/uploads\/2018\/09\/ELI-1.jpg 1368w\" sizes=\"auto, (max-width: 300px) 100vw, 300px\" \/><\/a>CORTINA<\/strong>\u00a0 Nel pomeriggio di ieri\u00a0 l&#8217;elicottero del Suem di Pieve di Cadore \u00e8 volato in direzione del Cristallo, a seguito della chiamata di un uomo la cui compagna era scivolata e precipitata per un centinaio di metri in un canale, mentre scendevano lungo la via normale a circa 3mila metri di altitudine. Dopo aver imbarcato un tecnico del Soccorso alpino di Cortina in supporto alle operazioni, l&#8217;eliambulanza lo ha sbarcato assieme al tecnico di elisoccorso e al medico dell&#8217;equipaggio, che purtroppo ha solamente potuto constatare il decesso di M.W., 62 anni, austriaca. L&#8217;elicottero \u00e8 quindi risalito per caricare a bordo il compagno della donna e accompagnarlo fino alla piazzola dell&#8217;ospedale e, una volta ottenuto il nulla osta dalla magistratura per la rimozione, si \u00e8 proceduto al recupero della salma, avvenuto con un verricello di 70 metri.<\/p>\n<p>&nbsp;<\/p>\n<p>&nbsp;<\/p>\n<h1><\/h1>\n<h1><\/h1>\n<h1><\/h1>\n<h1>AVVENTURA A LIETO FINE PER NONNA E NIPOTE<\/h1>\n<p><strong>LA VALLE<\/strong> Avventura a lieto fine per una donna di Sedico S. B. di 74 anni\u00a0 che ha scelto l&#8217;Agordino per andare a funghi. Lasciata l&#8217;auto in localit\u00e0 Le VIzze sopra La Valle Agordina verso Passo Duran, la donna in compagnia del nipote ha perso il sentiero a 1604 metri di altezza, senza riuscire a fare ritorno al parcheggio lungo la regionale 347. Il marito che era assieme e ha perso di vista moglie e nipote, preoccupato ha attivato i soccorsi allertando il Comando Carabinieri di Belluno. I Carabinieri di Agordo con Vigili del Fuoco e Soccorso Alpino l&#8217;hanno rintracciata alle 18 in buone condizioni in localit\u00e0 Casen dopo averla chiamata a gran voce<\/p>\n<p>&nbsp;<\/p>\n<p>&nbsp;<\/p>\n<p>&nbsp;<\/p>\n<p>&nbsp;<\/p>\n<h1>ALTRI INTERVENTI IN MONTAGNA<\/h1>\n<p><strong>AURONZO<\/strong> Il Soccorso alpino di Auronzo \u00e8 stato allertato per un\u2019escursionista infortunatasi a un ginocchio a Forcella Lavaredo dove si trovava assieme al marito. Una squadra del Sagf ha quindi raggiunto l\u2019infortunata, E.P., 63 anni, tedesca, e la ha accompagnata fino al parcheggio per il rendez vous con l\u2019ambulanza.<\/p>\n<p><strong>CORTINA<\/strong> Il 118 ha poi attivato il Soccorso alpino di Cortina per un escursionista in difficolt\u00e0. Partito da Malga Ra Stua, dopo essere arrivato a Campo Croce G.M., 67 anni, di Treviso, ha proseguito verso il Lago di Fosses, ma \u00e8 uscito dall\u2019itinerario corretto, inerpicandosi su un canale fino a rimanere bloccato. I soccorritori lo hanno individuato e raggiunto. Per aiutarlo a scendere, la squadra ha attrezzato tre calate e lo ha riaccompagnato sul sentiero e da l\u00ec a Malga Ra Valles.<\/p>\n<p>&nbsp;<\/p>\n<p>&nbsp;<\/p>\n<p>&nbsp;<\/p>\n<h1>NESSUN PIRATA MA CADUTA AUTONOMA<\/h1>\n<p><strong>FELTRE<\/strong> La Polizia Locale al termine delle indagini \u00e8 giunta ad una conclusione: O.B. l&#8217;anziana ritrovata a terra in viale Pedavena in prossimit\u00e0 del passaggio pedonale regolato da semaforo non \u00e8 stata investita da alcuno, piuttosto si \u00e8 trattato di una caduta autonoma. Lo confermano anche alcuni testimoni che l&#8217;hanno vista inciampare anche se l&#8217;anziana aveva riportato agli agenti di Polizia di essere stata investita. Guarir\u00e0 in un mese.<\/p>\n<p>&nbsp;<\/p>\n<p>&nbsp;<\/p>\n<p>&nbsp;<\/p>\n<h1>FUORI STRADA SULLA MAURIA<\/h1>\n<p><strong>FORNI DI SOPRA\u00a0<\/strong>\u00a0un 58enne di Pieve di Cadore, mentre percorreva la statale\u00a0Carnica dal passo della Mauria \u00e8 volato fuori strada con la sua Opel Corsa finendo, dopo una trentina di metri.\u00a0L\u2019uomo all&#8217;arrivo dei soccorsi era cosciente e ha ammesso subito di essere stato vittima di un colpo di sonno \u00e8 stato trasportato dall&#8217;elicottero al Pronto Soccorso dell&#8217;ospedale per le cure del caso<\/p>\n<p>&nbsp;<\/p>\n<p>&nbsp;<\/p>\n<p>&nbsp;<\/p>\n<h1>FURTO DI MOTORINO<\/h1>\n<p><strong>AGORDO<\/strong> Sono passati pochi giorni dal furto dell&#8217;ape car ad Agordo poi ritrovato al Mas di Sedico ed ecco un secondo episodio di nuovo accaduto nel capoluogo. Ad Adriana \u00e8 stato rubato il motorino poi ritrovato ad Alleghe, ma prima segnalato anche a Cencenighe. Gli annunci a RADIO PIU e il tam tam sulle nostre pagina facebook hanno permesso di rintracciare il motorino ad Alleghe anche grazie alle immediate indagini dei Carabinieri. Un ulteriore invito a non dare per scontato che la comunit\u00e0 sia tutta sana, un ulteriore invito non solo a tenere gli occhi aperti ma anche a segnalare alle forze dell&#8217;ordine ulteriori episodi di micro criminalit\u00e0 perch\u00e9 non si tratta di una caso.<\/p>\n<p>&nbsp;<\/p>\n<p>&nbsp;<\/p>\n<p>&nbsp;<\/p>\n<h1>FURTO IN SERRA<\/h1>\n<p><strong>PONTE NELLE ALPI<\/strong> Ladri in serra all&#8217;azienda Eden. Ladri affamati hanno mangiato e bevuto quello che hanno trovato. Hanno aperto la cassa rubando\u00a0 i 30 euro contenuti e un telefonino, molti i danni alla serra lasciata a soqquadro.<\/p>\n<p>&nbsp;<\/p>\n<p>&nbsp;<\/p>\n<p>&nbsp;<\/p>\n<h2>INGIUSTIFICATO POSSESSO D&#8217;ARMA E SEQUESTRO DI STUPEFACENTI, ATTIVITA&#8217; DELLA POLIZIA<\/h2>\n<p><strong><a class=\"dt-pswp-item\" href=\"http:\/\/www.radiopiu.net\/wordpress\/wp-content\/uploads\/2018\/09\/POLIZIA-3.jpg\" data-dt-img-description=\"\" data-large_image_width=\"660\" data-large_image_height=\"227\"><img loading=\"lazy\" decoding=\"async\" class=\"size-medium wp-image-60260 alignleft\" src=\"http:\/\/www.radiopiu.net\/wordpress\/wp-content\/uploads\/2018\/09\/POLIZIA-3-300x103.jpg\" alt=\"\" width=\"300\" height=\"103\" srcset=\"https:\/\/www.radiopiu.net\/wordpress\/wp-content\/uploads\/2018\/09\/POLIZIA-3-300x103.jpg 300w, https:\/\/www.radiopiu.net\/wordpress\/wp-content\/uploads\/2018\/09\/POLIZIA-3.jpg 660w\" sizes=\"auto, (max-width: 300px) 100vw, 300px\" \/><\/a>BELLUNO<\/strong> Tre giorni intensi per la Squadra Volanti sul fronte del contrasto ai fenomeni dello spaccio e del consumo di sostanze stupefacenti a Belluno e provincia.<\/p>\n<p><strong>Sabato notte<\/strong> i poliziotti, durante il controllo del territorio, hanno controllato un\u2019autovettura che stava transitando lungo viale Europa, a Belluno. A bordo dell\u2019autovettura c\u2019era un ragazzo feltrino del \u201990, che, dopo una prima esitazione a seguito del controllo, ha estratto dalla tasca dei pantaloni un coltello a serramanico con blocco lama di cui non era in grado di giustificare il possesso. Gli uomini delle Volanti hanno subito anche notato una scatola in plastica trasparente contenente un involucro in cellophane, con all\u2019interno un mix di sostanze vegetali di colore verde e marrone, che una volta analizzato \u00e8 risultato essere un composto di marijuana e all\u2019hashish. Il giovane feltrino del \u201890, \u00e8 stato trovato in possesso di una busta per alimenti trasparente, contenente lo stesso composto, custodita all\u2019interno di un marsupio: in tutto si tratta di circa 6 grammi di hashish e marijuana. A questo punto il ragazzo \u00e8 accompagnato in Questura dove, tenuto conto delle circostanze, \u00e8 stato denunciato all\u2019Autorit\u00e0 Giudiziaria per possesso ingiustificato di armi, ed \u00e8 stato, altres\u00ec, deferito alla Prefettura per uso di sostanze stupefacenti; il coltello invece \u00e8 stato sequestrato.<\/p>\n<p><strong>Luned\u00ec alle due di pomeriggio,<\/strong> gli agenti durante l\u2019attivit\u00e0 di controllo del territorio, in via Giovanni Paolo I, a Belluno, hanno controllato un giovane a piedi. Il ragazzo \u00e8 stato trovato in possesso di una busta di carta che conteneva circa 2 grammi di marijuana; la sostanza, \u00e8 stata sequestrata e lui \u00e8 stato segnalato alla Prefettura di Belluno in quanto assuntore di sostanze stupefacenti.<\/p>\n<p><strong>Sabato,<\/strong> durante un\u2019attivit\u00e0 di controllo del territorio una pattuglia delle Volanti ha fermato presso il campo sportivo \u201cLa Rossa\u201d un ciclomotore con due giovani a bordo. Il motorino stava svoltando in direzione del campo dove era in programma una festa privata.\u00a0 Durante il controllo il conducente, un giovane bellunese, \u00e8 subito apparso molto nervoso e infatti, all\u2019interno del suo zaino \u00e8 stato rinvenuto un involucro di cellophane trasparente, con all\u2019interno circa 1.5 grammi di marijuana. Anche lui \u00e8 stato segnalato in Prefettura mentre ciclomotore \u00e8 stato sottoposto al vincolo del fermo amministrativo per 30 giorni.<\/p>\n<p><strong>\u00c8 di qualche giorno fa<\/strong> invece il sequestro di circa 11 grammi di hashish ai danni di un ragazzo del 2000, di Pieve di Cadore, fermato per un controllo in via Lungardo a Belluno e poi segnalato in Prefettura. Intensa e senza sosta, con diversi interventi in pochi giorni, dunque l\u2019attivit\u00e0 della Questura di contrasto ai fenomeni dello spaccio e dell\u2019uso di sostanze stupefacenti; i controlli proseguiranno e verranno anzi ulteriormente intensificati.<\/p>\n<p>&nbsp;<\/p>\n<p>&nbsp;<\/p>\n<p>&nbsp;<\/p>\n<h1>LICENZIAMENTI ALLA FEDON<\/h1>\n<p><strong>ALPAGO<\/strong> Da ieri via alle assemblee di preoccupati lavoratori, i 4 licenziamenti per &#8220;giustificato motivo&#8221; preoccupano sindacati e maestranze che si chiedono quale sar\u00e0 il loro futuro.<\/p>\n<p>&nbsp;<\/p>\n<p>&nbsp;<\/p>\n<p>&nbsp;<\/p>\n<h1>IL PREFETTO INCONTRA IL TEN. COL. FRANCESCO RASTELLI<\/h1>\n<blockquote><p>Cambio al vertice del Comando Provinciale dei Carabinieri<\/p><\/blockquote>\n<p><strong><a class=\"dt-pswp-item\" href=\"http:\/\/www.radiopiu.net\/wordpress\/wp-content\/uploads\/2018\/09\/IMG_20180910_095426.jpg\" data-dt-img-description=\"\" data-large_image_width=\"5120\" data-large_image_height=\"3840\"><img loading=\"lazy\" decoding=\"async\" class=\"size-medium wp-image-60443 alignleft\" src=\"http:\/\/www.radiopiu.net\/wordpress\/wp-content\/uploads\/2018\/09\/IMG_20180910_095426-300x225.jpg\" alt=\"\" width=\"300\" height=\"225\" srcset=\"https:\/\/www.radiopiu.net\/wordpress\/wp-content\/uploads\/2018\/09\/IMG_20180910_095426-300x225.jpg 300w, https:\/\/www.radiopiu.net\/wordpress\/wp-content\/uploads\/2018\/09\/IMG_20180910_095426-768x576.jpg 768w, https:\/\/www.radiopiu.net\/wordpress\/wp-content\/uploads\/2018\/09\/IMG_20180910_095426-1024x768.jpg 1024w\" sizes=\"auto, (max-width: 300px) 100vw, 300px\" \/><\/a>BELLUNO\u00a0 I<\/strong>l Prefetto Francesco Esposito ha incontrato il nuovo Comandante Provinciale dei Carabinieri Ten. Col. Francesco Rastelli. L\u2019incontro \u00e8 stata l\u2019occasione per una prima analisi dello stato dell\u2019ordine e della sicurezza pubblica in provincia e delle strategie di prevenzione e contrasto del crimine, gi\u00e0 da tempo avviate grazie alla consolidata collaborazione dell\u2019Arma dei Carabinieri e delle altre Forze di Polizia. \u201cIl contributo del personale dell\u2019Arma \u2013 ha detto il Prefetto Esposito \u2013 \u00e8 fondamentale per accrescere il clima di fiducia e di sicurezza nella comunit\u00e0 locale, specie in un territorio come quello della provincia di Belluno, in cui le stazioni dei Carabinieri sono, per i cittadini, il primo punto di riferimento della presenza dello Stato\u201d<\/p>\n<p>&nbsp;<\/p>\n<p>&nbsp;<\/p>\n<p>&nbsp;<\/p>\n<h1>BANDO PERIFERIE, LO SCONCERTO DI JACOPO MASSARO<\/h1>\n<p><strong>AUDIO<\/strong><\/p>\n<audio class=\"wp-audio-shortcode\" id=\"audio-60373-1\" preload=\"none\" style=\"width: 100%;\" controls=\"controls\"><source type=\"audio\/mpeg\" src=\"http:\/\/www.radiopiu.net\/wordpress\/wp-content\/uploads\/2018\/09\/MASSARO.mp3?_=1\" \/><a href=\"http:\/\/www.radiopiu.net\/wordpress\/wp-content\/uploads\/2018\/09\/MASSARO.mp3\">http:\/\/www.radiopiu.net\/wordpress\/wp-content\/uploads\/2018\/09\/MASSARO.mp3<\/a><\/audio>\n<p><a class=\"dt-pswp-item\" href=\"http:\/\/www.radiopiu.net\/wordpress\/wp-content\/uploads\/2017\/12\/Premiazione-concorso-stazione-Massaro.jpg\" data-dt-img-description=\"\" data-large_image_width=\"5184\" data-large_image_height=\"3456\"><img loading=\"lazy\" decoding=\"async\" class=\"size-medium wp-image-39967 alignleft\" src=\"http:\/\/www.radiopiu.net\/wordpress\/wp-content\/uploads\/2017\/12\/Premiazione-concorso-stazione-Massaro-300x200.jpg\" alt=\"\" width=\"300\" height=\"200\" \/><\/a>\u00abSconfortante\u00bb: cos\u00ec il Sindaco di Belluno, Jacopo Massaro, giudica l&#8217;avvio del dibattito alla Camera sul Decreto Milleproroghe, con un&#8217;attenzione particolare all&#8217;emendamento 13, quello che congela i fondi del Bando Periferie. \u00abHo seguito con attenzione la discussione alla Camera \u2013 commenta Massaro \u2013 e ho avuto la conferma, dopo la prima impressione all&#8217;audizione in Commissione Bilancio, che molti deputati non conoscano il funzionamento delle norme contabili, e forse nemmeno il testo delle leggi che vanno a votare. Si \u00e8 detto che l&#8217;emendamento salva i progetti esecutivi, e non \u00e8 vero; si \u00e8 detto che gli avanzi di amministrazione, sbloccati dal congelamento del Bando Periferie, potranno essere gi\u00e0 utilizzati nel 2018, e non \u00e8 vero, dato che visti i tempi tecnici non possono essere spesi e finiscono di nuovo in avanzo di amministrazione. Mi sarebbe piaciuto che si fossero rivolti ai loro colleghi con esperienze di amministrazione, per capire in modo pi\u00f9 approfondito gli aspetti pratici, e non solo i risvolti politici, di questa decisione\u00bb. La partita non \u00e8 per\u00f2 ancora chiusa: seppur con oltre un&#8217;ora di ritardo, una delegazione ANCI ha incontrato in serata il premier Giuseppe Conte proprio per affrontare questo tema: \u00abUn incontro molto importante, per il momento e per i protagonisti coinvolti. &#8211; sottolinea Massaro \u2013 La delegazione dell&#8217;Associazione Nazionale Comuni Italiani \u00e8 decisamente trasversale: rappresenta tutto lo scenario politico, con Lega, Movimento 5 Stelle, ma anche il centrodestra, il Partito Democratico e i sindaci civici. \u00c8 anche una rappresentanza territoriale di tutto il Paese, da Torino a Crotone; questi sindaci rappresentano tutti i cittadini, che rischiano di veder sfumare importanti progetti per i loro territori\u00bb. Sul fronte delle proposte, durante la discussione \u00e8 emersa pi\u00f9 volte la possibilit\u00e0 di \u201crimediare\u201d al congelamento dei fondi con la legge di bilancio, finanziando i progetti gi\u00e0 esecutivi: \u00abQuesto sarebbe per noi comunque una buona notizia. &#8211; sottolinea Massaro \u2013 Dei sette progetti proposti, cinque sono gi\u00e0 stati approvati e inviati alla Presidenza del Consiglio dei Ministri il 6 agosto, con la scadenza prevista per l&#8217;8 agosto; i due restanti, per i quali avevamo chiesto e ottenuto insieme ad altri comuni italiani una deroga che scade sabato, sono gi\u00e0 arrivati in fase esecutiva e verranno presto approvati dalla Giunta comunale ed inviati a Roma entro i termini\u00bb. \u00abQuello che \u00e8 certo \u2013 conclude il sindaco \u2013 \u00e8 che questo momento di incertezza non fa bene all&#8217;economia nazionale e non permette di attirare investitori internazionali. Chi metterebbe dei soldi in un Paese dove lo Stato non rispetta i patti con se stesso, con i comuni e con i privati? \u00c8 urgente trovare una soluzione che restituisca certezza e credibilit\u00e0 al \u201csistema Paese\u201d e che ridia ai cittadini la giusta fiducia nelle istituzioni\u00bb.<\/p>\n<p>&nbsp;<\/p>\n<p>&nbsp;<\/p>\n<p>&nbsp;<\/p>\n<h1>PROBLEMI DI PERSONALE IN RADIOLOGIA AD AGORDO. L&#8217;AZIENDA SANITARIA SPIEGA IL PERCHE&#8217;<\/h1>\n<p><strong><a class=\"dt-pswp-item\" href=\"http:\/\/www.radiopiu.net\/wordpress\/wp-content\/uploads\/2016\/04\/ospedali-chiusi-680x365.jpg\" data-dt-img-description=\"\" data-large_image_width=\"680\" data-large_image_height=\"365\"><img loading=\"lazy\" decoding=\"async\" class=\"alignnone size-medium wp-image-18838\" src=\"http:\/\/www.radiopiu.net\/wordpress\/wp-content\/uploads\/2016\/04\/ospedali-chiusi-680x365-300x161.jpg\" alt=\"\" width=\"300\" height=\"161\" \/><\/a>DI GIANNI SANTOMASO<\/strong><\/p>\n<audio class=\"wp-audio-shortcode\" id=\"audio-60373-2\" preload=\"none\" style=\"width: 100%;\" controls=\"controls\"><source type=\"audio\/mpeg\" src=\"http:\/\/www.radiopiu.net\/wordpress\/wp-content\/uploads\/2018\/09\/GIANNI-RADI.mp3?_=2\" \/><a href=\"http:\/\/www.radiopiu.net\/wordpress\/wp-content\/uploads\/2018\/09\/GIANNI-RADI.mp3\">http:\/\/www.radiopiu.net\/wordpress\/wp-content\/uploads\/2018\/09\/GIANNI-RADI.mp3<\/a><\/audio>\n<p>&nbsp;<\/p>\n<h2><\/h2>\n<h2><\/h2>\n<p>&nbsp;<\/p>\n<h2><\/h2>\n<h2>MILLEPROROGHE \u2013 DARIO BOND (FORZA ITALIA): \u201cUNITA&#8217; DEI SINDACI FACCIA RAGIONARE IL GOVERNO\u201d<\/h2>\n<audio class=\"wp-audio-shortcode\" id=\"audio-60373-3\" preload=\"none\" style=\"width: 100%;\" controls=\"controls\"><source type=\"audio\/mpeg\" src=\"http:\/\/www.radiopiu.net\/wordpress\/wp-content\/uploads\/2018\/09\/BOND-MILLE.mp3?_=3\" \/><a href=\"http:\/\/www.radiopiu.net\/wordpress\/wp-content\/uploads\/2018\/09\/BOND-MILLE.mp3\">http:\/\/www.radiopiu.net\/wordpress\/wp-content\/uploads\/2018\/09\/BOND-MILLE.mp3<\/a><\/audio>\n<p><a class=\"dt-pswp-item\" href=\"http:\/\/www.radiopiu.net\/wordpress\/wp-content\/uploads\/2018\/05\/Bond-Festa-agricoltura-Trichiana-1.jpeg\" data-dt-img-description=\"\" data-large_image_width=\"1200\" data-large_image_height=\"1600\"><img loading=\"lazy\" decoding=\"async\" class=\"size-medium wp-image-47661 alignleft\" src=\"http:\/\/www.radiopiu.net\/wordpress\/wp-content\/uploads\/2018\/05\/Bond-Festa-agricoltura-Trichiana-1-225x300.jpeg\" alt=\"\" width=\"225\" height=\"300\" srcset=\"https:\/\/www.radiopiu.net\/wordpress\/wp-content\/uploads\/2018\/05\/Bond-Festa-agricoltura-Trichiana-1-225x300.jpeg 225w, https:\/\/www.radiopiu.net\/wordpress\/wp-content\/uploads\/2018\/05\/Bond-Festa-agricoltura-Trichiana-1-768x1024.jpeg 768w, https:\/\/www.radiopiu.net\/wordpress\/wp-content\/uploads\/2018\/05\/Bond-Festa-agricoltura-Trichiana-1.jpeg 1200w\" sizes=\"auto, (max-width: 225px) 100vw, 225px\" \/><\/a>\u201cL&#8217;unit\u00e0 dei sindaci, di tutti i colori politici, che in serata incontreranno il premier Conte spero riesca a far ragionare questo Governo\u201d: questo il commento del deputato di Forza Italia, Dario Bond, a poche ora dal confronto tra una delegazione di sindaci dell&#8217;ANCI e il Presidente del Consiglio, Giuseppe Conte, sul Decreto Milleproroghe e sul congelamento dei fondi del Bando Periferie.\u00a0 \u201cIn queste settimane, e in questi ultimi giorni, la democrazia delle commissioni parlamentari non \u00e8 riuscita a modificare le intenzioni del Governo\u201d, sottolinea Bond. \u201cMi auguro che questo gruppo trasversale di sindaci, dal Movimento 5 Stelle al Partito Democratico, dalla Lega alle liste civiche, riesca nell&#8217;intento di far cambiare idea all&#8217;esecutivo e ripristinare questi fondi, almeno per i progetti gi\u00e0 in fase esecutiva\u201d.<\/p>\n<p>&nbsp;<\/p>\n<p>&nbsp;<\/p>\n<h2><\/h2>\n<h2><\/h2>\n<h2><\/h2>\n<h2>PERIFERIE E CORTINA 2021 Bocciati emendamenti De Menech<\/h2>\n<p>AUDIO<\/p>\n<blockquote><audio class=\"wp-audio-shortcode\" id=\"audio-60373-4\" preload=\"none\" style=\"width: 100%;\" controls=\"controls\"><source type=\"audio\/mpeg\" src=\"http:\/\/www.radiopiu.net\/wordpress\/wp-content\/uploads\/2018\/09\/ROGER-2.mp3?_=4\" \/><a href=\"http:\/\/www.radiopiu.net\/wordpress\/wp-content\/uploads\/2018\/09\/ROGER-2.mp3\">http:\/\/www.radiopiu.net\/wordpress\/wp-content\/uploads\/2018\/09\/ROGER-2.mp3<\/a><\/audio>\n<p><em>\u00abLa maggioranza giallo verde alla deriva ideologica\u00bb <\/em><\/p><\/blockquote>\n<p><strong><a class=\"dt-pswp-item\" href=\"http:\/\/www.radiopiu.net\/wordpress\/wp-content\/uploads\/2018\/07\/ROGER.jpg\" data-dt-img-description=\"\" data-large_image_width=\"193\" data-large_image_height=\"261\"><img loading=\"lazy\" decoding=\"async\" class=\"size-full wp-image-53882 alignleft\" src=\"http:\/\/www.radiopiu.net\/wordpress\/wp-content\/uploads\/2018\/07\/ROGER.jpg\" alt=\"\" width=\"193\" height=\"261\" \/><\/a>Roma, 11 Settembre 2018<\/strong> _ Gli emendamenti presentati dal deputato bellunese Roger De Menech per salvaguardare il bando Periferie e per la velocizzazione della messa in sicurezza della statale di Alemagna sono stati bocciati. La maggioranza giallo verde in Commissione Affari Costituzionali della Camera non ha voluto sentire ragioni e ha deciso di far cadere tutte le proposte di modifica al decreto Milleproroghe che non provenissero dalla Lega o dal Movimento 5 Stelle.<\/p>\n<p><em>\u00ab\u00c8 la dimostrazione di un\u2019impostazione ideologica e settaria della maggioranza\u00bb, <\/em>afferma De Menech.<em> \u00abPur di affermare la propria supremazia, i due partiti di maggioranza trascurano gli interessi dei cittadini, delle amministrazioni locali e dei territori\u00bb.\u00a0<\/em><\/p>\n<p>Insieme ad altri colleghi di opposizione, De Menech aveva fatto un lavoro accurato per salvare tutti i 500 milioni di euro del bando Periferie destinati ai capoluoghi di provincia con l\u2019obiettivo di recuperare le aree degradate. In subordine, il deputato aveva redatto un emendamento per mantenere per lo meno i finanziamenti a Belluno e a Treviso. Nessuna delle due proposte \u00e8 stata presa in considerazione dalla maggioranza. Stessa sorte ha fatto l\u2019emendamento, firmato anche dall\u2019ex ministro Luca Lotti, il cui effetto sarebbe stato l\u2019immediato sblocco dei lavori lungo la statale di Alemagna. La strada \u00e8 interessata a una serie di progetti per la messa in sicurezza che avrebbero dovuto essere completati per l\u2019avvio dei Campionati Mondiali di Sci Alpino in programma a Cortina nell\u2019inverno del 2021. Il provvedimento scritto da De Menech dava la facolt\u00e0 ai commissari di procedere comunque alla realizzazione delle opere, inserendo un passaggio consultivo con gli enti locali.<\/p>\n<p><em>\u00abAnche in questo caso\u00bb, sottolinea il deputato, \u00abil risultato \u00e8 stato negativo. Non solo in aula, ma anche in Commissione e persino nei corridoi del Parlamento c\u2019\u00e8 un clima tesissimo e non c\u2019\u00e8 alcuna collaborazione possibile tra deputati della maggioranza e di opposizione. Addirittura alcuni colleghi di maggioranza non parlano con noi temendo di essere controllati e accusati di collaborare con i partiti che non sono al governo. In queste condizioni, riuscire a portare a casa dei risultati per un territorio come il nostro \u00e8 davvero difficile. Siamo pochi e pesiamo poco, l\u2019unica possibilit\u00e0 che abbiamo \u00e8 essere influenti in modo selettivo nelle politiche che ci riguardano da vicino. Per farlo, tuttavia, dobbiamo lavorare tutti insieme e attuare strategie comuni. Attualmente, al contrario, gli unici provvedimenti che passano sono quelli decisi direttamente da Di Maio e da Salvini\u00bb.<\/em><\/p>\n<p>&nbsp;<\/p>\n<p>&nbsp;<\/p>\n<p>&nbsp;<\/p>\n<p>&nbsp;<\/p>\n<h2>AUDIO:_ OLIMPIADI 2026, DARIO BOND: &#8220;SERVE UNA CANDIDATURA FORTE, ANCHE PER IL MONDO CHE DI GUARDA&#8221;<\/h2>\n<p>&nbsp;<\/p>\n<blockquote><p><strong><a class=\"dt-pswp-item\" href=\"http:\/\/www.radiopiu.net\/wordpress\/wp-content\/uploads\/2018\/03\/main_olimpiadi.jpg\" data-dt-img-description=\"\" data-large_image_width=\"702\" data-large_image_height=\"360\"><img loading=\"lazy\" decoding=\"async\" class=\"size-medium wp-image-44725 alignleft\" src=\"http:\/\/www.radiopiu.net\/wordpress\/wp-content\/uploads\/2018\/03\/main_olimpiadi-300x154.jpg\" alt=\"\" width=\"300\" height=\"154\" \/><\/a><\/strong><\/p>\n<p><strong>Un&#8217;immagine forte, richiesta entro il 19 settembre. Che prevalga la ragione della montagna<\/strong><\/p><\/blockquote>\n<p>&nbsp;<\/p>\n<p><strong>l&#8217;intervento di DARIO BOND<\/strong><\/p>\n<audio class=\"wp-audio-shortcode\" id=\"audio-60373-5\" preload=\"none\" style=\"width: 100%;\" controls=\"controls\"><source type=\"audio\/ogg\" src=\"http:\/\/www.radiopiu.net\/wordpress\/wp-content\/uploads\/2018\/09\/WhatsApp-Ptt-2018-09-11-at-16.14.29.ogg?_=5\" \/><a href=\"http:\/\/www.radiopiu.net\/wordpress\/wp-content\/uploads\/2018\/09\/WhatsApp-Ptt-2018-09-11-at-16.14.29.ogg\">http:\/\/www.radiopiu.net\/wordpress\/wp-content\/uploads\/2018\/09\/WhatsApp-Ptt-2018-09-11-at-16.14.29.ogg<\/a><\/audio>\n<p>&nbsp;<\/p>\n<p>&nbsp;<\/p>\n<p>&nbsp;<\/p>\n<p>&nbsp;<\/p>\n<blockquote>\n<div><\/div>\n<h2>UN NUOVO INGRESSO AL CIMITERO DI ALLEGHE, DA UN PROGETTO DI MASSIMILIANO DELL&#8217;OLIVO<\/h2>\n<\/blockquote>\n<div><\/div>\n<p><strong><a class=\"dt-pswp-item\" href=\"http:\/\/www.radiopiu.net\/wordpress\/wp-content\/uploads\/2018\/09\/DSC_2893-3000.jpg\" data-dt-img-description=\"\" data-large_image_width=\"3000\" data-large_image_height=\"2000\"><img loading=\"lazy\" decoding=\"async\" class=\"size-medium wp-image-60360 alignleft\" src=\"http:\/\/www.radiopiu.net\/wordpress\/wp-content\/uploads\/2018\/09\/DSC_2893-3000-300x200.jpg\" alt=\"\" width=\"300\" height=\"200\" srcset=\"https:\/\/www.radiopiu.net\/wordpress\/wp-content\/uploads\/2018\/09\/DSC_2893-3000-300x200.jpg 300w, https:\/\/www.radiopiu.net\/wordpress\/wp-content\/uploads\/2018\/09\/DSC_2893-3000-768x512.jpg 768w, https:\/\/www.radiopiu.net\/wordpress\/wp-content\/uploads\/2018\/09\/DSC_2893-3000-1024x683.jpg 1024w\" sizes=\"auto, (max-width: 300px) 100vw, 300px\" \/><\/a>ALLEGHE\u00a0\u00a0<\/strong>Sono recentemente terminati i lavori di adeguamento alla normativa in materia di barriere architettoniche dell\u2019ingresso al cimitero di Alleghe. Il progetto preliminare partito nel 2014 con l\u2019amministrazione del sindaco Gloria Pianezze ha trovato compimento quest\u2019anno tramite il progetto esecutivo sino alla realizzazione dell\u2019opera.\u00a0 L&#8217;amministrazione comunale del sindaco Siro De Biasio\u00a0 ha impegnato\u00a0 55.000 euro. La vecchia scalinata in pietra, ripida e consunta dal tempo, non solo era divenuta pericolosa, ma non garantiva n\u00e9 l\u2019accesso ai portatori di handicap n\u00e9 ai mezzi meccanici del Comune. Il progetto dell\u2019architetto Massimiliano Dell\u2019Olivo rilegge l\u2019intera area prospicente il cancello d\u2019ingresso al camposanto al fine di rispondere alle esigenze funzionali con un intervento unitario e dal forte significato simbolico. L\u2019ingresso al recinto sacro altro non \u00e8 che una soglia, intesa non come separazione ma come unione, come momento di passaggio tra i ritmi della quotidianit\u00e0 ed un luogo dove il tempo \u00e8 infinito.<\/p>\n<p><strong>CONCETTO D&#8217;INTERVENTO<\/strong><br \/>\nConfigurare il tutto come un blocco scolpito di pietra dolomia in grado di accogliere sia la nuova scalinata che la nuova rampa disabili. Come lo stilobate di un tempio antico questo elemento si pone tra noi ed il cimitero, articolandosi con tre diverse sfaccettature. Sulla sinistra troviamo il parcheggio dedicato ai diversamente abili posto in diretta connessione con la rampa, al centro l\u2019ampia scalinata monumentale ed a destra la stradina che raccorda il pendio esistente a monte e consente l\u2019accesso ai mezzi del Comune. Il progetto ha anche salvaguardato gli elementi lapidei della vecchia scalinata, recuperandoli e riutilizzandoli come cordonate della stradina.<\/p>\n<p><strong>I SIMBOLI<\/strong><br \/>\nDue simboli sono incisi nella pietra a lato della rampa disabili: l\u2019ancora ed il pesce. L\u2019ancora per i Cristiani simboleggia la speranza ed in particolare nella promessa della vita eterna, il pesce \u00e8 il simbolo di Ges\u00f9 Cristo Figlio di Dio, perci\u00f2 il significato dei due simboli insieme \u00e8 la promessa della risurrezione per mezzo della fede in Cristo. A completamento dell\u2019intervento anche una nuova area di parcheggio posta immediatamente a valle del piazzale esistente realizzata lungo la strada di accesso per mezzo di un terrapieno sostenuto da una scogliera in massi ciclopici.<\/p>\n<p><span style=\"color: #ff0000;\">Fotografie di Stefano Dell\u2019Antone, CLICCA PER INGRANDIRE<\/span><\/p>\n\n\t\t\t<style type='text\/css'>\n\t\t\t\t#gallery-1 {\n\t\t\t\t\tmargin: auto;\n\t\t\t\t}\n\t\t\t\t#gallery-1 .gallery-item {\n\t\t\t\t\tfloat: left;\n\t\t\t\t\tmargin-top: 10px;\n\t\t\t\t\ttext-align: center;\n\t\t\t\t\twidth: 33%;\n\t\t\t\t}\n\t\t\t\t#gallery-1 img {\n\t\t\t\t\tborder: 2px solid #cfcfcf;\n\t\t\t\t}\n\t\t\t\t#gallery-1 .gallery-caption {\n\t\t\t\t\tmargin-left: 0;\n\t\t\t\t}\n\t\t\t\t\/* see gallery_shortcode() in wp-includes\/media.php *\/\n\t\t\t<\/style>\n\t\t<div id='gallery-1' class='dt-gallery-container gallery galleryid-60373 gallery-columns-3 gallery-size-thumbnail'><dl class='gallery-item'>\n\t\t\t\t<dt class='gallery-icon landscape'>\n\t\t\t\t\t<a class=\"rollover\" href='https:\/\/www.radiopiu.net\/wordpress\/un-nuovo-ingresso-al-cimitero-di-alleghe-da-un-progetto-di-massimiliano-dellolivo\/dsc_2883-3000\/'><img loading=\"lazy\" decoding=\"async\" width=\"150\" height=\"150\" src=\"https:\/\/www.radiopiu.net\/wordpress\/wp-content\/uploads\/2018\/09\/DSC_2883-3000-150x150.jpg\" class=\"attachment-thumbnail size-thumbnail\" alt=\"\" \/><\/a>\n\t\t\t\t<\/dt><\/dl><dl class='gallery-item'>\n\t\t\t\t<dt class='gallery-icon landscape'>\n\t\t\t\t\t<a class=\"rollover\" href='https:\/\/www.radiopiu.net\/wordpress\/un-nuovo-ingresso-al-cimitero-di-alleghe-da-un-progetto-di-massimiliano-dellolivo\/dsc_2893-3000\/'><img loading=\"lazy\" decoding=\"async\" width=\"150\" height=\"150\" src=\"https:\/\/www.radiopiu.net\/wordpress\/wp-content\/uploads\/2018\/09\/DSC_2893-3000-150x150.jpg\" class=\"attachment-thumbnail size-thumbnail\" alt=\"\" \/><\/a>\n\t\t\t\t<\/dt><\/dl><dl class='gallery-item'>\n\t\t\t\t<dt class='gallery-icon portrait'>\n\t\t\t\t\t<a class=\"rollover\" href='https:\/\/www.radiopiu.net\/wordpress\/un-nuovo-ingresso-al-cimitero-di-alleghe-da-un-progetto-di-massimiliano-dellolivo\/dsc_2895-3000\/'><img loading=\"lazy\" decoding=\"async\" width=\"150\" height=\"150\" src=\"https:\/\/www.radiopiu.net\/wordpress\/wp-content\/uploads\/2018\/09\/DSC_2895-3000-150x150.jpg\" class=\"attachment-thumbnail size-thumbnail\" alt=\"\" \/><\/a>\n\t\t\t\t<\/dt><\/dl><br style=\"clear: both\" \/>\n\t\t\t<\/div>\n\n<p>&nbsp;<\/p>\n<p>&nbsp;<\/p>\n<p>&nbsp;<\/p>\n<p>&nbsp;<\/p>\n<h1>FESTA A TISOI PER I 50 ANNI DELL&#8217;ORDINAZIONE A PARROCO DI DON GEMO<\/h1>\n<p><strong><a class=\"dt-pswp-item\" href=\"http:\/\/www.radiopiu.net\/wordpress\/wp-content\/uploads\/2018\/09\/WhatsApp-Image-2018-09-11-at-17.31.31.jpeg\" data-dt-img-description=\"\" data-large_image_width=\"585\" data-large_image_height=\"477\"><img loading=\"lazy\" decoding=\"async\" class=\" wp-image-60406 alignleft\" src=\"http:\/\/www.radiopiu.net\/wordpress\/wp-content\/uploads\/2018\/09\/WhatsApp-Image-2018-09-11-at-17.31.31-300x245.jpeg\" alt=\"\" width=\"202\" height=\"165\" srcset=\"https:\/\/www.radiopiu.net\/wordpress\/wp-content\/uploads\/2018\/09\/WhatsApp-Image-2018-09-11-at-17.31.31-300x245.jpeg 300w, https:\/\/www.radiopiu.net\/wordpress\/wp-content\/uploads\/2018\/09\/WhatsApp-Image-2018-09-11-at-17.31.31.jpeg 585w\" sizes=\"auto, (max-width: 202px) 100vw, 202px\" \/><\/a><\/strong><\/p>\n<p>&nbsp;<\/p>\n<p>&nbsp;<\/p>\n<p><strong>di Roberto Bona\u00a0<\/strong><\/p>\n<p><strong>TISOI<\/strong> Fine settimana di festa con lo spettacolo teatrale, messa di ringraziamento con il vescovo e un momento di riconoscimento per il parroco originario di Cibiana di Cadore.<\/p>\n<audio class=\"wp-audio-shortcode\" id=\"audio-60373-6\" preload=\"none\" style=\"width: 100%;\" controls=\"controls\"><source type=\"audio\/mpeg\" src=\"http:\/\/www.radiopiu.net\/wordpress\/wp-content\/uploads\/2018\/09\/ROBERTO.mp3?_=6\" \/><a href=\"http:\/\/www.radiopiu.net\/wordpress\/wp-content\/uploads\/2018\/09\/ROBERTO.mp3\">http:\/\/www.radiopiu.net\/wordpress\/wp-content\/uploads\/2018\/09\/ROBERTO.mp3<\/a><\/audio>\n<p>&nbsp;<\/p>\n<p>&nbsp;<\/p>\n<p>&nbsp;<\/p>\n<p>&nbsp;<\/p>\n<h1>NEL RICORDO DI STEFANO GORZEGNO<\/h1>\n<p><a class=\"dt-pswp-item\" href=\"http:\/\/www.radiopiu.net\/wordpress\/wp-content\/uploads\/2017\/04\/piazza-don-stefano-gorzegno-e-anche-meta-di-pellegrinaggio-nel-ricordo-del-parroco-che-salvo-la-vita-ai-bambini-.jpg\" data-dt-img-description=\"\" data-large_image_width=\"2048\" data-large_image_height=\"1152\"><img loading=\"lazy\" decoding=\"async\" class=\"size-medium wp-image-31357 alignleft\" src=\"http:\/\/www.radiopiu.net\/wordpress\/wp-content\/uploads\/2017\/04\/piazza-don-stefano-gorzegno-e-anche-meta-di-pellegrinaggio-nel-ricordo-del-parroco-che-salvo-la-vita-ai-bambini--300x169.jpg\" alt=\"\" width=\"300\" height=\"169\" \/><\/a><strong>DI GIANNI SANTOMASO<\/strong><\/p>\n<audio class=\"wp-audio-shortcode\" id=\"audio-60373-7\" preload=\"none\" style=\"width: 100%;\" controls=\"controls\"><source type=\"audio\/mpeg\" src=\"http:\/\/www.radiopiu.net\/wordpress\/wp-content\/uploads\/2018\/09\/GORZEGNNO.mp3?_=7\" \/><a href=\"http:\/\/www.radiopiu.net\/wordpress\/wp-content\/uploads\/2018\/09\/GORZEGNNO.mp3\">http:\/\/www.radiopiu.net\/wordpress\/wp-content\/uploads\/2018\/09\/GORZEGNNO.mp3<\/a><\/audio>\n<p>&nbsp;<\/p>\n<p>&nbsp;<\/p>\n<p>&nbsp;<\/p>\n<p>&nbsp;<\/p>\n<h2>NON ODIO, MA RICORDO DEI TROPPO SPESSO DIMENTICATI i<\/h2>\n<div><strong><a class=\"dt-pswp-item\" href=\"http:\/\/www.radiopiu.net\/wordpress\/wp-content\/uploads\/2018\/09\/DSC00254.jpg\" data-dt-img-description=\"\" data-large_image_width=\"2816\" data-large_image_height=\"2112\"><img loading=\"lazy\" decoding=\"async\" class=\"size-medium wp-image-60371 alignleft\" src=\"http:\/\/www.radiopiu.net\/wordpress\/wp-content\/uploads\/2018\/09\/DSC00254-300x225.jpg\" alt=\"\" width=\"300\" height=\"225\" srcset=\"https:\/\/www.radiopiu.net\/wordpress\/wp-content\/uploads\/2018\/09\/DSC00254-300x225.jpg 300w, https:\/\/www.radiopiu.net\/wordpress\/wp-content\/uploads\/2018\/09\/DSC00254-768x576.jpg 768w, https:\/\/www.radiopiu.net\/wordpress\/wp-content\/uploads\/2018\/09\/DSC00254-1024x768.jpg 1024w\" sizes=\"auto, (max-width: 300px) 100vw, 300px\" \/><\/a>FALCADE<\/strong> Si \u00e8 svolta, come ogni anno, la cerimonia per commemorare le vittime civili ad opera dei partigiani nella Valle del Biois. E&#8217;\u00a0stata celebrata da Don Sandro, parroco di Falcade, la Santa Messa nella Cappella Barbieri. Nell\u2019omelia, Don Sandro, ha ricordato le vittime di quella immane tragedia nei confronti di civili inermi, con un pensiero ai familiari delle vittime ed un augurio che simili tragedie non abbiano pi\u00f9 a ripetersi. Al termine\u00a0 il corteo si \u00e8 trasferito al locale cimitero dove \u00e8 stata apposta, da parte del Sindaco di Falcade, Michele Costa, una corona di alloro sulla lapide che riporta i nomi di alcuni dei cittadini trucidati. Nell\u2019occasione il Sindaco, ha precisato che sulla lapide mancano ancora numerosi nomi di cittadini che hanno subito la stessa sorte e, sar\u00e0 compito e dovere della amministrazione di Falcade provvedere in merito. Il ricordare tutta questa gente, ingiustamente giustiziata e, per troppo tempo dimenticata, non significa rivendicare odio o vendette ma, fare in modo che tutti debbano ricordare i fatti reali che hanno devastato a fine guerra la\u00a0 Valle.<\/div>\n<p>&nbsp;<\/p>\n<p>&nbsp;<\/p>\n<p>&nbsp;<\/p>\n<h2><\/h2>\n<h2><\/h2>\n<h2>ISTITUTO TECNICO SUPERIORE- CORSO GREEN MANAGER GESTIONE SOSTENIBILE DEI CANTIERI<\/h2>\n<p><span style=\"color: #ff0000;\">OGGI ALLE 10.30 E 1900 SPECIALE ALLA RADIO, OSPITE DINO PRELORAN<\/span><\/p>\n<p>&nbsp;<\/p>\n<p><a class=\"dt-pswp-item\" href=\"http:\/\/www.radiopiu.net\/wordpress\/wp-content\/uploads\/2016\/12\/POLOTAMONICH.jpg\" data-dt-img-description=\"\" data-large_image_width=\"284\" data-large_image_height=\"158\"><img loading=\"lazy\" decoding=\"async\" class=\"size-full wp-image-26115 alignleft\" src=\"http:\/\/www.radiopiu.net\/wordpress\/wp-content\/uploads\/2016\/12\/POLOTAMONICH.jpg\" alt=\"\" width=\"284\" height=\"158\" \/><\/a>Nel mese di ottobre 2018 partir\u00e0 il nuovo corso di\u00a0TECNICO SUPERIORE NELLA GESTIONE SOSTENIBILE DEI CANTIERI\u00a0in provincia di Belluno, fortemente voluto dal Ministero della Pubblica Istruzione. Il Ministero dell\u2019Istruzione nel 2008 ha voluto offrire una\u00a0nuova opportunit\u00e0 di alta formazione,\u00a0alternativa al percorso universitario, per gli studenti che hanno conseguito il diploma di scuola media di secondo grado. Questi corsi di\u00a0alta formazione\u00a0hanno l\u2019obiettivo di assicurare una stabile offerta di\u00a0percorsi biennali\u00a0in\u00a0ambiti tecnologici\u00a0e in coerenza con la programmazione economica europea, nazionale e regionale. Si configurano come una sorta di \u201cpiccolo politecnico\u201d con un\u2019offerta formativa specializzata\u00a0in un particolare settore merceologico, con un\u2019alta percentuale di formazione in azienda e un\u2019attivit\u00e0 didattica improntata a lavori di progetto, simulazione di casi, laboratorio per\u00a0formare un \u201csupertecnico\u201d.L\u2019ITS offre una nuova\u00a0specializzazione altamente qualificata, mediante un programma formativo che prevede:\u00a01200 ore di lezione in aula\u00a0e\u00a0800 ore di stage\u00a0qualificato in azienda. La finalit\u00e0 del corso \u00e8 quella di formare un\u00a0Tecnico Superiore immediatamente spendibile nel mercato del lavoro. Al termine del corso di studi l\u2019allievo ottiene il\u00a0diploma di Tecnico Superiore, conferito dal Ministero della Pubblica Istruzione, che ha valore europeo (quinto livello EQF). II risultato di questi percorsi formativi \u00e8 eccezionale, con un tasso di occupazione che nei primi mesi dopo il diploma si attesta al 85%.<\/p>\n<p><span style=\"color: #ff0000;\">TUTTI I PARTICOLARI NELL&#8217;ARTICOLO ALLEGATO<\/span><\/p>\n<blockquote class=\"wp-embedded-content\" data-secret=\"5ncXxYD3ee\"><p><a href=\"http:\/\/www.radiopiu.net\/wordpress\/istituto-tecnico-superiore-corso-green-manager-gestione-sostenibile-dei-cantieri\/\">ISTITUTO TECNICO SUPERIORE- CORSO GREEN MANAGER GESTIONE SOSTENIBILE DEI CANTIERI<\/a><\/p><\/blockquote>\n<p><iframe loading=\"lazy\" class=\"wp-embedded-content\" sandbox=\"allow-scripts\" security=\"restricted\" style=\"position: absolute; clip: rect(1px, 1px, 1px, 1px);\" src=\"http:\/\/www.radiopiu.net\/wordpress\/istituto-tecnico-superiore-corso-green-manager-gestione-sostenibile-dei-cantieri\/embed\/#?secret=5ncXxYD3ee\" data-secret=\"5ncXxYD3ee\" width=\"600\" height=\"338\" title=\"&#8220;ISTITUTO TECNICO SUPERIORE- CORSO GREEN MANAGER GESTIONE SOSTENIBILE DEI CANTIERI&#8221; &#8212; Radio Pi\u00f9\" frameborder=\"0\" marginwidth=\"0\" marginheight=\"0\" scrolling=\"no\"><\/iframe><\/p>\n<p>&nbsp;<\/p>\n<p>&nbsp;<\/p>\n<p>&nbsp;<\/p>\n<p>&nbsp;<\/p>\n<h1>LA FRANA DI IERI DAL FRAMONT<\/h1>\n<p>GALLERIA FOTOGRAFICA DI MARCO GAZ, CLICCA PER INGRANDIRE<\/p>\n\n\t\t\t<style type='text\/css'>\n\t\t\t\t#gallery-2 {\n\t\t\t\t\tmargin: auto;\n\t\t\t\t}\n\t\t\t\t#gallery-2 .gallery-item {\n\t\t\t\t\tfloat: left;\n\t\t\t\t\tmargin-top: 10px;\n\t\t\t\t\ttext-align: center;\n\t\t\t\t\twidth: 33%;\n\t\t\t\t}\n\t\t\t\t#gallery-2 img {\n\t\t\t\t\tborder: 2px solid #cfcfcf;\n\t\t\t\t}\n\t\t\t\t#gallery-2 .gallery-caption {\n\t\t\t\t\tmargin-left: 0;\n\t\t\t\t}\n\t\t\t\t\/* see gallery_shortcode() in wp-includes\/media.php *\/\n\t\t\t<\/style>\n\t\t<div id='gallery-2' class='dt-gallery-container gallery galleryid-60373 gallery-columns-3 gallery-size-thumbnail'><dl class='gallery-item'>\n\t\t\t\t<dt class='gallery-icon portrait'>\n\t\t\t\t\t<a class=\"rollover\" href='https:\/\/www.radiopiu.net\/wordpress\/giornale-radiopiu-11-settembre-2018-direttore-mirko-mezzacasa\/whatsapp-image-2018-09-11-at-06-39-44\/'><img loading=\"lazy\" decoding=\"async\" width=\"150\" height=\"150\" src=\"https:\/\/www.radiopiu.net\/wordpress\/wp-content\/uploads\/2018\/09\/WhatsApp-Image-2018-09-11-at-06.39.44-150x150.jpeg\" class=\"attachment-thumbnail size-thumbnail\" alt=\"\" \/><\/a>\n\t\t\t\t<\/dt><\/dl><dl class='gallery-item'>\n\t\t\t\t<dt class='gallery-icon landscape'>\n\t\t\t\t\t<a class=\"rollover\" href='https:\/\/www.radiopiu.net\/wordpress\/giornale-radiopiu-11-settembre-2018-direttore-mirko-mezzacasa\/whatsapp-image-2018-09-11-at-06-39-44-2\/'><img loading=\"lazy\" decoding=\"async\" width=\"150\" height=\"150\" src=\"https:\/\/www.radiopiu.net\/wordpress\/wp-content\/uploads\/2018\/09\/WhatsApp-Image-2018-09-11-at-06.39.44-2-150x150.jpeg\" class=\"attachment-thumbnail size-thumbnail\" alt=\"\" \/><\/a>\n\t\t\t\t<\/dt><\/dl><dl class='gallery-item'>\n\t\t\t\t<dt class='gallery-icon landscape'>\n\t\t\t\t\t<a class=\"rollover\" href='https:\/\/www.radiopiu.net\/wordpress\/giornale-radiopiu-11-settembre-2018-direttore-mirko-mezzacasa\/whatsapp-image-2018-09-11-at-06-39-44-1\/'><img loading=\"lazy\" decoding=\"async\" width=\"150\" height=\"150\" src=\"https:\/\/www.radiopiu.net\/wordpress\/wp-content\/uploads\/2018\/09\/WhatsApp-Image-2018-09-11-at-06.39.44-1-150x150.jpeg\" class=\"attachment-thumbnail size-thumbnail\" alt=\"\" \/><\/a>\n\t\t\t\t<\/dt><\/dl><br style=\"clear: both\" \/><dl class='gallery-item'>\n\t\t\t\t<dt class='gallery-icon landscape'>\n\t\t\t\t\t<a class=\"rollover\" href='https:\/\/www.radiopiu.net\/wordpress\/giornale-radiopiu-12-settembre-2018-direttore-mirko-mezzacasa\/whatsapp-image-2018-09-11-at-18-45-04-2\/'><img loading=\"lazy\" decoding=\"async\" width=\"150\" height=\"150\" src=\"https:\/\/www.radiopiu.net\/wordpress\/wp-content\/uploads\/2018\/09\/WhatsApp-Image-2018-09-11-at-18.45.04-2-150x150.jpeg\" class=\"attachment-thumbnail size-thumbnail\" alt=\"\" \/><\/a>\n\t\t\t\t<\/dt><\/dl><dl class='gallery-item'>\n\t\t\t\t<dt class='gallery-icon landscape'>\n\t\t\t\t\t<a class=\"rollover\" href='https:\/\/www.radiopiu.net\/wordpress\/giornale-radiopiu-12-settembre-2018-direttore-mirko-mezzacasa\/whatsapp-image-2018-09-11-at-18-45-04\/'><img loading=\"lazy\" decoding=\"async\" width=\"150\" height=\"150\" src=\"https:\/\/www.radiopiu.net\/wordpress\/wp-content\/uploads\/2018\/09\/WhatsApp-Image-2018-09-11-at-18.45.04-150x150.jpeg\" class=\"attachment-thumbnail size-thumbnail\" alt=\"\" \/><\/a>\n\t\t\t\t<\/dt><\/dl><dl class='gallery-item'>\n\t\t\t\t<dt class='gallery-icon landscape'>\n\t\t\t\t\t<a class=\"rollover\" href='https:\/\/www.radiopiu.net\/wordpress\/giornale-radiopiu-12-settembre-2018-direttore-mirko-mezzacasa\/whatsapp-image-2018-09-11-at-18-45-03-2\/'><img loading=\"lazy\" decoding=\"async\" width=\"150\" height=\"150\" src=\"https:\/\/www.radiopiu.net\/wordpress\/wp-content\/uploads\/2018\/09\/WhatsApp-Image-2018-09-11-at-18.45.03-2-150x150.jpeg\" class=\"attachment-thumbnail size-thumbnail\" alt=\"\" \/><\/a>\n\t\t\t\t<\/dt><\/dl><br style=\"clear: both\" \/><dl class='gallery-item'>\n\t\t\t\t<dt class='gallery-icon landscape'>\n\t\t\t\t\t<a class=\"rollover\" href='https:\/\/www.radiopiu.net\/wordpress\/giornale-radiopiu-12-settembre-2018-direttore-mirko-mezzacasa\/whatsapp-image-2018-09-11-at-18-45-02\/'><img loading=\"lazy\" decoding=\"async\" width=\"150\" height=\"150\" src=\"https:\/\/www.radiopiu.net\/wordpress\/wp-content\/uploads\/2018\/09\/WhatsApp-Image-2018-09-11-at-18.45.02-150x150.jpeg\" class=\"attachment-thumbnail size-thumbnail\" alt=\"\" \/><\/a>\n\t\t\t\t<\/dt><\/dl>\n\t\t\t\t<br style='clear: both' \/>\n\t\t\t<\/div>\n\n<p>&nbsp;<\/p>\n<p>&nbsp;<\/p>\n<p>&nbsp;<\/p>\n<p>&nbsp;<\/p>\n<h3>SCUOLA: PRESIDENTE ZAIA A RAGAZZI, INSEGNANTI E FAMIGLIE, \u201cUN NUOVO ANNO DA METTERE A FRUTTO PER CRESCERE NEL SAPERE E NEL RISPETTO\u201d l<\/h3>\n<p><a class=\"dt-pswp-item\" href=\"http:\/\/www.radiopiu.net\/wordpress\/wp-content\/uploads\/2018\/09\/download-2.jpg\" data-dt-img-description=\"\" data-large_image_width=\"287\" data-large_image_height=\"176\"><img loading=\"lazy\" decoding=\"async\" class=\"size-full wp-image-60385 alignleft\" src=\"http:\/\/www.radiopiu.net\/wordpress\/wp-content\/uploads\/2018\/09\/download-2.jpg\" alt=\"\" width=\"287\" height=\"176\" \/><\/a><strong>VENEZIA<\/strong>\u00a0 <em>\u201cRicomincia un nuovo anno scolastico: buona ripresa a ragazzi e insegnanti, ma anche ai genitori, anche loro protagonisti dell\u2019avventura scolastica\u201d.<\/em> Alla vigilia del suono della prima campanella delle scuole in Veneto, il presidente della Regione Luca Zaia rivolge un pensiero affettuoso e augurale ad alunni e docenti, nonch\u00e9 alle loro famiglie. <em>\u201cRivolgo un augurio speciale a chi fa ingresso per la prima volta nel mondo della scuola \u2013 prosegue Zaia \u2013 agli alunni di prima elementare e ai nuovi insegnanti: domani saranno i pi\u00f9 emozionati, i pi\u00f9 frastornati, ma anche i pi\u00f9 incuriositi e speranzosi. Accogliamoli con entusiasmo, fiducia e spirito di collaborazione, perch\u00e9 i primi passi sono spesso quelli decisivi\u201d. \u201cA tutti gli altri, a chi rientra dopo le vacanze e a chi inizia un nuovo ciclo o percorso scolastico auguro \u2018buon lavoro\u2019: mettete a frutto i vostri talenti, coltivate interessi e curiosit\u00e0 e non abbiate mai a pensare che il tempo trascorso sui banchi di scuola sia inutile o noioso. E\u2019 nel gruppo-classe, e nella comunit\u00e0 scolastica, che ci si allena alla vita, a diventare persone responsabili, capaci di un pensiero libero e autonomo e di rispettoso confronto. Che il nuovo anno \u2013 conclude il governatore del Veneto &#8211; sia un bell\u2019allenamento al dialogo reciproco, tra ragazzi e docenti, tra scuola e famiglia, nel rispetto dei ruoli e guardando alla meta finale: crescere, tutti, nella conoscenza, nell\u2019amore per le cose belle e nella capacit\u00e0 di saper scegliere\u201d. (FOTO OGGISCUOLA.COM)<\/em><\/p>\n<p>&nbsp;<\/p>\n<p>&nbsp;<\/p>\n<p>&nbsp;<\/p>\n<p>&nbsp;<\/p>\n<p>&nbsp;<\/p>\n<h2>ALLOGGI IN LOCAZIONE TURISTICA. CANER: \u201cNUOVE NORME PER DISCIPLINARE IL SETTORE, CONTRO L\u2019ABUSIVISMO\u201d<\/h2>\n<p><strong><a class=\"dt-pswp-item\" href=\"http:\/\/www.radiopiu.net\/wordpress\/wp-content\/uploads\/2018\/09\/Caner-1.jpg\" data-dt-img-description=\"\" data-large_image_width=\"1965\" data-large_image_height=\"1306\"><img loading=\"lazy\" decoding=\"async\" class=\" wp-image-60382 alignleft\" src=\"http:\/\/www.radiopiu.net\/wordpress\/wp-content\/uploads\/2018\/09\/Caner-1-300x199.jpg\" alt=\"\" width=\"345\" height=\"229\" srcset=\"https:\/\/www.radiopiu.net\/wordpress\/wp-content\/uploads\/2018\/09\/Caner-1-300x199.jpg 300w, https:\/\/www.radiopiu.net\/wordpress\/wp-content\/uploads\/2018\/09\/Caner-1-768x510.jpg 768w, https:\/\/www.radiopiu.net\/wordpress\/wp-content\/uploads\/2018\/09\/Caner-1-1024x681.jpg 1024w, https:\/\/www.radiopiu.net\/wordpress\/wp-content\/uploads\/2018\/09\/Caner-1.jpg 1965w\" sizes=\"auto, (max-width: 345px) 100vw, 345px\" \/><\/a>VENEZIA I<\/strong>l Veneto \u00e8 la prima regione turistica d\u2019Italia con 19 milioni di arrivi e 70 milioni di presenze. In base ai dati 2017 le strutture ricettive soggette ad attivit\u00e0 di rilevazione statistica e controllo amministrativo in Veneto sono pi\u00f9 di 46 mila, di cui 9 mila soggette anche a classificazione: 3200 sono alberghi, 5000 le strutture complementari, 180 quelle all\u2019aperto e oltre 900 gli agriturismi. Gli alloggi in locazione turistica sono la parte restante, cio\u00e8 pi\u00f9 di 37 mila. Si tratta di strutture ricettive non soggette a classificazione n\u00e9 a segnalazione certificata di inizio attivit\u00e0 (SCIA), senza la prestazione di servizi a favore degli ospiti durante il loro soggiorno. Chi affitta ha attualmente solo obblighi di comunicazione alla Regione, riguardanti sia l\u2019anagrafica di tale tipologia di alloggi, sia la movimentazione turistica. Il boom del loro numero \u00e8 dovuto anche alla commercializzazione tramite i siti internet di prenotazione ricettiva, ma sconfinando spesso nell\u2019abusivismo e conseguentemente in forme di concorrenza sleale nei confronti di chi agisce correttamente. Per questo la giunta regionale, su relazione dell\u2019assessore al turismo Federico Caner, ha licenziato una proposta legislativa che prevede nuove disposizioni in materia di ricettivit\u00e0 turistica finalizzate a tutelare sia la qualit\u00e0 dell\u2019offerta anche nel segmento degli alloggi in locazione, sia la trasparenza del settore. \u201cQuello che abbiamo voluto fare \u00e8 disciplinare in maniera pi\u00f9 trasparente il settore\u201d, ha spiegato Caner. A tal fine il disegno di legge apporta modifiche alla legge regionale n. 11 del 2013 \u201cSviluppo e sostenibilit\u00e0 del turismo veneto\u201d introducendo una serie di obblighi, come per tutte le altre strutture ricettive. \u201cAnzitutto \u2013 ha sottolineato l\u2019assessore &#8211; gli alloggi in locazione turistica dovranno essere conformi alle prescrizioni urbanistiche, edilizie, igienico-sanitarie e alle norme per la sicurezza degli impianti. La qualit\u00e0 dell\u2019offerta turistica in tutti i suoi segmenti deve essere garantita\u201d. Restano confermati tutti gli obblighi informativi necessari per consentire alla Regione di conoscere tempestivamente e correttamente i dati statistici. Uno dei nuovi obblighi sar\u00e0 invece quello di dotarsi di un codice identificativo dell\u2019alloggio, assegnato dalla Regione, da esporre anche nei siti internet di prenotazione ricettiva, in base ad un regolamento che sar\u00e0 adottato dalla giunta regionale successivamente all\u2019approvazione della legge. In questo modo i comuni saranno agevolati nelle funzioni di vigilanza sulle locazioni turistiche, compito che sar\u00e0 ulteriormente facilitato anche dalla possibilit\u00e0 per la polizia locale di accedere telematicamente alla banca dati regionale del turismo. \u201cLa Regione non vuole colpire questo segmento dell\u2019offerta turistica diverso dall\u2019offerta tradizionale \u2013 ha precisato Caner \u2013 ma intende contrastare la sacca importante delle strutture turistico-ricettive abusive. Dietro ai fenomeni di abusivismo ci sono vere e proprie organizzazioni che gestiscono migliaia di appartamenti, senza pagare tassa di soggiorno n\u00e9 comunicare la movimentazione turistica alle Questure e i dati statistici alla Regione. C\u2019\u00e8 poi anche l\u2019evasione fiscale, ma \u00e8 un problema che riguarda lo Stato. Sono previste sanzioni che possono arrivare, sommate, a 19 mila euro, reiterabili se il destinatario non si mette in regola. Prima di intervenire ci siamo presi tempo perch\u00e9 le norme adottate in precedenza in questa materia dalla Regione Lombardia sono state impugnate dal governo. Abbiamo quindi apportato i necessari correttivi per evitare l\u2019impugnazione delle nostre norme\u201d. \u201cHo gi\u00e0 parlato di questo tema con il ministro Centinaio \u2013 ha concluso l\u2019assessore \u2013 invitando il governo ad adottare una norma a livello nazionale prendendo la nostra proposta come modello. Noi intanto andiamo avanti e ci sono gi\u00e0 altre regioni che ci hanno chiesto di avere copia del nostro disegno di legge\u201d.<\/p>\n<p>&nbsp;<\/p>\n<p>&nbsp;<\/p>\n<p>&nbsp;<\/p>\n<h3>DAL CONCETTO DELLA CORREZIONE DEGLI ERRORI A QUELLO DELLA PREVENZIONE E PREVISIONE. BOTTACIN A SESSIONE DI LAUREE A PADOVA: &#8220;PASSAGGIO EPOCALE, OLTRE CHE OTTIMA OPPORTUNIT\u00c0 DI IMPIEGO PER I NUOVI COSTRUTTORI DI UNA CULTURA DELLA SICUREZZA&#8221;.<\/h3>\n<p><strong><a class=\"dt-pswp-item\" href=\"http:\/\/www.radiopiu.net\/wordpress\/wp-content\/uploads\/2018\/09\/Bottacin_lauree-sicurezza-Padova.jpg\" data-dt-img-description=\"\" data-large_image_width=\"1336\" data-large_image_height=\"1004\"><img loading=\"lazy\" decoding=\"async\" class=\"size-medium wp-image-60399 alignleft\" src=\"http:\/\/www.radiopiu.net\/wordpress\/wp-content\/uploads\/2018\/09\/Bottacin_lauree-sicurezza-Padova-300x225.jpg\" alt=\"\" width=\"300\" height=\"225\" srcset=\"https:\/\/www.radiopiu.net\/wordpress\/wp-content\/uploads\/2018\/09\/Bottacin_lauree-sicurezza-Padova-300x225.jpg 300w, https:\/\/www.radiopiu.net\/wordpress\/wp-content\/uploads\/2018\/09\/Bottacin_lauree-sicurezza-Padova-768x577.jpg 768w, https:\/\/www.radiopiu.net\/wordpress\/wp-content\/uploads\/2018\/09\/Bottacin_lauree-sicurezza-Padova-1024x770.jpg 1024w, https:\/\/www.radiopiu.net\/wordpress\/wp-content\/uploads\/2018\/09\/Bottacin_lauree-sicurezza-Padova.jpg 1336w\" sizes=\"auto, (max-width: 300px) 100vw, 300px\" \/><\/a>VENEZIA\u00a0<\/strong>&#8220;\u00c8 un onore per me essere qui ad assistere alle lauree di un corso che, con Padova primo Ateneo in Italia, colma un vuoto esistente e che consentir\u00e0 ai neolaureati la possibilit\u00e0 di molteplici sbocchi lavorativi&#8221;. Lo ha detto l&#8217;assessore regionale all&#8217;Ambiente e Protezione Civile del Veneto Gianpaolo Bottacin nel suo saluto introduttivo alla prima sessione di lauree del Corso di Ingegneria della Sicurezza Civile e Industriale attivato dall&#8217;Universit\u00e0 patavina. &#8220;Tra queste opportunit\u00e0 penso ad esempio al campo della difesa del suolo &#8211; ha esplicitato l&#8217;assessore &#8211; ambito in cui spesso si ricorrono le emergenze dovute a una scarsa pianificazione urbanistica, a una sottovalutazione dei rischi o a una poca attenzione posta dalle amministrazioni pubbliche alle opere di mitigazione del rischio. In tale ambito la Regione Veneto sta invece mettendo in atto un piano dal valore di 3 miliardi di euro, con cantieri gi\u00e0 programmati per quasi 900 milioni di euro&#8221;. &#8220;Anche in tema di protezione civile, e alla conseguente sempre maggiore esigenza di figure professionalmente preparate e formate, credo peraltro \u2013 ha aggiunto &#8211; questo corso universitario possa essere oltremodo utile. Cos\u00ec come all&#8217;ambito dei rischi ambientali e industriali, dove la Regione ha gi\u00e0 attivato un tavolo insieme all&#8217;Universit\u00e0 ad esempio per fronteggiare il rischio di incendi da impianti industriali e da trattamento rifiuti. Non va nemmeno poi dimenticato il tavolo istituzionale sulla sicurezza nei luoghi di lavoro, anche questo attivato dalla Regione e a cui sar\u00e0 chiamata anche l&#8217;Universit\u00e0&#8221;. &#8220;Ottime opportunit\u00e0 per gli ingegneri di domani &#8211; ha concluso Bottacin &#8211; che saranno chiamati a ricoprire il ruolo delicatissimo degli artefici del passaggio dal concetto della correzione degli errori a quello della prevenzione e previsione. Ingegneri che, ne sono certo, saranno il nucleo centrale dei nuovi futuri costruttori della cultura della sicurezza&#8221;.<\/p>\n<p>&nbsp;<\/p>\n<p>&nbsp;<\/p>\n<p>&nbsp;<\/p>\n<p>&nbsp;<\/p>\n<p>&nbsp;<\/p>\n<p>&nbsp;<\/p>\n<h2>LEGIONELLA: \u201cATTENZIONE AI CONDIZIONATORI. PRESENTATA INTERROGAZIONE AL GOVERNO\u201d<\/h2>\n<p>AUDIO<\/p>\n<audio class=\"wp-audio-shortcode\" id=\"audio-60373-8\" preload=\"none\" style=\"width: 100%;\" controls=\"controls\"><source type=\"audio\/mpeg\" src=\"http:\/\/www.radiopiu.net\/wordpress\/wp-content\/uploads\/2018\/09\/BOND-LEGIONELLA.mp3?_=8\" \/><a href=\"http:\/\/www.radiopiu.net\/wordpress\/wp-content\/uploads\/2018\/09\/BOND-LEGIONELLA.mp3\">http:\/\/www.radiopiu.net\/wordpress\/wp-content\/uploads\/2018\/09\/BOND-LEGIONELLA.mp3<\/a><\/audio>\n<p><a class=\"dt-pswp-item\" href=\"http:\/\/www.radiopiu.net\/wordpress\/wp-content\/uploads\/2018\/09\/download-3.jpg\" data-dt-img-description=\"\" data-large_image_width=\"259\" data-large_image_height=\"194\"><img loading=\"lazy\" decoding=\"async\" class=\"size-full wp-image-60413 alignleft\" src=\"http:\/\/www.radiopiu.net\/wordpress\/wp-content\/uploads\/2018\/09\/download-3.jpg\" alt=\"\" width=\"259\" height=\"194\" \/><\/a>\u201cNon bisogna creare allarmismo, ma il diffondersi di casi di polmonite dovuti a legionella nel Nord Italia deve far crescere l&#8217;allerta. Per questo, ho presentato un&#8217;interrogazione al Governo per una campagna di sensibilizzazione che interessi anche il Veneto\u201d: questo l&#8217;annuncio del deputato di Forza Italia, Dario Bond, a fronte dei numerosi casi registrati in questi giorni, soprattutto in Lombardia. \u201cLa legionella \u00e8 un batterio che causa un&#8217;infezione polmonare che viene acquisita per via respiratoria\u201d, spiega Bond. \u201cIl batterio si pu\u00f2 annidare in condotte cittadine e impianti idrici, ma anche nei condizionatori d&#8217;aria. Per questo, anche gli ospedali o i luoghi di grande frequentazione possono essere a rischio per soggetti deboli come anziani, fumatori, malati cronici o immunodepressi\u201d. \u201cIn un momento come questo, dove la sola Lombardia ha fatto registrare 196 ricoveri\u201d, conclude Bond \u201c\u00e8 necessario sensibilizzare la popolazione e le istituzioni, anche in una regione come il Veneto dove per ora non si sono registrati casi. Ho quindi presentato un&#8217;interrogazione al Governo per chiedere di attivarsi al pi\u00f9 presto su questo fronte\u201d.<\/p>\n<p>&nbsp;<\/p>\n<p>&nbsp;<\/p>\n<p>&nbsp;<\/p>\n<p>&nbsp;<\/p>\n<p>&nbsp;<\/p>\n<p>&nbsp;<\/p>\n<h1>DOLOMITI MAADNESS, CI SIAMO<\/h1>\n<p><span style=\"color: #ff0000;\">AUDIO BRUNELLA MORO<\/span><\/p>\n<audio class=\"wp-audio-shortcode\" id=\"audio-60373-9\" preload=\"none\" style=\"width: 100%;\" controls=\"controls\"><source type=\"audio\/mpeg\" src=\"http:\/\/www.radiopiu.net\/wordpress\/wp-content\/uploads\/2018\/09\/BRU-MADNESS.mp3?_=9\" \/><a href=\"http:\/\/www.radiopiu.net\/wordpress\/wp-content\/uploads\/2018\/09\/BRU-MADNESS.mp3\">http:\/\/www.radiopiu.net\/wordpress\/wp-content\/uploads\/2018\/09\/BRU-MADNESS.mp3<\/a><\/audio>\n<p><a class=\"dt-pswp-item\" href=\"http:\/\/www.radiopiu.net\/wordpress\/wp-content\/uploads\/2018\/04\/teaz.jpg\" data-dt-img-description=\"\" data-large_image_width=\"286\" data-large_image_height=\"176\"><img loading=\"lazy\" decoding=\"async\" class=\"size-full wp-image-47258 alignleft\" src=\"http:\/\/www.radiopiu.net\/wordpress\/wp-content\/uploads\/2018\/04\/teaz.jpg\" alt=\"\" width=\"286\" height=\"176\" \/><\/a>Al via il ciclo di corsi ExperienceLab per il progetto di rilancio territoriale Dolomites Maadness.\u00a0 Il primo appuntamento\u00a0 venerd\u00ec,\u00a0 ci sono gi\u00e0 di venti iscritti ma le iscrizioni sono ancora aperte.\u00a0\u00a0<strong>&#8220;L\u2019evoluzione della ricerca nel travel&#8221;.<\/strong> Si parte\u00a0 venerd\u00ec dalle 10 alle 13 e dalle 14 alle 17 in Sala Teaz di Rocca Pietore. La prima pietra di ExperienceLab la poser\u00e0 un giornalista specializzato in travel-tech e cofondatore della startup \u201cTell the Hotel\u201d, Simone Puorto: un \u201cmarketing geek\u201d con 20 anni di esperienza nell\u2019industria del turismo, lavorando con hotel, agenzie web, startup e travel-tech provider in tutto il mondo. Le sue esperienze sono finite anche in 2 best seller.\u00a0 La sua promessa \u00e8 fornire ai partecipanti del corso strumenti e competenze indispensabili per un mercato in velocissima evoluzione come quello del travel online. Per la prima volta nella storia del web, gli smartphone hanno infatti pi\u00f9 utenti dei pc! Puorto \u00e8 con noi, nel Medio Alto Agordino, per fornire un approccio alla materia e consigli concreti facilmente utilizzabili da quegli albergatori che vogliono entrare nel nuovo mercato. Iscrizioni on-line su www.dolomitesmaadness.com o a segreteria@dolomitesmaadness.com<\/p>\n<p>&nbsp;<\/p>\n<p>&nbsp;<\/p>\n<p>&nbsp;<\/p>\n<p>&nbsp;<\/p>\n<h1>E IL NEVEGAL QUANDO RIAPRE? RIAPRE?<\/h1>\n<h3><a class=\"dt-pswp-item\" href=\"http:\/\/www.radiopiu.net\/wordpress\/wp-content\/uploads\/2017\/12\/alpe-del-nevegal-terrazza-dolomiti-2.jpg\" data-dt-img-description=\"\" data-large_image_width=\"2385\" data-large_image_height=\"1780\"><img loading=\"lazy\" decoding=\"async\" class=\"size-medium wp-image-39640 alignleft\" src=\"http:\/\/www.radiopiu.net\/wordpress\/wp-content\/uploads\/2017\/12\/alpe-del-nevegal-terrazza-dolomiti-2-300x224.jpg\" alt=\"\" width=\"300\" height=\"224\" \/><\/a>DI DAMIANO TORMEN<\/h3>\n<audio class=\"wp-audio-shortcode\" id=\"audio-60373-10\" preload=\"none\" style=\"width: 100%;\" controls=\"controls\"><source type=\"audio\/mpeg\" src=\"http:\/\/www.radiopiu.net\/wordpress\/wp-content\/uploads\/2018\/09\/DAMIANO-1.mp3?_=10\" \/><a href=\"http:\/\/www.radiopiu.net\/wordpress\/wp-content\/uploads\/2018\/09\/DAMIANO-1.mp3\">http:\/\/www.radiopiu.net\/wordpress\/wp-content\/uploads\/2018\/09\/DAMIANO-1.mp3<\/a><\/audio>\n<h2><\/h2>\n<h2><\/h2>\n<p>&nbsp;<\/p>\n<p>&nbsp;<\/p>\n<h1>SAP:\u00a0 AGLI INCONTRI PARTECIPINO SOPRATTUTTO GLI OPERATIVI<\/h1>\n<p style=\"text-align: left;\"><strong><a class=\"dt-pswp-item\" href=\"http:\/\/www.radiopiu.net\/wordpress\/wp-content\/uploads\/2018\/09\/WhatsApp-Image-2018-09-12-at-07.10.42.jpeg\" data-dt-img-description=\"\" data-large_image_width=\"540\" data-large_image_height=\"322\"><img loading=\"lazy\" decoding=\"async\" class=\"size-medium wp-image-60486 alignleft\" src=\"http:\/\/www.radiopiu.net\/wordpress\/wp-content\/uploads\/2018\/09\/WhatsApp-Image-2018-09-12-at-07.10.42-300x179.jpeg\" alt=\"\" width=\"300\" height=\"179\" srcset=\"https:\/\/www.radiopiu.net\/wordpress\/wp-content\/uploads\/2018\/09\/WhatsApp-Image-2018-09-12-at-07.10.42-300x179.jpeg 300w, https:\/\/www.radiopiu.net\/wordpress\/wp-content\/uploads\/2018\/09\/WhatsApp-Image-2018-09-12-at-07.10.42.jpeg 540w\" sizes=\"auto, (max-width: 300px) 100vw, 300px\" \/><\/a>BELLUNO<\/strong> Si terr\u00e0 oggi presso l&#8217;Istituto di Istruzione Superiore &#8220;Segato&#8221; di Belluno, il Seminario dedicato alle Forze dell&#8217;Ordine operanti in questa provincia e avente tema la &#8220;Comunicazione nei conflitti relazionali in vista di un&#8217;efficace azione di Polizia&#8221; che ha l&#8217;obiettivo di formare gli operatori di polizia che spesso affrontano, nell&#8217;ambito della propria attivit\u00e0 lavorativa, momenti di elevata tensione emotiva. L&#8217;incontro sar\u00e0 tenuto da professionisti dell&#8217;AIGESFOS (Associazione Italiana per la Gestione dello stress nelle Forze dell&#8217;Ordine e del Soccorso). Sull&#8217;odierno momento formativo per i poliziotti bellunesi \u00e8 intervenuto il Sap (Sindacato Autonomo di Polizia) di Belluno:\u00a0<em> &#8220;Accogliamo con soddisfazione il fatto che l&#8217;Amministrazione inizi finalmente a mettere a disposizione dei poliziotti degli strumenti utili al servizio, per non lasciare pi\u00f9 l&#8217;operatore in balia solo del proprio bagaglio di conoscenze personali. La pregevole iniziativa, considerata anche la stima che come sigla sindacale nutriamo nei confronti dell&#8217;AIGESFOS, si inserisce nel quadro di piccoli passi in avanti (quali ad esempio il taser, non ancora in questa provincia) che sembra si stia iniziando a fare a livello centrale. Bene che si inizi, perch\u00e9 c&#8217;\u00e8 tanta, tanta strada da fare per dare ai poliziotti gli strumenti pratici e teorici di cui oggigiorno necessitano sempre pi\u00f9. Chiss\u00e0 che piano piano le battaglie portate avanti negli ultimi quattro anni dal Sap a livello nazionale &#8211; tra cui la richiesta di maggiore e migliore formazione &#8211; possano essere finalmente vinte. Sar\u00e0 curioso vedere &#8211; conclude la Segreteria Provinciale del Sap bellunese &#8211; quanto e soprattutto quale personale vi parteciper\u00e0. \u00c8 auspicabile infatti che possano parteciparvi innanzitutto quegli operatori che svolgono attivit\u00e0 operativa, in primis tutti i colleghi delle Volanti, ovvero quelli che veramente nella propria attivit\u00e0 lavorativa, possono affrontare momenti di elevata tensione emotiva. Purtroppo &#8211; conclude il Sap bellunese &#8211; apprendiamo ora, con amarezza, che delle Volanti non parteciper\u00e0 oggi (11.09) nemmeno una unit\u00e0&#8221;.<\/em><\/p>\n<p>&nbsp;<\/p>\n<p>&nbsp;<\/p>\n<p>&nbsp;<\/p>\n<p>&nbsp;<\/p>\n<h2>EDUCARE ATTRAVERSO LO SPORT SARA SIMEONI A BELLUNO<\/h2>\n<p><strong>di Marco D&#8217;Inc\u00e0<\/strong><\/p>\n<p><a class=\"dt-pswp-item\" href=\"http:\/\/www.radiopiu.net\/wordpress\/wp-content\/uploads\/2018\/09\/sara-simeoni.jpg\" data-dt-img-description=\"\" data-large_image_width=\"321\" data-large_image_height=\"157\"><img loading=\"lazy\" decoding=\"async\" class=\"size-medium wp-image-60384 alignleft\" src=\"http:\/\/www.radiopiu.net\/wordpress\/wp-content\/uploads\/2018\/09\/sara-simeoni-300x147.jpg\" alt=\"\" width=\"300\" height=\"147\" srcset=\"https:\/\/www.radiopiu.net\/wordpress\/wp-content\/uploads\/2018\/09\/sara-simeoni-300x147.jpg 300w, https:\/\/www.radiopiu.net\/wordpress\/wp-content\/uploads\/2018\/09\/sara-simeoni.jpg 321w\" sizes=\"auto, (max-width: 300px) 100vw, 300px\" \/><\/a>Dalla medaglia d\u2019oro alle Olimpiadi all\u2019insegnamento: la testimonianza di una campionessa di vita nel convegno di sabato 22 A volte lo sport rischia di essere visto e interpretato solo per la sua componente ludica e per l\u2019aspetto competitivo, mentre in realt\u00e0 \u00e8 uno straordinario catalizzatore sociale. E un efficace strumento di inclusione. In altri termini, racchiude i crismi per educare alla vita. Non a caso, sar\u00e0 proprio lo sport uno dei pilastri scelti dal comitato \u201cBelluno comunit\u00e0 che educa\u201d per il convegno in calendario sabato 22 settembre (dalle ore 14.45 alle 19), al Centro Giovanni XIII: \u201cCuore, testa, mani &#8211; Il valore educativo dell\u2019esperienza\u201d. Tra i relatori, anche un\u2019atleta, oggi insegnante, che ha scritto pagine memorabili nella storia dell\u2019atletica. E, in particolare, del salto in alto: Sara Simeoni. Medaglia d\u2019oro alle Olimpiadi di Mosca, nel 1980, ha stabilito per due volte il record del mondo con la misura di 2.01 metri e vanta pure quattro titoli di campionessa europea. Senza considerare che, nel 2014, \u00e8 stata nominata \u201cAtleta del Centenario\u201d dal Coni. Al termine del percorso agonistico, \u00e8 diventata docente universitaria presso la facolt\u00e0 di Scienze dell\u2019educazione motoria dell\u2019universit\u00e0 \u201cGabriele D\u2019Annunzio\u201d di Chieti e, dallo scorso anno, \u00e8 vice presidente della FIDAL Veneto. In pi\u00f9, ha promosso nelle scuole veronesi il progetto dal titolo \u201cEducare al fair play\u201d, in collaborazione con l\u2019ufficio scolastico. Di particolare interesse, inoltre, sar\u00e0 la testimonianza di Maurizio e Serena Facchin, genitori di una giovane rugbista. Ma se quella di Sara Simeoni era una disciplina individuale, il convegno di sabato 22 strizza l\u2019occhio al gioco di squadra. Tanto \u00e8 vero che il panorama sportivo della provincia di Belluno si \u00e8 stretto attorno a questo appuntamento, come conferma la presenza del Comitato regionale del Coni, della FIDAL (entrambi gli organi hanno dato il loro patrocinio) e del CSI di Belluno, che collabora alla promozione del convegno. Dopo l\u2019incontro, al ristorante \u201cAl Centro\u201d, sar\u00e0 possibile partecipare alla cena sociale a buffet. Il costo \u00e8 di 18 euro, mentre i bambini al di sotto dei 10 anni non pagano, se accompagnati da due adulti, e pagano 9 euro con un adulto. Per le prenotazioni, c\u2019\u00e8 tempo fino a domenica 16 settembre: il numero di riferimento \u00e8 340 4939586<\/p>\n<p>&nbsp;<\/p>\n<p>&nbsp;<\/p>\n<p>&nbsp;<\/p>\n<p>&nbsp;<\/p>\n<h2>MARATONA MUSICALE A SOSTEGNO DI AIDO BELLUNO<\/h2>\n<blockquote><p>Quattro gruppi si alterneranno sul palco della parrocchia di Farra per sostenere e promuovere la donazione degli organi<\/p><\/blockquote>\n<p><strong><a class=\"dt-pswp-item\" href=\"http:\/\/www.radiopiu.net\/wordpress\/wp-content\/uploads\/2018\/09\/CM-Aido-Festival-2016.jpg\" data-dt-img-description=\"\" data-large_image_width=\"2048\" data-large_image_height=\"1365\"><img loading=\"lazy\" decoding=\"async\" class=\"size-medium wp-image-60391 alignleft\" src=\"http:\/\/www.radiopiu.net\/wordpress\/wp-content\/uploads\/2018\/09\/CM-Aido-Festival-2016-300x200.jpg\" alt=\"\" width=\"300\" height=\"200\" srcset=\"https:\/\/www.radiopiu.net\/wordpress\/wp-content\/uploads\/2018\/09\/CM-Aido-Festival-2016-300x200.jpg 300w, https:\/\/www.radiopiu.net\/wordpress\/wp-content\/uploads\/2018\/09\/CM-Aido-Festival-2016-768x512.jpg 768w, https:\/\/www.radiopiu.net\/wordpress\/wp-content\/uploads\/2018\/09\/CM-Aido-Festival-2016-1024x683.jpg 1024w, https:\/\/www.radiopiu.net\/wordpress\/wp-content\/uploads\/2018\/09\/CM-Aido-Festival-2016.jpg 2048w\" sizes=\"auto, (max-width: 300px) 100vw, 300px\" \/><\/a>FELTRE<\/strong> Domenica 23 settembre a Farra di Feltre si terr\u00e0 il CM Aido Festival, maratona musicale a sostegno dell&#8217;associazione Italiana Donatori Organi, Tessuti e Cellule (Admo) di Belluno. L&#8217;iniziativa fonda musica e solidariet\u00e0, divertimento e sensibilizzazione. Saranno coinvolti 4 gruppi musicali che si susseguiranno sul palco con il proprio repertorio inedito. Dalle 13.30 alle 19 circa il CM Aido Festival aspetta tutti per scoprire la musica e il volontariato bellunese. Si inizia con i feltrini Majikku Ramen, band di rock psichedelico che fa delle improvvisazioni collettive uno dei punti cardine del progetto, svelando inaspettate svisate negli ampi spazi della musica. Seguiranno i Campo Magnetico, quartetto di rock progressivo\/psichedelico con un flauto alla Jethro Tull in prima fila, influenze sabbatiane, rumoristiche e sperimentali, di nuovo impegnati in studio per il nuovo album dopo mesi di piuttosto intensa attivit\u00e0 live. Terza band in scaletta i padovani L\u2019Ira Di Neanderthal, \u00e8 un progetto fluido, con frequenti cambi di formazione, ma le basi musicali rimangono invariate: lunghe cavalcate psichedeliche a base di rock, elettronica, space rock alla Hawkwind, sperimentalismi e stramberie varie. Chiuderanno l\u2019evento i Dite, quintetto bellunese che da poco ha pubblicato il primo album \u201cThe Hollow Connection\u201d (registrato presso i Nadir Studio di Genova), che sta avendo positiva accoglienza negli ambienti specializzati. Il genere \u00e8 un alternative rock\/metal ispirato da band come Porcupine Tree. Il festival si terr\u00e0 sotto un tendone posto nel campo da tennis retrostante la chiesa di Farra di Feltre, quindi anche in caso di maltempo non ci saranno impedimenti. Saranno attive le cucine con panini, patatine fritte e tanto altro, oltre a buona birra.<\/p>\n<p>&nbsp;<\/p>\n<p>&nbsp;<\/p>\n<h1><\/h1>\n<p>&nbsp;<\/p>\n<h1>DISSERVIZI PROGRAMMATI<\/h1>\n<blockquote><p>Gestione Servizi Pubblici informa che, per lavori alla rete idrica comunale, GIOVEDI dalle 8.30 a FINE LAVORI potrebbe mancare l&#8217;acqua a COLLE S.LUCIA nelle localit\u00e0 CANAZEI, TIE\u2019, SOPPELSE, PALLUA, VILLAGRANDE e VARAZZA. Il personale addetto operer\u00e0 per limitare il pi\u00f9 possibile i disagi alla popolazione.<\/p><\/blockquote>\n<p>&nbsp;<\/p>\n<p>&nbsp;<\/p>\n<p>&nbsp;<\/p>\n<h1>CONSIGLIO COMUNALE<\/h1>\n<p><strong>LIVINALLONGO <\/strong>Si riunir\u00e0 lunedi alle 20.30 il consiglio comunale di Livinallongo convocato dal sindaco Leandro Grones. In discussione: settima variazione al bilancio di previsione; realizzazione di un ristoro a Passo Pordoi; rinnovo convenzione per il sacrario militare di Salesei; mutamento destinazione d&#8217;uso terreni uso civico per piste da sci, impianti accessori, percorsi ciclo escursionistici a Ponte Vauz, Arabba, Passo Campolongo, Bec de Roces, Plan Bo\u00e8; ampliamento edificio per la creazione di uffici; deposito e servizi<strong>.<\/strong><\/p>\n<h1><\/h1>\n<p>&nbsp;<\/p>\n<p>&nbsp;<\/p>\n<h1>VIABILITA&#8217;, ORDINANZE DI VENETO STRADE<\/h1>\n<p><a class=\"dt-pswp-item\" href=\"http:\/\/www.radiopiu.net\/wordpress\/wp-content\/uploads\/2018\/08\/VIABILIA.jpeg\" data-dt-img-description=\"\" data-large_image_width=\"1280\" data-large_image_height=\"768\"><img loading=\"lazy\" decoding=\"async\" class=\" wp-image-57053 alignleft\" src=\"http:\/\/www.radiopiu.net\/wordpress\/wp-content\/uploads\/2018\/08\/VIABILIA-300x180.jpeg\" alt=\"\" width=\"202\" height=\"121\" srcset=\"https:\/\/www.radiopiu.net\/wordpress\/wp-content\/uploads\/2018\/08\/VIABILIA-300x180.jpeg 300w, https:\/\/www.radiopiu.net\/wordpress\/wp-content\/uploads\/2018\/08\/VIABILIA-768x461.jpeg 768w, https:\/\/www.radiopiu.net\/wordpress\/wp-content\/uploads\/2018\/08\/VIABILIA-1024x614.jpeg 1024w, https:\/\/www.radiopiu.net\/wordpress\/wp-content\/uploads\/2018\/08\/VIABILIA.jpeg 1280w\" sizes=\"auto, (max-width: 202px) 100vw, 202px\" \/><\/a><strong>PROVINCIALE 563 DI SALESEI,\u00a0<\/strong> Da lunedi 17 settembre\u00a0 a venerdi 21,\u00a0 interdizione totale alla circolazione di veicoli e pedoni dalle 7.40 alle 12 e dalle 13.30 alle 17.30 per messa in sicurezza dei versanti<\/p>\n<p><strong>REGIONALE 203 AGORDINA<\/strong> Questa notte dalle 20 alle 6 senso unico alternato in Galleria dei Castei<\/p>\n<p><strong>PROVINCIALE 346 DEL SAN PELLEGRINO<\/strong> Fino a giovedi nella notte tra le 20 e le 6 senso unico alternato in galleria (delle Anime) tra Cencenighe e Vallada per manutenzione impianti tecnologici<\/p>\n<p><strong>PROVINCIALE 251 VAL DI ZOLDO<\/strong> Fino a venerdi senso unico alternato regolato da impianto semaforico in localit\u00e0 Fusine<\/p>\n<p>&nbsp;<\/p>\n<p>&nbsp;<\/p>\n<p>&nbsp;<\/p>\n<p>&nbsp;<\/p>\n<h1>CON I POMPIERI DI&#8230;AGORDO A TAIBON<\/h1>\n<p>AUDIO INVITO<\/p>\n<audio class=\"wp-audio-shortcode\" id=\"audio-60373-11\" preload=\"none\" style=\"width: 100%;\" controls=\"controls\"><source type=\"audio\/mpeg\" src=\"http:\/\/www.radiopiu.net\/wordpress\/wp-content\/uploads\/2018\/09\/BENINO.mp3?_=11\" \/><a href=\"http:\/\/www.radiopiu.net\/wordpress\/wp-content\/uploads\/2018\/09\/BENINO.mp3\">http:\/\/www.radiopiu.net\/wordpress\/wp-content\/uploads\/2018\/09\/BENINO.mp3<\/a><\/audio>\n<p><strong><a class=\"dt-pswp-item\" href=\"http:\/\/www.radiopiu.net\/wordpress\/wp-content\/uploads\/2017\/03\/vigili-fuoco-VF795.jpg\" data-dt-img-description=\"\" data-large_image_width=\"900\" data-large_image_height=\"600\"><img loading=\"lazy\" decoding=\"async\" class=\" wp-image-30027 alignleft\" src=\"http:\/\/www.radiopiu.net\/wordpress\/wp-content\/uploads\/2017\/03\/vigili-fuoco-VF795-300x200.jpg\" alt=\"\" width=\"192\" height=\"128\" \/><\/a>TAIBON<\/strong> Domenica giorno di festa in via Brustolon per l&#8217;anniversario di apertura del museo dei pompieri. Alle 9.30 apertura museo, 10 celebrazione della messa nella chiesa di San Cipriano, alle 11 ritrovo al museo e saluto agli ospiti, 11.30 rinfresco. E&#8217; un invito del coordinatore dei vigili del fuoco volontari Claudio Tancon e del presidente dell&#8217;associazione Marco Vigilante.<\/p>\n<p>&nbsp;<\/p>\n<p>&nbsp;<\/p>\n<p>&nbsp;<\/p>\n<p>&nbsp;<\/p>\n<h1>A FORCELLA CAMP<\/h1>\n<p>clicca per ingrandire le foto<\/p>\n\n\t\t\t<style type='text\/css'>\n\t\t\t\t#gallery-3 {\n\t\t\t\t\tmargin: auto;\n\t\t\t\t}\n\t\t\t\t#gallery-3 .gallery-item {\n\t\t\t\t\tfloat: left;\n\t\t\t\t\tmargin-top: 10px;\n\t\t\t\t\ttext-align: center;\n\t\t\t\t\twidth: 33%;\n\t\t\t\t}\n\t\t\t\t#gallery-3 img {\n\t\t\t\t\tborder: 2px solid #cfcfcf;\n\t\t\t\t}\n\t\t\t\t#gallery-3 .gallery-caption {\n\t\t\t\t\tmargin-left: 0;\n\t\t\t\t}\n\t\t\t\t\/* see gallery_shortcode() in wp-includes\/media.php *\/\n\t\t\t<\/style>\n\t\t<div id='gallery-3' class='dt-gallery-container gallery galleryid-60373 gallery-columns-3 gallery-size-thumbnail'><dl class='gallery-item'>\n\t\t\t\t<dt class='gallery-icon landscape'>\n\t\t\t\t\t<a class=\"rollover\" href='https:\/\/www.radiopiu.net\/wordpress\/giornale-radiopiu-12-settembre-2018-direttore-mirko-mezzacasa\/attachment\/1998\/'><img loading=\"lazy\" decoding=\"async\" width=\"150\" height=\"150\" src=\"https:\/\/www.radiopiu.net\/wordpress\/wp-content\/uploads\/2018\/09\/1998-150x150.jpg\" class=\"attachment-thumbnail size-thumbnail\" alt=\"\" aria-describedby=\"gallery-3-60396\" \/><\/a>\n\t\t\t\t<\/dt>\n\t\t\t\t\t<dd class='wp-caption-text gallery-caption' id='gallery-3-60396'>\n\t\t\t\t\t1998\n\t\t\t\t\t<\/dd><\/dl><dl class='gallery-item'>\n\t\t\t\t<dt class='gallery-icon landscape'>\n\t\t\t\t\t<a class=\"rollover\" href='https:\/\/www.radiopiu.net\/wordpress\/giornale-radiopiu-12-settembre-2018-direttore-mirko-mezzacasa\/2017-2\/'><img loading=\"lazy\" decoding=\"async\" width=\"150\" height=\"150\" src=\"https:\/\/www.radiopiu.net\/wordpress\/wp-content\/uploads\/2018\/09\/2017-150x150.jpg\" class=\"attachment-thumbnail size-thumbnail\" alt=\"\" aria-describedby=\"gallery-3-60397\" \/><\/a>\n\t\t\t\t<\/dt>\n\t\t\t\t\t<dd class='wp-caption-text gallery-caption' id='gallery-3-60397'>\n\t\t\t\t\t2017\n\t\t\t\t\t<\/dd><\/dl>\n\t\t\t\t<br style='clear: both' \/>\n\t\t\t<\/div>\n\n<p><strong>AGORDO <\/strong>Sabato alle 10.30 a Forcella Camp (dopo malga Framont dove si arriva in auto) 20esimo anniversario della posa del capitello. Messa celebrata dal vescovo Renato Marangoni, in caso di maltempo la cerimonia \u00e8 rinviata al sabato successivo. E&#8217; una tradizione che si ripete dal 1998, come testimoniano le due foto: del 1998 prima edizione e dello scorso anno.<\/p>\n<p>&nbsp;<\/p>\n<p>&nbsp;<\/p>\n<p>&nbsp;<\/p>\n<p>&nbsp;<\/p>\n<p>&nbsp;<\/p>\n<h2>TEMPO DI RODODENDRI, DOMENICA ALLE 17.30 A SAN SIMON DI VALLADA<\/h2>\n<p>clicca per ingrandire<\/p>\n\n\t\t\t<style type='text\/css'>\n\t\t\t\t#gallery-4 {\n\t\t\t\t\tmargin: auto;\n\t\t\t\t}\n\t\t\t\t#gallery-4 .gallery-item {\n\t\t\t\t\tfloat: left;\n\t\t\t\t\tmargin-top: 10px;\n\t\t\t\t\ttext-align: center;\n\t\t\t\t\twidth: 33%;\n\t\t\t\t}\n\t\t\t\t#gallery-4 img {\n\t\t\t\t\tborder: 2px solid #cfcfcf;\n\t\t\t\t}\n\t\t\t\t#gallery-4 .gallery-caption {\n\t\t\t\t\tmargin-left: 0;\n\t\t\t\t}\n\t\t\t\t\/* see gallery_shortcode() in wp-includes\/media.php *\/\n\t\t\t<\/style>\n\t\t<div id='gallery-4' class='dt-gallery-container gallery galleryid-60373 gallery-columns-3 gallery-size-thumbnail'><dl class='gallery-item'>\n\t\t\t\t<dt class='gallery-icon portrait'>\n\t\t\t\t\t<a class=\"rollover\" href='https:\/\/www.radiopiu.net\/wordpress\/giornale-radiopiu-12-settembre-2018-direttore-mirko-mezzacasa\/whatsapp-image-2018-09-11-at-15-39-00\/'><img loading=\"lazy\" decoding=\"async\" width=\"150\" height=\"150\" src=\"https:\/\/www.radiopiu.net\/wordpress\/wp-content\/uploads\/2018\/09\/WhatsApp-Image-2018-09-11-at-15.39.00-150x150.jpeg\" class=\"attachment-thumbnail size-thumbnail\" alt=\"\" \/><\/a>\n\t\t\t\t<\/dt><\/dl>\n\t\t\t\t<br style='clear: both' \/>\n\t\t\t<\/div>\n\n<p><strong>VALLADA Domenica alle 17.30\u00a0 a San Simon di Vallada lo scrittore Vincenzo Agostini presenta il monologo in musica di una storia del 2492. Accompagnamento al violino di Svetlana Pletneva.<\/strong><\/p>\n<p><span style=\"color: #ff0000;\">Vincenzo Agostini<\/span><\/p>\n<audio class=\"wp-audio-shortcode\" id=\"audio-60373-12\" preload=\"none\" style=\"width: 100%;\" controls=\"controls\"><source type=\"audio\/mpeg\" src=\"http:\/\/www.radiopiu.net\/wordpress\/wp-content\/uploads\/2018\/09\/VINC.mp3?_=12\" \/><a href=\"http:\/\/www.radiopiu.net\/wordpress\/wp-content\/uploads\/2018\/09\/VINC.mp3\">http:\/\/www.radiopiu.net\/wordpress\/wp-content\/uploads\/2018\/09\/VINC.mp3<\/a><\/audio>\n<p>&nbsp;<\/p>\n<p>&nbsp;<\/p>\n<p>&nbsp;<\/p>\n<p>&nbsp;<\/p>\n<p>&nbsp;<\/p>\n<h1><a class=\"dt-pswp-item\" href=\"http:\/\/www.radiopiu.net\/wordpress\/wp-content\/uploads\/2018\/09\/WhatsApp-Image-2018-09-09-at-21.04.05.jpeg\" data-dt-img-description=\"\" data-large_image_width=\"1328\" data-large_image_height=\"747\"><img loading=\"lazy\" decoding=\"async\" class=\"size-medium wp-image-60220 alignleft\" src=\"http:\/\/www.radiopiu.net\/wordpress\/wp-content\/uploads\/2018\/09\/WhatsApp-Image-2018-09-09-at-21.04.05-300x169.jpeg\" alt=\"\" width=\"300\" height=\"169\" srcset=\"https:\/\/www.radiopiu.net\/wordpress\/wp-content\/uploads\/2018\/09\/WhatsApp-Image-2018-09-09-at-21.04.05-300x169.jpeg 300w, https:\/\/www.radiopiu.net\/wordpress\/wp-content\/uploads\/2018\/09\/WhatsApp-Image-2018-09-09-at-21.04.05-768x432.jpeg 768w, https:\/\/www.radiopiu.net\/wordpress\/wp-content\/uploads\/2018\/09\/WhatsApp-Image-2018-09-09-at-21.04.05-1024x576.jpeg 1024w, https:\/\/www.radiopiu.net\/wordpress\/wp-content\/uploads\/2018\/09\/WhatsApp-Image-2018-09-09-at-21.04.05.jpeg 1328w\" sizes=\"auto, (max-width: 300px) 100vw, 300px\" \/><\/a><\/h1>\n<h3>CONTO 100 CANTO PACE, QUESTA SERA LA DIRETTA DIFFERITA DALLE 20.30<\/h3>\n<p>&nbsp;<\/p>\n<p><strong>AGORDO<\/strong> Questa sera dalle 20.30 con la collaborazione di Siro Lena e Stefano Santomaso Radio Pi\u00f9 trasmette la serata del Palaluxottica. Coro Agordo e\u00a0 Asac hanno proposto un appuntamento indimenticabile per tutto l&#8217;Agordino.<\/p>\n<p>AUDIO BRUNELLA MORO<\/p>\n<audio class=\"wp-audio-shortcode\" id=\"audio-60373-13\" preload=\"none\" style=\"width: 100%;\" controls=\"controls\"><source type=\"audio\/mpeg\" src=\"http:\/\/www.radiopiu.net\/wordpress\/wp-content\/uploads\/2018\/09\/CONTO-100.mp3?_=13\" \/><a href=\"http:\/\/www.radiopiu.net\/wordpress\/wp-content\/uploads\/2018\/09\/CONTO-100.mp3\">http:\/\/www.radiopiu.net\/wordpress\/wp-content\/uploads\/2018\/09\/CONTO-100.mp3<\/a><\/audio>\n<p>&nbsp;<\/p>\n<p>&nbsp;<\/p>\n<p>&nbsp;<\/p>\n<p>&nbsp;<\/p>\n<p>&nbsp;<\/p>\n<h1>AL VIA I MERCOLEDI DELLA SALUTE<\/h1>\n<p><strong><a class=\"dt-pswp-item\" href=\"http:\/\/www.radiopiu.net\/wordpress\/wp-content\/uploads\/2018\/07\/ospedale-feltre.jpg\" data-dt-img-description=\"\" data-large_image_width=\"798\" data-large_image_height=\"457\"><img loading=\"lazy\" decoding=\"async\" class=\" wp-image-53812 alignleft\" src=\"http:\/\/www.radiopiu.net\/wordpress\/wp-content\/uploads\/2018\/07\/ospedale-feltre-300x172.jpg\" alt=\"\" width=\"209\" height=\"120\" srcset=\"https:\/\/www.radiopiu.net\/wordpress\/wp-content\/uploads\/2018\/07\/ospedale-feltre-300x172.jpg 300w, https:\/\/www.radiopiu.net\/wordpress\/wp-content\/uploads\/2018\/07\/ospedale-feltre-768x440.jpg 768w, https:\/\/www.radiopiu.net\/wordpress\/wp-content\/uploads\/2018\/07\/ospedale-feltre.jpg 798w\" sizes=\"auto, (max-width: 209px) 100vw, 209px\" \/><\/a>FELTRE.<\/strong> Riparte il ciclo di incontri \u201cUlss Dolomiti incontra. I mercoled\u00ec della salute\u201d, la serie di serate organizzate dall\u2019Ulss Dolomiti e rivolte alla cittadinanza per approfondire tematiche legate alla promozione della salute, alla prevenzione e alla cura delle malattie e ad aspetti di bioetica o di attualit\u00e0 in ambito socio sanitario. Oggi alle 18 nella sala convegni dell\u2019ospedale di Feltre si parler\u00e0 di come tenere allenato il cervello con la neurologa Roberta Padoan del Centro Decadimento Cognitivo e Demenze.<\/p>\n<p>&nbsp;<\/p>\n<p>&nbsp;<\/p>\n<p>&nbsp;<\/p>\n<p>&nbsp;<\/p>\n<p>&nbsp;<\/p>\n<h1>LA PASSEGGIATA SOLIDALE NEL RICORDO DI SONIA<\/h1>\n<p><span style=\"color: #ff0000;\">CLICCA PER INGRANDIRE E LEGGERE LE INFO<\/span><\/p>\n\n\t\t\t<style type='text\/css'>\n\t\t\t\t#gallery-5 {\n\t\t\t\t\tmargin: auto;\n\t\t\t\t}\n\t\t\t\t#gallery-5 .gallery-item {\n\t\t\t\t\tfloat: left;\n\t\t\t\t\tmargin-top: 10px;\n\t\t\t\t\ttext-align: center;\n\t\t\t\t\twidth: 33%;\n\t\t\t\t}\n\t\t\t\t#gallery-5 img {\n\t\t\t\t\tborder: 2px solid #cfcfcf;\n\t\t\t\t}\n\t\t\t\t#gallery-5 .gallery-caption {\n\t\t\t\t\tmargin-left: 0;\n\t\t\t\t}\n\t\t\t\t\/* see gallery_shortcode() in wp-includes\/media.php *\/\n\t\t\t<\/style>\n\t\t<div id='gallery-5' class='dt-gallery-container gallery galleryid-60373 gallery-columns-3 gallery-size-thumbnail'><dl class='gallery-item'>\n\t\t\t\t<dt class='gallery-icon landscape'>\n\t\t\t\t\t<a class=\"rollover\" href='https:\/\/www.radiopiu.net\/wordpress\/giornale-radiopiu-11-settembre-2018-direttore-mirko-mezzacasa\/img_20180712_154126\/'><img loading=\"lazy\" decoding=\"async\" width=\"150\" height=\"150\" src=\"https:\/\/www.radiopiu.net\/wordpress\/wp-content\/uploads\/2018\/09\/IMG_20180712_154126-150x150.png\" class=\"attachment-thumbnail size-thumbnail\" alt=\"\" srcset=\"https:\/\/www.radiopiu.net\/wordpress\/wp-content\/uploads\/2018\/09\/IMG_20180712_154126-150x150.png 150w, https:\/\/www.radiopiu.net\/wordpress\/wp-content\/uploads\/2018\/09\/IMG_20180712_154126-300x300.png 300w, https:\/\/www.radiopiu.net\/wordpress\/wp-content\/uploads\/2018\/09\/IMG_20180712_154126-768x764.png 768w, https:\/\/www.radiopiu.net\/wordpress\/wp-content\/uploads\/2018\/09\/IMG_20180712_154126-1024x1019.png 1024w, https:\/\/www.radiopiu.net\/wordpress\/wp-content\/uploads\/2018\/09\/IMG_20180712_154126.png 1032w\" sizes=\"auto, (max-width: 150px) 100vw, 150px\" \/><\/a>\n\t\t\t\t<\/dt><\/dl><dl class='gallery-item'>\n\t\t\t\t<dt class='gallery-icon landscape'>\n\t\t\t\t\t<a class=\"rollover\" href='https:\/\/www.radiopiu.net\/wordpress\/giornale-radiopiu-11-settembre-2018-direttore-mirko-mezzacasa\/img-20180711-wa0007\/'><img loading=\"lazy\" decoding=\"async\" width=\"150\" height=\"150\" src=\"https:\/\/www.radiopiu.net\/wordpress\/wp-content\/uploads\/2018\/09\/IMG-20180711-WA0007-150x150.jpg\" class=\"attachment-thumbnail size-thumbnail\" alt=\"\" srcset=\"https:\/\/www.radiopiu.net\/wordpress\/wp-content\/uploads\/2018\/09\/IMG-20180711-WA0007-150x150.jpg 150w, https:\/\/www.radiopiu.net\/wordpress\/wp-content\/uploads\/2018\/09\/IMG-20180711-WA0007-300x300.jpg 300w, https:\/\/www.radiopiu.net\/wordpress\/wp-content\/uploads\/2018\/09\/IMG-20180711-WA0007.jpg 591w\" sizes=\"auto, (max-width: 150px) 100vw, 150px\" \/><\/a>\n\t\t\t\t<\/dt><\/dl>\n\t\t\t\t<br style='clear: both' \/>\n\t\t\t<\/div>\n\n<p><a class=\"dt-pswp-item\" href=\"http:\/\/www.radiopiu.net\/wordpress\/wp-content\/uploads\/2018\/09\/WhatsApp-Image-2018-09-10-at-20.40.42.jpeg\" data-dt-img-description=\"\" data-large_image_width=\"800\" data-large_image_height=\"1600\"><img loading=\"lazy\" decoding=\"async\" class=\"size-medium wp-image-60295 alignleft\" src=\"http:\/\/www.radiopiu.net\/wordpress\/wp-content\/uploads\/2018\/09\/WhatsApp-Image-2018-09-10-at-20.40.42-150x300.jpeg\" alt=\"\" width=\"150\" height=\"300\" srcset=\"https:\/\/www.radiopiu.net\/wordpress\/wp-content\/uploads\/2018\/09\/WhatsApp-Image-2018-09-10-at-20.40.42-150x300.jpeg 150w, https:\/\/www.radiopiu.net\/wordpress\/wp-content\/uploads\/2018\/09\/WhatsApp-Image-2018-09-10-at-20.40.42-768x1536.jpeg 768w, https:\/\/www.radiopiu.net\/wordpress\/wp-content\/uploads\/2018\/09\/WhatsApp-Image-2018-09-10-at-20.40.42-512x1024.jpeg 512w, https:\/\/www.radiopiu.net\/wordpress\/wp-content\/uploads\/2018\/09\/WhatsApp-Image-2018-09-10-at-20.40.42.jpeg 800w\" sizes=\"auto, (max-width: 150px) 100vw, 150px\" \/><\/a><\/p>\n<p>&nbsp;<\/p>\n<p>&nbsp;<\/p>\n<p>&nbsp;<\/p>\n<p>Il cuore tra le mani \u00e8 un evento di Aisla belluno che nasce nel 2013 da un idea di Luana Gorza.\u00a0 Nei primi anni\u00a0 si \u00e8 svolto\u00a0a Feltre in collaborazione con l&#8217;Associazione Mano Amica, ma dall&#8217;anno 2017 nasce la collaborazione con i ragazzi di &#8220;Dona 1 sorriso&#8221; e cos\u00ec ecco &#8220;Dona 1 sorriso con il cuore tra le mani&#8221;. Quest&#8217;anno vista la prematura scomparsa di Sonia Menel, socia di Aisla, \u00e8\u00a0 stato deciso di dedicarle e associare questa camminata a lei. Tutto il ricavato verr\u00e0 devoluto alle due associazioni Aisla Belluno e Dona 1 sorriso. In programma anche un concerto al Teatro Comunale con Eugenio Finardi<\/p>\n<p>&nbsp;<\/p>\n<p>&nbsp;<\/p>\n<p>&nbsp;<\/p>\n<p>&nbsp;<\/p>\n<p>&nbsp;<\/p>\n<p>&nbsp;<\/p>\n<p>&nbsp;<\/p>\n<h1>RICORDI DA PONTE NELLE ALPI<\/h1>\n<p>CLICCA PER INGRANDIRE<\/p>\n\n\t\t\t<style type='text\/css'>\n\t\t\t\t#gallery-6 {\n\t\t\t\t\tmargin: auto;\n\t\t\t\t}\n\t\t\t\t#gallery-6 .gallery-item {\n\t\t\t\t\tfloat: left;\n\t\t\t\t\tmargin-top: 10px;\n\t\t\t\t\ttext-align: center;\n\t\t\t\t\twidth: 33%;\n\t\t\t\t}\n\t\t\t\t#gallery-6 img {\n\t\t\t\t\tborder: 2px solid #cfcfcf;\n\t\t\t\t}\n\t\t\t\t#gallery-6 .gallery-caption {\n\t\t\t\t\tmargin-left: 0;\n\t\t\t\t}\n\t\t\t\t\/* see gallery_shortcode() in wp-includes\/media.php *\/\n\t\t\t<\/style>\n\t\t<div id='gallery-6' class='dt-gallery-container gallery galleryid-60373 gallery-columns-3 gallery-size-thumbnail'><dl class='gallery-item'>\n\t\t\t\t<dt class='gallery-icon portrait'>\n\t\t\t\t\t<a class=\"rollover\" href='https:\/\/www.radiopiu.net\/wordpress\/?attachment_id=60270'><img loading=\"lazy\" decoding=\"async\" width=\"150\" height=\"150\" src=\"https:\/\/www.radiopiu.net\/wordpress\/wp-content\/uploads\/2018\/09\/40895903_670351706683477_8591120960751403008_n-150x150.jpg\" class=\"attachment-thumbnail size-thumbnail\" alt=\"\" \/><\/a>\n\t\t\t\t<\/dt><\/dl>\n\t\t\t\t<br style='clear: both' \/>\n\t\t\t<\/div>\n\n<p><strong>RONCAN E CORNOLADE<\/strong> Il Circolo Il Burcio organizza le serate al Burcio per vivere meglio il territorio. Venerdi alle 20.30 Una storia di eventi: le Universiadi del 1985. Alle 20.30 apertura serata con Nicola Balcon presidente della frazione di Roncan e Cornolade, alle 20.40 relazione di Giovanni Viel &#8220;Il nostro territorio, una storia di eventi&#8221;. Ingresso Libero.<\/p>\n<p>&nbsp;<\/p>\n<p>&nbsp;<\/p>\n<p>&nbsp;<\/p>\n<h1>VALLAZZA VIVA<\/h1>\n<p><strong>FELTRE<\/strong>\u00a0\u00a0Sabato e domenica due giorni alla scoperta della cima piu&#8217; occidentale del Parco con\u00a0\u00a0&#8220;Vallazza Viva: alla scoperta della cima piu&#8217; occidentale del Parco&#8221;. Il primo appuntamento e&#8217; un laboratorio di lettura del paesaggio, alle ore 14.30 di sabato 15 settembre. Domenica 16 settembre e&#8217; in programma un&#8217;escursione guidata alla scoperta della Vallazza, con partenza alle 9.30 dal ristorante All&#8217;Antica Torre. Iscrizione obbligatoria telefonando al numero: 0439.1995149.\u00a0 Completa il programma della due giorni &#8220;Vallazza Vertical\u201d: gara podistica, giunta alla terza edizione, di 4 km, con un dislivello di 1.000 metri. La partenza e&#8217; fissata alle 10.30.<\/p>\n<p>&nbsp;<\/p>\n<p>&nbsp;<\/p>\n<p>&nbsp;<\/p>\n<h1>DOMENICA SULLA REGINA<\/h1>\n<p><strong>ROCCA PIETORE\u00a0<\/strong>\u00a0Domenica 16 settembre si conclude\u00a0 la rassegna musicale \u201c1918-2018 La pace in musica\u201d. L\u2019ultimo concerto sar\u00e0 tenuto dal Coro Montecimon (<a href=\"https:\/\/www.coromontecimon.net\/\">www.coromontecimon.net<\/a>) alle ore 11.00 sulla terrazza di Serauta. Questo coro \u00e8 dagli anni \u201870 uno dei cori pi\u00f9 attivi nel panorama nazionale ed internazionale, sia dal punto di vista dei concerti, che dei concorsi, che nell\u2019organizzazione di eventi musicali.<\/p>\n<p>&nbsp;<\/p>\n<p>&nbsp;<\/p>\n<p>&nbsp;<\/p>\n<blockquote>\n<h1>HOCKEY SU GHIACCIO, ALLEGHE SENZA SPONSOR<\/h1>\n<p>L&#8217;Alleghe Hockey con una nota pubblicata sul sito internet ha ufficializzato la fine del rapporto di sponsorizzazione con il marchio Kanguro.\u00a0 Questa la nota &#8220;La Societ\u00e0 Alleghe Hockey, comunica che dopo questi ultimi anni di preziosa\u00a0collaborazione termina il rapporto di sponsorizzazione con Supermercati Kanguro, ci teniamo \u201d dice De Silvestro\u201d\u00a0a ringraziare l\u2019Azienda e la Famiglia Buzzatti per il sostegno e l\u2019aiuto avuto in queste ultime stagioni&#8221;.<\/p><\/blockquote>\n<p>&nbsp;<\/p>\n<p>&nbsp;<\/p>\n<p>&nbsp;<\/p>\n<h1>SECONDA AMICHEVOLE IN PARITA&#8217;<\/h1>\n<p><strong>DI MARCO GAZ<\/strong><\/p>\n<p><span style=\"color: #ff0000;\">ALLEGHE \u2013 FASSA 4-4,\u00a0<\/span> PARZIALI: 2-1, 0-2, 2-1 GOL: pt. 9&#8217;29\u201d e 19&#8217;04\u201d Monferone, 14&#8217;20\u201d Graf. st. 10&#8217;05\u201d Castlanger, 12&#8217;22\u201dSchiavone. tt. 5&#8217;26\u201d e 19&#8217;22\u201d Ganz, 6&#8217;58\u201d Sottass<\/p>\n<p>Finisce con un pareggio la sfida tra Kanguro Alleghe e Fassa. Monferone e Ganz siglano due doppiette in una partita che, sulla carta, sembra essere a favore dei fassani. Una bella prestazione delle civette contro una squadra che parteciper\u00e0 al campionato maggiore di hockey, la Alps League. Monferone sblocca il punteggio a met\u00e0 primo tempo ma il Fassa risponde poco dopo con Graf. Lo stesso Monfrone firma la doppietta personale a fine frazione. Le squadre se la giocano ma gli ospiti riescono a portarsi in vantaggio nella frazione centrale. Ganz riapre la sfida ad inizio terzo tempo pareggiando i conti. Pareggio che dura poco pi\u00f9 di un minuto, infatti Sottsass trova il nuovo vantaggio fassano. Nel finale di gara \u00e8 ancora Ganz che regala il pareggio alla Kanguro Alleghe. Per l&#8217;Alleghe ancora un test match nel fine settimana quando parteciper\u00e0 ad un triangolare a Pergine dove sar\u00e0 presente anche il Fiemme.<\/p>\n<p>&nbsp;<\/p>\n<p>&nbsp;<\/p>\n<p>&nbsp;<\/p>\n<h1>UNDER 19, MALE LA PRIMA<\/h1>\n<p><strong>DI MARCO GAZ<\/strong><\/p>\n<p><span style=\"color: #ff0000;\">VAL PUSTERIA \u2013 ALLEGHE 4-1,<\/span>\u00a0 PARZIALI: 2-0, 2-1, 0-0 GOL ALLEGHE: st. 9&#8217;14\u201d Mirko Giolai<\/p>\n<p>Non \u00e8 andato bene l&#8217;esordio per l&#8217;under 19 dell&#8217;Alleghe Hockey. In terra altoatesina i giovani alleghesi hanno perso contro il Val Pusteria. I ragazzi di Matikainen non sono riusciti a stare al passo degli avversari. Pusteresi che chiudono la prima frazione sopra di due gol. Nel secondo tempo i padroni di casa incrementano il vantaggio ma ad accorciare le distanze ci pensa Mirko Giolai. Gli altoatesini chiudono il match prima della seconda sirena. Nel terzo tempo le civette tengono in mano la partita ma non riescono a trovare il gol che poteva riaprire la sfida.<\/p>\n<p>&nbsp;<\/p>\n<p>&nbsp;<\/p>\n<p>&nbsp;<\/p>\n<h1>AGORDINA \u2013 LE VILLE BAR CARLIN NUOVE LEVE MC 7-1<\/h1>\n<p><strong>DI MARCO GAZ<\/strong><\/p>\n<p>GOL: pt. 18&#8242; e 26&#8242; Zannoni, 23&#8242; Soppelsa (r), 28&#8242; Dal Don. st. 8&#8242; Case, 17&#8242; De Zaiacomo, 24&#8242; F. De Lazzer, 25&#8242; Cancel<\/p>\n<p>Tutto facile per l&#8217;Agordina di Christian De Zaiacomo che rifila 7 gol al Le Ville Bar Carlin Nuove Leve MC. La squadra di Toccol, che quest&#8217;anno parteciper\u00e0 al campionato CSI provinciale nel girone A1, ha trovato il gol della bandiera su calcio di rigore. Al 18&#8242; sblocca la partita Zannoni con un tiro dalla distanza. Il pareggio del Le Ville al 23&#8242; quando Thomas Soppelsa trasforma un rigore. Zannoni sigla la doppietta personale subito dopo con un pallonetto e Dal Don porta a 3 le marcature per l&#8217;Agordina. Nella ripresa la squadra di De Zaiacomo dilaga e chiude la partita subito con Case. Nicola De Zaiacomo sigla il quinto gol mentre Flavio De Lazzer e Cancel portano a 7 i gol per la formazione di Agordo. Domenica l&#8217;Agordina giocher\u00e0 la seconda giornata di campionato, in casa, contro la Sospirolese mentre il Le Ville sabato pomeriggio esordir\u00e0 nel campionato CSI provinciale.<\/p>\n<blockquote><p>&nbsp;<\/p><\/blockquote>\n<p>&nbsp;<\/p>\n<h1><\/h1>\n<h1><\/h1>\n<blockquote><p>WEEK END SOFFERTO MA PROFICUO PER ANDREA FONTANA A VALLELUNGA<\/p><\/blockquote>\n<p><a class=\"dt-pswp-item\" href=\"http:\/\/www.radiopiu.net\/wordpress\/wp-content\/uploads\/2016\/05\/2016_LBST_02_Silverstone_FONTANA-23_opt.jpg\" data-dt-img-description=\"\" data-large_image_width=\"1000\" data-large_image_height=\"667\"><img loading=\"lazy\" decoding=\"async\" class=\"size-medium wp-image-20036 alignleft\" src=\"http:\/\/www.radiopiu.net\/wordpress\/wp-content\/uploads\/2016\/05\/2016_LBST_02_Silverstone_FONTANA-23_opt-300x200.jpg\" alt=\"\" width=\"300\" height=\"200\" \/><\/a>Prosegue bene la stagione di Andrea Fontana, pilota della Ferrari 488 GT3 del team Easy Race, impegnato nel prestigioso Campionato Italiano GT. Nel corso della sesta tappa stagionale in programma sul tracciato Piero Taruffi di Vallelunga il driver di Belluno ha dovuto stringere i denti e puntare a raccogliere pi\u00f9 punti possibili dopo le sfortune patite nelle gare precedenti con alcuni ritiri pesanti in termini di classifica di campionato. Con dunque il raggiungimento della bandiera a scacchi in entrambe le manche di gara Fontana ha svolto in modo molto diligente e proficuo il suo compito conquistando il 7\u00b0 tempo nella sua qualifica, confermando la stessa posizione\u00a0 in una prima manche di gara nella quale lui e il suo compagno Daniel Mancinelli hanno dovuto faticare non poco con il setup della vettura non ottimale per provare a tenere il passo dei primi. In Gara 2 la situazione \u00e8 migliorata, anche grazie al duro lavoro del team con i due piloti e Fontana \u00e8 riuscito a strappare un buon 4\u00b0 posto, dopo aver conquistato per alcuni giri anche il terzo gradino \u201cvirtuale\u201d del podio all\u2019inizio della seconda met\u00e0 di gara. Un week end dunque particolarmente sofferto ma che ha dimostrato ancora una volta la maturit\u00e0 del driver veneto capace di sfruttare al meglio ogni occasione a prescindere da eventuali difficolt\u00e0 di sorta. Grazie ai punti maturati infatti in questo appuntamento Fontana \u00e8 ora 5\u00b0 in classifica di categoria GT3 . <strong>Andrea Fontana:<\/strong><em> \u201cPurtroppo non avendo fatto i test pre gara come gli altri team abbiamo pagato qualcosa in termini di competitivit\u00e0 nel corso del week end. E\u2019 stato per noi il weekend pi\u00f9 difficile da inizio campionato, abbiamo sofferto molto in questo circuito dove non siamo riusciti a trovare la messa a punto ideale per permetterci di lottare ai vertici della classifica. In Gara 2 ho svolto un buon stint di guida con dei bei sorpassi ma questa volta non avevamo la velocit\u00e0 per puntare al podio, c\u2019\u00e8 un po&#8217; di rammarico considerando le prestazioni di alto livello a cui eravamo abituati ma ad ogni modo siamo riusciti a limitare i danni. Ovviamente contiamo di tornare a puntare a lottare per le posizioni di vertice gi\u00e0 nel prossimo appuntamento di Monza, carichi per il finale di stagione.\u201d<\/em><\/p>\n<blockquote><p>La prossima tappa, sesta e penultima, del Campionato Italiano GT si svolger\u00e0 ora nel week end del 05-07 Ottobre nel tempio della velocit\u00e0: l\u2019Autodromo ENI di Monza.<\/p><\/blockquote>\n<p>&nbsp;<\/p>\n<p>&nbsp;<\/p>\n<p>&nbsp;<\/p>\n<p>&nbsp;<\/p>\n<p>&nbsp;<\/p>\n<h1>PREVISIONI DEL TEMPO DA OGGI A SABATO<\/h1>\n<p><strong>Mercoledi 12<\/strong><br \/>\nTempo atteso: Giornata molto bella e calda, con cielo in prevalenza sereno, aria tersa ed ottima visibilit\u00e0. Nel primo mattino e nel tardo pomeriggio\/sera temporaneo transito di sottili velature. Clima diurno caldo per il periodo con temperature elevate a tutte le quote, su valori 6\/7\u00b0C sopra la norma.<br \/>\nPrecipitazioni: Assenti (0%).<br \/>\nTemperature: In generale ulteriore aumento con punte massime che toccheranno i 31\/32\u00b0C nel catino bellunese e i 25\/26\u00b0C a 1000\/1200 m. Su Prealpi a 1500 m min 14\u00b0C max 20\u00b0C, a 2000 m min 12\u00b0C max 17\u00b0C. Su Dolomiti a 2000 m min 11\u00b0C max 18\u00b0C, a 3000 m min 8\u00b0C max 10\u00b0C.<br \/>\nVenti: Nelle valli deboli\/moderati a regime di brezza; in quota generalmente deboli dai quadranti occidentali, a 5-10 km\/h a 2000 m, a 5-15 km\/h a 3000 m.<br \/>\n<strong>Giovedi 13<\/strong><br \/>\nTempo atteso: Al mattino tempo solo parzialmente soleggiato per la crescente nuvolosit\u00e0 stratiforme. Dalle ore centrali il cielo risulter\u00e0 perlopi\u00f9 molto nuvoloso o coperto con rischio di qualche fenomeno, specie sui settori pi\u00f9 occidentali. Clima diurno un po&#8217; meno caldo per deficit di soleggiamento.<br \/>\nPrecipitazioni: Al mattino modeste e locali (10%); al pomeriggio crescente probabilit\u00e0 per rovesci fino a media alla sera (20\/40%), eventualmente temporaleschi (10\/20%). Attesi quantitativi molto variabili per il carattere sparso dei fenomeni con valori compresi tra 0 e 10 mm. Non sono attesi fenomeni particolarmente significativi.<br \/>\nTemperature: Temperature minime in rialzo nelle valli e in lieve calo in quota, massime in generale flessione. I massimi toccheranno i 24\/26\u00b0C nel catino bellunese ed i 20\/21\u00b0C a 1000\/1200m. Su Prealpi a 1500 m min 14\u00b0C max 16\u00b0C, a 2000 m min 11\u00b0C max 13\u00b0C. Su Dolomiti a 2000 m min 10\u00b0C max 13\u00b0C, a 3000 m min 4\u00b0C max 6\u00b0C.<br \/>\nVenti: Nelle valli deboli di direzione variabile con qualche rinforzo per brezze notturne; in quota generalmente deboli da Sud-Ovest, a 5-10 km\/h a 2000 m, a 10-15 km\/h a 3000 m.<br \/>\n<strong>Venerdi 14<\/strong><br \/>\nMattinata in parte soleggiata con nuvolosit\u00e0 irregolare. Al pomeriggio schiarite ed intensi annuvolamenti cumuliformi, associati a rovesci, anche temporaleschi. Temperature in ulteriore lieve calo. Venti da deboli a moderati dai quadranti settentrionali in quota.<br \/>\n<strong>Sabato 15<\/strong><br \/>\nTempo di nuovo ben soleggiato con residui annuvolamenti al primo mattino, specie sulle Prealpi. Nel pomeriggio sole e contenuta cumulificazione con rischio piuttosto basso di fenomeni. Temperature minime in leggera diminuzione e massime in ripresa. Venti deboli occidentali in quota e brezze nelle valli. Previsore: R.L.Th.<\/p>\n","protected":false},"excerpt":{"rendered":"<p>PRECIPITA E PERDE LA VITA SUL CRISTALLO CORTINA\u00a0 Nel pomeriggio di ieri\u00a0 l&#8217;elicottero del Suem di Pieve di Cadore \u00e8 volato in direzione del Cristallo, a seguito della chiamata di un uomo la cui compagna era scivolata e precipitata per un centinaio di metri in un canale, mentre scendevano lungo la via normale a circa&hellip;<\/p>\n","protected":false},"author":1,"featured_media":60302,"comment_status":"closed","ping_status":"closed","sticky":false,"template":"","format":"standard","meta":{"_monsterinsights_skip_tracking":false,"_monsterinsights_sitenote_active":false,"_monsterinsights_sitenote_note":"","_monsterinsights_sitenote_category":0,"footnotes":""},"categories":[1,86,49],"tags":[],"class_list":["post-60373","post","type-post","status-publish","format-standard","has-post-thumbnail","hentry","category-senza-categoria","category-gr","category-news-18","category-1","category-86","category-49","description-off"],"img_url":"https:\/\/www.radiopiu.net\/wordpress\/wp-content\/uploads\/2018\/09\/Decreto-milleproroghe-01-767x431.jpg","_links":{"self":[{"href":"https:\/\/www.radiopiu.net\/wordpress\/wp-json\/wp\/v2\/posts\/60373","targetHints":{"allow":["GET"]}}],"collection":[{"href":"https:\/\/www.radiopiu.net\/wordpress\/wp-json\/wp\/v2\/posts"}],"about":[{"href":"https:\/\/www.radiopiu.net\/wordpress\/wp-json\/wp\/v2\/types\/post"}],"author":[{"embeddable":true,"href":"https:\/\/www.radiopiu.net\/wordpress\/wp-json\/wp\/v2\/users\/1"}],"replies":[{"embeddable":true,"href":"https:\/\/www.radiopiu.net\/wordpress\/wp-json\/wp\/v2\/comments?post=60373"}],"version-history":[{"count":0,"href":"https:\/\/www.radiopiu.net\/wordpress\/wp-json\/wp\/v2\/posts\/60373\/revisions"}],"wp:featuredmedia":[{"embeddable":true,"href":"https:\/\/www.radiopiu.net\/wordpress\/wp-json\/wp\/v2\/media\/60302"}],"wp:attachment":[{"href":"https:\/\/www.radiopiu.net\/wordpress\/wp-json\/wp\/v2\/media?parent=60373"}],"wp:term":[{"taxonomy":"category","embeddable":true,"href":"https:\/\/www.radiopiu.net\/wordpress\/wp-json\/wp\/v2\/categories?post=60373"},{"taxonomy":"post_tag","embeddable":true,"href":"https:\/\/www.radiopiu.net\/wordpress\/wp-json\/wp\/v2\/tags?post=60373"}],"curies":[{"name":"wp","href":"https:\/\/api.w.org\/{rel}","templated":true}]}}