{"id":60474,"date":"2018-09-12T06:38:56","date_gmt":"2018-09-12T04:38:56","guid":{"rendered":"http:\/\/www.radiopiu.net\/wordpress\/?p=60474"},"modified":"2018-09-12T07:24:50","modified_gmt":"2018-09-12T05:24:50","slug":"sap-agli-incontri-partecipino-soprattutto-gli-operativi","status":"publish","type":"post","link":"https:\/\/www.radiopiu.net\/wordpress\/sap-agli-incontri-partecipino-soprattutto-gli-operativi\/","title":{"rendered":"SAP:\u00a0 AGLI INCONTRI PARTECIPINO SOPRATTUTTO GLI OPERATIVI"},"content":{"rendered":"<h1><\/h1>\n<p><strong><a class=\"dt-pswp-item\" href=\"http:\/\/www.radiopiu.net\/wordpress\/wp-content\/uploads\/2018\/09\/WhatsApp-Image-2018-09-12-at-07.10.42.jpeg\" data-dt-img-description=\"\" data-large_image_width=\"540\" data-large_image_height=\"322\"><img loading=\"lazy\" decoding=\"async\" class=\"size-medium wp-image-60486 alignleft\" src=\"http:\/\/www.radiopiu.net\/wordpress\/wp-content\/uploads\/2018\/09\/WhatsApp-Image-2018-09-12-at-07.10.42-300x179.jpeg\" alt=\"\" width=\"300\" height=\"179\" srcset=\"https:\/\/www.radiopiu.net\/wordpress\/wp-content\/uploads\/2018\/09\/WhatsApp-Image-2018-09-12-at-07.10.42-300x179.jpeg 300w, https:\/\/www.radiopiu.net\/wordpress\/wp-content\/uploads\/2018\/09\/WhatsApp-Image-2018-09-12-at-07.10.42.jpeg 540w\" sizes=\"auto, (max-width: 300px) 100vw, 300px\" \/><\/a>BELLUNO<\/strong> Si terr\u00e0 oggi presso l&#8217;Istituto di Istruzione Superiore &#8220;Segato&#8221; di Belluno, il Seminario dedicato alle Forze dell&#8217;Ordine operanti in questa provincia e avente tema la &#8220;Comunicazione nei conflitti relazionali in vista di un&#8217;efficace azione di Polizia&#8221; che ha l&#8217;obiettivo di formare gli operatori di polizia che spesso affrontano, nell&#8217;ambito della propria attivit\u00e0 lavorativa, momenti di elevata tensione emotiva. L&#8217;incontro sar\u00e0 tenuto da professionisti dell&#8217;AIGESFOS (Associazione Italiana per la Gestione dello stress nelle Forze dell&#8217;Ordine e del Soccorso). Sull&#8217;odierno momento formativo per i poliziotti bellunesi \u00e8 intervenuto il Sap (Sindacato Autonomo di Polizia) di Belluno:\u00a0<em> &#8220;Accogliamo con soddisfazione il fatto che l&#8217;Amministrazione inizi finalmente a mettere a disposizione dei poliziotti degli strumenti utili al servizio, per non lasciare pi\u00f9 l&#8217;operatore in balia solo del proprio bagaglio di conoscenze personali. La pregevole iniziativa, considerata anche la stima che come sigla sindacale nutriamo nei confronti dell&#8217;AIGESFOS, si inserisce nel quadro di piccoli passi in avanti (quali ad esempio il taser, non ancora in questa provincia) che sembra si stia iniziando a fare a livello centrale. Bene che si inizi, perch\u00e9 c&#8217;\u00e8 tanta, tanta strada da fare per dare ai poliziotti gli strumenti pratici e teorici di cui oggigiorno necessitano sempre pi\u00f9. Chiss\u00e0 che piano piano le battaglie portate avanti negli ultimi quattro anni dal Sap a livello nazionale &#8211; tra cui la richiesta di maggiore e migliore formazione &#8211; possano essere finalmente vinte. Sar\u00e0 curioso vedere &#8211; conclude la Segreteria Provinciale del Sap bellunese &#8211; quanto e soprattutto quale personale vi parteciper\u00e0. \u00c8 auspicabile infatti che possano parteciparvi innanzitutto quegli operatori che svolgono attivit\u00e0 operativa, in primis tutti i colleghi delle Volanti, ovvero quelli che veramente nella propria attivit\u00e0 lavorativa, possono affrontare momenti di elevata tensione emotiva. Purtroppo &#8211; conclude il Sap bellunese &#8211; apprendiamo ora, con amarezza, che delle Volanti non parteciper\u00e0 oggi (11.09) nemmeno una unit\u00e0&#8221;.<\/em><\/p>\n<p>&nbsp;<\/p>\n<p>&nbsp;<\/p>\n","protected":false},"excerpt":{"rendered":"<p>BELLUNO Si terr\u00e0 oggi presso l&#8217;Istituto di Istruzione Superiore &#8220;Segato&#8221; di Belluno, il Seminario dedicato alle Forze dell&#8217;Ordine operanti in questa provincia e avente tema la &#8220;Comunicazione nei conflitti relazionali in vista di un&#8217;efficace azione di Polizia&#8221; che ha l&#8217;obiettivo di formare gli operatori di polizia che spesso affrontano, nell&#8217;ambito della propria attivit\u00e0 lavorativa, momenti&hellip;<\/p>\n","protected":false},"author":1,"featured_media":45650,"comment_status":"closed","ping_status":"closed","sticky":false,"template":"","format":"standard","meta":{"_monsterinsights_skip_tracking":false,"_monsterinsights_sitenote_active":false,"_monsterinsights_sitenote_note":"","_monsterinsights_sitenote_category":0,"footnotes":""},"categories":[49],"tags":[],"class_list":["post-60474","post","type-post","status-publish","format-standard","has-post-thumbnail","hentry","category-news-18","category-49","description-off"],"img_url":"https:\/\/www.radiopiu.net\/wordpress\/wp-content\/uploads\/2018\/03\/SAP-Sindacato-Autonomo-di-Polizia-sezione-Belluno-678x381.jpg","_links":{"self":[{"href":"https:\/\/www.radiopiu.net\/wordpress\/wp-json\/wp\/v2\/posts\/60474","targetHints":{"allow":["GET"]}}],"collection":[{"href":"https:\/\/www.radiopiu.net\/wordpress\/wp-json\/wp\/v2\/posts"}],"about":[{"href":"https:\/\/www.radiopiu.net\/wordpress\/wp-json\/wp\/v2\/types\/post"}],"author":[{"embeddable":true,"href":"https:\/\/www.radiopiu.net\/wordpress\/wp-json\/wp\/v2\/users\/1"}],"replies":[{"embeddable":true,"href":"https:\/\/www.radiopiu.net\/wordpress\/wp-json\/wp\/v2\/comments?post=60474"}],"version-history":[{"count":0,"href":"https:\/\/www.radiopiu.net\/wordpress\/wp-json\/wp\/v2\/posts\/60474\/revisions"}],"wp:featuredmedia":[{"embeddable":true,"href":"https:\/\/www.radiopiu.net\/wordpress\/wp-json\/wp\/v2\/media\/45650"}],"wp:attachment":[{"href":"https:\/\/www.radiopiu.net\/wordpress\/wp-json\/wp\/v2\/media?parent=60474"}],"wp:term":[{"taxonomy":"category","embeddable":true,"href":"https:\/\/www.radiopiu.net\/wordpress\/wp-json\/wp\/v2\/categories?post=60474"},{"taxonomy":"post_tag","embeddable":true,"href":"https:\/\/www.radiopiu.net\/wordpress\/wp-json\/wp\/v2\/tags?post=60474"}],"curies":[{"name":"wp","href":"https:\/\/api.w.org\/{rel}","templated":true}]}}