{"id":60508,"date":"2018-09-12T11:54:19","date_gmt":"2018-09-12T09:54:19","guid":{"rendered":"http:\/\/www.radiopiu.net\/wordpress\/?p=60508"},"modified":"2018-09-12T11:54:19","modified_gmt":"2018-09-12T09:54:19","slug":"anche-al-boscariz-prima-campanella-senza-ritardi-inizio-del-nuovo-anno-scolastico-completati-i-lavori-sugli-edifici-comunali","status":"publish","type":"post","link":"https:\/\/www.radiopiu.net\/wordpress\/anche-al-boscariz-prima-campanella-senza-ritardi-inizio-del-nuovo-anno-scolastico-completati-i-lavori-sugli-edifici-comunali\/","title":{"rendered":"ANCHE AL BOSCARIZ PRIMA CAMPANELLA SENZA RITARDI  Inizio del nuovo anno scolastico: completati i lavori sugli edifici comunali."},"content":{"rendered":"<p><a class=\"dt-pswp-item\" href=\"http:\/\/www.radiopiu.net\/wordpress\/wp-content\/uploads\/2018\/09\/IMG_20180911_085302.jpg\" data-dt-img-description=\"\" data-large_image_width=\"4796\" data-large_image_height=\"2780\"><img loading=\"lazy\" decoding=\"async\" class=\"size-medium wp-image-60509 alignleft\" src=\"http:\/\/www.radiopiu.net\/wordpress\/wp-content\/uploads\/2018\/09\/IMG_20180911_085302-300x174.jpg\" alt=\"\" width=\"300\" height=\"174\" srcset=\"https:\/\/www.radiopiu.net\/wordpress\/wp-content\/uploads\/2018\/09\/IMG_20180911_085302-300x174.jpg 300w, https:\/\/www.radiopiu.net\/wordpress\/wp-content\/uploads\/2018\/09\/IMG_20180911_085302-768x445.jpg 768w, https:\/\/www.radiopiu.net\/wordpress\/wp-content\/uploads\/2018\/09\/IMG_20180911_085302-1024x594.jpg 1024w\" sizes=\"auto, (max-width: 300px) 100vw, 300px\" \/><\/a>E&#8217; stata un&#8217;estate intensa, soprattutto nel mese di agosto, per gli edifici scolastici della citt\u00e0 di Feltre, oggetto, come noto, di una attivit\u00e0 di valutazione della vulnerabilit\u00e0 sismica, reso possibile anche grazie ad un corposo contributo ministeriale ottenuto dal Comune.<br \/>\nL&#8217;attivit\u00e0 si \u00e8 conclusa, per quasi tutti i plessi coinvolti, proprio alla vigilia dell&#8217;inizio dell&#8217;anno scolastico. Gli edifici interessati dalle analisi (per alcuni di essi l&#8217;attivit\u00e0 era gi\u00e0 stata avviata in precedenza) sono stati la scuola d&#8217;infanzia di Villabruna e le scuole primarie di Foen, Nemeggio, Vignui e ancora Villabruna. il nuovo blocco della scuola d&#8217;infanzia e primaria di Mugnai e la palestra della \u201cVittorino da Feltre\u201d. Soltanto per la scuola primaria di Anz\u00f9 l&#8217;attivit\u00e0 di indagine dovr\u00e0 essere eseguita prossimamente, con ogni probabilit\u00e0 in corrispondenza dei fine settimana per non disturbare l&#8217;attivit\u00e0 didattica. Dati e materiali rinvenuti durante i sondaggi dovranno poi essere consegnati a degli istituti specializzati per l&#8217;analisi dei campioni; i risultati si avranno nell&#8217;arco di alcuni mesi. Nel frattempo una ditta ha gi\u00e0 provveduto in questi giorni a sistemare le piccole porzioni dei fabbricati intaccate dall&#8217;esecuzione dei prelievi di materiali e dalle misurazioni.<br \/>\nSi sono conclusi anche i piccoli lavori di sistemazione ad impianti (idraulici ed elettrici) e strutture interne, resisi necessari a seguito di alcune segnalazioni arrivate nel corso dello scorso anno scolastico e che era possibile eseguire soltanto durante il periodo di vacanza.<br \/>\nBuone notizie arrivano anche dalla scuola del Boscariz, su cui si erano abbattute alcune piante dalla propriet\u00e0 limitrofa in occasione del forte temporale dello scorso 25 agosto; rimossi gli alberi e ripristinata la recinzione da parte della stessa propriet\u00e0 (la Parrocchia del Boscariz), gli operai comunali hanno potuto eseguire lo sfalcio dell&#8217;erba del prato. Non segnalati danni strutturali all&#8217;edificio, l&#8217;anno scolastico ha potuto iniziare regolarmente. Lo stesso dicasi per l&#8217;asilo del Pasquer, oggetto di un profondo intervento di sostituzione del pavimento, a seguito del nubifragio e del successivo allagamento dello scorso mese di gennaio.<br \/>\n\u201cMolto \u00e8 stato fatto e molto resta da fare, sottolinea l&#8217;assessore ai lavori pubblici Adis Zatta, per garantire standard di qualit\u00e0 elevata sia sul piano della sicurezza che del comfort ai nostri ragazzi e al personale che lavora negli edifici scolastici del Comune. L&#8217;analisi sulla vulnerabilit\u00e0 sismica ci consentir\u00e0 di effettuare una mappatura completa per poter redigere i progetti con cui andare poi alla ricerca dei finanziamenti necessari a eseguire i lavori necessari\u201d.<br \/>\nIn questi giorni, meteo permettendo, parte inoltre l&#8217;esecuzione della segnaletica stradale orizzontale nelle parti pi\u00f9 deteriorate. L&#8217;attivit\u00e0 non riguarder\u00e0 solo le aree prossime agli edifici scolastici, ma numerose zone sia del centro citt\u00e0 che delle frazioni. \u201cUn tassello importante che contiamo di completare prima della stagione invernale, che \u00e8 anche quella pi\u00f9 insidiosa per la circolazione stradale\u201d, conclude Zatta.<\/p>\n","protected":false},"excerpt":{"rendered":"<p>E&#8217; stata un&#8217;estate intensa, soprattutto nel mese di agosto, per gli edifici scolastici della citt\u00e0 di Feltre, oggetto, come noto, di una attivit\u00e0 di valutazione della vulnerabilit\u00e0 sismica, reso possibile anche grazie ad un corposo contributo ministeriale ottenuto dal Comune. L&#8217;attivit\u00e0 si \u00e8 conclusa, per quasi tutti i plessi coinvolti, proprio alla vigilia dell&#8217;inizio dell&#8217;anno&hellip;<\/p>\n","protected":false},"author":1,"featured_media":60510,"comment_status":"closed","ping_status":"closed","sticky":false,"template":"","format":"standard","meta":{"_monsterinsights_skip_tracking":false,"_monsterinsights_sitenote_active":false,"_monsterinsights_sitenote_note":"","_monsterinsights_sitenote_category":0,"footnotes":""},"categories":[49],"tags":[],"class_list":["post-60508","post","type-post","status-publish","format-standard","has-post-thumbnail","hentry","category-news-18","category-49","description-off"],"img_url":"https:\/\/www.radiopiu.net\/wordpress\/wp-content\/uploads\/2018\/09\/IMG_20180911_085327.jpg","_links":{"self":[{"href":"https:\/\/www.radiopiu.net\/wordpress\/wp-json\/wp\/v2\/posts\/60508","targetHints":{"allow":["GET"]}}],"collection":[{"href":"https:\/\/www.radiopiu.net\/wordpress\/wp-json\/wp\/v2\/posts"}],"about":[{"href":"https:\/\/www.radiopiu.net\/wordpress\/wp-json\/wp\/v2\/types\/post"}],"author":[{"embeddable":true,"href":"https:\/\/www.radiopiu.net\/wordpress\/wp-json\/wp\/v2\/users\/1"}],"replies":[{"embeddable":true,"href":"https:\/\/www.radiopiu.net\/wordpress\/wp-json\/wp\/v2\/comments?post=60508"}],"version-history":[{"count":0,"href":"https:\/\/www.radiopiu.net\/wordpress\/wp-json\/wp\/v2\/posts\/60508\/revisions"}],"wp:featuredmedia":[{"embeddable":true,"href":"https:\/\/www.radiopiu.net\/wordpress\/wp-json\/wp\/v2\/media\/60510"}],"wp:attachment":[{"href":"https:\/\/www.radiopiu.net\/wordpress\/wp-json\/wp\/v2\/media?parent=60508"}],"wp:term":[{"taxonomy":"category","embeddable":true,"href":"https:\/\/www.radiopiu.net\/wordpress\/wp-json\/wp\/v2\/categories?post=60508"},{"taxonomy":"post_tag","embeddable":true,"href":"https:\/\/www.radiopiu.net\/wordpress\/wp-json\/wp\/v2\/tags?post=60508"}],"curies":[{"name":"wp","href":"https:\/\/api.w.org\/{rel}","templated":true}]}}