{"id":60615,"date":"2018-09-14T05:50:31","date_gmt":"2018-09-14T03:50:31","guid":{"rendered":"http:\/\/www.radiopiu.net\/wordpress\/?p=60615"},"modified":"2018-09-14T15:51:46","modified_gmt":"2018-09-14T13:51:46","slug":"60615-2","status":"publish","type":"post","link":"https:\/\/www.radiopiu.net\/wordpress\/60615-2\/","title":{"rendered":"GIORNALE RADIOPIU 14 SETTEMBRE 2018 DIRETTORE MIRKO MEZZACASA"},"content":{"rendered":"<h1>ACQUA DI NUOVO POTABILE A GOSALDO E FALCADE<\/h1>\n<p align=\"JUSTIFY\"><span style=\"font-family: Arial, sans-serif;\"><a class=\"dt-pswp-item\" href=\"http:\/\/www.radiopiu.net\/wordpress\/wp-content\/uploads\/2015\/12\/acqua-pubblica_74691.jpg\" data-dt-img-description=\"\" data-large_image_width=\"600\" data-large_image_height=\"300\"><img loading=\"lazy\" decoding=\"async\" class=\"size-medium wp-image-14375 alignleft\" src=\"http:\/\/www.radiopiu.net\/wordpress\/wp-content\/uploads\/2015\/12\/acqua-pubblica_74691-300x150.jpg\" alt=\"\" width=\"300\" height=\"150\" \/><\/a>Gestione Servizi Pubblici informa che a <\/span><span style=\"font-family: Arial, sans-serif;\">Gosaldo nelle localit\u00e0 Sarasin, Le Foche, Lambroi, Deneore, Magait, Ren, Selle, Col Tamai e a Falcade in frazione Caviola l&#8217;acqua erogata dall&#8217;acquedotto \u00e8 di nuovo potabile e pu\u00f2 essere usata, quindi, per scopi alimentari.\u00a0 Acqua potabile anche a Lastreghe e Piaia di Ponte nelle Alpi<\/span><\/p>\n<h1><\/h1>\n<h1>ACQUA NON POTABILE<\/h1>\n<p><strong><a class=\"dt-pswp-item\" href=\"http:\/\/www.radiopiu.net\/wordpress\/wp-content\/uploads\/2018\/08\/ACQUA.jpeg\" data-dt-img-description=\"\" data-large_image_width=\"1280\" data-large_image_height=\"768\"><img loading=\"lazy\" decoding=\"async\" class=\"size-medium wp-image-57052 alignleft\" src=\"http:\/\/www.radiopiu.net\/wordpress\/wp-content\/uploads\/2018\/08\/ACQUA-300x180.jpeg\" alt=\"\" width=\"300\" height=\"180\" srcset=\"https:\/\/www.radiopiu.net\/wordpress\/wp-content\/uploads\/2018\/08\/ACQUA-300x180.jpeg 300w, https:\/\/www.radiopiu.net\/wordpress\/wp-content\/uploads\/2018\/08\/ACQUA-768x461.jpeg 768w, https:\/\/www.radiopiu.net\/wordpress\/wp-content\/uploads\/2018\/08\/ACQUA-1024x614.jpeg 1024w, https:\/\/www.radiopiu.net\/wordpress\/wp-content\/uploads\/2018\/08\/ACQUA.jpeg 1280w\" sizes=\"auto, (max-width: 300px) 100vw, 300px\" \/><\/a>OSPITALE DI CADORE\u00a0\u00a0<\/strong>Gestione Servizi Pubblici informa che a Ospitale di Cadore nelle localita&#8217; di Rivalgo e Termine e a Val di Zoldo in frazione Chiesa ed in via Le Scuole l&#8217;acqua erogata dall&#8217;acquedotto non \u00e8 potabile e pu\u00f2 essere usata per scopi alimentari solo previa bollitura.<\/p>\n<p>&nbsp;<\/p>\n<h1 align=\"JUSTIFY\"><\/h1>\n<h1 align=\"JUSTIFY\"><\/h1>\n<h1 align=\"JUSTIFY\"><\/h1>\n<blockquote><p>&nbsp;<\/p><\/blockquote>\n<h1>VIABILITA&#8217;, DA LUNEDI CHIUDE LA 563 DI SALESEI<\/h1>\n<p><a class=\"dt-pswp-item\" href=\"http:\/\/www.radiopiu.net\/wordpress\/wp-content\/uploads\/2018\/08\/VIABILIA.jpeg\" data-dt-img-description=\"\" data-large_image_width=\"1280\" data-large_image_height=\"768\"><img loading=\"lazy\" decoding=\"async\" class=\" wp-image-57053 alignleft\" src=\"http:\/\/www.radiopiu.net\/wordpress\/wp-content\/uploads\/2018\/08\/VIABILIA-300x180.jpeg\" alt=\"\" width=\"202\" height=\"121\" srcset=\"https:\/\/www.radiopiu.net\/wordpress\/wp-content\/uploads\/2018\/08\/VIABILIA-300x180.jpeg 300w, https:\/\/www.radiopiu.net\/wordpress\/wp-content\/uploads\/2018\/08\/VIABILIA-768x461.jpeg 768w, https:\/\/www.radiopiu.net\/wordpress\/wp-content\/uploads\/2018\/08\/VIABILIA-1024x614.jpeg 1024w, https:\/\/www.radiopiu.net\/wordpress\/wp-content\/uploads\/2018\/08\/VIABILIA.jpeg 1280w\" sizes=\"auto, (max-width: 202px) 100vw, 202px\" \/><\/a><strong>PROVINCIALE 563 DI SALESEI,\u00a0<\/strong> Da lunedi 17 settembre\u00a0 a venerdi 21,\u00a0 interdizione totale alla circolazione di veicoli e pedoni dalle 7.40 alle 12 e dalle 13.30 alle 17.30 per messa in sicurezza dei versanti<\/p>\n<p><b>PROVINCIALE 251 VAL CELLINA <\/b>Da lunedi al 17 ottobre a Soffranco in Comuned i Longarone senso unico alternato per ripristino della barriere di sicurezza<\/p>\n<p>&nbsp;<\/p>\n<h1 align=\"JUSTIFY\"><\/h1>\n<blockquote>\n<h1 align=\"JUSTIFY\"><\/h1>\n<\/blockquote>\n<h1 align=\"JUSTIFY\">TURISTA FRANCESE SCOMPARSO: ERA PARTITO PER BOLZANO&#8230;<\/h1>\n<p><strong>CORTINA<\/strong> Sono state sospese ieri pomeriggio\u00a0 le ricerche dell&#8217;escursionista francese di 56 anni, non presentatosi\u00a0 all&#8217;appuntamento con i compagni di comitiva al Rifugio Dibona. A seguito della segnalazione di una persona del bar della stazione degli autobus di Cortina, sono state visionate le immagini delle telecamere che hanno ripreso questa mattina un uomo fortemente somigliante al turista francese. Mostrate ai suoi connazionali, ogni dubbio sulla sua identit\u00e0 \u00e8 stato fugato. Inoltre i carabinieri hanno appurato che la sua macchina, lasciata a Bolzano alla partenza del giro a piedi, non si trova pi\u00f9 al parcheggio. L&#8217;allarme \u00e8 quindi rientrato dopo una notte e una mattina di ricerche solo perch\u00e9 il francese non si \u00e8 premurato di avvisare i compagni di viaggio<\/p>\n<p align=\"JUSTIFY\"><strong>L&#8217;INTERVENTO DELL&#8217;ALTRA SERA, I PARTICOLARI<\/strong><\/p>\n<p align=\"JUSTIFY\"><strong>VAL DI ZOLDO<\/strong> L&#8217;altra sera\u00a0alle 20 la Centrale del <a class=\"dt-pswp-item\" href=\"http:\/\/www.radiopiu.net\/wordpress\/wp-content\/uploads\/2018\/06\/suem-1.jpg\" data-dt-img-description=\"\" data-large_image_width=\"1280\" data-large_image_height=\"768\"><img loading=\"lazy\" decoding=\"async\" class=\"size-medium wp-image-51755 alignleft\" src=\"http:\/\/www.radiopiu.net\/wordpress\/wp-content\/uploads\/2018\/06\/suem-1-300x180.jpg\" alt=\"\" width=\"300\" height=\"180\" srcset=\"https:\/\/www.radiopiu.net\/wordpress\/wp-content\/uploads\/2018\/06\/suem-1-300x180.jpg 300w, https:\/\/www.radiopiu.net\/wordpress\/wp-content\/uploads\/2018\/06\/suem-1-768x461.jpg 768w, https:\/\/www.radiopiu.net\/wordpress\/wp-content\/uploads\/2018\/06\/suem-1-1024x614.jpg 1024w, https:\/\/www.radiopiu.net\/wordpress\/wp-content\/uploads\/2018\/06\/suem-1.jpg 1280w\" sizes=\"auto, (max-width: 300px) 100vw, 300px\" \/><\/a>118 ha allertato il Soccorso alpino della Valle di Zoldo per un cacciatore caduto nei boschi di Malga Vescov\u00e0, sopra Pala Favera, e privo di conoscenza. Una squadra \u00e8 subito partita nella direzione indicata e ha raggiunto il punto in cui si trovava M.C., 27 anni, di Val di Zoldo (BL), anche grazie ai segnali di luce degli amici che erano nel frattempo arrivati da lui. Il cacciatore, che era ruzzolato per diversi metri e aveva riportato un possibile politrauma, era tornato in s\u00e9, anche se non ricordava cosa gli era capitato. Caricato in barella \u00e8 stato trasportato dai sette soccorritori per una mezz&#8217;ora lungo il pendio fino alla strada, dove attendevano l&#8217;ambulanza e il medico dell&#8217;equipaggio del Pelikan di Bressanone, atterrato a Pala Favera. Accompagnato all&#8217;elicottero, il ragazzo \u00e8 stato imbarcato e portato all&#8217;ospedale di Bressanone. L&#8217;intervento si \u00e8 concluso alle 22.30 circa.<\/p>\n<blockquote>\n<h1 align=\"JUSTIFY\"><\/h1>\n<\/blockquote>\n<h1 align=\"JUSTIFY\">MALORE AL BAR, MUORE UN OTTANTENNE<\/h1>\n<p align=\"JUSTIFY\"><strong>LENTIAI<\/strong> Un infarto \u00e8 la causa della morte di un anziano che ieri mattina si \u00e8 sentito male al Bar Canton. L&#8217;uomo P.B. originario di Como era in provincia per visitare i parenti, accompagnato dalla moglie ha ordinato un caff\u00e8 al Bar, poi \u00e8 andato in bagno dove \u00e8 spirato. La moglie ha dato l&#8217;allarme per l&#8217;inconsueto ritardo, l&#8217;intervento dei vigili del fuoco (che sono entrati da una finestra sul retro poich\u00e9 la porta del bagno era chiusa dall&#8217;interno) e dei sanitari del 118, non ha potuto che constatarne il decesso.<\/p>\n<blockquote>\n<p align=\"JUSTIFY\">\n<\/blockquote>\n<h2 align=\"JUSTIFY\">FRATTURA PARIETALE PER UN BIMBO COLPITO DALLA PORTIERA<\/h2>\n<p align=\"JUSTIFY\"><strong>ARSIE&#8217;<\/strong> La mamma chiude la portiera e inavvertitamente colpisce il figlio di 3 mesi sistemato sul seggiolino. Per la frattura alla testa il piccolo \u00e8 stato portato in ospedale a Feltre e poi trasferito in neurochirurgia a Treviso.<\/p>\n<blockquote>\n<p align=\"JUSTIFY\">\n<\/blockquote>\n<h1 align=\"JUSTIFY\">MUORE PER UN BOCCONE DI TRAVERSO<\/h1>\n<p align=\"JUSTIFY\"><strong>FELTRE<\/strong> Dramma in frazione Zermen A.M. 88 anni \u00e8 morto al Santa Maria del Prato dopo essersi sentito male durante il pranzo. Un boccone gli \u00e8 andato di traverso ostruendo le vie respiratorie. I parenti hanno provato a fargli rigettare il boccone trasportandolo immediatamente all&#8217;ospedale ma per l&#8217;uomo non c&#8217;\u00e8 stato pi\u00f9 nulla da fare.<\/p>\n<blockquote>\n<p align=\"JUSTIFY\">\n<\/blockquote>\n<h1 align=\"JUSTIFY\">A BELLUNO NONOSTANTE IL FOGLIO DI VIA: ARRESTATO<\/h1>\n<p align=\"JUSTIFY\"><strong>BELLUNO<\/strong> A.C. Moldavo di 27 anni da fine agosto non doveva pi\u00f9 presentarsi a Belluno per 3 anni in seguito al foglio di via emesso dal Questore, l&#8217;uomo\u00a0 ha varcato le porte della Questura per rinnovare il permesso di soggiorno e i poliziotti lo hanno arrestato per la violazione della misura, poi \u00e8 stato rimesso in libert\u00e0 in attesa del processo, abita a Belluno con la moglie.<\/p>\n<blockquote>\n<p align=\"JUSTIFY\">\n<\/blockquote>\n<blockquote>\n<p align=\"JUSTIFY\">\n<\/blockquote>\n<h1 align=\"JUSTIFY\">CARABINIERI: INCIDENTI E DENUNCE<\/h1>\n<p><strong><a class=\"dt-pswp-item\" href=\"http:\/\/www.radiopiu.net\/wordpress\/wp-content\/uploads\/2017\/08\/170821-comunicato-stampa-carabinieri-caprile.jpg\" data-dt-img-description=\"\" data-large_image_width=\"1600\" data-large_image_height=\"1200\"><img loading=\"lazy\" decoding=\"async\" class=\"size-medium wp-image-35774 alignleft\" src=\"http:\/\/www.radiopiu.net\/wordpress\/wp-content\/uploads\/2017\/08\/170821-comunicato-stampa-carabinieri-caprile-300x225.jpg\" alt=\"\" width=\"300\" height=\"225\" \/><\/a>CORTINA<\/strong> Lungo la regionale 48 a Passo Tre Croci, scontro tra autocarro e motociclietta. Ad avere la peggio il centauro E.C., 52 anni di Farra d&#8217;Isonzo trasportato in gravi condizioni all&#8217;ospedale di Treviso.<\/p>\n<p><strong>MEL<\/strong> I Carabinieri hanno denunciato in stato di libert\u00e0 per furto aggravato Y.Z. 30 anni, cittadino marocchino regolare e residente nel trevigiano. L&#8217;uomo stamane \u00e8 stato sorpreso mentre si impossessava di batterie per auto e altro materiale nell&#8217;ecocentro del Comune<\/p>\n<p><strong>FELTRE<\/strong> Misura cautelare con collocamento in una comunit\u00e0 per un minorenne feltrino condannato dal Gip del Tribunale dei minori di Venezia per i reati di rapina e lesioni. Lo scorso 17 maggio a Feltre ha strappato la borsa ad una donna lombarda che caduta a terra ha riportato serie lesioni. Il marito della donna con l&#8217;ausilio di alcuni passanti ha costretto il giovane alla fuga, ma recuperando la borsetta e il suo contenuto. Nel pomeriggio di ieri i Carabinieri di Feltre hanno dato concretezza alla misura cautelare<\/p>\n<p>&nbsp;<\/p>\n<p>&nbsp;<\/p>\n<p>&nbsp;<\/p>\n<p>&nbsp;<\/p>\n<h1>MASSARO E PERENZIN A VENEZIA PER LA SANITA&#8217;<\/h1>\n<p><strong><a class=\"dt-pswp-item\" href=\"http:\/\/www.radiopiu.net\/wordpress\/wp-content\/uploads\/2015\/08\/sanita_medico.jpg\" data-dt-img-description=\"\" data-large_image_width=\"800\" data-large_image_height=\"450\"><img loading=\"lazy\" decoding=\"async\" class=\"size-medium wp-image-8643 alignleft\" src=\"http:\/\/www.radiopiu.net\/wordpress\/wp-content\/uploads\/2015\/08\/sanita_medico-300x169.jpg\" alt=\"\" width=\"300\" height=\"169\" \/><\/a>BELLUNO<\/strong> Pi\u00f9 risorse per la sanit\u00e0 montana, il riconoscimento della specificit\u00e0 del territorio bellunese e prossimamente un confronto con i capigruppo in consiglio regionale: questi i punti sui quali si \u00e8 basato l&#8217;intervento di Jacopo Massaro, Sindaco di Belluno e Presidente della Conferenza dei Sindaci dell&#8217;Ulss 1 Dolomiti, e il vicepresidente il Sindaco di Feltre, Paolo Perenzin, ieri in audizione in V Commissione Sanit\u00e0 a Venezia.<\/p>\n<p><strong>AI MICROFONI DI RADIO PIU, IL SINDACO DI BELLUNO<\/strong><\/p>\n<audio class=\"wp-audio-shortcode\" id=\"audio-60615-1\" preload=\"none\" style=\"width: 100%;\" controls=\"controls\"><source type=\"audio\/mpeg\" src=\"http:\/\/www.radiopiu.net\/wordpress\/wp-content\/uploads\/2018\/09\/MASSARO-1.mp3?_=1\" \/><a href=\"http:\/\/www.radiopiu.net\/wordpress\/wp-content\/uploads\/2018\/09\/MASSARO-1.mp3\">http:\/\/www.radiopiu.net\/wordpress\/wp-content\/uploads\/2018\/09\/MASSARO-1.mp3<\/a><\/audio>\n<p>&nbsp;<\/p>\n<p>&nbsp;<\/p>\n<p>&nbsp;<\/p>\n<h1>NEVEGAL, FUTURO APPESO AD UN FILO.<\/h1>\n<p><strong>BELLUNO<\/strong> Rischio chiusura della stazione stazione sul Colle e se chiude un anno? Potrebbe chiudere per sempre. La condizione attuale: non si apre.<\/p>\n<p><strong>DI DAMIANO TORMEN<\/strong><\/p>\n<audio class=\"wp-audio-shortcode\" id=\"audio-60615-2\" preload=\"none\" style=\"width: 100%;\" controls=\"controls\"><source type=\"audio\/mpeg\" src=\"http:\/\/www.radiopiu.net\/wordpress\/wp-content\/uploads\/2018\/09\/DAMIANO-3.mp3?_=2\" \/><a href=\"http:\/\/www.radiopiu.net\/wordpress\/wp-content\/uploads\/2018\/09\/DAMIANO-3.mp3\">http:\/\/www.radiopiu.net\/wordpress\/wp-content\/uploads\/2018\/09\/DAMIANO-3.mp3<\/a><\/audio>\n<p>&nbsp;<\/p>\n<p>&nbsp;<\/p>\n<h1>VIVAIO DOLOMITI, NEVEGAL A QUESTE CONDIZIONI NESSUN FUTURO<\/h1>\n<p><a class=\"dt-pswp-item\" href=\"http:\/\/www.radiopiu.net\/wordpress\/wp-content\/uploads\/2018\/04\/vivaio-dolomiti.jpg\" data-dt-img-description=\"\" data-large_image_width=\"180\" data-large_image_height=\"142\"><img loading=\"lazy\" decoding=\"async\" class=\"size-full wp-image-47082 alignleft\" src=\"http:\/\/www.radiopiu.net\/wordpress\/wp-content\/uploads\/2018\/04\/vivaio-dolomiti.jpg\" alt=\"\" width=\"180\" height=\"142\" \/><\/a><strong>BELLUNO Gli<\/strong> impianti del Nevegal non apriranno. La societ\u00e0 Alpe del Nevegal lo ha ribadito mercoled\u00ec sera in una riunione alla presenza degli operatori. La situazione \u00e8 gravissima: se gli impianti non apriranno per questa stagione invernale per il Colle non ci sar\u00e0 alcun futuro. N\u00e8 per gli operatori che ci lavorano e per tutte le attivit\u00e0 collegate al Nevegal. Vivaio Dolomiti \u00e8 nato con l&#8217;obiettivo di valorizzare il territorio bellunese e tutte le sue eccellenze. Il Nevegal \u00e8 fra queste e non possiamo lasciare che muoia viste anche tutte le potenzialit\u00e0 che il Colle ha. Per questa ragione organizziamo, come associazione, una riunione urgente per trovare una soluzione.<\/p>\n<blockquote><p><strong>LUNED\u00ec 17 SETTEMBRE ALLE 20.30 NELLA SALA COOPERATIVA DI CIRVO<\/strong>I incontro sul tema, invitati: il\u00a0sindaco Jacopo Massaro, la giunta i consiglieri comunali di Belluno, di maggioranza e di minoranza, il presidente della Provincia Roberto Padrin, il consigliere regionale Gidoni e agli assessori Gianpaolo Bottacin e Federico Caner, il presidente della Regione Luca Zaia e a tutti i Parlamentari bellunesi. La riunione \u00e8 aperta a tutti e a quanti hanno a cuore il futuro del Nevegal.<\/p><\/blockquote>\n<p>&nbsp;<\/p>\n<p>&nbsp;<\/p>\n<p>&nbsp;<\/p>\n<p>&nbsp;<\/p>\n<blockquote>\n<h1>PARLAMENTARI ALLO STESSO TAVOLO PER UN TERRITORIO PIU&#8217; IMPORTANTE DELLE BANDIERE<\/h1>\n<p><a class=\"dt-pswp-item\" href=\"http:\/\/www.radiopiu.net\/wordpress\/wp-content\/uploads\/2018\/09\/Parlamentari-Bellunesi.jpg\" data-dt-img-description=\"\" data-large_image_width=\"1280\" data-large_image_height=\"580\"><img loading=\"lazy\" decoding=\"async\" class=\"alignnone wp-image-60671 size-large\" src=\"http:\/\/www.radiopiu.net\/wordpress\/wp-content\/uploads\/2018\/09\/Parlamentari-Bellunesi-1024x464.jpg\" alt=\"\" width=\"1024\" height=\"464\" srcset=\"https:\/\/www.radiopiu.net\/wordpress\/wp-content\/uploads\/2018\/09\/Parlamentari-Bellunesi-1024x464.jpg 1024w, https:\/\/www.radiopiu.net\/wordpress\/wp-content\/uploads\/2018\/09\/Parlamentari-Bellunesi-300x136.jpg 300w, https:\/\/www.radiopiu.net\/wordpress\/wp-content\/uploads\/2018\/09\/Parlamentari-Bellunesi-768x348.jpg 768w, https:\/\/www.radiopiu.net\/wordpress\/wp-content\/uploads\/2018\/09\/Parlamentari-Bellunesi.jpg 1280w\" sizes=\"auto, (max-width: 1024px) 100vw, 1024px\" \/><\/a><\/p><\/blockquote>\n<p><strong>ROMA<\/strong> Si \u00e8 svolto\u00a0 nell\u2019ufficio del Questore della Camera Federico D\u2019Inc\u00e0 l\u2019incontro tra i parlamentari bellunesi. All\u2019ordine del giorno le problematiche della montagna bellunese: erano presenti Mirko Badole (Lega), Dario Bond (Forza Italia), Luca De Carlo (Fratelli d\u2019Italia), Federico D\u2019Inc\u00e0 (Movimento 5 Stelle) e Roger De Menech (Partito Democratico). Assente giustificato il senatore Paolo Saviane, impegnato in Aula a Palazzo Madama. L\u2019incontro tra i parlamentari \u00e8 stato il primo degli appuntamenti mensili che riuniranno tutti gli esponenti politici bellunesi per affrontare insieme le questioni che interessano la montagna bellunese e delineare un\u2019opera di coordinamento. Un\u2019occasione importante, che diventer\u00e0 un appuntamento fisso voluto dai parlamentari della provincia di Belluno. Finalit\u00e0 degli incontri, che avranno cadenza mensile, sar\u00e0 quella di fare il punto sulle questioni che interessano le comunit\u00e0 bellunesi. \u201cProblematiche \u2013 dichiarano i parlamentari &#8211; che non hanno bandiera, ma che sono centrali per il nostro territorio e che ci devono vedere tutti uniti e impegnati per risolvere e combattere cos\u00ec lo spopolamento\u201d. Nell\u2019incontro di mercoled\u00ec numerosi i temi affrontati, come la laminazione del Lago di Cadore, le criticit\u00e0 e gli ostacoli al volo per gli elicotteri sul territorio bellunese e l\u2019autonomia della Provincia di Belluno. In particolare, in riferimento a quest\u2019ultimo argomento, i parlamentari hanno espresso all\u2019unanimit\u00e0 la volont\u00e0 di fissare al pi\u00f9 presto un incontro con il Ministro Stefani per fare il punto sul tema e poter gestire al meglio il processo dell\u2019autonomia territoriale, cos\u00ec come indicato dai cittadini bellunesi l\u2019ottobre scorso. Tra le problematiche al centro dell\u2019attenzione dei parlamentari bellunesi anche l\u2019elettrificazione dell\u2019anello ferroviario basso delle Dolomiti (Vittorio Veneto-Belluno-Feltre) e il completamento delle dorsali delle piste ciclabili da Cortina fino a Primolano per sviluppare una mobilit\u00e0 ciclabile in tutto quanto il territorio bellunese.<\/p>\n<h2><strong>I COMMENTI ALLA RADIO<\/strong><\/h2>\n<h2>FEDERICO D&#8217;INCA&#8217;<\/h2>\n<audio class=\"wp-audio-shortcode\" id=\"audio-60615-3\" preload=\"none\" style=\"width: 100%;\" controls=\"controls\"><source type=\"audio\/mpeg\" src=\"http:\/\/www.radiopiu.net\/wordpress\/wp-content\/uploads\/2018\/09\/FEDERICO-2.mp3?_=3\" \/><a href=\"http:\/\/www.radiopiu.net\/wordpress\/wp-content\/uploads\/2018\/09\/FEDERICO-2.mp3\">http:\/\/www.radiopiu.net\/wordpress\/wp-content\/uploads\/2018\/09\/FEDERICO-2.mp3<\/a><\/audio>\n<h2><strong>DARIO BOND<\/strong><\/h2>\n<audio class=\"wp-audio-shortcode\" id=\"audio-60615-4\" preload=\"none\" style=\"width: 100%;\" controls=\"controls\"><source type=\"audio\/mpeg\" src=\"http:\/\/www.radiopiu.net\/wordpress\/wp-content\/uploads\/2018\/09\/BOND-INCONTRO.mp3?_=4\" \/><a href=\"http:\/\/www.radiopiu.net\/wordpress\/wp-content\/uploads\/2018\/09\/BOND-INCONTRO.mp3\">http:\/\/www.radiopiu.net\/wordpress\/wp-content\/uploads\/2018\/09\/BOND-INCONTRO.mp3<\/a><\/audio>\n<h2><strong>ROGER DE MENECH<\/strong><\/h2>\n<audio class=\"wp-audio-shortcode\" id=\"audio-60615-5\" preload=\"none\" style=\"width: 100%;\" controls=\"controls\"><source type=\"audio\/mpeg\" src=\"http:\/\/www.radiopiu.net\/wordpress\/wp-content\/uploads\/2018\/09\/DE-MENECH-INCONTRO.mp3?_=5\" \/><a href=\"http:\/\/www.radiopiu.net\/wordpress\/wp-content\/uploads\/2018\/09\/DE-MENECH-INCONTRO.mp3\">http:\/\/www.radiopiu.net\/wordpress\/wp-content\/uploads\/2018\/09\/DE-MENECH-INCONTRO.mp3<\/a><\/audio>\n<h2><strong>MIRCO BADOLE<\/strong><\/h2>\n<audio class=\"wp-audio-shortcode\" id=\"audio-60615-6\" preload=\"none\" style=\"width: 100%;\" controls=\"controls\"><source type=\"audio\/mpeg\" src=\"http:\/\/www.radiopiu.net\/wordpress\/wp-content\/uploads\/2018\/09\/BADOLE-INCONTRO.mp3?_=6\" \/><a href=\"http:\/\/www.radiopiu.net\/wordpress\/wp-content\/uploads\/2018\/09\/BADOLE-INCONTRO.mp3\">http:\/\/www.radiopiu.net\/wordpress\/wp-content\/uploads\/2018\/09\/BADOLE-INCONTRO.mp3<\/a><\/audio>\n<h2><strong>LUCA DE CARLO<\/strong><\/h2>\n<audio class=\"wp-audio-shortcode\" id=\"audio-60615-7\" preload=\"none\" style=\"width: 100%;\" controls=\"controls\"><source type=\"audio\/mpeg\" src=\"http:\/\/www.radiopiu.net\/wordpress\/wp-content\/uploads\/2018\/09\/DE-CARLO-INCONTRO.mp3?_=7\" \/><a href=\"http:\/\/www.radiopiu.net\/wordpress\/wp-content\/uploads\/2018\/09\/DE-CARLO-INCONTRO.mp3\">http:\/\/www.radiopiu.net\/wordpress\/wp-content\/uploads\/2018\/09\/DE-CARLO-INCONTRO.mp3<\/a><\/audio>\n<p>&nbsp;<\/p>\n<p>&nbsp;<\/p>\n<p>&nbsp;<\/p>\n<p>&nbsp;<\/p>\n<h1>CONTROLLO DELLE DIGHE ESTERNALIZZATO, DE MENECH INTERROGA<\/h1>\n<p><strong><a class=\"dt-pswp-item\" href=\"http:\/\/www.radiopiu.net\/wordpress\/wp-content\/uploads\/2018\/09\/download-4.jpg\" data-dt-img-description=\"\" data-large_image_width=\"275\" data-large_image_height=\"183\"><img loading=\"lazy\" decoding=\"async\" class=\"size-full wp-image-60634 alignleft\" src=\"http:\/\/www.radiopiu.net\/wordpress\/wp-content\/uploads\/2018\/09\/download-4.jpg\" alt=\"\" width=\"275\" height=\"183\" \/><\/a>ROMA<\/strong> Interrogazione di De Menech ai ministri Tria e Di Maio per potenziare gli organici dell\u2019Enel Belluno, 13 Settembre 2018 _ Fermare le esternalizzazioni del servizio di controllo delle dighe. Il governo promuova il potenziamento degli organici. Le unit\u00e0 organizzative venete di E-distribuzione, Enel produzione ed Enel green power, soffrono di una \u00abormai indiscutibile mancanza di organico\u00bb, tanto che dal 2014 ad oggi dispongono di 73 persone in meno, e sempre pi\u00f9 spesso attivit\u00e0 anche importanti, come ad esempio il controllo delle dighe, sono esternalizzati. Le preoccupazioni e le sollecitazioni sono del deputato bellunese Roger De Menech che, dopo aver incontrato i sindacati di categoria, ha presentato questa mattina alla Camera un\u2019interrogazione al ministro dell&#8217;Economia e delle Finanze Giovanni Tria e al ministro dello Sviluppo economico Luigi Di Maio.<\/p>\n<p><strong>AI MICROFONI DI RADIO PIU ROGER DE MENECH<\/strong><\/p>\n<audio class=\"wp-audio-shortcode\" id=\"audio-60615-8\" preload=\"none\" style=\"width: 100%;\" controls=\"controls\"><source type=\"audio\/mpeg\" src=\"http:\/\/www.radiopiu.net\/wordpress\/wp-content\/uploads\/2018\/09\/DE-MENECH-ENEL.mp3?_=8\" \/><a href=\"http:\/\/www.radiopiu.net\/wordpress\/wp-content\/uploads\/2018\/09\/DE-MENECH-ENEL.mp3\">http:\/\/www.radiopiu.net\/wordpress\/wp-content\/uploads\/2018\/09\/DE-MENECH-ENEL.mp3<\/a><\/audio>\n<p>&nbsp;<\/p>\n<p>&nbsp;<\/p>\n<p>&nbsp;<\/p>\n<p>&nbsp;<\/p>\n<h1>SANITA&#8217;, PRECISAZIONI E CHIARIMENTI DEL SINDACO SISTO DA ROIT<\/h1>\n<p><strong><a class=\"dt-pswp-item\" href=\"http:\/\/www.radiopiu.net\/wordpress\/wp-content\/uploads\/2016\/01\/20140526_da-roit-sisto.jpg\" data-dt-img-description=\"\" data-large_image_width=\"660\" data-large_image_height=\"228\"><img loading=\"lazy\" decoding=\"async\" class=\"size-medium wp-image-15541 alignleft\" src=\"http:\/\/www.radiopiu.net\/wordpress\/wp-content\/uploads\/2016\/01\/20140526_da-roit-sisto-300x104.jpg\" alt=\"\" width=\"300\" height=\"104\" \/><\/a>AGORDO<\/strong><\/p>\n<p>DAL SINDACO SISTO DA ROIT RICEVIAMO A PUBBLICHIAMO:<\/p>\n<p><em>Viste le continue pubbliche accuse per non aver comunicato l\u2019ormai noto verbale alla Direzione Strategica dell\u2019Ulss, sono costretto a precisare alcuni aspetti. In quella seduta nessuno aveva chiesto di trasmettere l\u2019esito dell\u2019incontro alla Direzione Strategica e men che meno \u00e8 stata votata tale decisione. Dopo aver redatto il verbale in aprile, non avevo potuto purtroppo farlo in tempi pi\u00f9 rapidi, l\u2019avevo inviato a tutti i colleghi sindaci chiedendo che, se ci fossero state dimenticanze o inesattezze, mi scrivessero le loro integrazioni o modifiche. A tutt\u2019oggi NESSUN sindaco o amministrazione comunale mi ha fatto pervenire un riscontro. Circa un mese dopo, in maggio, al protocollo del comune arrivava una nota del Presidente dell\u2019Unione Montana Agordina, ente non destinatario della mia precedente nota, con la quale, il medesimo, mi allegava le integrazioni richieste. Sia nella nota di trasmissione sia nel testo integrato non si faceva menzione del fatto che il verbale doveva essere inviato all\u2019Ulss. In luglio il Presidente mi chiedeva, per le vie brevi, se avevo spedito il verbale all\u2019Ulss. Al che rispondevo che per farlo, ricordando cosa era successo in altre precedenti occasioni, volevo un mandato almeno della maggioranza dei sindaci. Con un chiarimento successivo comprendevo meglio che c\u2019era stata un\u2019incomprensione con il Presidente e, su suo invito, provvedevo a ritrasmettere il verbale della riunione con le integrazioni suggerite dallo stesso a tutti i comuni agordini. Questi sono i fatti dai quali, penso, si comprendano le motivazioni del mancato invio. A rigor di logica potrei ritener approvato il verbale inviato la prima volta dato che, su sedici enti tenendo conto dell\u2019Unione Montana, istituzione non interpellata per ovvie ragioni, la stragrande maggioranza non ha avuto, a cinque mesi di distanza, alcunch\u00e9 da eccepire sul verbale trasmesso; tuttavia, comunque, ho preso in considerazione la richiesta del Presidente dell\u2019Unione Montana estendendo all\u2019estremo il concetto di democrazia. Mi auguro pertanto che in futuro, per evitare inutili contrapposizioni, i colleghi che hanno da fare precisazioni o modificazioni ai testi che ricevono di evidenziarle e in tempi congrui.<\/em><\/p>\n<p>&nbsp;<\/p>\n<p>&nbsp;<\/p>\n<p>&nbsp;<\/p>\n<p>&nbsp;<\/p>\n<h1>ELEZIONI COMUNALI<\/h1>\n<h3><a class=\"dt-pswp-item\" href=\"http:\/\/www.radiopiu.net\/wordpress\/wp-content\/uploads\/2016\/05\/UNIONE-MONTANA.jpg\" data-dt-img-description=\"\" data-large_image_width=\"464\" data-large_image_height=\"660\"><img loading=\"lazy\" decoding=\"async\" class=\"size-medium wp-image-19671 alignleft\" src=\"http:\/\/www.radiopiu.net\/wordpress\/wp-content\/uploads\/2016\/05\/UNIONE-MONTANA-211x300.jpg\" alt=\"\" width=\"211\" height=\"300\" \/><\/a><\/h3>\n<h3><\/h3>\n<h3><\/h3>\n<h3><\/h3>\n<h3><\/h3>\n<h3><\/h3>\n<h3>2019 L&#8217;ANNO DELLE ELEZIONI PER 9 COMUNI SU 16, LA TEMPLARI POTREBBE SFIDARE GRONES CON O SENZA RUAZ.\u00a0 AD AGORDO CURTI? CHISSALE&#8217;? DAL BO? A TAIBON SAVARIS SMENTISCE LE VOCI DI CANDIDATURE, BULF PROBABILMENTE DI NUOVO ALLA SFIDA DELL&#8217;URNA. A ROCCA PIETORE DE BERNADIN BIS. GLI ALTRI DICONO DI NON AVERCI ANCORA PENSATO MA INVITANO I GIOVANI A FARSI AVANTI. A LA VALLE SARA&#8217; UNA SFIDA ZUANEL-DECOL?<\/h3>\n<p><strong>DI GIANNI SANTOMASO<\/strong><\/p>\n<audio class=\"wp-audio-shortcode\" id=\"audio-60615-9\" preload=\"none\" style=\"width: 100%;\" controls=\"controls\"><source type=\"audio\/ogg\" src=\"http:\/\/www.radiopiu.net\/wordpress\/wp-content\/uploads\/2018\/09\/WhatsApp-Ptt-2018-09-13-at-16.40.27.ogg?_=9\" \/><a href=\"http:\/\/www.radiopiu.net\/wordpress\/wp-content\/uploads\/2018\/09\/WhatsApp-Ptt-2018-09-13-at-16.40.27.ogg\">http:\/\/www.radiopiu.net\/wordpress\/wp-content\/uploads\/2018\/09\/WhatsApp-Ptt-2018-09-13-at-16.40.27.ogg<\/a><\/audio>\n<p>&nbsp;<\/p>\n<p>&nbsp;<\/p>\n<p>&nbsp;<\/p>\n<p>&nbsp;<\/p>\n<h2>EXPERIENCE LAB, FORMAZIONE SUL TURISMO NEL MEDIO ALTO AGORDINO<\/h2>\n<p><a class=\"dt-pswp-item\" href=\"http:\/\/www.radiopiu.net\/wordpress\/wp-content\/uploads\/2018\/09\/WhatsApp-Image-2018-09-13-at-09.56.36.jpeg\" data-dt-img-description=\"\" data-large_image_width=\"903\" data-large_image_height=\"1600\"><img loading=\"lazy\" decoding=\"async\" class=\"size-medium wp-image-60664 alignleft\" src=\"http:\/\/www.radiopiu.net\/wordpress\/wp-content\/uploads\/2018\/09\/WhatsApp-Image-2018-09-13-at-09.56.36-169x300.jpeg\" alt=\"\" width=\"169\" height=\"300\" srcset=\"https:\/\/www.radiopiu.net\/wordpress\/wp-content\/uploads\/2018\/09\/WhatsApp-Image-2018-09-13-at-09.56.36-169x300.jpeg 169w, https:\/\/www.radiopiu.net\/wordpress\/wp-content\/uploads\/2018\/09\/WhatsApp-Image-2018-09-13-at-09.56.36-768x1361.jpeg 768w, https:\/\/www.radiopiu.net\/wordpress\/wp-content\/uploads\/2018\/09\/WhatsApp-Image-2018-09-13-at-09.56.36-578x1024.jpeg 578w, https:\/\/www.radiopiu.net\/wordpress\/wp-content\/uploads\/2018\/09\/WhatsApp-Image-2018-09-13-at-09.56.36.jpeg 903w\" sizes=\"auto, (max-width: 169px) 100vw, 169px\" \/><\/a><\/p>\n<p>&nbsp;<\/p>\n<p>&nbsp;<\/p>\n<p>&nbsp;<\/p>\n<p>&nbsp;<\/p>\n<p>&nbsp;<\/p>\n<p><strong>DOLOMITES MAADNESS, LA FORMAZIONE SUL TURISMO PER IL MEDIO ALTO AGORDINO. IL PUNTO DOPO L&#8217;AVVIO DEI SEMINARI GRATUITI CON IL SINDACO DI ROCCA PIETORE, ANDREA DE BERNARDIN<\/strong><\/p>\n<audio class=\"wp-audio-shortcode\" id=\"audio-60615-10\" preload=\"none\" style=\"width: 100%;\" controls=\"controls\"><source type=\"audio\/mpeg\" src=\"http:\/\/www.radiopiu.net\/wordpress\/wp-content\/uploads\/2018\/09\/ANDREA-MARKETING.mp3?_=10\" \/><a href=\"http:\/\/www.radiopiu.net\/wordpress\/wp-content\/uploads\/2018\/09\/ANDREA-MARKETING.mp3\">http:\/\/www.radiopiu.net\/wordpress\/wp-content\/uploads\/2018\/09\/ANDREA-MARKETING.mp3<\/a><\/audio>\n<p>&nbsp;<\/p>\n<p>&nbsp;<\/p>\n<p>&nbsp;<\/p>\n<p>&nbsp;<\/p>\n<p>&nbsp;<\/p>\n<p>&nbsp;<\/p>\n<h1>VIOLENZA CONTRO LE DONNE\u00a0 \u201cSTRUMENTO PER RESPONSABILIZZARE TUTTI I SOGGETTI E COLLABORARE&#8221;<\/h1>\n<p><strong><a class=\"dt-pswp-item\" href=\"http:\/\/www.radiopiu.net\/wordpress\/wp-content\/uploads\/2017\/02\/violenza-donne-640x250.jpg\" data-dt-img-description=\"\" data-large_image_width=\"640\" data-large_image_height=\"250\"><img loading=\"lazy\" decoding=\"async\" class=\"size-medium wp-image-28390 alignleft\" src=\"http:\/\/www.radiopiu.net\/wordpress\/wp-content\/uploads\/2017\/02\/violenza-donne-640x250-300x117.jpg\" alt=\"\" width=\"300\" height=\"117\" \/><\/a>VENEZIA<\/strong> Un accordo-quadro per fare rete e aiutare tutti i soggetti a collaborare al meglio nel prevenire la violenza contro le donne e nel sostenere le vittime, donne e minori. Questo il significato del protocollo regionale presentato oggi in Regione dall\u2019assessore Manuela Lanzarin a sindaci, dirigenti delle Ulss, responsabili dei servizi territoriali, associazioni, volontari del Veneto. \u201cIl Veneto ha una buona legge per prevenire la violenza di genere e un\u2019ottima rete di strutture e di servizi pubblici e privati per proteggere le donne, con indici di copertura nettamente superiori alla media nazionale: c\u2019\u00e8 un centro antiviolenza ogni 120 mila donne e un punto di primo ascolto ogni 63 mila donne.- ha premesso l\u2019assessore Lanzarin \u2013 Il passo successivo \u00e8 mettere in rete le esperienze esistenti ed estendere le buone prassi a tutto il territorio regionale, in maniera omogena. E\u2019 questo il significato dello schema di protocollo che ora affidiamo ai 21 ambiti territoriali dei Comitati dei sindaci: un documento che specifica chi fa che cosa, che dettaglia compiti e funzioni dei diversi soggetti coinvolti. Il fine ultimo \u00e8 aiutare ogni donna in difficolt\u00e0 a sentirsi accolta e protetta e accompagnarla con il miglior percorso possibile verso una condizione di serenit\u00e0 e di autonomia\u201d. La definizione del protocollo degli interventi \u00e8 previsto dalla legge regionale 5\/2013 in materia di prevenzione e contrasto alla violenza contro le donne. La legge disegna un ruolo attivo della Regione del Veneto, impegnandola a \u201cconsolidare ed estendere la rete territoriale istituzionale dei soggetti e dei servizi, favorendo la messa in comune di informazioni, buone pratiche ed esperienze formative attraverso la stipula di accordi tra istituzioni, servizi e soggetti pubblici e privati senza finalit\u00e0 di lucro\u201d. La sottoscrizione dei protocolli territoriali, di validit\u00e0 triennale, vincola alla collaborazione reciproca Ulss, Pronto soccorso, consultori familiari, medici, gestori dei centri antiviolenza, prefetture, procure, tribunali, forze dell\u2019ordine, avvocati, comuni, province e citt\u00e0 metropolitana, uffici scolastici territoriali.<\/p>\n<p>&nbsp;<\/p>\n<p>&nbsp;<\/p>\n<p>&nbsp;<\/p>\n<p>&nbsp;<\/p>\n<h1>IL COMUNE ACQUISTA LA TITOLARITA&#8217; DEI MARCHI DEL PALIO<\/h1>\n<p><strong><a class=\"dt-pswp-item\" href=\"http:\/\/www.radiopiu.net\/wordpress\/wp-content\/uploads\/2017\/12\/paliofeltre-2.jpg\" data-dt-img-description=\"\" data-large_image_width=\"960\" data-large_image_height=\"640\"><img loading=\"lazy\" decoding=\"async\" class=\"size-medium wp-image-39363 alignleft\" src=\"http:\/\/www.radiopiu.net\/wordpress\/wp-content\/uploads\/2017\/12\/paliofeltre-2-300x200.jpg\" alt=\"\" width=\"300\" height=\"200\" \/><\/a>FELTRE<\/strong>\u00a0 Da tempo \u00e8\u00a0 insorta una controversia con un privato, inerente l\u2019utilizzo dei marchi del Palio, tema particolarmente delicato soprattutto riguardo alla promozione della manifestazione e alla riconoscibilit\u00e0 del materiale e di ogni altra attivit\u00e0 ad esso collegata. Ora, in considerazione del fatto che il marchio di cui il privato rivendicava la titolarit\u00e0 ricomprendeva anche lo stemma araldico della Citt\u00e0 di Feltre, al fine di evitare qualsiasi limitazione nell&#8217;utilizzo dei simboli, degli stemmi e degli emblemi del Comune stesso, cos\u00ec come dei suoi Quartieri, l&#8217;amministrazione ha deciso di arrivare ad una composizione bonaria della questione. Anche per evitare il sorgere di una controversa giudiziale, che avrebbe portato verosimilmente a tempi e costi non definibili con evidente pregiudizio per la stessa manifestazione, nei mesi scorsi \u00e8 stata cos\u00ec formulata una proposta di acquisto dei marchi per la somma di 10 mila euro, che il privato ha comunicato di accettare.<\/p>\n<p><strong>AI MICROFONI DI RADIO PIU ANNA MARIA ROSSI, ASSESSORE COMUNALE DI FELTRE CON DELEGA ALL&#8217;ASSOCIAZIONISMO E MANIFESTAZIONI<\/strong><\/p>\n<audio class=\"wp-audio-shortcode\" id=\"audio-60615-11\" preload=\"none\" style=\"width: 100%;\" controls=\"controls\"><source type=\"audio\/mpeg\" src=\"http:\/\/www.radiopiu.net\/wordpress\/wp-content\/uploads\/2018\/09\/ROSSI-PALIO.mp3?_=11\" \/><a href=\"http:\/\/www.radiopiu.net\/wordpress\/wp-content\/uploads\/2018\/09\/ROSSI-PALIO.mp3\">http:\/\/www.radiopiu.net\/wordpress\/wp-content\/uploads\/2018\/09\/ROSSI-PALIO.mp3<\/a><\/audio>\n<p>&nbsp;<\/p>\n<p>&nbsp;<\/p>\n<p>&nbsp;<\/p>\n<p>&nbsp;<\/p>\n<h1>DECLINO COGNITIVO, CAMPANELLI D&#8217;ALLARME<\/h1>\n<p><strong><a class=\"dt-pswp-item\" href=\"http:\/\/www.radiopiu.net\/wordpress\/wp-content\/uploads\/2018\/09\/IMG_20180913_162744.jpg\" data-dt-img-description=\"\" data-large_image_width=\"3968\" data-large_image_height=\"2976\"><img loading=\"lazy\" decoding=\"async\" class=\"size-medium wp-image-60625 alignleft\" src=\"http:\/\/www.radiopiu.net\/wordpress\/wp-content\/uploads\/2018\/09\/IMG_20180913_162744-300x225.jpg\" alt=\"\" width=\"300\" height=\"225\" srcset=\"https:\/\/www.radiopiu.net\/wordpress\/wp-content\/uploads\/2018\/09\/IMG_20180913_162744-300x225.jpg 300w, https:\/\/www.radiopiu.net\/wordpress\/wp-content\/uploads\/2018\/09\/IMG_20180913_162744-768x576.jpg 768w, https:\/\/www.radiopiu.net\/wordpress\/wp-content\/uploads\/2018\/09\/IMG_20180913_162744-1024x768.jpg 1024w\" sizes=\"auto, (max-width: 300px) 100vw, 300px\" \/><\/a>FELTRE\u00a0<\/strong> Intervista alla neurologa Roberta Padoan del Centro Decadimento Cognitivo e Demenze<br \/>\nFeltre. In occasione del mese dedicato al declino cognitivo, l\u2019Ulss Dolomiti, dopo le indicazioni sulla prevenzione diffuse durante il Mercoled\u00ec della salute di ieri sera che ha visto un\u2019ottima partecipazione di pubblico, informa sui primi sintomi della malattia<br \/>\n<em>\u00abTutti gli individui sperimentano nel corso della loro vita delle dimenticanze o delle difficolt\u00e0 nell\u2019uso della parola. Esistono tuttavia delle caratteristiche che, se presenti, possono essere considerate campanelli di allarme e devono indirizzare i soggetti al medico. Quando il disturbo intacca la qualit\u00e0 di vita diventa patologia. I sintomi pi\u00f9 importanti sono: una perdita di memoria tale da inficiare la quotidianit\u00e0, il disorientamento, la perdita della capacit\u00e0 di giudizio, la difficolt\u00e0 nell\u2019esecuzione dei compiti sempre svolti, l\u2019apatia e l\u2019isolamento sociale\u00bb,<\/em> spiega la neurologa Roberta Padoan del Centro Decadimento Cognitivo e Demenze. <em>\u00abCon il passare degli anni le funzioni cerebrali sono destinate ad un lento declino per la progressiva involuzione di tutte le strutture nervose deputate alle attivit\u00e0 che regolano la nostra vita di relazione.\u00a0\u00a0<\/em><em>La memoria ed altre attivit\u00e0 mentali progressivamente si riducono in efficienza, determinando frequenti dimenticanze, difficolt\u00e0 nel ricordare nomi, impegni, fatica nell\u2019espletamento delle normali attivit\u00e0 della vita quotidiana.\u00a0<\/em><em>Quando il declino cognitivo \u00e8 disproporzionato nei confronti dell\u2019et\u00e0 anagrafica e procede con una progressione pi\u00f9 rapida, si configurano quadri clinici francamente patologici, accomunati nell\u2019ambito delle demenze, che sono causa di particolare disagio, sofferenza, e ricadute nella vita sociale e familiare e che riguardano la persona affetta e chi le sta intorno.\u00a0\u00a0<\/em><em>Tali patologie hanno registrato negli anni pi\u00f9 recenti una particolare accelerazione, anche come conseguenza del progressivo allungamento dell&#8217;aspettativa di vita.\u00a0<\/em><em>La demenza \u00e8 una condizione che interessa dall\u20191% al 5% della popolazione oltre i 65 anni, con una prevalenza che raddoppia ogni quattro anni giungendo ad una percentuale di circa il 30% all\u2019et\u00e0 di 85 anni.\u00a0<\/em><em>La malattia di Alzheimer rappresenta la forma epidemiologicamente pi\u00f9 rilevante.<\/em><br \/>\n<em>La persona ammalata ne sopporta le conseguenze, ma allo stesso modo i familiari e chi si occupa della quotidianit\u00e0 del paziente sono chiamati a fornire l\u2019assistenza e a predisporre adeguatamente le risorse di cura necessarie e disponibili.\u00a0<\/em><em>Accanto ai problemi derivanti dalla perdita delle funzioni cognitive, ve ne sono altri sul fronte del comportamento che rendono ancor pi\u00f9 complessa la gestione del malato.\u00a0<\/em><em>Tali disturbi possono assumere in ogni malato forme e livelli di gravit\u00e0 molto diverse ed includono un insieme eterogeneo di reazioni psichiche, disturbi comportamentali, modificazioni della personalit\u00e0.\u00a0<\/em><em>Nel distretto di Feltre opera dal 2015 il Centro di Decadimento Cognitivo e Demenze che garantisce una risposta integrata ai pazienti da parte di specialisti neurologi, geriatri e dei servizi territoriali, tutto questo tramite la figura di un care manager che facilita l\u2019accesso degli utenti e dei familiari all\u2019intera rete dei servizi, attraverso il Progetto Assistenziale Individualizzato.\u00a0<\/em><em>\u00abFondamentale per questa patologia \u00e8 la prevenzione. Al giorno d\u2019oggi non esiste una cura per il declino cognitivo ma ci sono studi scientifici che testimoniano come la prevenzione possa essere fondamentale per rallentare l\u2019invecchiamento cerebrale e mitigare il decorso di malattia. \u00c8 fondamentale mantenere in attivit\u00e0 il cervello tramite l\u2019attivit\u00e0 fisica regolare, l\u2019impegno sociale evitando l\u2019isolamento, avere uno stile di vita sano tramite una corretta alimentazione, abolendo il fumo e riducendo l\u2019introito di alcol, mantenere la mente allenata tramite attivit\u00e0 ludiche come la lettura, le parole crociate e coltivando anche le proprie passioni\u00bb conclude la dottoressa Padoan.\u00a0<\/em><em>Per questo la prossima settimana, dal 17 al 21 settembre, verranno proposte iniziative nel distretto di Feltre che prevedono la mattina dalle 10 alle 12 nelle principali piazze dei Comuni di Feltre nei giorni di mercato la presenza degli psicologi dei Centri di Servizio che parleranno con i cittadini di memoria. Nel pomeriggio delle stesse giornate dalle 15 alle 17 nell\u2019atrio del nuovo accesso dell\u2019ospedale di Feltre saranno proposte molteplici attivit\u00e0 per allenare il cervello.<\/em><\/p>\n<p>&nbsp;<\/p>\n<p>&nbsp;<\/p>\n<p>&nbsp;<\/p>\n<p>&nbsp;<\/p>\n<p>&nbsp;<\/p>\n<h1>CORSO DI DIFESA PERSONALE CON L&#8217;ULSS1<\/h1>\n<p><strong><a class=\"dt-pswp-item\" href=\"http:\/\/www.radiopiu.net\/wordpress\/wp-content\/uploads\/2015\/10\/Ospedale_San_Martino_Belluno_2014.jpg\" data-dt-img-description=\"\" data-large_image_width=\"699\" data-large_image_height=\"376\"><img loading=\"lazy\" decoding=\"async\" class=\"size-medium wp-image-12142 alignleft\" src=\"http:\/\/www.radiopiu.net\/wordpress\/wp-content\/uploads\/2015\/10\/Ospedale_San_Martino_Belluno_2014-300x161.jpg\" alt=\"\" width=\"300\" height=\"161\" \/><\/a>BELLUNO<\/strong> L\u2019ULSS 1 organizza un Corso di difesa personale e strategie relazionali per la gestione dei conflitti destinato al personale sanitario. Negli ultimi anni gli episodi di violenza contro gli operatori sanitari (aggressioni fisiche, comportamenti minacciosi o abusi verbali) ricorrono con frequenza, costituendo uno specifico rischio lavorativo, in particolare in alcuni ambiti lavorativi, quali i Servizi di emergenza \u2013 urgenza, le strutture psichiatriche \/ Ser.D., i Servizi di continuit\u00e0 assistenziale. In base alla valutazione del rischio effettuata dal Servizio di Prevenzione e Protezione e dal Medico Competente, in collaborazione con il Servizio di Psicologia Ospedaliera, tra le misure di prevenzione e controllo, oltre alle soluzioni di tipo logistico-organizzativo o tecnologico, l\u2019ULSS 1 Dolomiti ha avviato un efficace intervento formativo, di tipo teorico \u2013 pratico, per il personale di assistenza, con lo scopo di migliorare le competenze di comunicazione e di autodifesa in situazioni critiche. Il corso, dal titolo \u201cCorso di difesa personale e strategie relazionali per la gestione dei conflitti per il personale sanitario\u201d sar\u00e0 organizzato in 3 edizioni di 30 partecipanti ciascuna, nei mesi di ottobre e novembre. Saranno coinvolti Medici, Infermieri, Operatori Socio Sanitari delle UU.OO.CC. Pronto Soccorso e Psichiatria e alcuni medici di assistenza primaria e di continuit\u00e0 assistenziale. Obiettivo del corso \u00e8 che al termine della giornata formativa, ogni partecipante sia in grado di prevenire le situazioni di potenziale rischio, migliorando la capacit\u00e0 di riconoscere le aggressioni e i conflitti e di mantenere adeguato il livello di percezione del rischio. Docenti del corso sono: &#8211; la dott.ssa Chiara Forlin, Psicologa Psicoterapeuta, che terr\u00e0 le lezioni \u201c La comunicazione difficile: come gestire le situazioni di conflitto e \u201c La comunicazione in situazioni critiche\u201d; &#8211; Grigore Cristian Burde, istruttore di arti marziali, che tratter\u00e0 i codici di attenzione e le tecniche di autodifesa KRAV MAGA, con esercitazioni in palestra; l \u2019Avv. Giorgio Gasperin che tratter\u00e0 \u201cLa legittima difesa, implicazioni legali\u201d; &#8211; il dott. Gianluca Rossi, medico di assistenza primaria che terr\u00e0 una lezione su \u201cLe basi biologiche della paura e dell\u2019aggressivit\u00e0\u201d. Responsabile scientifico dell\u2019evento \u00e8 la dott.ssa Cristina Targon del Servizio di Medicina Preventiva dell\u2019 ULSS 1.<\/p>\n<p>&nbsp;<\/p>\n<p>&nbsp;<\/p>\n<p>&nbsp;<\/p>\n<p>&nbsp;<\/p>\n<h1>IL 17 SETTEMBRE CERTOTTICA PROMUOVE IL SECONDO OPEN DAY<\/h1>\n<p><strong>LONGARONE<\/strong> Certottica e l\u2019Istituto Zaccagnini di Bologna aspettano gli interessati al secondo Open Day sul Corso Biennale di Ottica, patrocinato da Anfao: luned\u00ec 17 settembre nella sede di Certottica alle ore 12:00 e alle 17:30 i due istituti presenteranno al pubblico tutti i dettagli dell\u2019iter formativo abilitante alla professione. In pi\u00f9, il personale competente sar\u00e0 a disposizione per incontri individuali, previa prenotazione, dalle 10:00 alle 12:00 e dalle 14 alle 17:30. <em>\u201cIl Corso Biennale di Ottica \u2013 ha commentato il Presidente di Certottica, Luigino Boito &#8211; \u00e8 in linea con la nostra mission. Da sempre supportiamo le aziende nei cambiamenti del mercato con servizi formativi di eccellenza. La tendenza che si sta delineando nel settore, facilitata dalla globalizzazione, \u00e8 indirizzata all\u2019integrazione in un\u2019unica entit\u00e0 aziendale di tutti i processi e funzioni presenti all\u2019interno delle filiere che si concludono con un prodotto finito. Stimolata dalle imprese del settore, Certottica ha individuato nell\u2019Istituto Zaccagnini, leader in campo ottico a livello nazionale e non solo, il partner titolato con cui attivare un percorso formativo studiato per le imprese che hanno la necessit\u00e0 di specializzare il proprio personale nel campo dell\u2019ottica e dell\u2019optometria\u201d.<\/em><br \/>\n<strong>AI MICROFONI DI RADIO PIU, SIMONA AGNOLI RESPONSABILE AREA FORMAZIONE CERTOTTICA<\/strong><\/p>\n<audio class=\"wp-audio-shortcode\" id=\"audio-60615-12\" preload=\"none\" style=\"width: 100%;\" controls=\"controls\"><source type=\"audio\/mpeg\" src=\"http:\/\/www.radiopiu.net\/wordpress\/wp-content\/uploads\/2018\/09\/Simona.mp3?_=12\" \/><a href=\"http:\/\/www.radiopiu.net\/wordpress\/wp-content\/uploads\/2018\/09\/Simona.mp3\">http:\/\/www.radiopiu.net\/wordpress\/wp-content\/uploads\/2018\/09\/Simona.mp3<\/a><\/audio>\n<p>Per prenotare un appuntamento individuale o per ulteriori informazioni, Vi invitiamo a contattare l\u2019Area Formazione di Certottica allo 0437\/573157 o, via mail, a formazione@certottica.it.<\/p>\n<p>&nbsp;<\/p>\n<p>&nbsp;<\/p>\n<p>&nbsp;<\/p>\n<p>&nbsp;<\/p>\n<p>&nbsp;<\/p>\n<h1>SPORT: REGIONE VENETO INVESTE SU ADEGUAMENTO IMPIANTI IN 46 COMUNI<\/h1>\n<p><strong><a class=\"dt-pswp-item\" href=\"http:\/\/www.radiopiu.net\/wordpress\/wp-content\/uploads\/2017\/05\/Alpago-21K-2015-atleti-e1457431136946.jpg\" data-dt-img-description=\"\" data-large_image_width=\"800\" data-large_image_height=\"534\"><img loading=\"lazy\" decoding=\"async\" class=\"size-medium wp-image-32493 alignleft\" src=\"http:\/\/www.radiopiu.net\/wordpress\/wp-content\/uploads\/2017\/05\/Alpago-21K-2015-atleti-e1457431136946-300x200.jpg\" alt=\"\" width=\"300\" height=\"200\" \/><\/a>VENEZIA<\/strong>\u00a0 La Giunta regionale del Veneto, su proposta dell\u2019assessore allo sport Cristiano Corazzari, ha stanziato e ripartito 707 mila euro del bilancio 2018 per migliorare gli impianti sportivi degli enti territoriali. Sono 46 i Comuni risultati beneficiari del riparto 2018 che beneficeranno di contributi regionali fino ad un massimo di 50 mila euro. <em>\u201cIl fondo regionale e il relativo riparto d\u00e0 attuazione alla legge quadro sullo sport del 2015 \u2013spiega l\u2019assessore Corazzari \u2013 con la quale la Regione si \u00e8 impegnata a sostenere non solo la pratica, ma anche l\u2019adeguamento dell\u2019impiantistica sportiva di base. Lo sport amatoriale e di base ha una dimensione molto popolare nella nostra regione: un residente su 4 pratica qualche disciplina sportiva. E\u2019 doveroso sostenere i Comuni, e pi\u00f9 in generale gli enti territoriali, nell\u2019offerta di strutture e impianti idonei, per residenti e turisti\u201d.\u00a0<\/em>Il provvedimento, approvato in questi giorni dalla Giunta veneta, dispone il primo programma di riparto per l\u2019anno 2018, dei finanziamenti in conto capitale per la realizzazione di opere di miglioria, anche strutturale, di impianti sportivi di importo fino a 50.000 euro. La somma complessiva messa a disposizione \u00e8 di 707.524,57 euro. <em>\u201cDa parte degli enti territoriali sono pervenute 186 domande, di cui 170 giudicate ammissibili al finanziamento \u2013 rende noto l\u2019assessore \u2013 Questo primo riparto finanzia intanto 46 Comuni, che dovranno rendicontare entro il prossimo 10 novembre l\u2019intervento sostenuto. Mi auguro che sia possibile recuperare entro fine anno ulteriori risorse nel bilancio regionale per scorrere la graduatoria e sostenere cos\u00ec gli investimenti anche degli altri comuni ritenuti meritevoli. In ogni caso, nel prossimo bilancio regionale, non mancher\u00e0 il supporto della Regione a chi investe per l\u2019agibilit\u00e0, il buon funzionamento e le miglior\u00ece degli impianti sportivi pubblici\u201d.<\/em><\/p>\n<p>&nbsp;<\/p>\n<p>&nbsp;<\/p>\n<p>&nbsp;<\/p>\n<p>&nbsp;<\/p>\n<p>&nbsp;<\/p>\n<h1>LA SEZIONE AGORDINA DEL CAI SUL TETTO D&#8217;AFRICA<\/h1>\n<p>PER INGRANDIRE, CLICCA.<\/p>\n\n\t\t\t<style type='text\/css'>\n\t\t\t\t#gallery-1 {\n\t\t\t\t\tmargin: auto;\n\t\t\t\t}\n\t\t\t\t#gallery-1 .gallery-item {\n\t\t\t\t\tfloat: left;\n\t\t\t\t\tmargin-top: 10px;\n\t\t\t\t\ttext-align: center;\n\t\t\t\t\twidth: 33%;\n\t\t\t\t}\n\t\t\t\t#gallery-1 img {\n\t\t\t\t\tborder: 2px solid #cfcfcf;\n\t\t\t\t}\n\t\t\t\t#gallery-1 .gallery-caption {\n\t\t\t\t\tmargin-left: 0;\n\t\t\t\t}\n\t\t\t\t\/* see gallery_shortcode() in wp-includes\/media.php *\/\n\t\t\t<\/style>\n\t\t<div id='gallery-1' class='dt-gallery-container gallery galleryid-60615 gallery-columns-3 gallery-size-thumbnail'><dl class='gallery-item'>\n\t\t\t\t<dt class='gallery-icon landscape'>\n\t\t\t\t\t<a class=\"rollover\" href='https:\/\/www.radiopiu.net\/wordpress\/60615-2\/whatsapp-image-2018-09-13-at-18-02-11\/'><img loading=\"lazy\" decoding=\"async\" width=\"150\" height=\"150\" src=\"https:\/\/www.radiopiu.net\/wordpress\/wp-content\/uploads\/2018\/09\/WhatsApp-Image-2018-09-13-at-18.02.11-150x150.jpeg\" class=\"attachment-thumbnail size-thumbnail\" alt=\"\" \/><\/a>\n\t\t\t\t<\/dt><\/dl><dl class='gallery-item'>\n\t\t\t\t<dt class='gallery-icon landscape'>\n\t\t\t\t\t<a class=\"rollover\" href='https:\/\/www.radiopiu.net\/wordpress\/60615-2\/whatsapp-image-2018-09-13-at-18-02-24-1\/'><img loading=\"lazy\" decoding=\"async\" width=\"150\" height=\"150\" src=\"https:\/\/www.radiopiu.net\/wordpress\/wp-content\/uploads\/2018\/09\/WhatsApp-Image-2018-09-13-at-18.02.24-1-150x150.jpeg\" class=\"attachment-thumbnail size-thumbnail\" alt=\"\" \/><\/a>\n\t\t\t\t<\/dt><\/dl>\n\t\t\t\t<br style='clear: both' \/>\n\t\t\t<\/div>\n\n<p><strong><a class=\"dt-pswp-item\" href=\"http:\/\/www.radiopiu.net\/wordpress\/wp-content\/uploads\/2018\/09\/40642307_542033579562755_6571204975383281664_n-1024x769-1.jpg\" data-dt-img-description=\"\" data-large_image_width=\"1024\" data-large_image_height=\"769\"><img loading=\"lazy\" decoding=\"async\" class=\"size-medium wp-image-60648 alignleft\" src=\"http:\/\/www.radiopiu.net\/wordpress\/wp-content\/uploads\/2018\/09\/40642307_542033579562755_6571204975383281664_n-1024x769-1-300x225.jpg\" alt=\"\" width=\"300\" height=\"225\" srcset=\"https:\/\/www.radiopiu.net\/wordpress\/wp-content\/uploads\/2018\/09\/40642307_542033579562755_6571204975383281664_n-1024x769-1-300x225.jpg 300w, https:\/\/www.radiopiu.net\/wordpress\/wp-content\/uploads\/2018\/09\/40642307_542033579562755_6571204975383281664_n-1024x769-1-768x577.jpg 768w, https:\/\/www.radiopiu.net\/wordpress\/wp-content\/uploads\/2018\/09\/40642307_542033579562755_6571204975383281664_n-1024x769-1.jpg 1024w\" sizes=\"auto, (max-width: 300px) 100vw, 300px\" \/><\/a>AGORDO\u00a0 &#8220;&#8230;ANDATO TUTTO BENE.. CIMA RAGGIUNTA&#8230; UNO SPETTACOLO\u00a0 \u00a0<\/strong><strong>SODDISFATTI E UN PO&#8217; STANCHI, ORGANIZZAZIONE PERFETTA&#8230; BELLISSIMA ESPERIENZA&#8221;<\/strong><\/p>\n<p>Con queste poche parole, la Presidente Anna Magro\u00a0 ha comunicato alla sezione agordina la conquista della vetta del Kibo da parte della spedizione della Sezione Agordina del CAI.<br \/>\nIl rientro \u00e8 previsto per il giorno 15 con partenza da Moschi alle ore 6.<\/p>\n<blockquote><p><em>&#8221; A nome di tutta la Sezione Agordina facciamo i complimenti per la positiva riuscita della spedizione, nell&#8217;attesa del loro rientro ad Agordo per poterlo fare di persona&#8221;.<\/em><\/p><\/blockquote>\n<h1><a class=\"dt-pswp-item\" href=\"http:\/\/www.radiopiu.net\/wordpress\/wp-content\/uploads\/2018\/07\/Davide-Conedera.jpg\" data-dt-img-description=\"\" data-large_image_width=\"1200\" data-large_image_height=\"1600\"><img loading=\"lazy\" decoding=\"async\" class=\"alignnone wp-image-53378\" src=\"http:\/\/www.radiopiu.net\/wordpress\/wp-content\/uploads\/2018\/07\/Davide-Conedera-225x300.jpg\" alt=\"\" width=\"150\" height=\"200\" srcset=\"https:\/\/www.radiopiu.net\/wordpress\/wp-content\/uploads\/2018\/07\/Davide-Conedera-225x300.jpg 225w, https:\/\/www.radiopiu.net\/wordpress\/wp-content\/uploads\/2018\/07\/Davide-Conedera-768x1024.jpg 768w, https:\/\/www.radiopiu.net\/wordpress\/wp-content\/uploads\/2018\/07\/Davide-Conedera.jpg 1200w\" sizes=\"auto, (max-width: 150px) 100vw, 150px\" \/><\/a>IL RACCONTO DI DAVIDE CONEDERA.. DEL GRUPPO<\/h1>\n<audio class=\"wp-audio-shortcode\" id=\"audio-60615-13\" preload=\"none\" style=\"width: 100%;\" controls=\"controls\"><source type=\"audio\/mpeg\" src=\"http:\/\/www.radiopiu.net\/wordpress\/wp-content\/uploads\/2018\/09\/DAVIDE-CONEDERA.mp3?_=13\" \/><a href=\"http:\/\/www.radiopiu.net\/wordpress\/wp-content\/uploads\/2018\/09\/DAVIDE-CONEDERA.mp3\">http:\/\/www.radiopiu.net\/wordpress\/wp-content\/uploads\/2018\/09\/DAVIDE-CONEDERA.mp3<\/a><\/audio>\n<p>&nbsp;<\/p>\n<p>&nbsp;<\/p>\n<p>&nbsp;<\/p>\n<p>&nbsp;<\/p>\n<h1>ULTIMI GIORNI PER PARTECIPARE\u00a0AL PREMIO \u201cBEPI ZANFRON\u201d PER GIORNALISTI E FOTO CINE OPERATORI<\/h1>\n<div>\n<p><strong>BELLUNO<\/strong> Ultimi giorni per partecipare alla prima edizione del premio giornalistico intitolato alla memoria di Giuseppe \u201cBepi\u201d Zanfon, organizzato da Assostampa Belluno e Sindacato Giornalisti del Veneto. Scadono infatti domani i termini per la presentazione delle candidature; due le sezioni previste dal concorso, per ognuna delle quali \u00e8 previsto un premio del valore di 500 euro: carta stampate e web, e televisione. I lavori, andati in onda o messi online tra il 1 gennaio e il 31 dicembre 2017, potranno essere inviati dagli stessi autori, dai direttori delle testate o dai capiredattori, insieme ad un breve curriculum professionale, all&#8217;indirizzo <span lang=\"zxx\"><u><a href=\"mailto:premiozanfron@sindacatogiornalistiveneto.it\">premiozanfron@sindacatogiornalistiveneto.it\u00a0<\/a><\/u><\/span><b>Il premio \u00e8 aperto a tutti i giornalisti e foto-cine operatori autori di servizi che si siano distinti nella comunicazione di fatti di cronaca legati al dissesto idrogeologico o eventi climatici, raccontandoli tramite le immagini.\u00a0<\/b>Importanti i patrocini di cui gode l&#8217;iniziativa, dalla Regione Veneto alla Provincia di Belluno, passando per il Comune di Longarone, l&#8217;Associazione Bellunesi nel Mondo e la Fondazione Vajont. La premiazione si svolger\u00e0 il prossimo 6 ottobre 2018, nella Sala Consiliare del Municipio di Longarone, all&#8217;interno delle manifestazioni per il 55. anniversario della tragedia del Vajont; solamente in quell&#8217;occasione saranno svelati i nomi dei vincitori.<\/p>\n<\/div>\n<p>&nbsp;<\/p>\n<p>&nbsp;<\/p>\n<p>&nbsp;<\/p>\n<p>&nbsp;<\/p>\n<p>&nbsp;<\/p>\n<p><a class=\"dt-pswp-item\" href=\"http:\/\/www.radiopiu.net\/wordpress\/wp-content\/uploads\/2015\/08\/PROSSIMI_APPUNTAMENTI.jpg\" data-dt-img-description=\"\" data-large_image_width=\"397\" data-large_image_height=\"123\"><img loading=\"lazy\" decoding=\"async\" class=\"wp-image-8642 size-full aligncenter\" src=\"http:\/\/www.radiopiu.net\/wordpress\/wp-content\/uploads\/2015\/08\/PROSSIMI_APPUNTAMENTI.jpg\" alt=\"\" width=\"397\" height=\"123\" \/><\/a><\/p>\n<p>&nbsp;<\/p>\n<h1><\/h1>\n<h1>IL NUOVO AFFRESCO DI DUNIO<\/h1>\n<p><strong><a class=\"dt-pswp-item\" href=\"http:\/\/www.radiopiu.net\/wordpress\/wp-content\/uploads\/2017\/04\/Dunio-da-Pongan2.jpg\" data-dt-img-description=\"\" data-large_image_width=\"3072\" data-large_image_height=\"2304\"><img loading=\"lazy\" decoding=\"async\" class=\"size-medium wp-image-31036 alignleft\" src=\"http:\/\/www.radiopiu.net\/wordpress\/wp-content\/uploads\/2017\/04\/Dunio-da-Pongan2-300x225.jpg\" alt=\"\" width=\"300\" height=\"225\" \/><\/a>FALCADE<\/strong> Domani\u00a0 alle\u00a0 16 all&#8217;inaugurazione dell&#8217;affresco di Dunio Piccolin a casa Cagnati nella frazione di Villotta (parcheggio consigliato presso la chiesa parrocchiale).\u00a0 Seguir\u00e0 rinfresco conviviale. Interverr\u00e0 lo storico Bepi Pellegrinon<\/p>\n<p>&nbsp;<\/p>\n<p>&nbsp;<\/p>\n<p>&nbsp;<\/p>\n<p>&nbsp;<\/p>\n<h1><\/h1>\n<blockquote>\n<h1><\/h1>\n<\/blockquote>\n<h1><\/h1>\n<blockquote>\n<h1><\/h1>\n<\/blockquote>\n<h1>FESTA A TISOI PER I 50 ANNI DELL&#8217;ORDINAZIONE A PARROCO DI DON GEMO<\/h1>\n<p><strong><a class=\"dt-pswp-item\" href=\"http:\/\/www.radiopiu.net\/wordpress\/wp-content\/uploads\/2018\/09\/WhatsApp-Image-2018-09-11-at-17.31.31.jpeg\" data-dt-img-description=\"\" data-large_image_width=\"585\" data-large_image_height=\"477\"><img loading=\"lazy\" decoding=\"async\" class=\" wp-image-60406 alignleft\" src=\"http:\/\/www.radiopiu.net\/wordpress\/wp-content\/uploads\/2018\/09\/WhatsApp-Image-2018-09-11-at-17.31.31-300x245.jpeg\" alt=\"\" width=\"202\" height=\"165\" srcset=\"https:\/\/www.radiopiu.net\/wordpress\/wp-content\/uploads\/2018\/09\/WhatsApp-Image-2018-09-11-at-17.31.31-300x245.jpeg 300w, https:\/\/www.radiopiu.net\/wordpress\/wp-content\/uploads\/2018\/09\/WhatsApp-Image-2018-09-11-at-17.31.31.jpeg 585w\" sizes=\"auto, (max-width: 202px) 100vw, 202px\" \/><\/a><\/strong><\/p>\n<p>&nbsp;<\/p>\n<p>&nbsp;<\/p>\n<p><strong>di Roberto Bona\u00a0<\/strong><\/p>\n<p><strong>TISOI <\/strong>Stasera\u00a0festa con lo spettacolo teatrale, messa di ringraziamento con il vescovo e un momento di riconoscimento per il parroco originario di Cibiana di Cadore.<\/p>\n<p>&nbsp;<\/p>\n<audio class=\"wp-audio-shortcode\" id=\"audio-60615-14\" preload=\"none\" style=\"width: 100%;\" controls=\"controls\"><source type=\"audio\/mpeg\" src=\"http:\/\/www.radiopiu.net\/wordpress\/wp-content\/uploads\/2018\/09\/ROBERTO-QUESTA-SERA.mp3?_=14\" \/><a href=\"http:\/\/www.radiopiu.net\/wordpress\/wp-content\/uploads\/2018\/09\/ROBERTO-QUESTA-SERA.mp3\">http:\/\/www.radiopiu.net\/wordpress\/wp-content\/uploads\/2018\/09\/ROBERTO-QUESTA-SERA.mp3<\/a><\/audio>\n<p>&nbsp;<\/p>\n<p>&nbsp;<\/p>\n<p>&nbsp;<\/p>\n<h1>GRANDE GUERRA, CONVEGNO IN VAL BIOIS<\/h1>\n<p><strong><a class=\"dt-pswp-item\" href=\"http:\/\/www.radiopiu.net\/wordpress\/wp-content\/uploads\/2018\/09\/convegno-cedos.jpg\" data-dt-img-description=\"\" data-large_image_width=\"3645\" data-large_image_height=\"5148\"><img loading=\"lazy\" decoding=\"async\" class=\"size-medium wp-image-60543 alignleft\" src=\"http:\/\/www.radiopiu.net\/wordpress\/wp-content\/uploads\/2018\/09\/convegno-cedos-212x300.jpg\" alt=\"\" width=\"212\" height=\"300\" srcset=\"https:\/\/www.radiopiu.net\/wordpress\/wp-content\/uploads\/2018\/09\/convegno-cedos-212x300.jpg 212w, https:\/\/www.radiopiu.net\/wordpress\/wp-content\/uploads\/2018\/09\/convegno-cedos-768x1085.jpg 768w, https:\/\/www.radiopiu.net\/wordpress\/wp-content\/uploads\/2018\/09\/convegno-cedos-725x1024.jpg 725w\" sizes=\"auto, (max-width: 212px) 100vw, 212px\" \/><\/a>FALCADE\u00a0<\/strong> Dopo cinque anni ed una settantina di eventi organizzati in Valle del Biois il Comitato Grande Guerra \u00e8 orgoglioso di ospitare DOMANI ALLE 15 a Caviola, presso la casa della giovent\u00f9, un importante convegno con otto relatori che illustreranno i molteplici aspetti della Grande Guerra in montagna. Sar\u00e0 questo l\u2019evento finale degli incontri estivi che, dal 2014 ad oggi, hanno voluto essere\u00a0&#8220;Memoria&#8221; del conflitto che devast\u00f2 l&#8217;Europa. Il Comitato Grande Guerra Val Biois ha promosso ed organizzato numerose conferenze, incontri, mostre, concerti e manifestazioni allo scopo non di celebrare, ma di ricordare.\u00a0 Particolarit\u00e0 dell\u2019iniziativa \u00e8 stata la sinergia con le Valli vicine, accomunate per essere state anch\u2019esse teatro di guerra. Ogni anno sono state raccolti in un libretto illustrativo i vari eventi della Val del Bi\u00f3is, Val Cordevole, Fodom e Val di Fassa. Il simposio \u00e8 organizzato dal Comitato Grande Guerra Val Bi\u00f3is in collaborazione con il CEDOS, Centro di documentazione storica sulla Grande Guerra, il cui presidente \u00e8 Sergio Tazzer, scrittore amico dell\u2019Agordino a cui ha dedicato diversi libri oltre ad aver pubblicato numerosi approfondimenti sulla Grande Guerra a Nord est. L&#8217;incontro del 15 settembre raggrupper\u00e0 esperti e appassionati locali e storici del Cedos e prender\u00e0 in esame sia gli aspetti e le vicende prettamente belliche sia le conseguenze indotte dalla tragicit\u00e0 dell&#8217;immane conflitto, riferiti in special modo alla guerra sul fronte italiano dolomitico. Moderatore del convegno sar\u00e0 Luca Luchetta, come relatori saranno presenti Sergio Tazzer Presidente Cedos, Livio Vanzetto, Orazio Andrich, Giorgio Tosato, Bepi Magrin, Franco Murer,\u00a0\u00a0Simone Menegaldo e Claudio Antonio Luchetta, che esporranno sinteticamente aspetti diversi e contraddittori di fatti vissuti cento anni fa dalle nostre genti con particolare riferimento alle Venezie occupate.<\/p>\n<p>&nbsp;<\/p>\n<p>&nbsp;<\/p>\n<p>&nbsp;<\/p>\n<h1>RICORDI DA PONTE NELLE ALPI<\/h1>\n<p>CLICCA PER INGRANDIRE<\/p>\n\n\t\t\t<style type='text\/css'>\n\t\t\t\t#gallery-2 {\n\t\t\t\t\tmargin: auto;\n\t\t\t\t}\n\t\t\t\t#gallery-2 .gallery-item {\n\t\t\t\t\tfloat: left;\n\t\t\t\t\tmargin-top: 10px;\n\t\t\t\t\ttext-align: center;\n\t\t\t\t\twidth: 33%;\n\t\t\t\t}\n\t\t\t\t#gallery-2 img {\n\t\t\t\t\tborder: 2px solid #cfcfcf;\n\t\t\t\t}\n\t\t\t\t#gallery-2 .gallery-caption {\n\t\t\t\t\tmargin-left: 0;\n\t\t\t\t}\n\t\t\t\t\/* see gallery_shortcode() in wp-includes\/media.php *\/\n\t\t\t<\/style>\n\t\t<div id='gallery-2' class='dt-gallery-container gallery galleryid-60615 gallery-columns-3 gallery-size-thumbnail'><dl class='gallery-item'>\n\t\t\t\t<dt class='gallery-icon portrait'>\n\t\t\t\t\t<a class=\"rollover\" href='https:\/\/www.radiopiu.net\/wordpress\/?attachment_id=60270'><img loading=\"lazy\" decoding=\"async\" width=\"150\" height=\"150\" src=\"https:\/\/www.radiopiu.net\/wordpress\/wp-content\/uploads\/2018\/09\/40895903_670351706683477_8591120960751403008_n-150x150.jpg\" class=\"attachment-thumbnail size-thumbnail\" alt=\"\" \/><\/a>\n\t\t\t\t<\/dt><\/dl>\n\t\t\t\t<br style='clear: both' \/>\n\t\t\t<\/div>\n\n<p><strong>RONCAN E CORNOLADE<\/strong> Il Circolo Il Burcio organizza le serate al Burcio per vivere meglio il territorio.\u00a0 Questa sera alle 20.30 Una storia di eventi: le Universiadi del 1985. Alle 20.30 apertura serata con Nicola Balcon presidente della frazione di Roncan e Cornolade, alle 20.40 relazione di Giovanni Viel &#8220;Il nostro territorio, una storia di eventi&#8221;. Ingresso Libero.<\/p>\n<p>&nbsp;<\/p>\n<p>&nbsp;<\/p>\n<p>&nbsp;<\/p>\n<p>&nbsp;<\/p>\n<h1>A FORCELLA CAMP<\/h1>\n<p>clicca per ingrandire le foto<\/p>\n\n\t\t\t<style type='text\/css'>\n\t\t\t\t#gallery-3 {\n\t\t\t\t\tmargin: auto;\n\t\t\t\t}\n\t\t\t\t#gallery-3 .gallery-item {\n\t\t\t\t\tfloat: left;\n\t\t\t\t\tmargin-top: 10px;\n\t\t\t\t\ttext-align: center;\n\t\t\t\t\twidth: 33%;\n\t\t\t\t}\n\t\t\t\t#gallery-3 img {\n\t\t\t\t\tborder: 2px solid #cfcfcf;\n\t\t\t\t}\n\t\t\t\t#gallery-3 .gallery-caption {\n\t\t\t\t\tmargin-left: 0;\n\t\t\t\t}\n\t\t\t\t\/* see gallery_shortcode() in wp-includes\/media.php *\/\n\t\t\t<\/style>\n\t\t<div id='gallery-3' class='dt-gallery-container gallery galleryid-60615 gallery-columns-3 gallery-size-thumbnail'><dl class='gallery-item'>\n\t\t\t\t<dt class='gallery-icon landscape'>\n\t\t\t\t\t<a class=\"rollover\" href='https:\/\/www.radiopiu.net\/wordpress\/giornale-radiopiu-12-settembre-2018-direttore-mirko-mezzacasa\/attachment\/1998\/'><img loading=\"lazy\" decoding=\"async\" width=\"150\" height=\"150\" src=\"https:\/\/www.radiopiu.net\/wordpress\/wp-content\/uploads\/2018\/09\/1998-150x150.jpg\" class=\"attachment-thumbnail size-thumbnail\" alt=\"\" aria-describedby=\"gallery-3-60396\" \/><\/a>\n\t\t\t\t<\/dt>\n\t\t\t\t\t<dd class='wp-caption-text gallery-caption' id='gallery-3-60396'>\n\t\t\t\t\t1998\n\t\t\t\t\t<\/dd><\/dl><dl class='gallery-item'>\n\t\t\t\t<dt class='gallery-icon landscape'>\n\t\t\t\t\t<a class=\"rollover\" href='https:\/\/www.radiopiu.net\/wordpress\/giornale-radiopiu-12-settembre-2018-direttore-mirko-mezzacasa\/2017-2\/'><img loading=\"lazy\" decoding=\"async\" width=\"150\" height=\"150\" src=\"https:\/\/www.radiopiu.net\/wordpress\/wp-content\/uploads\/2018\/09\/2017-150x150.jpg\" class=\"attachment-thumbnail size-thumbnail\" alt=\"\" aria-describedby=\"gallery-3-60397\" \/><\/a>\n\t\t\t\t<\/dt>\n\t\t\t\t\t<dd class='wp-caption-text gallery-caption' id='gallery-3-60397'>\n\t\t\t\t\t2017\n\t\t\t\t\t<\/dd><\/dl>\n\t\t\t\t<br style='clear: both' \/>\n\t\t\t<\/div>\n\n<p><strong>AGORDO <\/strong>Domani\u00a0alle 10.30 a Forcella Camp (dopo malga Framont dove si arriva in auto) 20esimo anniversario della posa del capitello. Messa celebrata dal vescovo Renato Marangoni, in caso di maltempo la cerimonia \u00e8 rinviata al sabato successivo. E&#8217; una tradizione che si ripete dal 1998, come testimoniano le due foto: del 1998 prima edizione e dello scorso anno.<\/p>\n<p>&nbsp;<\/p>\n<p>&nbsp;<\/p>\n<p>&nbsp;<\/p>\n<h1>INSEGNANTI DI RELIGIONE, INCONTRO AL CENTRO PARROCCHIALE<\/h1>\n<p><strong><a class=\"dt-pswp-item\" href=\"http:\/\/www.radiopiu.net\/wordpress\/wp-content\/uploads\/2018\/09\/download-5.jpg\" data-dt-img-description=\"\" data-large_image_width=\"285\" data-large_image_height=\"177\"><img loading=\"lazy\" decoding=\"async\" class=\"size-full wp-image-60670 alignleft\" src=\"http:\/\/www.radiopiu.net\/wordpress\/wp-content\/uploads\/2018\/09\/download-5.jpg\" alt=\"\" width=\"285\" height=\"177\" \/><\/a>AGORDO<\/strong> Domani alle 20.30 al centro parrocchiale di Agordo Don Vincenzo Savio sar\u00e0 presentato l&#8217;Istituto Superiore di scienze religiose di Belluno che forma\u00a0\u00a0i futuri insegnanti di religione, utile quindi per i giovani, ma anche agli adulti che vogliono approfondire la propria fede e cultura.<\/p>\n<p><strong>AI MICROFONI DI RADIO PIU, MARILENA SOPPELSA<\/strong><\/p>\n<audio class=\"wp-audio-shortcode\" id=\"audio-60615-15\" preload=\"none\" style=\"width: 100%;\" controls=\"controls\"><source type=\"audio\/mpeg\" src=\"http:\/\/www.radiopiu.net\/wordpress\/wp-content\/uploads\/2018\/09\/MARILENA.mp3?_=15\" \/><a href=\"http:\/\/www.radiopiu.net\/wordpress\/wp-content\/uploads\/2018\/09\/MARILENA.mp3\">http:\/\/www.radiopiu.net\/wordpress\/wp-content\/uploads\/2018\/09\/MARILENA.mp3<\/a><\/audio>\n<p>&nbsp;<\/p>\n<p>&nbsp;<\/p>\n<p>&nbsp;<\/p>\n<h2>TEMPO DI RODODENDRI, DOMENICA ALLE 17.30 A SAN SIMON DI VALLADA<\/h2>\n<p>clicca per ingrandire<\/p>\n\n\t\t\t<style type='text\/css'>\n\t\t\t\t#gallery-4 {\n\t\t\t\t\tmargin: auto;\n\t\t\t\t}\n\t\t\t\t#gallery-4 .gallery-item {\n\t\t\t\t\tfloat: left;\n\t\t\t\t\tmargin-top: 10px;\n\t\t\t\t\ttext-align: center;\n\t\t\t\t\twidth: 33%;\n\t\t\t\t}\n\t\t\t\t#gallery-4 img {\n\t\t\t\t\tborder: 2px solid #cfcfcf;\n\t\t\t\t}\n\t\t\t\t#gallery-4 .gallery-caption {\n\t\t\t\t\tmargin-left: 0;\n\t\t\t\t}\n\t\t\t\t\/* see gallery_shortcode() in wp-includes\/media.php *\/\n\t\t\t<\/style>\n\t\t<div id='gallery-4' class='dt-gallery-container gallery galleryid-60615 gallery-columns-3 gallery-size-thumbnail'><dl class='gallery-item'>\n\t\t\t\t<dt class='gallery-icon portrait'>\n\t\t\t\t\t<a class=\"rollover\" href='https:\/\/www.radiopiu.net\/wordpress\/giornale-radiopiu-13-settembre-2018-direttore-mirko-mezzacasa\/ultimo-vincenco\/'><img loading=\"lazy\" decoding=\"async\" width=\"150\" height=\"150\" src=\"https:\/\/www.radiopiu.net\/wordpress\/wp-content\/uploads\/2018\/09\/ultimo-vincenco-150x150.jpeg\" class=\"attachment-thumbnail size-thumbnail\" alt=\"\" \/><\/a>\n\t\t\t\t<\/dt><\/dl>\n\t\t\t\t<br style='clear: both' \/>\n\t\t\t<\/div>\n\n<p><strong>VALLADA Domenica alle 17.30\u00a0 a San Simon di Vallada lo scrittore Vincenzo Agostini presenta il monologo in musica di una storia del 2492. Accompagnamento al violino di Svetlana Pletneva. Dalle10 alle 12 e dalle 15 alle 17 visita guidata dalla chiesa di San Simon\u00a0<\/strong><\/p>\n<p><span style=\"color: #ff0000;\">Vincenzo Agostini<\/span><\/p>\n<audio class=\"wp-audio-shortcode\" id=\"audio-60615-16\" preload=\"none\" style=\"width: 100%;\" controls=\"controls\"><source type=\"audio\/mpeg\" src=\"http:\/\/www.radiopiu.net\/wordpress\/wp-content\/uploads\/2018\/09\/VINC.mp3?_=16\" \/><a href=\"http:\/\/www.radiopiu.net\/wordpress\/wp-content\/uploads\/2018\/09\/VINC.mp3\">http:\/\/www.radiopiu.net\/wordpress\/wp-content\/uploads\/2018\/09\/VINC.mp3<\/a><\/audio>\n<p>&nbsp;<\/p>\n<p>&nbsp;<\/p>\n<p>&nbsp;<\/p>\n<p>&nbsp;<\/p>\n<h1>ALPINI SULLA FORCELLA<\/h1>\n<p style=\"text-align: left;\"><a class=\"dt-pswp-item\" href=\"http:\/\/www.radiopiu.net\/wordpress\/wp-content\/uploads\/2018\/09\/WhatsApp-Image-2018-09-12-at-16.19.08-1.jpeg\" data-dt-img-description=\"\" data-large_image_width=\"797\" data-large_image_height=\"1464\"><img loading=\"lazy\" decoding=\"async\" class=\"size-medium wp-image-60566 alignleft\" src=\"http:\/\/www.radiopiu.net\/wordpress\/wp-content\/uploads\/2018\/09\/WhatsApp-Image-2018-09-12-at-16.19.08-1-163x300.jpeg\" alt=\"\" width=\"163\" height=\"300\" srcset=\"https:\/\/www.radiopiu.net\/wordpress\/wp-content\/uploads\/2018\/09\/WhatsApp-Image-2018-09-12-at-16.19.08-1-163x300.jpeg 163w, https:\/\/www.radiopiu.net\/wordpress\/wp-content\/uploads\/2018\/09\/WhatsApp-Image-2018-09-12-at-16.19.08-1-768x1411.jpeg 768w, https:\/\/www.radiopiu.net\/wordpress\/wp-content\/uploads\/2018\/09\/WhatsApp-Image-2018-09-12-at-16.19.08-1-557x1024.jpeg 557w, https:\/\/www.radiopiu.net\/wordpress\/wp-content\/uploads\/2018\/09\/WhatsApp-Image-2018-09-12-at-16.19.08-1.jpeg 797w\" sizes=\"auto, (max-width: 163px) 100vw, 163px\" \/>\u00a0<\/a><\/p>\n<p style=\"text-align: left;\"><strong>SAN TOMASO<\/strong> Il gruppo alpini di San Tomaso unitamente alle penne nere in congedo di Vallada ha organizzato per domenica il terzo raduno alla Forcella. Programma: 10.30 ritrovo, 11 messa ed a seguire il rancio alpino<\/p>\n<p>&nbsp;<\/p>\n<p>&nbsp;<\/p>\n<p>&nbsp;<\/p>\n<p>&nbsp;<\/p>\n<h1><\/h1>\n<h1><\/h1>\n<h1><\/h1>\n<h1><\/h1>\n<p>&nbsp;<\/p>\n<h1>VALLAZZA VIVA<\/h1>\n<p><strong>FELTRE<\/strong>\u00a0 Domani e domenica due giorni alla scoperta della cima piu&#8217; occidentale del Parco con\u00a0\u00a0&#8220;Vallazza Viva: alla scoperta della cima piu&#8217; occidentale del Parco&#8221;. Il primo appuntamento e&#8217; un laboratorio di lettura del paesaggio, alle ore 14.30 di sabato 15 settembre. Domenica 16 settembre e&#8217; in programma un&#8217;escursione guidata alla scoperta della Vallazza, con partenza alle 9.30 dal ristorante All&#8217;Antica Torre. Iscrizione obbligatoria telefonando al numero: 0439.1995149.\u00a0 Completa il programma della due giorni &#8220;Vallazza Vertical\u201d: gara podistica, giunta alla terza edizione, di 4 km, con un dislivello di 1.000 metri. La partenza e&#8217; fissata alle 10.30.<\/p>\n<p>&nbsp;<\/p>\n<p>&nbsp;<\/p>\n<p>&nbsp;<\/p>\n<p>&nbsp;<\/p>\n<h1>DOMENICA LA PASSEGGIATA SOLIDALE NEL RICORDO DI SONIA<\/h1>\n<p><span style=\"color: #ff0000;\">CLICCA PER INGRANDIRE E LEGGERE LE INFO<\/span><\/p>\n\n\t\t\t<style type='text\/css'>\n\t\t\t\t#gallery-5 {\n\t\t\t\t\tmargin: auto;\n\t\t\t\t}\n\t\t\t\t#gallery-5 .gallery-item {\n\t\t\t\t\tfloat: left;\n\t\t\t\t\tmargin-top: 10px;\n\t\t\t\t\ttext-align: center;\n\t\t\t\t\twidth: 33%;\n\t\t\t\t}\n\t\t\t\t#gallery-5 img {\n\t\t\t\t\tborder: 2px solid #cfcfcf;\n\t\t\t\t}\n\t\t\t\t#gallery-5 .gallery-caption {\n\t\t\t\t\tmargin-left: 0;\n\t\t\t\t}\n\t\t\t\t\/* see gallery_shortcode() in wp-includes\/media.php *\/\n\t\t\t<\/style>\n\t\t<div id='gallery-5' class='dt-gallery-container gallery galleryid-60615 gallery-columns-3 gallery-size-thumbnail'><dl class='gallery-item'>\n\t\t\t\t<dt class='gallery-icon landscape'>\n\t\t\t\t\t<a class=\"rollover\" href='https:\/\/www.radiopiu.net\/wordpress\/giornale-radiopiu-11-settembre-2018-direttore-mirko-mezzacasa\/img_20180712_154126\/'><img loading=\"lazy\" decoding=\"async\" width=\"150\" height=\"150\" src=\"https:\/\/www.radiopiu.net\/wordpress\/wp-content\/uploads\/2018\/09\/IMG_20180712_154126-150x150.png\" class=\"attachment-thumbnail size-thumbnail\" alt=\"\" srcset=\"https:\/\/www.radiopiu.net\/wordpress\/wp-content\/uploads\/2018\/09\/IMG_20180712_154126-150x150.png 150w, https:\/\/www.radiopiu.net\/wordpress\/wp-content\/uploads\/2018\/09\/IMG_20180712_154126-300x300.png 300w, https:\/\/www.radiopiu.net\/wordpress\/wp-content\/uploads\/2018\/09\/IMG_20180712_154126-768x764.png 768w, https:\/\/www.radiopiu.net\/wordpress\/wp-content\/uploads\/2018\/09\/IMG_20180712_154126-1024x1019.png 1024w, https:\/\/www.radiopiu.net\/wordpress\/wp-content\/uploads\/2018\/09\/IMG_20180712_154126.png 1032w\" sizes=\"auto, (max-width: 150px) 100vw, 150px\" \/><\/a>\n\t\t\t\t<\/dt><\/dl><dl class='gallery-item'>\n\t\t\t\t<dt class='gallery-icon landscape'>\n\t\t\t\t\t<a class=\"rollover\" href='https:\/\/www.radiopiu.net\/wordpress\/giornale-radiopiu-11-settembre-2018-direttore-mirko-mezzacasa\/img-20180711-wa0007\/'><img loading=\"lazy\" decoding=\"async\" width=\"150\" height=\"150\" src=\"https:\/\/www.radiopiu.net\/wordpress\/wp-content\/uploads\/2018\/09\/IMG-20180711-WA0007-150x150.jpg\" class=\"attachment-thumbnail size-thumbnail\" alt=\"\" srcset=\"https:\/\/www.radiopiu.net\/wordpress\/wp-content\/uploads\/2018\/09\/IMG-20180711-WA0007-150x150.jpg 150w, https:\/\/www.radiopiu.net\/wordpress\/wp-content\/uploads\/2018\/09\/IMG-20180711-WA0007-300x300.jpg 300w, https:\/\/www.radiopiu.net\/wordpress\/wp-content\/uploads\/2018\/09\/IMG-20180711-WA0007.jpg 591w\" sizes=\"auto, (max-width: 150px) 100vw, 150px\" \/><\/a>\n\t\t\t\t<\/dt><\/dl>\n\t\t\t\t<br style='clear: both' \/>\n\t\t\t<\/div>\n\n<p><a class=\"dt-pswp-item\" href=\"http:\/\/www.radiopiu.net\/wordpress\/wp-content\/uploads\/2018\/09\/WhatsApp-Image-2018-09-10-at-20.40.42.jpeg\" data-dt-img-description=\"\" data-large_image_width=\"800\" data-large_image_height=\"1600\"><img loading=\"lazy\" decoding=\"async\" class=\"size-medium wp-image-60295 alignleft\" src=\"http:\/\/www.radiopiu.net\/wordpress\/wp-content\/uploads\/2018\/09\/WhatsApp-Image-2018-09-10-at-20.40.42-150x300.jpeg\" alt=\"\" width=\"150\" height=\"300\" srcset=\"https:\/\/www.radiopiu.net\/wordpress\/wp-content\/uploads\/2018\/09\/WhatsApp-Image-2018-09-10-at-20.40.42-150x300.jpeg 150w, https:\/\/www.radiopiu.net\/wordpress\/wp-content\/uploads\/2018\/09\/WhatsApp-Image-2018-09-10-at-20.40.42-768x1536.jpeg 768w, https:\/\/www.radiopiu.net\/wordpress\/wp-content\/uploads\/2018\/09\/WhatsApp-Image-2018-09-10-at-20.40.42-512x1024.jpeg 512w, https:\/\/www.radiopiu.net\/wordpress\/wp-content\/uploads\/2018\/09\/WhatsApp-Image-2018-09-10-at-20.40.42.jpeg 800w\" sizes=\"auto, (max-width: 150px) 100vw, 150px\" \/><\/a><\/p>\n<p>&nbsp;<\/p>\n<p>&nbsp;<\/p>\n<p>&nbsp;<\/p>\n<p><strong>TRICHIANA<\/strong> Il cuore tra le mani \u00e8 un evento di Aisla belluno che nasce nel 2013 da un idea di Luana Gorza.\u00a0 Nei primi anni\u00a0 si \u00e8 svolto\u00a0a Feltre in collaborazione con l&#8217;Associazione Mano Amica, ma dall&#8217;anno 2017 nasce la collaborazione con i ragazzi di &#8220;Dona 1 sorriso&#8221; e cos\u00ec ecco &#8220;Dona 1 sorriso con il cuore tra le mani&#8221;. Quest&#8217;anno vista la prematura scomparsa di Sonia Menel, socia di Aisla, \u00e8\u00a0 stato deciso di dedicarle e associare questa camminata a lei. Tutto il ricavato verr\u00e0 devoluto alle due associazioni Aisla Belluno e Dona 1 sorriso. In programma anche un concerto al Teatro Comunale con Eugenio Finardi. APPUNTAMENTO PER DOMENICA IN PIAZZA MERLIN A TRICHIANA<\/p>\n<p><strong>AI MICROFONI DI RADIO PIU&#8217; IL REFERENTE PROVINCIALE AISLA LUCIANO TULIMIERO<\/strong><\/p>\n<audio class=\"wp-audio-shortcode\" id=\"audio-60615-17\" preload=\"none\" style=\"width: 100%;\" controls=\"controls\"><source type=\"audio\/mpeg\" src=\"http:\/\/www.radiopiu.net\/wordpress\/wp-content\/uploads\/2018\/09\/LUCIANO.mp3?_=17\" \/><a href=\"http:\/\/www.radiopiu.net\/wordpress\/wp-content\/uploads\/2018\/09\/LUCIANO.mp3\">http:\/\/www.radiopiu.net\/wordpress\/wp-content\/uploads\/2018\/09\/LUCIANO.mp3<\/a><\/audio>\n<p>&nbsp;<\/p>\n<p>&nbsp;<\/p>\n<p>&nbsp;<\/p>\n<h1>CON I POMPIERI DI&#8230;AGORDO A TAIBON<\/h1>\n<p>AUDIO INVITO<\/p>\n<audio class=\"wp-audio-shortcode\" id=\"audio-60615-18\" preload=\"none\" style=\"width: 100%;\" controls=\"controls\"><source type=\"audio\/mpeg\" src=\"http:\/\/www.radiopiu.net\/wordpress\/wp-content\/uploads\/2018\/09\/BENINO.mp3?_=18\" \/><a href=\"http:\/\/www.radiopiu.net\/wordpress\/wp-content\/uploads\/2018\/09\/BENINO.mp3\">http:\/\/www.radiopiu.net\/wordpress\/wp-content\/uploads\/2018\/09\/BENINO.mp3<\/a><\/audio>\n<p><strong><a class=\"dt-pswp-item\" href=\"http:\/\/www.radiopiu.net\/wordpress\/wp-content\/uploads\/2017\/03\/vigili-fuoco-VF795.jpg\" data-dt-img-description=\"\" data-large_image_width=\"900\" data-large_image_height=\"600\"><img loading=\"lazy\" decoding=\"async\" class=\" wp-image-30027 alignleft\" src=\"http:\/\/www.radiopiu.net\/wordpress\/wp-content\/uploads\/2017\/03\/vigili-fuoco-VF795-300x200.jpg\" alt=\"\" width=\"192\" height=\"128\" \/><\/a>TAIBON<\/strong> Domenica giorno di festa in via Brustolon per l&#8217;anniversario di apertura del museo dei pompieri. Alle 9.30 apertura museo, 10 celebrazione della messa nella chiesa di San Cipriano, alle 11 ritrovo al museo e saluto agli ospiti, 11.30 rinfresco. E&#8217; un invito del coordinatore dei vigili del fuoco volontari Claudio Tancon e del presidente dell&#8217;associazione Marco Vigilante.<\/p>\n<p>&nbsp;<\/p>\n<p>&nbsp;<\/p>\n<p>&nbsp;<\/p>\n<p>&nbsp;<\/p>\n<h1>INIZIATIVA CSI BELLUNO<\/h1>\n<p>ll 22 settembre, &#8220;Cuore testa mani. Il valore educativo dell&#8217;esperienza&#8221;, iniziativa proposta da diverse realt\u00e0 bellunesi che operano nel campo dell&#8217;educazione. Segnaliamo, tra i relatori, la presenza di Sara Simeoni.<\/p>\n<p><strong>clicca per ingrandire<\/strong><\/p>\n\n\t\t\t<style type='text\/css'>\n\t\t\t\t#gallery-6 {\n\t\t\t\t\tmargin: auto;\n\t\t\t\t}\n\t\t\t\t#gallery-6 .gallery-item {\n\t\t\t\t\tfloat: left;\n\t\t\t\t\tmargin-top: 10px;\n\t\t\t\t\ttext-align: center;\n\t\t\t\t\twidth: 33%;\n\t\t\t\t}\n\t\t\t\t#gallery-6 img {\n\t\t\t\t\tborder: 2px solid #cfcfcf;\n\t\t\t\t}\n\t\t\t\t#gallery-6 .gallery-caption {\n\t\t\t\t\tmargin-left: 0;\n\t\t\t\t}\n\t\t\t\t\/* see gallery_shortcode() in wp-includes\/media.php *\/\n\t\t\t<\/style>\n\t\t<div id='gallery-6' class='dt-gallery-container gallery galleryid-60615 gallery-columns-3 gallery-size-thumbnail'><dl class='gallery-item'>\n\t\t\t\t<dt class='gallery-icon portrait'>\n\t\t\t\t\t<a class=\"rollover\" href='https:\/\/www.radiopiu.net\/wordpress\/60615-2\/cuore_test_mani_giallo\/'><img loading=\"lazy\" decoding=\"async\" width=\"150\" height=\"150\" src=\"https:\/\/www.radiopiu.net\/wordpress\/wp-content\/uploads\/2018\/09\/CUORE_TEST_MANI_GIALLO-150x150.jpeg\" class=\"attachment-thumbnail size-thumbnail\" alt=\"\" \/><\/a>\n\t\t\t\t<\/dt><\/dl>\n\t\t\t\t<br style='clear: both' \/>\n\t\t\t<\/div>\n\n<p>&nbsp;<\/p>\n<p>&nbsp;<\/p>\n<p>&nbsp;<\/p>\n<h1 style=\"text-align: center;\">SPORT<\/h1>\n<p>CLICCA PER INGRANDIRE<\/p>\n\n\t\t\t<style type='text\/css'>\n\t\t\t\t#gallery-7 {\n\t\t\t\t\tmargin: auto;\n\t\t\t\t}\n\t\t\t\t#gallery-7 .gallery-item {\n\t\t\t\t\tfloat: left;\n\t\t\t\t\tmargin-top: 10px;\n\t\t\t\t\ttext-align: center;\n\t\t\t\t\twidth: 33%;\n\t\t\t\t}\n\t\t\t\t#gallery-7 img {\n\t\t\t\t\tborder: 2px solid #cfcfcf;\n\t\t\t\t}\n\t\t\t\t#gallery-7 .gallery-caption {\n\t\t\t\t\tmargin-left: 0;\n\t\t\t\t}\n\t\t\t\t\/* see gallery_shortcode() in wp-includes\/media.php *\/\n\t\t\t<\/style>\n\t\t<div id='gallery-7' class='dt-gallery-container gallery galleryid-60615 gallery-columns-3 gallery-size-thumbnail'><dl class='gallery-item'>\n\t\t\t\t<dt class='gallery-icon portrait'>\n\t\t\t\t\t<a class=\"rollover\" href='https:\/\/www.radiopiu.net\/wordpress\/60615-2\/40815578_1697719810339102_335740922127974400_n\/'><img loading=\"lazy\" decoding=\"async\" width=\"150\" height=\"150\" src=\"https:\/\/www.radiopiu.net\/wordpress\/wp-content\/uploads\/2018\/09\/40815578_1697719810339102_335740922127974400_n-150x150.jpg\" class=\"attachment-thumbnail size-thumbnail\" alt=\"\" \/><\/a>\n\t\t\t\t<\/dt><\/dl>\n\t\t\t\t<br style='clear: both' \/>\n\t\t\t<\/div>\n\n<p><strong>MOTORI<\/strong> La Dolomiti Racing Motor Sport scalda i motori, in cantiere le tappe di avvicinamento alla quarta Dolomiti Rally. Evento di interesse domenica 23 settembre in localit\u00e0 Valcozzena&#8230;\u00e8 party<\/p>\n<p><strong>di ROBERTO BONA<\/strong><\/p>\n<audio class=\"wp-audio-shortcode\" id=\"audio-60615-19\" preload=\"none\" style=\"width: 100%;\" controls=\"controls\"><source type=\"audio\/mpeg\" src=\"http:\/\/www.radiopiu.net\/wordpress\/wp-content\/uploads\/2018\/09\/ROBERTO-AUTO.mp3?_=19\" \/><a href=\"http:\/\/www.radiopiu.net\/wordpress\/wp-content\/uploads\/2018\/09\/ROBERTO-AUTO.mp3\">http:\/\/www.radiopiu.net\/wordpress\/wp-content\/uploads\/2018\/09\/ROBERTO-AUTO.mp3<\/a><\/audio>\n<p>&nbsp;<\/p>\n<p>&nbsp;<\/p>\n<p>&nbsp;<\/p>\n<p>&nbsp;<\/p>\n<p>&nbsp;<\/p>\n<h1>DA DOMANI AL VIA LE ISCRIZIONI ALLA DOLOMITI EXTREME TRAIL 2019<\/h1>\n<p><strong><a class=\"dt-pswp-item\" href=\"http:\/\/www.radiopiu.net\/wordpress\/wp-content\/uploads\/2018\/09\/dxt-2018-Jimmi-Pellegrini-3.-classificato-sul-Monte-Rite.-Sullo-sfondo-il-monte-Pelmo-CREDITO-ANDREA-SAGUI.jpg\" data-dt-img-description=\"\" data-large_image_width=\"1200\" data-large_image_height=\"801\"><img loading=\"lazy\" decoding=\"async\" class=\"size-medium wp-image-60641 alignleft\" src=\"http:\/\/www.radiopiu.net\/wordpress\/wp-content\/uploads\/2018\/09\/dxt-2018-Jimmi-Pellegrini-3.-classificato-sul-Monte-Rite.-Sullo-sfondo-il-monte-Pelmo-CREDITO-ANDREA-SAGUI-300x200.jpg\" alt=\"\" width=\"300\" height=\"200\" srcset=\"https:\/\/www.radiopiu.net\/wordpress\/wp-content\/uploads\/2018\/09\/dxt-2018-Jimmi-Pellegrini-3.-classificato-sul-Monte-Rite.-Sullo-sfondo-il-monte-Pelmo-CREDITO-ANDREA-SAGUI-300x200.jpg 300w, https:\/\/www.radiopiu.net\/wordpress\/wp-content\/uploads\/2018\/09\/dxt-2018-Jimmi-Pellegrini-3.-classificato-sul-Monte-Rite.-Sullo-sfondo-il-monte-Pelmo-CREDITO-ANDREA-SAGUI-768x513.jpg 768w, https:\/\/www.radiopiu.net\/wordpress\/wp-content\/uploads\/2018\/09\/dxt-2018-Jimmi-Pellegrini-3.-classificato-sul-Monte-Rite.-Sullo-sfondo-il-monte-Pelmo-CREDITO-ANDREA-SAGUI-1024x684.jpg 1024w, https:\/\/www.radiopiu.net\/wordpress\/wp-content\/uploads\/2018\/09\/dxt-2018-Jimmi-Pellegrini-3.-classificato-sul-Monte-Rite.-Sullo-sfondo-il-monte-Pelmo-CREDITO-ANDREA-SAGUI.jpg 1200w\" sizes=\"auto, (max-width: 300px) 100vw, 300px\" \/><\/a>VAL DI ZOLDO\u00a0<\/strong>\u00a0 DomaniSabato apriranno le iscrizioni a Dolomiti Extreme Trail, l&#8217;evento della Val di Zoldo (Dolomiti Bellunesi) in programma per l&#8217;8 e 9 giugno 2019. Per il primo mese e mezzo, vale a dire fino al 31 ottobre, coloro che si iscriveranno potranno usufruire di una quota di favore. Successivamente ci saranno altri due step: 31 gennaio e 25 maggio.\u00a0 Come gi\u00e0 lo scorso giugno tre saranno i percorsi proposti dalla societ\u00e0 organizzatrice, l&#8217;Atletica Zoldo: 103 chilometri (7.150 metri di dislivello positivo e altrettanti di dislivello negativo), 53 chilometri (3.800 metri di dislivello) e 23 chilometri (1.000 metri di dislivello). Per tutte i dettagli sulla manifestazione: www.dolomitiextremetrail.com.<\/p>\n<p>&nbsp;<\/p>\n<p>&nbsp;<\/p>\n<p>&nbsp;<\/p>\n<p>&nbsp;<\/p>\n<h1>PREVISIONI DEL TEMPO DA OGGI A LUNEDI<\/h1>\n<p><strong>Venerdi 14<\/strong><br \/>\nTempo atteso: Per buona parte della mattinata il tempo risulter\u00e0 ancora piuttosto soleggiato, nonostante i primi annuvolamenti stratiformi. Dalle ore centrali maggiore variabilit\u00e0 con schiarite ed addensamenti, localmente intensi ed associati a qualche fenomeno sparso. Clima diurno pi\u00f9 fresco.<br \/>\nPrecipitazioni: Al mattino probabilit\u00e0 bassa (0%), al pomeriggio aumento del rischio di rovesci e temporali (50\/60%), in attenuazione verso sera, quando potranno risultare pi\u00f9 insistenti sui settori prealpini, specie orientali. I quantitativi saranno molto variabili per il carattere sparso dei fenomeni, da 0 a 15 mm.<br \/>\nTemperature: In generale calo, specie le massime che non dovrebbero superare i 23\/24\u00b0C nel catino bellunese ed i 18\/19\u00b0C a 1000\/1200 m. Su Prealpi a 1500 m min 12\u00b0C max 15\u00b0C, a 2000 m min 9\u00b0C max 11\u00b0C. Su Dolomiti a 2000 m min 8\u00b0C max 12\u00b0C, a 3000 m min 3\u00b0C max 4\u00b0C.<br \/>\nVenti: Nelle valli deboli di direzione variabile con qualche rinforzo per brezze; in quota generalmente deboli da Nord-Ovest, a 5-10 km\/h a 2000 m, 10-15 km\/h a 3000 m.<br \/>\n<strong>Sabato 15<\/strong><br \/>\nTempo atteso: Tempo di nuovo piuttosto soleggiato con residui annuvolamenti all&#8217;alba, specie sui settori orientali, e temporanei annuvolamenti stratiformi, pi\u00f9 presenti al pomeriggio e sulle Dolomiti. Clima diurno di nuovo pi\u00f9 caldo per maggiore soleggiamento.<br \/>\nPrecipitazioni: Assenti (0%), eccetto un leggerissimo rischio di qualche goccia pomeridiana (10%).<br \/>\nTemperature: Minime in leggero calo e massime in lieve ripresa. Sono previste punte di 25\/26\u00b0C nel catino bellunese ed i 19\/22\u00b0C a 1000\/1200 m. Su Prealpi a 1500 m min 10\u00b0C max 16\u00b0C, a 2000 m min 8\u00b0C max 12\u00b0C. Su Dolomiti a 2000 m min 7\u00b0C max 13\u00b0C, a 3000 m min 2\u00b0C max 5\u00b0C.<br \/>\nVenti: Nelle valli da deboli a moderati a regime di brezza; in quota generalmente deboli dai quadranti occidentali, a 5-10 km\/h a 2000 m, 10-15 km\/h a 3000 m.<br \/>\n<strong>Domenica 16<\/strong><br \/>\nTempo perlopi\u00f9 soleggiato, nonostante l&#8217;insidia di nubi basse mattutine e la presenza di qualche passeggero annuvolamento diurno, pi\u00f9 esteso sui settori dolomitici. Alla sera possibile nubi basse su alcuni settori prealpini. Clima diurno di nuovo pressoch\u00e9 estivo, specie nei settori pi\u00f9 assolati. Venti deboli dai quadranti occidentali in quota.<br \/>\n<strong>Lunedi 17<\/strong><br \/>\nTempo in prevalenza soleggiato con cielo sereno o poco nuvoloso per sottili velature e modesti cumuli diurni. Temperature senza variazioni di rilievo con clima diurno quasi estivo nei settori pi\u00f9 assolati. Venti deboli dai quadranti occidentali in quota. Previsore: R.L.Th.<\/p>\n<p>&nbsp;<\/p>\n","protected":false},"excerpt":{"rendered":"<p>ACQUA DI NUOVO POTABILE A GOSALDO E FALCADE Gestione Servizi Pubblici informa che a Gosaldo nelle localit\u00e0 Sarasin, Le Foche, Lambroi, Deneore, Magait, Ren, Selle, Col Tamai e a Falcade in frazione Caviola l&#8217;acqua erogata dall&#8217;acquedotto \u00e8 di nuovo potabile e pu\u00f2 essere usata, quindi, per scopi alimentari.\u00a0 Acqua potabile anche a Lastreghe e Piaia&hellip;<\/p>\n","protected":false},"author":1,"featured_media":60654,"comment_status":"closed","ping_status":"closed","sticky":false,"template":"","format":"standard","meta":{"_monsterinsights_skip_tracking":false,"_monsterinsights_sitenote_active":false,"_monsterinsights_sitenote_note":"","_monsterinsights_sitenote_category":0,"footnotes":""},"categories":[1,86,49],"tags":[],"class_list":["post-60615","post","type-post","status-publish","format-standard","has-post-thumbnail","hentry","category-senza-categoria","category-gr","category-news-18","category-1","category-86","category-49","description-off"],"img_url":"https:\/\/www.radiopiu.net\/wordpress\/wp-content\/uploads\/2018\/09\/WhatsApp-Image-2018-09-13-at-18.02.11.jpeg","_links":{"self":[{"href":"https:\/\/www.radiopiu.net\/wordpress\/wp-json\/wp\/v2\/posts\/60615","targetHints":{"allow":["GET"]}}],"collection":[{"href":"https:\/\/www.radiopiu.net\/wordpress\/wp-json\/wp\/v2\/posts"}],"about":[{"href":"https:\/\/www.radiopiu.net\/wordpress\/wp-json\/wp\/v2\/types\/post"}],"author":[{"embeddable":true,"href":"https:\/\/www.radiopiu.net\/wordpress\/wp-json\/wp\/v2\/users\/1"}],"replies":[{"embeddable":true,"href":"https:\/\/www.radiopiu.net\/wordpress\/wp-json\/wp\/v2\/comments?post=60615"}],"version-history":[{"count":0,"href":"https:\/\/www.radiopiu.net\/wordpress\/wp-json\/wp\/v2\/posts\/60615\/revisions"}],"wp:featuredmedia":[{"embeddable":true,"href":"https:\/\/www.radiopiu.net\/wordpress\/wp-json\/wp\/v2\/media\/60654"}],"wp:attachment":[{"href":"https:\/\/www.radiopiu.net\/wordpress\/wp-json\/wp\/v2\/media?parent=60615"}],"wp:term":[{"taxonomy":"category","embeddable":true,"href":"https:\/\/www.radiopiu.net\/wordpress\/wp-json\/wp\/v2\/categories?post=60615"},{"taxonomy":"post_tag","embeddable":true,"href":"https:\/\/www.radiopiu.net\/wordpress\/wp-json\/wp\/v2\/tags?post=60615"}],"curies":[{"name":"wp","href":"https:\/\/api.w.org\/{rel}","templated":true}]}}