{"id":60621,"date":"2018-09-13T16:43:25","date_gmt":"2018-09-13T14:43:25","guid":{"rendered":"http:\/\/www.radiopiu.net\/wordpress\/?p=60621"},"modified":"2018-09-13T16:53:41","modified_gmt":"2018-09-13T14:53:41","slug":"sanita-audio-massaro-e-perenzin-in-quinta-commissione-del-consiglio-regionale-con-le-istanze-del-bellunese","status":"publish","type":"post","link":"https:\/\/www.radiopiu.net\/wordpress\/sanita-audio-massaro-e-perenzin-in-quinta-commissione-del-consiglio-regionale-con-le-istanze-del-bellunese\/","title":{"rendered":"SANITA&#8217;, AUDIO- MASSARO E PERENZIN IN QUINTA COMMISSIONE DEL CONSIGLIO REGIONALE CON LE ISTANZE DEL BELLUNESE"},"content":{"rendered":"<p>Ecco la dichiarazione del sindaco Massaro dopo l&#8217;incontro veneziano di questa mattina, chieste maggiori risorse<\/p>\n<audio class=\"wp-audio-shortcode\" id=\"audio-60621-1\" preload=\"none\" style=\"width: 100%;\" controls=\"controls\"><source type=\"audio\/mpeg\" src=\"http:\/\/www.radiopiu.net\/wordpress\/wp-content\/uploads\/2018\/09\/MASSARO-1.mp3?_=1\" \/><a href=\"http:\/\/www.radiopiu.net\/wordpress\/wp-content\/uploads\/2018\/09\/MASSARO-1.mp3\">http:\/\/www.radiopiu.net\/wordpress\/wp-content\/uploads\/2018\/09\/MASSARO-1.mp3<\/a><\/audio>\n<p align=\"CENTER\">\n<p align=\"CENTER\">\n<p align=\"CENTER\">\n<p align=\"CENTER\"><strong><span style=\"color: #000000;\"><span style=\"font-family: Arial, sans-serif;\"><span style=\"font-size: large;\"><b>\u00abServono pi\u00f9 risorse e riconoscimento della specificit\u00e0\u00bb<\/b><\/span><\/span><\/span><\/strong><strong><span style=\"color: #000000;\"><span style=\"font-family: Arial, sans-serif;\"><span style=\"font-size: large;\"><br \/>\n<\/span><\/span><\/span><\/strong><\/p>\n<p align=\"LEFT\"><span style=\"font-family: Arial, sans-serif;\"><span style=\"font-size: large;\">Pi\u00f9 risorse per la sanit\u00e0 montana, il riconoscimento della specificit\u00e0 del territorio bellunese e prossimamente un confronto con i capigruppo in consiglio regionale: questi i punti sui quali si \u00e8 basato l&#8217;intervento di Jacopo Massaro, Sindaco di Belluno e Presidente della Conferenza dei Sindaci dell&#8217;Ulss 1 Dolomiti, e il vicepresidente il Sindaco di Feltre, Paolo Perenzin, oggi in audizione in V Commissione Sanit\u00e0 a Venezia.<\/span><\/span><\/p>\n<p align=\"LEFT\"><span style=\"font-family: Arial, sans-serif;\"><span style=\"font-size: large;\">\u00abAbbiamo rimarcato due aspetti fondamentali. &#8211; sottolinea Massaro \u2013 Il primo \u00e8 quello relativo alle risorse: la Regione Veneto vuole operare ad invarianza di costi, ma aumenta il numero dei servizi da offrire ai cittadini. Gi\u00e0 prima le risorse non bastavano, e questa situazione mi preoccupa come amministratore per il futuro dei nostri servizi socio-sanitari. Serve quindi reperire altri fondi, cosa che per altro si verifica gi\u00e0 in altre regioni\u00bb.<\/span><\/span><\/p>\n<p align=\"LEFT\"><span style=\"font-family: Arial, sans-serif;\"><span style=\"font-size: large;\">L&#8217;altro aspetto evidenziato \u00e8 quello della specificit\u00e0 della montagna bellunese: \u00abLa sanit\u00e0 montana comporta maggiori costi e maggior complessit\u00e0 della struttura organizzativa. &#8211; sottolinea Massaro \u2013 La conformazione territoriale e la situazione demografica del nostro territorio, delle nostre vallate, impone un trattamento diverso rispetto a quello possibile per la pianura\u00bb.<\/span><\/span><\/p>\n<p align=\"LEFT\"><span style=\"font-family: Arial, sans-serif;\"><span style=\"font-size: large;\">Il prossimo passo, per i sindaci bellunesi, sar\u00e0 quello di confrontarsi con tutte le realt\u00e0 politiche che siedono in Consiglio a Venezia: \u00abIl confronto, per noi, \u00e8 appena iniziato. &#8211; conclude Massaro \u2013 Vogliamo incontrare tutti i capigruppo del consiglio regionale affinch\u00e9 possano avere una conoscenza pi\u00f9 approfondita del nostro territorio. Riteniamo che il legislatore debba conoscere fino in fondo le problematiche e le caratteristiche di ogni realt\u00e0 per prendere la miglior decisione\u00bb.<\/span><\/span><\/p>\n","protected":false},"excerpt":{"rendered":"<p>Ecco la dichiarazione del sindaco Massaro dopo l&#8217;incontro veneziano di questa mattina, chieste maggiori risorse \u00abServono pi\u00f9 risorse e riconoscimento della specificit\u00e0\u00bb Pi\u00f9 risorse per la sanit\u00e0 montana, il riconoscimento della specificit\u00e0 del territorio bellunese e prossimamente un confronto con i capigruppo in consiglio regionale: questi i punti sui quali si \u00e8 basato l&#8217;intervento di&hellip;<\/p>\n","protected":false},"author":1,"featured_media":0,"comment_status":"closed","ping_status":"closed","sticky":false,"template":"","format":"standard","meta":{"_monsterinsights_skip_tracking":false,"_monsterinsights_sitenote_active":false,"_monsterinsights_sitenote_note":"","_monsterinsights_sitenote_category":0,"footnotes":""},"categories":[51],"tags":[],"class_list":["post-60621","post","type-post","status-publish","format-standard","hentry","category-evidenza-top","category-51","description-off"],"img_url":false,"_links":{"self":[{"href":"https:\/\/www.radiopiu.net\/wordpress\/wp-json\/wp\/v2\/posts\/60621","targetHints":{"allow":["GET"]}}],"collection":[{"href":"https:\/\/www.radiopiu.net\/wordpress\/wp-json\/wp\/v2\/posts"}],"about":[{"href":"https:\/\/www.radiopiu.net\/wordpress\/wp-json\/wp\/v2\/types\/post"}],"author":[{"embeddable":true,"href":"https:\/\/www.radiopiu.net\/wordpress\/wp-json\/wp\/v2\/users\/1"}],"replies":[{"embeddable":true,"href":"https:\/\/www.radiopiu.net\/wordpress\/wp-json\/wp\/v2\/comments?post=60621"}],"version-history":[{"count":0,"href":"https:\/\/www.radiopiu.net\/wordpress\/wp-json\/wp\/v2\/posts\/60621\/revisions"}],"wp:attachment":[{"href":"https:\/\/www.radiopiu.net\/wordpress\/wp-json\/wp\/v2\/media?parent=60621"}],"wp:term":[{"taxonomy":"category","embeddable":true,"href":"https:\/\/www.radiopiu.net\/wordpress\/wp-json\/wp\/v2\/categories?post=60621"},{"taxonomy":"post_tag","embeddable":true,"href":"https:\/\/www.radiopiu.net\/wordpress\/wp-json\/wp\/v2\/tags?post=60621"}],"curies":[{"name":"wp","href":"https:\/\/api.w.org\/{rel}","templated":true}]}}