{"id":60697,"date":"2018-09-14T05:59:53","date_gmt":"2018-09-14T03:59:53","guid":{"rendered":"http:\/\/www.radiopiu.net\/wordpress\/?p=60697"},"modified":"2018-09-14T15:37:24","modified_gmt":"2018-09-14T13:37:24","slug":"parlamentari-allo-stesso-tavolo-per-un-territorio-piu-importante-delle-bandiere-iliana","status":"publish","type":"post","link":"https:\/\/www.radiopiu.net\/wordpress\/parlamentari-allo-stesso-tavolo-per-un-territorio-piu-importante-delle-bandiere-iliana\/","title":{"rendered":"PARLAMENTARI ALLO STESSO TAVOLO PER UN TERRITORIO PIU&#8217; IMPORTANTE DELLE BANDIERE"},"content":{"rendered":"<p>&nbsp;<\/p>\n<blockquote>\n<h1><\/h1>\n<p><a class=\"dt-pswp-item\" href=\"http:\/\/www.radiopiu.net\/wordpress\/wp-content\/uploads\/2018\/09\/Parlamentari-Bellunesi.jpg\" data-dt-img-description=\"\" data-large_image_width=\"1280\" data-large_image_height=\"580\"><img loading=\"lazy\" decoding=\"async\" class=\"alignnone wp-image-60671 size-large\" src=\"http:\/\/www.radiopiu.net\/wordpress\/wp-content\/uploads\/2018\/09\/Parlamentari-Bellunesi-1024x464.jpg\" alt=\"\" width=\"1024\" height=\"464\" srcset=\"https:\/\/www.radiopiu.net\/wordpress\/wp-content\/uploads\/2018\/09\/Parlamentari-Bellunesi-1024x464.jpg 1024w, https:\/\/www.radiopiu.net\/wordpress\/wp-content\/uploads\/2018\/09\/Parlamentari-Bellunesi-300x136.jpg 300w, https:\/\/www.radiopiu.net\/wordpress\/wp-content\/uploads\/2018\/09\/Parlamentari-Bellunesi-768x348.jpg 768w, https:\/\/www.radiopiu.net\/wordpress\/wp-content\/uploads\/2018\/09\/Parlamentari-Bellunesi.jpg 1280w\" sizes=\"auto, (max-width: 1024px) 100vw, 1024px\" \/><\/a><\/p><\/blockquote>\n<p><strong>ROMA<\/strong> Si \u00e8 svolto\u00a0 nell\u2019ufficio del Questore della Camera Federico D\u2019Inc\u00e0 l\u2019incontro tra i parlamentari bellunesi. All\u2019ordine del giorno le problematiche della montagna bellunese: erano presenti Mirko Badole (Lega), Dario Bond (Forza Italia), Luca De Carlo (Fratelli d\u2019Italia), Federico D\u2019Inc\u00e0 (Movimento 5 Stelle) e Roger De Menech (Partito Democratico). Assente giustificato il senatore Paolo Saviane, impegnato in Aula a Palazzo Madama. L\u2019incontro tra i parlamentari \u00e8 stato il primo degli appuntamenti mensili che riuniranno tutti gli esponenti politici bellunesi per affrontare insieme le questioni che interessano la montagna bellunese e delineare un\u2019opera di coordinamento. Un\u2019occasione importante, che diventer\u00e0 un appuntamento fisso voluto dai parlamentari della provincia di Belluno. Finalit\u00e0 degli incontri, che avranno cadenza mensile, sar\u00e0 quella di fare il punto sulle questioni che interessano le comunit\u00e0 bellunesi. \u201cProblematiche \u2013 dichiarano i parlamentari &#8211; che non hanno bandiera, ma che sono centrali per il nostro territorio e che ci devono vedere tutti uniti e impegnati per risolvere e combattere cos\u00ec lo spopolamento\u201d. Nell\u2019incontro di mercoled\u00ec numerosi i temi affrontati, come la laminazione del Lago di Cadore, le criticit\u00e0 e gli ostacoli al volo per gli elicotteri sul territorio bellunese e l\u2019autonomia della Provincia di Belluno. In particolare, in riferimento a quest\u2019ultimo argomento, i parlamentari hanno espresso all\u2019unanimit\u00e0 la volont\u00e0 di fissare al pi\u00f9 presto un incontro con il Ministro Stefani per fare il punto sul tema e poter gestire al meglio il processo dell\u2019autonomia territoriale, cos\u00ec come indicato dai cittadini bellunesi l\u2019ottobre scorso. Tra le problematiche al centro dell\u2019attenzione dei parlamentari bellunesi anche l\u2019elettrificazione dell\u2019anello ferroviario basso delle Dolomiti (Vittorio Veneto-Belluno-Feltre) e il completamento delle dorsali delle piste ciclabili da Cortina fino a Primolano per sviluppare una mobilit\u00e0 ciclabile in tutto quanto il territorio bellunese.<\/p>\n<h2><strong>I COMMENTI ALLA RADIO<\/strong><\/h2>\n<h2>FEDERICO D&#8217;INCA&#8217;<\/h2>\n<audio class=\"wp-audio-shortcode\" id=\"audio-60697-1\" preload=\"none\" style=\"width: 100%;\" controls=\"controls\"><source type=\"audio\/mpeg\" src=\"http:\/\/www.radiopiu.net\/wordpress\/wp-content\/uploads\/2018\/09\/FEDERICO-2.mp3?_=1\" \/><a href=\"http:\/\/www.radiopiu.net\/wordpress\/wp-content\/uploads\/2018\/09\/FEDERICO-2.mp3\">http:\/\/www.radiopiu.net\/wordpress\/wp-content\/uploads\/2018\/09\/FEDERICO-2.mp3<\/a><\/audio>\n<h2><strong>DARIO BOND<\/strong><\/h2>\n<audio class=\"wp-audio-shortcode\" id=\"audio-60697-2\" preload=\"none\" style=\"width: 100%;\" controls=\"controls\"><source type=\"audio\/mpeg\" src=\"http:\/\/www.radiopiu.net\/wordpress\/wp-content\/uploads\/2018\/09\/BOND-INCONTRO.mp3?_=2\" \/><a href=\"http:\/\/www.radiopiu.net\/wordpress\/wp-content\/uploads\/2018\/09\/BOND-INCONTRO.mp3\">http:\/\/www.radiopiu.net\/wordpress\/wp-content\/uploads\/2018\/09\/BOND-INCONTRO.mp3<\/a><\/audio>\n<h2><strong>ROGER DE MENECH<\/strong><\/h2>\n<audio class=\"wp-audio-shortcode\" id=\"audio-60697-3\" preload=\"none\" style=\"width: 100%;\" controls=\"controls\"><source type=\"audio\/mpeg\" src=\"http:\/\/www.radiopiu.net\/wordpress\/wp-content\/uploads\/2018\/09\/DE-MENECH-INCONTRO.mp3?_=3\" \/><a href=\"http:\/\/www.radiopiu.net\/wordpress\/wp-content\/uploads\/2018\/09\/DE-MENECH-INCONTRO.mp3\">http:\/\/www.radiopiu.net\/wordpress\/wp-content\/uploads\/2018\/09\/DE-MENECH-INCONTRO.mp3<\/a><\/audio>\n<h2><strong>MIRCO BADOLE<\/strong><\/h2>\n<audio class=\"wp-audio-shortcode\" id=\"audio-60697-4\" preload=\"none\" style=\"width: 100%;\" controls=\"controls\"><source type=\"audio\/mpeg\" src=\"http:\/\/www.radiopiu.net\/wordpress\/wp-content\/uploads\/2018\/09\/BADOLE-INCONTRO.mp3?_=4\" \/><a href=\"http:\/\/www.radiopiu.net\/wordpress\/wp-content\/uploads\/2018\/09\/BADOLE-INCONTRO.mp3\">http:\/\/www.radiopiu.net\/wordpress\/wp-content\/uploads\/2018\/09\/BADOLE-INCONTRO.mp3<\/a><\/audio>\n<h2><strong>LUCA DE CARLO<\/strong><\/h2>\n<audio class=\"wp-audio-shortcode\" id=\"audio-60697-5\" preload=\"none\" style=\"width: 100%;\" controls=\"controls\"><source type=\"audio\/mpeg\" src=\"http:\/\/www.radiopiu.net\/wordpress\/wp-content\/uploads\/2018\/09\/DE-CARLO-INCONTRO.mp3?_=5\" \/><a href=\"http:\/\/www.radiopiu.net\/wordpress\/wp-content\/uploads\/2018\/09\/DE-CARLO-INCONTRO.mp3\">http:\/\/www.radiopiu.net\/wordpress\/wp-content\/uploads\/2018\/09\/DE-CARLO-INCONTRO.mp3<\/a><\/audio>\n<p>&nbsp;<\/p>\n<p>&nbsp;<\/p>\n","protected":false},"excerpt":{"rendered":"<p>&nbsp; ROMA Si \u00e8 svolto\u00a0 nell\u2019ufficio del Questore della Camera Federico D\u2019Inc\u00e0 l\u2019incontro tra i parlamentari bellunesi. All\u2019ordine del giorno le problematiche della montagna bellunese: erano presenti Mirko Badole (Lega), Dario Bond (Forza Italia), Luca De Carlo (Fratelli d\u2019Italia), Federico D\u2019Inc\u00e0 (Movimento 5 Stelle) e Roger De Menech (Partito Democratico). Assente giustificato il senatore Paolo&hellip;<\/p>\n","protected":false},"author":1,"featured_media":60671,"comment_status":"closed","ping_status":"closed","sticky":false,"template":"","format":"standard","meta":{"_monsterinsights_skip_tracking":false,"_monsterinsights_sitenote_active":false,"_monsterinsights_sitenote_note":"","_monsterinsights_sitenote_category":0,"footnotes":""},"categories":[49],"tags":[],"class_list":["post-60697","post","type-post","status-publish","format-standard","has-post-thumbnail","hentry","category-news-18","category-49","description-off"],"img_url":"https:\/\/www.radiopiu.net\/wordpress\/wp-content\/uploads\/2018\/09\/Parlamentari-Bellunesi.jpg","_links":{"self":[{"href":"https:\/\/www.radiopiu.net\/wordpress\/wp-json\/wp\/v2\/posts\/60697","targetHints":{"allow":["GET"]}}],"collection":[{"href":"https:\/\/www.radiopiu.net\/wordpress\/wp-json\/wp\/v2\/posts"}],"about":[{"href":"https:\/\/www.radiopiu.net\/wordpress\/wp-json\/wp\/v2\/types\/post"}],"author":[{"embeddable":true,"href":"https:\/\/www.radiopiu.net\/wordpress\/wp-json\/wp\/v2\/users\/1"}],"replies":[{"embeddable":true,"href":"https:\/\/www.radiopiu.net\/wordpress\/wp-json\/wp\/v2\/comments?post=60697"}],"version-history":[{"count":0,"href":"https:\/\/www.radiopiu.net\/wordpress\/wp-json\/wp\/v2\/posts\/60697\/revisions"}],"wp:featuredmedia":[{"embeddable":true,"href":"https:\/\/www.radiopiu.net\/wordpress\/wp-json\/wp\/v2\/media\/60671"}],"wp:attachment":[{"href":"https:\/\/www.radiopiu.net\/wordpress\/wp-json\/wp\/v2\/media?parent=60697"}],"wp:term":[{"taxonomy":"category","embeddable":true,"href":"https:\/\/www.radiopiu.net\/wordpress\/wp-json\/wp\/v2\/categories?post=60697"},{"taxonomy":"post_tag","embeddable":true,"href":"https:\/\/www.radiopiu.net\/wordpress\/wp-json\/wp\/v2\/tags?post=60697"}],"curies":[{"name":"wp","href":"https:\/\/api.w.org\/{rel}","templated":true}]}}