{"id":60871,"date":"2018-09-17T06:16:28","date_gmt":"2018-09-17T04:16:28","guid":{"rendered":"http:\/\/www.radiopiu.net\/wordpress\/?p=60871"},"modified":"2018-09-17T09:49:18","modified_gmt":"2018-09-17T07:49:18","slug":"giornale-radiopiu-17-settembre-2018-diretore-mirko-mezzacasa","status":"publish","type":"post","link":"https:\/\/www.radiopiu.net\/wordpress\/giornale-radiopiu-17-settembre-2018-diretore-mirko-mezzacasa\/","title":{"rendered":"GIORNALE RADIOPIU 17 SETTEMBRE 2018 DIRETORE MIRKO MEZZACASA"},"content":{"rendered":"<h1>LE CODE CHE SI POTREBBERO EVITARE<\/h1>\n<p><strong><a class=\"dt-pswp-item\" href=\"http:\/\/www.radiopiu.net\/wordpress\/wp-content\/uploads\/2018\/09\/WhatsApp-Image-2018-09-16-at-16.55.15.jpeg\" data-dt-img-description=\"\" data-large_image_width=\"899\" data-large_image_height=\"1599\"><img loading=\"lazy\" decoding=\"async\" class=\"size-medium wp-image-60953 alignleft\" src=\"http:\/\/www.radiopiu.net\/wordpress\/wp-content\/uploads\/2018\/09\/WhatsApp-Image-2018-09-16-at-16.55.15-169x300.jpeg\" alt=\"\" width=\"169\" height=\"300\" srcset=\"https:\/\/www.radiopiu.net\/wordpress\/wp-content\/uploads\/2018\/09\/WhatsApp-Image-2018-09-16-at-16.55.15-169x300.jpeg 169w, https:\/\/www.radiopiu.net\/wordpress\/wp-content\/uploads\/2018\/09\/WhatsApp-Image-2018-09-16-at-16.55.15-768x1366.jpeg 768w, https:\/\/www.radiopiu.net\/wordpress\/wp-content\/uploads\/2018\/09\/WhatsApp-Image-2018-09-16-at-16.55.15-576x1024.jpeg 576w, https:\/\/www.radiopiu.net\/wordpress\/wp-content\/uploads\/2018\/09\/WhatsApp-Image-2018-09-16-at-16.55.15.jpeg 899w\" sizes=\"auto, (max-width: 169px) 100vw, 169px\" \/><\/a>CENCENIGHE<\/strong> Ieri si \u00e8 ripetuto il problema della settimana prima tra Cencenighe ed Alleghe, eppure era prevedibile ed evitabile. Infatti nel pieno della &#8220;crisi&#8221; gli uomini di Veneto Strade sono intervenuti a mettere mano a quel semaforo che ha creato la solita lunga coda tra Cencenighe e Avoscan, Poche auto in direzione nord, un flusso verso Agordo, Belluno e la pianura. Sarebbe stato sufficiente regolare il traffico (o il semaforo) diversamente, ma fin dall&#8217;inizio del rientro e i problemi si potevano evitare.\u00a0 Invece altra domenica di code e rientro difficile. Domenica prossima, al terzo tentativo, andr\u00e0 meglio?<\/p>\n<p>&nbsp;<\/p>\n<p>&nbsp;<\/p>\n<p>&nbsp;<\/p>\n<p>&nbsp;<\/p>\n<p>&nbsp;<\/p>\n<blockquote>\n<h1><\/h1>\n<\/blockquote>\n<h1><\/h1>\n<blockquote>\n<h1><\/h1>\n<\/blockquote>\n<h1>CROCE VERDE VAL BIOIS\u00a0 A PASSO SAN PELLEGRINO PER LO SCONTRO MOTO-AUTO<\/h1>\n<p><strong><a class=\"dt-pswp-item\" href=\"http:\/\/www.radiopiu.net\/wordpress\/wp-content\/uploads\/2018\/09\/miii.jpg\" data-dt-img-description=\"\" data-large_image_width=\"1200\" data-large_image_height=\"1599\"><img loading=\"lazy\" decoding=\"async\" class=\"size-medium wp-image-60873 alignleft\" src=\"http:\/\/www.radiopiu.net\/wordpress\/wp-content\/uploads\/2018\/09\/miii-225x300.jpg\" alt=\"\" width=\"225\" height=\"300\" srcset=\"https:\/\/www.radiopiu.net\/wordpress\/wp-content\/uploads\/2018\/09\/miii-225x300.jpg 225w, https:\/\/www.radiopiu.net\/wordpress\/wp-content\/uploads\/2018\/09\/miii-768x1024.jpg 768w, https:\/\/www.radiopiu.net\/wordpress\/wp-content\/uploads\/2018\/09\/miii.jpg 1200w\" sizes=\"auto, (max-width: 225px) 100vw, 225px\" \/><\/a>FALCADE\u00a0Nel pomeriggio di ieri i\u00a0 volontari della\u00a0 Croce Verde Val Biois e l&#8217;elicottero del SUEM sono intervenuti per un incidente tra una moto e un&#8217;auto sulla strada per il Passo San Pellegrino (provinciale 346). Passo chiuso dalle forze dell&#8217;ordine e vigili del fuoco per oltre un&#8217;ora.\u00a0 Il motociclista T. D. del 1976 di Polverara PD, \u00e8\u00a0 stato portato dall&#8217;elicottero a Belluno,\u00a0 gli occupanti dell&#8217;auto (cittadini francesi) con l&#8217;ambulanza all&#8217;ospedale di Agordo. Fortunatamente non appare grave la situazione del motociclista al quale \u00e8 stata diagnosticata la frattura esposta del polso,\u00a0 gli occupanti del veicolo cautelativamente portati in ospedale,\u00a0 non hanno subito<\/strong><strong>traumi gravi.<\/strong><\/p>\n<p>&nbsp;<\/p>\n<p>&nbsp;<\/p>\n<p>&nbsp;<\/p>\n<p>&nbsp;<\/p>\n<p>&nbsp;<\/p>\n<h1><\/h1>\n<h1><\/h1>\n<h1><\/h1>\n<h1><\/h1>\n<h1>CADE IN MOUNTAIN BIKE, \u00c8 GRAVE<\/h1>\n<p><strong><a class=\"dt-pswp-item\" href=\"http:\/\/www.radiopiu.net\/wordpress\/wp-content\/uploads\/2018\/08\/mountain-biking-1210066_1280.jpg\" data-dt-img-description=\"\" data-large_image_width=\"1280\" data-large_image_height=\"960\"><img loading=\"lazy\" decoding=\"async\" class=\"size-medium wp-image-58250 alignleft\" src=\"http:\/\/www.radiopiu.net\/wordpress\/wp-content\/uploads\/2018\/08\/mountain-biking-1210066_1280-300x225.jpg\" alt=\"\" width=\"300\" height=\"225\" srcset=\"https:\/\/www.radiopiu.net\/wordpress\/wp-content\/uploads\/2018\/08\/mountain-biking-1210066_1280-300x225.jpg 300w, https:\/\/www.radiopiu.net\/wordpress\/wp-content\/uploads\/2018\/08\/mountain-biking-1210066_1280-768x576.jpg 768w, https:\/\/www.radiopiu.net\/wordpress\/wp-content\/uploads\/2018\/08\/mountain-biking-1210066_1280-1024x768.jpg 1024w, https:\/\/www.radiopiu.net\/wordpress\/wp-content\/uploads\/2018\/08\/mountain-biking-1210066_1280.jpg 1280w\" sizes=\"auto, (max-width: 300px) 100vw, 300px\" \/><\/a>PIEVE DI CADORE\u00a0<\/strong>Nel pomeriggio di ieri la Centrale del 118 \u00e8 stata allertata per un ciclista caduto dalla propia mountain bike sulla strada forestale che scende da Casera Tamar\u00ec. Atterrati nelle vicinanze, tecnico di elisoccorso, medico e infermiere hanno subito prestato le prime cure urgenti a A.G., 40 anni, di Lorenzago di Cadore (BL), apparso subito in gravi condizioni a seguito di un possibile trauma facciale. Caricato in barella, l&#8217;infortunato \u00e8 stato trasportato all&#8217;elicottero decollato in direzione dell&#8217;ospedale di Treviso. Prima l&#8217;eliambulanza era intervenuta sulla normale al Civetta, nel comune di Val di Zoldo, per un escursionista diciassettenne di Revine Lago (TV) che, messo male un braccio aveva riportato una probabile lussazione. Recuperato con un verricello di 15 metri, il ragazzo \u00e8 stato accompagnato all&#8217;ospedale di Belluno.<\/p>\n<p>&nbsp;<\/p>\n<p>&nbsp;<\/p>\n<p>&nbsp;<\/p>\n<p>&nbsp;<\/p>\n<p>&nbsp;<\/p>\n<p>&nbsp;<\/p>\n<h1><\/h1>\n<h1>SOCCORSI NELLA NOTTE DUE ESCURSIONISTI<\/h1>\n<p><strong><a class=\"dt-pswp-item\" href=\"http:\/\/www.radiopiu.net\/wordpress\/wp-content\/uploads\/2018\/06\/suem-1.jpg\" data-dt-img-description=\"\" data-large_image_width=\"1280\" data-large_image_height=\"768\"><img loading=\"lazy\" decoding=\"async\" class=\"size-medium wp-image-51755 alignleft\" src=\"http:\/\/www.radiopiu.net\/wordpress\/wp-content\/uploads\/2018\/06\/suem-1-300x180.jpg\" alt=\"\" width=\"300\" height=\"180\" srcset=\"https:\/\/www.radiopiu.net\/wordpress\/wp-content\/uploads\/2018\/06\/suem-1-300x180.jpg 300w, https:\/\/www.radiopiu.net\/wordpress\/wp-content\/uploads\/2018\/06\/suem-1-768x461.jpg 768w, https:\/\/www.radiopiu.net\/wordpress\/wp-content\/uploads\/2018\/06\/suem-1-1024x614.jpg 1024w, https:\/\/www.radiopiu.net\/wordpress\/wp-content\/uploads\/2018\/06\/suem-1.jpg 1280w\" sizes=\"auto, (max-width: 300px) 100vw, 300px\" \/><\/a>ALANO DI PIAVE<\/strong> Sabato \u00a0verso le 18.20 la Centrale del 118 ha allertato il Soccorso alpino di Feltre per due escursionisti che si erano persi in Val di Resella, verso il Monte Tomba. Sette soccorritori, ricevute le coordinate del punto in cui doveva trovarsi la coppia, A.C., 40 anni, di Porto Tolle (RO), lui e G.S., 35 anni, di Alano di Piave (BL), lei, si sono diretti nel luogo indicato scendendo e risalendo una valle, ma non li hanno trovati, n\u00e9 i due rispondevano ai richiami. Attivato il protocollo di ricerca, la squadra, in contatto telefonico con gli escursionisti, si \u00e8 fatta inviare nuovamente tramite whatsapp la posizione e si \u00e8 messa in cammino, passando nella vallata a fianco, dove verso le 23 li ha individuati, a 160 metri di distanza in linea d&#8217;aria dalla prima geolocalizzazione, poi rivelatasi errata. La coppia, persa la traccia del sentiero, si era inoltrata in un groviglio di rovi e infestanti, incapace di proseguire o tornare sui propri passi. Aperto un varco tra la vegetazione, i soccorritori hanno guidato gli escursionisti fino al sentiero, non molto lontano, per poi riaccompagnarli a valle. L&#8217;intervento si \u00e8 concluso a mezzanotte e 40 circa di ieri.<\/p>\n<p>&nbsp;<\/p>\n<p>&nbsp;<\/p>\n<p>&nbsp;<\/p>\n<p>&nbsp;<\/p>\n<p>&nbsp;<\/p>\n<h1>VIGILI DEL FUOCO AL LAVORO<\/h1>\n<p><strong>SOSPIROLO<\/strong>, Impegno domenicale per i vigili del fuoco chiamati a spegnere l&#8217;incendio ad un&#8217;autorimessa. Un grande botto e il garage si incendia: inagibile una casa Le fiamme hanno interessato una palazzina di tre piani Nel locale non c\u2019era luce, ma qualche tanica e bombolette.\u00a0Le fiamme hanno messo fuori uso il soffitto dell\u2019autorimessa, al punto che l\u2019appartamento sovrastante al<br \/>\nprimo piano \u00e8 stato dichiarato inagibile, come lo stesso garage.<\/p>\n<p><a class=\"dt-pswp-item\" href=\"http:\/\/www.radiopiu.net\/wordpress\/wp-content\/uploads\/2018\/09\/garage-sospirolo.jpg\" data-dt-img-description=\"\" data-large_image_width=\"1920\" data-large_image_height=\"1440\"><img loading=\"lazy\" decoding=\"async\" class=\"alignnone wp-image-60887\" src=\"http:\/\/www.radiopiu.net\/wordpress\/wp-content\/uploads\/2018\/09\/garage-sospirolo-300x225.jpg\" alt=\"\" width=\"659\" height=\"494\" srcset=\"https:\/\/www.radiopiu.net\/wordpress\/wp-content\/uploads\/2018\/09\/garage-sospirolo-300x225.jpg 300w, https:\/\/www.radiopiu.net\/wordpress\/wp-content\/uploads\/2018\/09\/garage-sospirolo-768x576.jpg 768w, https:\/\/www.radiopiu.net\/wordpress\/wp-content\/uploads\/2018\/09\/garage-sospirolo-1024x768.jpg 1024w, https:\/\/www.radiopiu.net\/wordpress\/wp-content\/uploads\/2018\/09\/garage-sospirolo.jpg 1920w\" sizes=\"auto, (max-width: 659px) 100vw, 659px\" \/><\/a><\/p>\n<p>&nbsp;<\/p>\n<h1><\/h1>\n<p>&nbsp;<\/p>\n<p>&nbsp;<\/p>\n<p>&nbsp;<\/p>\n<p>&nbsp;<\/p>\n<h1>PROGETTO CICLABILE: PONTE COLLAUDATO<\/h1>\n<p><strong><a class=\"dt-pswp-item\" href=\"http:\/\/www.radiopiu.net\/wordpress\/wp-content\/uploads\/2018\/09\/WhatsApp-Image-2018-09-17-at-06.02.57.jpeg\" data-dt-img-description=\"\" data-large_image_width=\"1599\" data-large_image_height=\"799\"><img loading=\"lazy\" decoding=\"async\" class=\"size-medium wp-image-60940 alignleft\" src=\"http:\/\/www.radiopiu.net\/wordpress\/wp-content\/uploads\/2018\/09\/WhatsApp-Image-2018-09-17-at-06.02.57-300x150.jpeg\" alt=\"\" width=\"300\" height=\"150\" srcset=\"https:\/\/www.radiopiu.net\/wordpress\/wp-content\/uploads\/2018\/09\/WhatsApp-Image-2018-09-17-at-06.02.57-300x150.jpeg 300w, https:\/\/www.radiopiu.net\/wordpress\/wp-content\/uploads\/2018\/09\/WhatsApp-Image-2018-09-17-at-06.02.57-768x384.jpeg 768w, https:\/\/www.radiopiu.net\/wordpress\/wp-content\/uploads\/2018\/09\/WhatsApp-Image-2018-09-17-at-06.02.57-1024x512.jpeg 1024w, https:\/\/www.radiopiu.net\/wordpress\/wp-content\/uploads\/2018\/09\/WhatsApp-Image-2018-09-17-at-06.02.57.jpeg 1599w\" sizes=\"auto, (max-width: 300px) 100vw, 300px\" \/><\/a>ALLEGHE\u00a0 Venerdi\u00a0 \u00e8 stato effettuato\u00a0<\/strong> il collaudo statico della passerella ciclopedonale in fase di realizzazione tra Alleghe e Caprile e facente parte del progetto di costruzione della pista ciclabile Cencenighe Passo Fedaia. Il progetto generale prevede 5 stralci d&#8217; opera suddivisi nei vari territori comunali: Cencenighe, San Tomaso, Alleghe e Rocca Pietore. La nuova ciclabile si inserisce in un vasto investimento dei Fondi di Confine destinato allo sviluppo del territorio dell&#8217; Alto Agordino. L&#8217; opera \u00e8 stata progetta da RStudio Professionisti Associati Ingegnere\u00a0 Felice Gaiardo e\u00a0 Architetto Francesco Riva di Caprile di Alleghe mentre \u00e8 stata eseguita dalle ditte Alfonso Secco di Alano (BL), dalle Officine Bertazzon di Vidor (TV) e dalla Ditta Dolomiti Strade di Belluno. Ai microfoni di Radio Pi\u00f9 l&#8217;ingegner Felice Gaiardo<\/p>\n<audio class=\"wp-audio-shortcode\" id=\"audio-60871-1\" preload=\"none\" style=\"width: 100%;\" controls=\"controls\"><source type=\"audio\/mpeg\" src=\"http:\/\/www.radiopiu.net\/wordpress\/wp-content\/uploads\/2018\/09\/FELICE1-1.mp3?_=1\" \/><a href=\"http:\/\/www.radiopiu.net\/wordpress\/wp-content\/uploads\/2018\/09\/FELICE1-1.mp3\">http:\/\/www.radiopiu.net\/wordpress\/wp-content\/uploads\/2018\/09\/FELICE1-1.mp3<\/a><\/audio>\n<h1>video<\/h1>\n<div style=\"width: 848px;\" class=\"wp-video\"><video class=\"wp-video-shortcode\" id=\"video-60871-1\" width=\"848\" height=\"480\" preload=\"metadata\" controls=\"controls\"><source type=\"video\/mp4\" src=\"http:\/\/www.radiopiu.net\/wordpress\/wp-content\/uploads\/2018\/09\/VIDEO-FELICE.mp4?_=1\" \/><a href=\"http:\/\/www.radiopiu.net\/wordpress\/wp-content\/uploads\/2018\/09\/VIDEO-FELICE.mp4\">http:\/\/www.radiopiu.net\/wordpress\/wp-content\/uploads\/2018\/09\/VIDEO-FELICE.mp4<\/a><\/video><\/div>\n<p><a class=\"dt-pswp-item\" href=\"http:\/\/www.radiopiu.net\/wordpress\/wp-content\/uploads\/2018\/09\/WhatsApp-Image-2018-09-17-at-08.51.46.jpeg\" data-dt-img-description=\"\" data-large_image_width=\"1200\" data-large_image_height=\"1600\"><img loading=\"lazy\" decoding=\"async\" class=\"alignnone size-medium wp-image-60968\" src=\"http:\/\/www.radiopiu.net\/wordpress\/wp-content\/uploads\/2018\/09\/WhatsApp-Image-2018-09-17-at-08.51.46-225x300.jpeg\" alt=\"\" width=\"225\" height=\"300\" srcset=\"https:\/\/www.radiopiu.net\/wordpress\/wp-content\/uploads\/2018\/09\/WhatsApp-Image-2018-09-17-at-08.51.46-225x300.jpeg 225w, https:\/\/www.radiopiu.net\/wordpress\/wp-content\/uploads\/2018\/09\/WhatsApp-Image-2018-09-17-at-08.51.46-768x1024.jpeg 768w, https:\/\/www.radiopiu.net\/wordpress\/wp-content\/uploads\/2018\/09\/WhatsApp-Image-2018-09-17-at-08.51.46.jpeg 1200w\" sizes=\"auto, (max-width: 225px) 100vw, 225px\" \/><\/a><\/p>\n<p>&nbsp;<\/p>\n<p>&nbsp;<\/p>\n<p>&nbsp;<\/p>\n<p>&nbsp;<\/p>\n<p>&nbsp;<\/p>\n<p>&nbsp;<\/p>\n<h1>L&#8217;ARENA AL LAGHETTO DELLE PESCHIERE NUOVO INTERVENTO DI REBERSCHAK<\/h1>\n<p><span style=\"color: #ff0000;\">audio<\/span><\/p>\n<audio class=\"wp-audio-shortcode\" id=\"audio-60871-2\" preload=\"none\" style=\"width: 100%;\" controls=\"controls\"><source type=\"audio\/mpeg\" src=\"http:\/\/www.radiopiu.net\/wordpress\/wp-content\/uploads\/2018\/09\/MAURIZIO-1.mp3?_=2\" \/><a href=\"http:\/\/www.radiopiu.net\/wordpress\/wp-content\/uploads\/2018\/09\/MAURIZIO-1.mp3\">http:\/\/www.radiopiu.net\/wordpress\/wp-content\/uploads\/2018\/09\/MAURIZIO-1.mp3<\/a><\/audio>\n<p><strong><a class=\"dt-pswp-item\" href=\"http:\/\/www.radiopiu.net\/wordpress\/wp-content\/uploads\/2018\/09\/1.-Laghetto-delle-Peschiere.jpg\" data-dt-img-description=\"\" data-large_image_width=\"3264\" data-large_image_height=\"1836\"><img loading=\"lazy\" decoding=\"async\" class=\"size-medium wp-image-60879 alignleft\" src=\"http:\/\/www.radiopiu.net\/wordpress\/wp-content\/uploads\/2018\/09\/1.-Laghetto-delle-Peschiere-300x169.jpg\" alt=\"\" width=\"300\" height=\"169\" srcset=\"https:\/\/www.radiopiu.net\/wordpress\/wp-content\/uploads\/2018\/09\/1.-Laghetto-delle-Peschiere-300x169.jpg 300w, https:\/\/www.radiopiu.net\/wordpress\/wp-content\/uploads\/2018\/09\/1.-Laghetto-delle-Peschiere-768x432.jpg 768w, https:\/\/www.radiopiu.net\/wordpress\/wp-content\/uploads\/2018\/09\/1.-Laghetto-delle-Peschiere-1024x576.jpg 1024w\" sizes=\"auto, (max-width: 300px) 100vw, 300px\" \/><\/a>TAIBON<\/strong> Al laghetto delle Peschiere \u00e8 iniziato il disboscamento, come ormai \u00e8 chiaro viste le decisioni del passato (fin dal 2011) e considerato che ormai i lavori sono stati appaltati non ci sar\u00e0 nessuna retromarcia, l&#8217;arena verr\u00e0 realizzata e le amministrazioni del futuro dovranno fare in modo di gestirla nel migliore dei modi evitandone il degrado, le scritte, il lerciume in una zona ancora incantata come testimoniato dallo scrittore Maurizio Reberschak, professore alla C\u00e0 Foscari di Venezia che ieri tra Agner e Framont ha registro un intervento che ascoltiamo nei notiziari di oggi, tra l&#8217;altro in attesa che il sindaco, SIlvia Tormen e il suo vice Loris De Col responsabile dei lavori pubblici, convochino la popolazione per dare gli ultimi dettagli sull&#8217;operazione Peschiere (300 mila euro di cofinanziamento oltre a quanto stabilito dal mega progettone dei Fondi di Confine).<\/p>\n<p><strong>foto clicca per ingrandire\u00a0<\/strong><\/p>\n\n\t\t\t<style type='text\/css'>\n\t\t\t\t#gallery-1 {\n\t\t\t\t\tmargin: auto;\n\t\t\t\t}\n\t\t\t\t#gallery-1 .gallery-item {\n\t\t\t\t\tfloat: left;\n\t\t\t\t\tmargin-top: 10px;\n\t\t\t\t\ttext-align: center;\n\t\t\t\t\twidth: 33%;\n\t\t\t\t}\n\t\t\t\t#gallery-1 img {\n\t\t\t\t\tborder: 2px solid #cfcfcf;\n\t\t\t\t}\n\t\t\t\t#gallery-1 .gallery-caption {\n\t\t\t\t\tmargin-left: 0;\n\t\t\t\t}\n\t\t\t\t\/* see gallery_shortcode() in wp-includes\/media.php *\/\n\t\t\t<\/style>\n\t\t<div id='gallery-1' class='dt-gallery-container gallery galleryid-60871 gallery-columns-3 gallery-size-thumbnail'><dl class='gallery-item'>\n\t\t\t\t<dt class='gallery-icon landscape'>\n\t\t\t\t\t<a class=\"rollover\" href='https:\/\/www.radiopiu.net\/wordpress\/giornale-radiopiu-17-settembre-2018-diretore-mirko-mezzacasa\/8-la-bella-scritto\/'><img loading=\"lazy\" decoding=\"async\" width=\"150\" height=\"150\" src=\"https:\/\/www.radiopiu.net\/wordpress\/wp-content\/uploads\/2018\/09\/8.-La-bella-scritto-150x150.jpg\" class=\"attachment-thumbnail size-thumbnail\" alt=\"\" \/><\/a>\n\t\t\t\t<\/dt><\/dl><dl class='gallery-item'>\n\t\t\t\t<dt class='gallery-icon landscape'>\n\t\t\t\t\t<a class=\"rollover\" href='https:\/\/www.radiopiu.net\/wordpress\/giornale-radiopiu-17-settembre-2018-diretore-mirko-mezzacasa\/7-il-pannello-allacc-esso-dellarea\/'><img loading=\"lazy\" decoding=\"async\" width=\"150\" height=\"150\" src=\"https:\/\/www.radiopiu.net\/wordpress\/wp-content\/uploads\/2018\/09\/7.-Il-pannello-allacc-esso-dellarea-150x150.jpg\" class=\"attachment-thumbnail size-thumbnail\" alt=\"\" \/><\/a>\n\t\t\t\t<\/dt><\/dl><dl class='gallery-item'>\n\t\t\t\t<dt class='gallery-icon landscape'>\n\t\t\t\t\t<a class=\"rollover\" href='https:\/\/www.radiopiu.net\/wordpress\/giornale-radiopiu-17-settembre-2018-diretore-mirko-mezzacasa\/6-le-sentenze-di-morte\/'><img loading=\"lazy\" decoding=\"async\" width=\"150\" height=\"150\" src=\"https:\/\/www.radiopiu.net\/wordpress\/wp-content\/uploads\/2018\/09\/6.-Le-sentenze-di-morte-150x150.jpg\" class=\"attachment-thumbnail size-thumbnail\" alt=\"\" \/><\/a>\n\t\t\t\t<\/dt><\/dl><br style=\"clear: both\" \/><dl class='gallery-item'>\n\t\t\t\t<dt class='gallery-icon landscape'>\n\t\t\t\t\t<a class=\"rollover\" href='https:\/\/www.radiopiu.net\/wordpress\/giornale-radiopiu-17-settembre-2018-diretore-mirko-mezzacasa\/5-una-microzona-umida\/'><img loading=\"lazy\" decoding=\"async\" width=\"150\" height=\"150\" src=\"https:\/\/www.radiopiu.net\/wordpress\/wp-content\/uploads\/2018\/09\/5.-Una-microzona-umida-150x150.jpg\" class=\"attachment-thumbnail size-thumbnail\" alt=\"\" \/><\/a>\n\t\t\t\t<\/dt><\/dl><dl class='gallery-item'>\n\t\t\t\t<dt class='gallery-icon landscape'>\n\t\t\t\t\t<a class=\"rollover\" href='https:\/\/www.radiopiu.net\/wordpress\/giornale-radiopiu-17-settembre-2018-diretore-mirko-mezzacasa\/4-la-morena-glaciale-tra-le-due-piane\/'><img loading=\"lazy\" decoding=\"async\" width=\"150\" height=\"150\" src=\"https:\/\/www.radiopiu.net\/wordpress\/wp-content\/uploads\/2018\/09\/4.-La-morena-glaciale-tra-le-due-piane-150x150.jpg\" class=\"attachment-thumbnail size-thumbnail\" alt=\"\" \/><\/a>\n\t\t\t\t<\/dt><\/dl><dl class='gallery-item'>\n\t\t\t\t<dt class='gallery-icon landscape'>\n\t\t\t\t\t<a class=\"rollover\" href='https:\/\/www.radiopiu.net\/wordpress\/giornale-radiopiu-17-settembre-2018-diretore-mirko-mezzacasa\/3-il-deserto-di-segatura\/'><img loading=\"lazy\" decoding=\"async\" width=\"150\" height=\"150\" src=\"https:\/\/www.radiopiu.net\/wordpress\/wp-content\/uploads\/2018\/09\/3.-Il-deserto-di-segatura-150x150.jpg\" class=\"attachment-thumbnail size-thumbnail\" alt=\"\" \/><\/a>\n\t\t\t\t<\/dt><\/dl><br style=\"clear: both\" \/>\n\t\t\t<\/div>\n\n<h1>La strage degli innocenti al laghetto delle Peschiere.<\/h1>\n<blockquote><p><em><a class=\"dt-pswp-item\" href=\"http:\/\/www.radiopiu.net\/wordpress\/wp-content\/uploads\/2018\/09\/rebershack.jpg\" data-dt-img-description=\"\" data-large_image_width=\"540\" data-large_image_height=\"281\"><img loading=\"lazy\" decoding=\"async\" class=\"size-medium wp-image-60922 alignleft\" src=\"http:\/\/www.radiopiu.net\/wordpress\/wp-content\/uploads\/2018\/09\/rebershack-300x156.jpg\" alt=\"\" width=\"300\" height=\"156\" srcset=\"https:\/\/www.radiopiu.net\/wordpress\/wp-content\/uploads\/2018\/09\/rebershack-300x156.jpg 300w, https:\/\/www.radiopiu.net\/wordpress\/wp-content\/uploads\/2018\/09\/rebershack.jpg 540w\" sizes=\"auto, (max-width: 300px) 100vw, 300px\" \/><\/a>Il laghetto delle Peschiere all\u2019inizio della valle San Lucano \u00e8 un luogo di pace immerso nella natura. Si tratta di una vera e propria oasi naturaleche rientra nel Sistema 3 delle Dolomiti Unesco patrimonio dell\u2019umanit\u00e0.\u00a0<\/em><em>Il lago si trova in un\u2019area omogenea pi\u00f9 vasta denominata complessivamente le Peschiere, costituita da un vasto margine di residuo morenico formatosi 19.000 anni fa con il ritiro dei ghiacci che occupavano tutta la valle. L\u2019origine del laghetto in realt\u00e0 si fa risalire a 10.000 anni fa, dopo un\u2019ulteriore glaciazione al cui scioglimento vennero depositati ancora detriti morenici che, ostruendo il deflusso delle acque, determinarono la formazione del laghetto.\u00a0<\/em><em>E\u2019 ben noto che in quell\u2019area sono stati avviati i primi interventi per la realizzazione di un progetto di costruzione di un Auditorium nelle piane a ridossso del laghetto. Questi lavori hanno gi\u00e0 compiuto un massacro naturale, una vera e propria strage degli innocenti, con l\u2019abbattimento di bosco formato da larici, abeti, latifoglie. Una vera e propria distruzione sistematica della natura. A testimonianza di questo primo intervento, al quale purtroppo dovrebbero seguirne altri a continuare e completare il sistematico genocidio della natura, stanno i monconi dei morti &#8211; cio\u00e8 i ceppi dei tronchi tagliati -, il deserto di segatura creato dai tagli &#8211; sembra un deserto sahariano di segatura invece che di sabbia -, la temporanea sussistenza dei segnati a morte &#8211; individuati con numerazione rossa i tronchi gi\u00e0 annientati, blu quelii destinati all\u2019esecuzione, con la variante per alcuni di questi ultimi di scortecciatura preannuncio di sterminio definitivo.\u00a0<\/em><em>L\u2019eccidio sta avvenendo su due aree pianeggianti che si trovano verso nord, sul versante orografico sinistro oltre la sponda del lago. Le piane sono divise da una piccola scarpata, evidente segno di un resto di fronte morenico, forse probabili residui di altrettanti laghetti glaciali. Nella piana inferiore subito al di sotto della morena si individuano facilmente alcune piccole microzone umide, evidenti segnali di limitate risorgive che stanno ad indicare la presenza di falde sotterranee. C\u2019\u00e8 da chiedersi cosa suicceder\u00e0 di queste falde quando entreranno in funzione le ruspe per livellare la superficie delle due piane, con la conseguenza della facilmente ipotizzabile sparizione del fronte morenico essitente: in poco tempo si distrugger\u00e0 quello che la natura ha costruito in millenni. Ma la stoltezza umana sa fare male in pochissimo tempo quello che la sapienza naturale ha realizzato nel corso di millenni.\u00a0<\/em><em>All\u2019accesso della zona del laghetto delle Peschiere si trova un pannello di legno dove sono affissi avvisi e insegne. Uno di questi avvisi, che in vita al rispetto e alla pulizia del luogo, termina con queste parole scritte in caratteri cubitali: \u00abPIU\u2019 CIVILTA\u2019 PIU\u2019 BELLEZZA\u00bb. Ma da che pulpito arrfiva la predica? Forse \u00abpi\u00f9 civilt\u00e0 pi\u00f9 bellezza\u00bb significa distruzione totale della natura, intervento dissennato che porta all\u2019alterazione degli equiilibri, sostituzione di bosco-acqua e flora-fauna con manufatti di cubature artificiali? C\u2019\u00e8 proprio da chiedersi: a chi giova tutto questo obbrobrioso sterminio?<\/em><\/p><\/blockquote>\n<p><strong>Maurizio Reberschak<\/strong><\/p>\n<p>&nbsp;<\/p>\n<p>&nbsp;<\/p>\n<p>&nbsp;<\/p>\n<p>&nbsp;<\/p>\n<p>&nbsp;<\/p>\n<h1>IL MUSEO DEI POMPIERI, 10 ANNI DI COMPLIMENTI<\/h1>\n\n\t\t\t<style type='text\/css'>\n\t\t\t\t#gallery-2 {\n\t\t\t\t\tmargin: auto;\n\t\t\t\t}\n\t\t\t\t#gallery-2 .gallery-item {\n\t\t\t\t\tfloat: left;\n\t\t\t\t\tmargin-top: 10px;\n\t\t\t\t\ttext-align: center;\n\t\t\t\t\twidth: 33%;\n\t\t\t\t}\n\t\t\t\t#gallery-2 img {\n\t\t\t\t\tborder: 2px solid #cfcfcf;\n\t\t\t\t}\n\t\t\t\t#gallery-2 .gallery-caption {\n\t\t\t\t\tmargin-left: 0;\n\t\t\t\t}\n\t\t\t\t\/* see gallery_shortcode() in wp-includes\/media.php *\/\n\t\t\t<\/style>\n\t\t<div id='gallery-2' class='dt-gallery-container gallery galleryid-60871 gallery-columns-3 gallery-size-thumbnail'><dl class='gallery-item'>\n\t\t\t\t<dt class='gallery-icon landscape'>\n\t\t\t\t\t<a class=\"rollover\" href='https:\/\/www.radiopiu.net\/wordpress\/?attachment_id=60869'><img loading=\"lazy\" decoding=\"async\" width=\"150\" height=\"150\" src=\"https:\/\/www.radiopiu.net\/wordpress\/wp-content\/uploads\/2018\/09\/WhatsApp-Image-2018-09-16-at-13.39.14-150x150.jpeg\" class=\"attachment-thumbnail size-thumbnail\" alt=\"\" \/><\/a>\n\t\t\t\t<\/dt><\/dl><dl class='gallery-item'>\n\t\t\t\t<dt class='gallery-icon portrait'>\n\t\t\t\t\t<a class=\"rollover\" href='https:\/\/www.radiopiu.net\/wordpress\/?attachment_id=60868'><img loading=\"lazy\" decoding=\"async\" width=\"150\" height=\"150\" src=\"https:\/\/www.radiopiu.net\/wordpress\/wp-content\/uploads\/2018\/09\/WhatsApp-Image-2018-09-16-at-12.35.25-150x150.jpeg\" class=\"attachment-thumbnail size-thumbnail\" alt=\"\" \/><\/a>\n\t\t\t\t<\/dt><\/dl><dl class='gallery-item'>\n\t\t\t\t<dt class='gallery-icon portrait'>\n\t\t\t\t\t<a class=\"rollover\" href='https:\/\/www.radiopiu.net\/wordpress\/?attachment_id=60866'><img loading=\"lazy\" decoding=\"async\" width=\"150\" height=\"150\" src=\"https:\/\/www.radiopiu.net\/wordpress\/wp-content\/uploads\/2018\/09\/WhatsApp-Image-2018-09-16-at-12.34.14-150x150.jpeg\" class=\"attachment-thumbnail size-thumbnail\" alt=\"\" \/><\/a>\n\t\t\t\t<\/dt><\/dl><br style=\"clear: both\" \/>\n\t\t\t<\/div>\n\n<p><strong>TAIBON<\/strong> Splendida festa quella di ieri\u00a0 con la messa a San Cipriano e la cerimonia ufficiale nel museo in centro al paese alla presenza dei sindaci SIlvia Tormen di Taibon e Bruno Zanvit di Voltago. Da Belluno il comandante dei Vigili del fuoco Franco Magrin e tanti amici dei pompieri che non hanno voluto mancare al decimo anniversario dell&#8217;inaugurazione del museo dei vigili del fuoco volontari di Agordo.<\/p>\n<p>&nbsp;<\/p>\n<p><strong>IL SINDACO SILVIA TORMEN<\/strong><\/p>\n<audio class=\"wp-audio-shortcode\" id=\"audio-60871-3\" preload=\"none\" style=\"width: 100%;\" controls=\"controls\"><source type=\"audio\/mpeg\" src=\"http:\/\/www.radiopiu.net\/wordpress\/wp-content\/uploads\/2018\/09\/SILVIA.mp3?_=3\" \/><a href=\"http:\/\/www.radiopiu.net\/wordpress\/wp-content\/uploads\/2018\/09\/SILVIA.mp3\">http:\/\/www.radiopiu.net\/wordpress\/wp-content\/uploads\/2018\/09\/SILVIA.mp3<\/a><\/audio>\n<p><strong>IL SINDACO BRUNO ZANVIT<\/strong><\/p>\n<audio class=\"wp-audio-shortcode\" id=\"audio-60871-4\" preload=\"none\" style=\"width: 100%;\" controls=\"controls\"><source type=\"audio\/mpeg\" src=\"http:\/\/www.radiopiu.net\/wordpress\/wp-content\/uploads\/2018\/09\/ZANVITA.mp3?_=4\" \/><a href=\"http:\/\/www.radiopiu.net\/wordpress\/wp-content\/uploads\/2018\/09\/ZANVITA.mp3\">http:\/\/www.radiopiu.net\/wordpress\/wp-content\/uploads\/2018\/09\/ZANVITA.mp3<\/a><\/audio>\n<p><strong>IL COMANDANTE FRANCO MAGRIN<\/strong><\/p>\n<audio class=\"wp-audio-shortcode\" id=\"audio-60871-5\" preload=\"none\" style=\"width: 100%;\" controls=\"controls\"><source type=\"audio\/mpeg\" src=\"http:\/\/www.radiopiu.net\/wordpress\/wp-content\/uploads\/2018\/09\/MAGRIN.mp3?_=5\" \/><a href=\"http:\/\/www.radiopiu.net\/wordpress\/wp-content\/uploads\/2018\/09\/MAGRIN.mp3\">http:\/\/www.radiopiu.net\/wordpress\/wp-content\/uploads\/2018\/09\/MAGRIN.mp3<\/a><\/audio>\n<p><strong>IL PRESIDENTE MARCO VIGILANTE<\/strong><\/p>\n<p>&nbsp;<\/p>\n<audio class=\"wp-audio-shortcode\" id=\"audio-60871-6\" preload=\"none\" style=\"width: 100%;\" controls=\"controls\"><source type=\"audio\/mpeg\" src=\"http:\/\/www.radiopiu.net\/wordpress\/wp-content\/uploads\/2018\/09\/MARCO-VIGILANTE.mp3?_=6\" \/><a href=\"http:\/\/www.radiopiu.net\/wordpress\/wp-content\/uploads\/2018\/09\/MARCO-VIGILANTE.mp3\">http:\/\/www.radiopiu.net\/wordpress\/wp-content\/uploads\/2018\/09\/MARCO-VIGILANTE.mp3<\/a><\/audio>\n<p>PER IL VIDEO CLICCA QUI:\u00a0 \u00a0 <strong><span style=\"color: #0000ff;\">\u00a0<a style=\"color: #0000ff;\" href=\"https:\/\/www.facebook.com\/mirko.mezzacasa\/videos\/10217823143997130\/\">IL VIDEO\u00a0<\/a><\/span><\/strong><\/p>\n<p>&nbsp;<\/p>\n<h1><\/h1>\n<blockquote>\n<h1><\/h1>\n<\/blockquote>\n<h1>Centraline idroelettriche, D&#8217;Inc\u00e0 (M5S): \u201cIl far west sta per finire, ecco come tutto cambier\u00e0\u201d<\/h1>\n<p><a class=\"dt-pswp-item\" href=\"http:\/\/www.radiopiu.net\/wordpress\/wp-content\/uploads\/2018\/07\/DInc\u00e0-festa-vitalizi.jpg\" data-dt-img-description=\"\" data-large_image_width=\"1264\" data-large_image_height=\"1280\"><img loading=\"lazy\" decoding=\"async\" class=\" wp-image-53845 alignleft\" src=\"http:\/\/www.radiopiu.net\/wordpress\/wp-content\/uploads\/2018\/07\/DInc\u00e0-festa-vitalizi-296x300.jpg\" alt=\"\" width=\"115\" height=\"117\" srcset=\"https:\/\/www.radiopiu.net\/wordpress\/wp-content\/uploads\/2018\/07\/DInc\u00e0-festa-vitalizi-296x300.jpg 296w, https:\/\/www.radiopiu.net\/wordpress\/wp-content\/uploads\/2018\/07\/DInc\u00e0-festa-vitalizi-768x778.jpg 768w, https:\/\/www.radiopiu.net\/wordpress\/wp-content\/uploads\/2018\/07\/DInc\u00e0-festa-vitalizi-1011x1024.jpg 1011w, https:\/\/www.radiopiu.net\/wordpress\/wp-content\/uploads\/2018\/07\/DInc\u00e0-festa-vitalizi.jpg 1264w\" sizes=\"auto, (max-width: 115px) 100vw, 115px\" \/><\/a><strong>ROMA<\/strong> Battute finali per il far west delle centraline idroelettriche: ad annunciarlo \u00e8 il parlamentare veneto del Movimento 5 Stelle Federico D&#8217;Inc\u00e0, che ha seguito da vicino il procedimento relativo al nuovo Decreto Incentivi. In sostanza non verr\u00e0 concessa alcuna autorizzazione agli impianti che non corrisponderanno alle direttive a impatto zero previste dalla nuova normativa<\/p>\n<audio class=\"wp-audio-shortcode\" id=\"audio-60871-7\" preload=\"none\" style=\"width: 100%;\" controls=\"controls\"><source type=\"audio\/mpeg\" src=\"http:\/\/www.radiopiu.net\/wordpress\/wp-content\/uploads\/2018\/09\/DInc\u00e0-M5S-Stop-al-far-west-dellidroelettrico.mp3?_=7\" \/><a href=\"http:\/\/www.radiopiu.net\/wordpress\/wp-content\/uploads\/2018\/09\/DInc\u00e0-M5S-Stop-al-far-west-dellidroelettrico.mp3\">http:\/\/www.radiopiu.net\/wordpress\/wp-content\/uploads\/2018\/09\/DInc\u00e0-M5S-Stop-al-far-west-dellidroelettrico.mp3<\/a><\/audio>\n<p><strong>Nota tecnica &#8211;\u00a0<\/strong>Le istanze in istruttoria relative agli impianti idroelettrici hanno per lungo tempo e di fatto bypassato le disposizioni di recepimento della Direttiva Quadro Acque (DQA) 2000\/60. Si tratta di istanze presentate prima che fossero\u00a0adottati\u00a0tutta una serie di atti\u00a0conseguenti\u00a0alla apertura della procedura PILOT 6011\/2014 per recuperare i ritardi nel recepimento della DQA, e che per questo motivo\u00a0verrebbero\u00a0escluse dalla loro applicazione.\u00a0Nello specifico sono le istanze presentate\u00a0prima della\u00a0corretta classificazione dei corpi idrici recepita\u00a0nel\u00a0marzo 2016 e alle Misure di Tutela per idroelettrico in esso contenute\u00a0(applicabili solo alle nuove istanze presentate dopo la pubblicazione della delibera stessa),\u00a0prima della\u00a0piena operativit\u00e0 del Decreto Direttoriale STA del Ministero Ambiente 29 del febbraio 2017 \u201dLinee Guida per le valutazioni ambientali ex ante da effettuare per le domande di derivazione idrica&#8230;\u201d\u00a0e prima\u00a0che\u00a0l\u2019Autorit\u00e0 di Bacino Distrettuale adeguasse\u00a0gli approcci metodologici da utilizzare nei territori di competenza,\u00a0alle\u00a0Linee Guida\u00a0citate del decreto. Inoltre le autorizzazioni rilasciate in Provincia di Belluno\u00a0fino\u00a02016, sono state quasi tutte escluse dalla valutazione di impatto ambientale dalla direttiva della Regione 2834\/2009, in violazione della Direttiva 2011\/92\/UE.<\/p>\n<p>&nbsp;<\/p>\n<p>&nbsp;<\/p>\n<p>&nbsp;<\/p>\n<p>&nbsp;<\/p>\n<p>&nbsp;<\/p>\n<h1>\u00abAVANTI CON L&#8217;AUTONOMIA NIENTE FRENATE O RETROMARCE\u00bb<\/h1>\n<p><strong><a class=\"dt-pswp-item\" href=\"http:\/\/www.radiopiu.net\/wordpress\/wp-content\/uploads\/2015\/12\/bard.jpg\" data-dt-img-description=\"\" data-large_image_width=\"128\" data-large_image_height=\"128\"><img loading=\"lazy\" decoding=\"async\" class=\" wp-image-14147 alignleft\" src=\"http:\/\/www.radiopiu.net\/wordpress\/wp-content\/uploads\/2015\/12\/bard.jpg\" alt=\"\" width=\"172\" height=\"172\" \/><\/a>BELLUNO-BARD\u00a0\u00a0<\/strong>\u00abNella battaglia per l&#8217;autonomia del Veneto, che deve portare necessariamente benefici e risultati alla Provincia di Belluno, noi stiamo con il Presidente Zaia. Non \u00e8 pi\u00f9 il tempo delle frenate o delle retromarce, n\u00e9 da parte del Governo n\u00e9 di chi fino a pochi mesi fa guidava questo Paese\u00bb: il movimento Belluno Autonoma Regione Dolomiti torna a chiedere azioni per la concretizzazione dell&#8217;autonomia regionale e provinciale, quando manca poco pi\u00f9 di un mese al primo anniversario dei referendum. \u00abIl sottosegretario Bressa si deve rassegnare: la Costituzione prevede la possibilit\u00e0 di delegare fino a tutte le 23 materie e la trattativa Veneto-Stato, se ci sar\u00e0, dovr\u00e0 essere su tutte, senza per questo portare questa Regione al pari di regioni e province a statuto speciale. &#8211; sottolineano dal Bard \u2013 Gi\u00e0, le province: anche quelle sono ancora in Costituzione, nonostante il fallito tentativo del Partito Democratico di eliminarle&#8230;\u00bb \u00abAnche le retromarce del Movimento 5 Stelle non sono accettabili. &#8211; proseguono dal movimento \u2013 In Veneto e a Belluno i loro rappresentanti si sono spesi per i referendum autonomisti, ed a livello nazionale hanno siglato un contratto con un partito che non ha certo fatto mistero di voler chiudere questa partita in breve tempo\u00bb\u00a0 Dal BARD tornano a mettere al centro dell&#8217;attenzione anche il \u201cpieno ripristino\u201d della Provincia di Belluno: \u00abSe veramente per il primo anniversario dei referendum arriver\u00e0 l&#8217;accordo tra Regione e Governo, allora \u00e8 necessario accelerare per capire come cambier\u00e0 il ruolo della Provincia. &#8211; sottolineano \u2013 Bisogna portare a casa competenze e risorse, sul modello di quanto gi\u00e0 accade a Sondrio e potrebbe accadere a Verbania, se passasse il referendum per il cambio di regione del prossimo 21 ottobre. Non dimentichiamo, poi, la questione elettivit\u00e0, vero snodo per poter governare con decisione un territorio: da tempo giace in Senato una proposta della Lega per il ripristino del voto popolare; lo stesso Ministro dell&#8217;Interno ha sottolineato il ruolo delle province, soprattutto nelle aree periferiche, e i suoi candidati alle ultime elezioni politiche nel Bellunese hanno ribadito l&#8217;intenzione di abrogare la legge Delrio. Ora li attendiamo alla prova dei fatti\u00bb.<\/p>\n<p>&nbsp;<\/p>\n<p>&nbsp;<\/p>\n<p>&nbsp;<\/p>\n<p>&nbsp;<\/p>\n<p>&nbsp;<\/p>\n<h1>GLI ACCESSI PER RIVAMONTE DA AGORDO<\/h1>\n<p><strong><a class=\"dt-pswp-item\" href=\"http:\/\/www.radiopiu.net\/wordpress\/wp-content\/uploads\/2018\/07\/rivamonte.jpg\" data-dt-img-description=\"\" data-large_image_width=\"259\" data-large_image_height=\"194\"><img loading=\"lazy\" decoding=\"async\" class=\"size-full wp-image-54941 alignleft\" src=\"http:\/\/www.radiopiu.net\/wordpress\/wp-content\/uploads\/2018\/07\/rivamonte.jpg\" alt=\"\" width=\"259\" height=\"194\" \/><\/a><\/strong><\/p>\n<p>&nbsp;<\/p>\n<p>&nbsp;<\/p>\n<p><strong>RIVAMONTE<\/strong> Il sindaco di Rivamonte Nino Deon interviene sugli accessi stretti e pericolosi per la strada di Rivamonte a partire da Ponte Alto. L&#8217;attenzione della Giunta comunale. Oggi scadono i termini di presentazione dei bandi e il Comune si presenta con due progettualita&#8217;.<\/p>\n<p><strong>DI GIANNI SANTOMASO<\/strong><\/p>\n<audio class=\"wp-audio-shortcode\" id=\"audio-60871-8\" preload=\"none\" style=\"width: 100%;\" controls=\"controls\"><source type=\"audio\/mpeg\" src=\"http:\/\/www.radiopiu.net\/wordpress\/wp-content\/uploads\/2018\/09\/GIANNI1.mp3?_=8\" \/><a href=\"http:\/\/www.radiopiu.net\/wordpress\/wp-content\/uploads\/2018\/09\/GIANNI1.mp3\">http:\/\/www.radiopiu.net\/wordpress\/wp-content\/uploads\/2018\/09\/GIANNI1.mp3<\/a><\/audio>\n<p>&nbsp;<\/p>\n<p>&nbsp;<\/p>\n<p>&nbsp;<\/p>\n<p>&nbsp;<\/p>\n<blockquote><p>&nbsp;<\/p><\/blockquote>\n<h1>NEVEGAL: RIPERCUSSIONE NEL RESTO DELLA PROVINCIA<\/h1>\n<p><strong><a class=\"dt-pswp-item\" href=\"http:\/\/www.radiopiu.net\/wordpress\/wp-content\/uploads\/2017\/08\/renzo-minella-presidente-dolomiti-turismo.jpg\" data-dt-img-description=\"\" data-large_image_width=\"190\" data-large_image_height=\"270\"><img loading=\"lazy\" decoding=\"async\" class=\" wp-image-36028 alignleft\" src=\"http:\/\/www.radiopiu.net\/wordpress\/wp-content\/uploads\/2017\/08\/renzo-minella-presidente-dolomiti-turismo.jpg\" alt=\"\" width=\"106\" height=\"151\" \/><\/a>BELLUNO<\/strong> Sempre pi\u00f9 concreta la possibilit\u00e0 che gli impianti al Nevegal non riaprano. Anche le altre stazioni sciistiche guardano con preoccupazioni a quanto sta accadendo perch\u00e9 inevitabilmente ci sar\u00e0 un calo di interesse per lo sci a partire da iniziare dalla citt\u00e0 capoluogo, ma anche dalle vicine localit\u00e0 della pianura veneta. Ai microfoni di Radio Pi\u00f9 esprime la sua preoccupazione anche Renzo Minella, presidente Anef e responsabile marketing a Falcade e Passo San Pellegrino.<\/p>\n<audio class=\"wp-audio-shortcode\" id=\"audio-60871-9\" preload=\"none\" style=\"width: 100%;\" controls=\"controls\"><source type=\"audio\/mpeg\" src=\"http:\/\/www.radiopiu.net\/wordpress\/wp-content\/uploads\/2018\/09\/minella.mp3?_=9\" \/><a href=\"http:\/\/www.radiopiu.net\/wordpress\/wp-content\/uploads\/2018\/09\/minella.mp3\">http:\/\/www.radiopiu.net\/wordpress\/wp-content\/uploads\/2018\/09\/minella.mp3<\/a><\/audio>\n<p>&nbsp;<\/p>\n<p>&nbsp;<\/p>\n<p>&nbsp;<\/p>\n<p>&nbsp;<\/p>\n<h2>AZZARDO: I VENETI SPENDONO PI\u00d9 DI 6 MILIARDI L\u2019ANNO IN VIDEOSLOT E SCOMMESSE \u2013 ASSESSORE LANZARIN, \u201cGIOCO PATOLOGICO PIAGA NASCOSTA, IN ARRIVO NUOVA LEGGE REGIONALE DI PREVENZIONE E CONTRASTO\u201d<\/h2>\n<p>audio, Luisa Alchini<\/p>\n<audio class=\"wp-audio-shortcode\" id=\"audio-60871-10\" preload=\"none\" style=\"width: 100%;\" controls=\"controls\"><source type=\"audio\/mpeg\" src=\"http:\/\/www.radiopiu.net\/wordpress\/wp-content\/uploads\/2018\/09\/1venetogioco.mp3?_=10\" \/><a href=\"http:\/\/www.radiopiu.net\/wordpress\/wp-content\/uploads\/2018\/09\/1venetogioco.mp3\">http:\/\/www.radiopiu.net\/wordpress\/wp-content\/uploads\/2018\/09\/1venetogioco.mp3<\/a><\/audio>\n<p><strong>VENEZIA\u00a0\u00a0<\/strong>Lo scorso anno i veneti hanno speso in giochi e scommesse oltre 6 miliardi di euro, per la precisione 6 miliardi e 106 milioni. E\u2019 come se ogni residente, neonati e centenari compresi, avesse giocato 1245 euro a testa. A certificare i volumi delle giocate in Veneto sono le anteprime del \u2018Libro blu\u2019 dell\u2019Agenzia nazionale delle Dogane e dei Monopoli. Nel 2017 i veneti hanno speso in giochi e scommesse 276 milioni in pi\u00f9 del 2015. In tutta Italia la spesa per l\u2019azzardo \u00e8 stata di 101,85 miliardi di euro, lievitata del 142 % in dieci anni. Tanto per avere un idea sul volume delle giocate in Veneto, nel solo 2017, gli incassi dell\u2019industria del gioco &#8211; tra videolottery e sale-bingo, agenzie di scommesse, lotto, Gratta&amp;vinci e Winforlife &#8211; superano il costo complessivo per la realizzazione del Mose. La \u2018parte del leone\u2019 la fanno le slot e le videolottery, posizionate nei bar, ristoranti, esercizi pubblici di ogni tipo: lo scorso anno le circa 40 mila \u2018macchinette\u2019 disseminate in Veneto hanno inghiottito 4,7 miliardi di euro, pari al 77 per cento delle scommesse complessive nel territorio regionale. \u201cI dati dell\u2019agenzia del Monopolio evidenziano un continuo incremento dei volumi del gioco d\u2019azzardo \u2013 segnala l\u2019assessore regionale alle politiche sociali, Manuela Lanzarin \u2013 Il Veneto risulta essere la quinta regione in Italia, dopo Lombardia, Lazio Campania ed Emilia Romagna. Ma schizza al terzo posto per cifre giocate alle cosiddette \u2018macchinette\u2019, Awp (pi\u00f9 semplici e a basse giocate) e Vlt (di nuova generazione e con possibilit\u00e0 di vincite pi\u00f9 lucrose), preceduto solo dalle pi\u00f9 popolose Lombardia e Lazio. Senza rendersene conto, i giocatori abituali si sottopongono ad una sorta di prelievo forzoso, di cui beneficiano l\u2019erario (per il 12 per cento, pari in Veneto a 765 milioni di gettito nel 2017), la filiera dell\u2019industria del gioco (che ha guadagnato circa l\u201911 per cento del volume delle scommesse in Veneto) e la \u2018dea bendata\u2019, che redistribuisce il monte-premi secondo le \u2018regole\u2019 dell\u2019azzardo, per cui \u00e8 il banco a vincere sempre\u201d. Disaggregati per provincia, i volumi delle giocate relativi a Awp e Vdl denotano una netta propensione per le \u2018macchinette\u2019 degli abitanti del Polesine che lo scorso anno hanno scommesso 1470 euro a testa, seguiti dai veneziani (1051 euro a testa, compresi neonati e centenari), dai veronesi con 1114 euro a persona e dagli abitanti della Marca (900 euro a testa). Meno dipendenti dalle \u2018macchinette\u2019 risultano essere i padovani, con scommesse di 792 euro pro capite, e i bellunesi con 779 euro a testa. \u201cSono numeri allarmanti, perch\u00e9 slot e videolottery sono dispositivi elettronici che favoriscono un utilizzo compulsivo, isolano i giocatori e creano una vera e propria dipendenza patologica \u2013 prosegue l\u2019assessore \u2013 Nel 2016 i giocatori problematici in Veneto risultavano essere 32.500 e i potenziali \u2018malati di gioco patologico\u2019 sono stimati tra i 3200 e i 3700. Ma solo la met\u00e0 di questi si rivolge ai servizi pubblici per chiedere un aiuto a uscire dalla spirale della ludopatia, ormai riconosciuta come vera e propria patologia da prevenire e curare\u201d. La Giunta regionale del Veneto ha varato lo scorso anno un piano regionale di prevenzione e contrasto in collaborazione con le Ulss, i Serd e le associazioni del territorio, stanziando 5,3 milioni di euro (di cui circa 4 provenienti dal Fondo nazionale di contrasto al gioco patologico) per sostenere campagne di sensibilizzazione, la formazione degli operatori, interventi di cura ed esperienze di mutuo-auto-aiuto. E in questi giorni ha approvato un disegno di legge, inviato al Consiglio regionale per la sua approvazione definitiva, per sostenere l\u2019iniziativa degli enti territoriali, dei servizi sociosanitari e delle agenzie educative negli interventi di prevenzione e contrato. I 15 articoli della legge-quadro proposta dalla Giunta \u2013 riassume l\u2019assessore Lanzarin, prima proponente del testo \u2013 prevedono distanze minime dei \u2018punti gioco\u2019 dai luoghi di aggregazione sociale (300 metri nei comuni pi\u00f9 piccoli, 500 in quelli con oltre 5 mila abitanti), stop alle aperture ininterrotte delle sale gioco e niente pubblicit\u00e0 di vincite, obbligo di vetrine trasparenti per le sale e le agenzie di scommesse, Irap maggiorata dello 0,92 per cento per gli esercenti che ospitano slot e apparecchiature da gioco. In materia urbanistica e di regolamentazione amministrativa il disegno di legge rimanda ai Comuni, che possono individuare criteri per la dislocazione territoriale dei punti gioco e prevedere incentivi e forme premiali per gli esercenti che disinstallano \u2018macchinette\u2019, slot machines e apparecchiature varie da gioco. Le sanzioni previste per violazioni o mancata osservanza della legge potranno arrivare a 6 mila euro. \u201cMi auguro che il testo sia approvato presto dal Consiglio \u2013 conclude l\u2019assessore \u2013 perch\u00e9 gli enti territoriali hanno bisogno di un riferimento legislativo certo, per imporre distanze minime e misure preventive e affrontare le incertezze dell\u2019attuale quadro normativo. Il dovere dell\u2019istituzione pubblica \u00e8 tutelare la salute dei propri cittadini\u201d.<\/p>\n<p>&nbsp;<\/p>\n<p>&nbsp;<\/p>\n<p>&nbsp;<\/p>\n<p>&nbsp;<\/p>\n<blockquote><p>&nbsp;<\/p><\/blockquote>\n<h1>SAN TOMASO NELL&#8217;ORZO<\/h1>\n<p><strong><a class=\"dt-pswp-item\" href=\"http:\/\/www.radiopiu.net\/wordpress\/wp-content\/uploads\/2018\/09\/37762531_1811999435532142_716709408955957248_n.jpg\" data-dt-img-description=\"\" data-large_image_width=\"960\" data-large_image_height=\"781\"><img loading=\"lazy\" decoding=\"async\" class=\"size-medium wp-image-60890 alignleft\" src=\"http:\/\/www.radiopiu.net\/wordpress\/wp-content\/uploads\/2018\/09\/37762531_1811999435532142_716709408955957248_n-300x244.jpg\" alt=\"\" width=\"300\" height=\"244\" srcset=\"https:\/\/www.radiopiu.net\/wordpress\/wp-content\/uploads\/2018\/09\/37762531_1811999435532142_716709408955957248_n-300x244.jpg 300w, https:\/\/www.radiopiu.net\/wordpress\/wp-content\/uploads\/2018\/09\/37762531_1811999435532142_716709408955957248_n-768x625.jpg 768w, https:\/\/www.radiopiu.net\/wordpress\/wp-content\/uploads\/2018\/09\/37762531_1811999435532142_716709408955957248_n.jpg 960w\" sizes=\"auto, (max-width: 300px) 100vw, 300px\" \/><\/a><\/strong><\/p>\n<p>&nbsp;<\/p>\n<p>&nbsp;<\/p>\n<p>&nbsp;<\/p>\n<p>&nbsp;<\/p>\n<p><strong>SAN TOMASO<\/strong> Anche quest&#8217;anno sono stati giorni di festa ricchi di eventi a San Tomaso con la festa dell&#8217;orzo. Pesca di beneficenza,\u00a0 1^ edizione \u201cFigure fantastiche dei boschi delle Dolomiti\u201d,\u00a0\u00a0mostra mercato prodotti tipici e artigianato locale,\u00a0\u00a0gruppi folcloristici e musica folk e Rock,\u00a0\u00a0elezione \u201cR\u00e8 o regina dei Carfogn\u201d,\u00a0\u00a0voli sulla Zipline pi\u00f9 alta delle Dolomiti,\u00a0\u00a0osservazione del cielo al Planetario di S. Tomaso,\u00a0 \u00a0piatti tipici con degustazioni di birre artigianali, gelato alla birra e le \u201cfortaie\u201d. Con la partecipazione di: Le Mondine, 3Got Down, Djs Jack\u2019n\u2019Lallo, El Canfin, i Tirataie. Un&#8217;altra scommessa vinta per Comune, Proloco un esercito di volontari, un&#8217;intero paese. Abbiamo chiesto al sindaco Moreno De Val un punto riassuntivo dell&#8217;evento di paese che ha coinvolto una provincia.<\/p>\n<audio class=\"wp-audio-shortcode\" id=\"audio-60871-11\" preload=\"none\" style=\"width: 100%;\" controls=\"controls\"><source type=\"audio\/mpeg\" src=\"http:\/\/www.radiopiu.net\/wordpress\/wp-content\/uploads\/2018\/09\/moreno3.mp3?_=11\" \/><a href=\"http:\/\/www.radiopiu.net\/wordpress\/wp-content\/uploads\/2018\/09\/moreno3.mp3\">http:\/\/www.radiopiu.net\/wordpress\/wp-content\/uploads\/2018\/09\/moreno3.mp3<\/a><\/audio>\n<p>&nbsp;<\/p>\n<p>&nbsp;<\/p>\n<p>&nbsp;<\/p>\n<blockquote><p>&nbsp;<\/p><\/blockquote>\n<h1>GRONES RISPONDE A DA ROIT<\/h1>\n<p><strong><a class=\"dt-pswp-item\" href=\"http:\/\/www.radiopiu.net\/wordpress\/wp-content\/uploads\/2017\/08\/Leandro-Grones.jpg\" data-dt-img-description=\"\" data-large_image_width=\"1280\" data-large_image_height=\"853\"><img loading=\"lazy\" decoding=\"async\" class=\"size-medium wp-image-35242 alignleft\" src=\"http:\/\/www.radiopiu.net\/wordpress\/wp-content\/uploads\/2017\/08\/Leandro-Grones-300x200.jpg\" alt=\"\" width=\"300\" height=\"200\" \/><\/a><\/strong><\/p>\n<p>&nbsp;<\/p>\n<p><strong>LIVINALLONGO<\/strong> Ancora interventi sulla ristrutturazione del Pronto Soccorso di Agordo, il sindaco di Livinallongo Leandro Grones ribatte all&#8217;ultimo intervento di Sisto Da Roit. Scambio di lettere e ulteriori delucidazioni e spiegazioni sui verbali<\/p>\n<p><strong>di GIANNI SANTOMASO<\/strong><\/p>\n<p>&nbsp;<\/p>\n<audio class=\"wp-audio-shortcode\" id=\"audio-60871-12\" preload=\"none\" style=\"width: 100%;\" controls=\"controls\"><source type=\"audio\/mpeg\" src=\"http:\/\/www.radiopiu.net\/wordpress\/wp-content\/uploads\/2018\/09\/GIANNI3.mp3?_=12\" \/><a href=\"http:\/\/www.radiopiu.net\/wordpress\/wp-content\/uploads\/2018\/09\/GIANNI3.mp3\">http:\/\/www.radiopiu.net\/wordpress\/wp-content\/uploads\/2018\/09\/GIANNI3.mp3<\/a><\/audio>\n<p>&nbsp;<\/p>\n<h1><\/h1>\n<p>&nbsp;<\/p>\n<blockquote><p>&nbsp;<\/p><\/blockquote>\n<h1>GRANDE GUERRA, CONVEGNO IN VAL BIOIS<\/h1>\n<p><strong><a class=\"dt-pswp-item\" href=\"http:\/\/www.radiopiu.net\/wordpress\/wp-content\/uploads\/2018\/09\/convegno-cedos.jpg\" data-dt-img-description=\"\" data-large_image_width=\"3645\" data-large_image_height=\"5148\"><img loading=\"lazy\" decoding=\"async\" class=\"size-medium wp-image-60543 alignleft\" src=\"http:\/\/www.radiopiu.net\/wordpress\/wp-content\/uploads\/2018\/09\/convegno-cedos-212x300.jpg\" alt=\"\" width=\"212\" height=\"300\" srcset=\"https:\/\/www.radiopiu.net\/wordpress\/wp-content\/uploads\/2018\/09\/convegno-cedos-212x300.jpg 212w, https:\/\/www.radiopiu.net\/wordpress\/wp-content\/uploads\/2018\/09\/convegno-cedos-768x1085.jpg 768w, https:\/\/www.radiopiu.net\/wordpress\/wp-content\/uploads\/2018\/09\/convegno-cedos-725x1024.jpg 725w\" sizes=\"auto, (max-width: 212px) 100vw, 212px\" \/><\/a>FALCADE\u00a0<\/strong> Dopo cinque anni ed una settantina di eventi organizzati in Valle del Biois il Comitato Grande Guerra\u00a0 ha ospiato a Caviola, presso la casa della giovent\u00f9, un importante convegno con otto relatori che hanno illustrato i molteplici aspetti della Grande Guerra in montagna. L\u2019evento finale degli incontri estivi che, dal 2014 ad oggi, hanno voluto essere\u00a0&#8220;Memoria&#8221; del conflitto che devast\u00f2 l&#8217;Europa. Il Comitato Grande Guerra Val Biois ha promosso ed organizzato numerose conferenze, incontri, mostre, concerti e manifestazioni allo scopo non di celebrare, ma di ricordare.\u00a0 Particolarit\u00e0 dell\u2019iniziativa \u00e8 stata la sinergia con le Valli vicine, accomunate per essere state anch\u2019esse teatro di guerra. Ogni anno sono state raccolti in un libretto illustrativo i vari eventi della Val del Bi\u00f3is, Val Cordevole, Fodom e Val di Fassa. Sull&#8217;evento del fine settimana in Valle del Biois Luca Luchetta, tra i relatori alla casa della gioventu&#8217;<\/p>\n<audio class=\"wp-audio-shortcode\" id=\"audio-60871-13\" preload=\"none\" style=\"width: 100%;\" controls=\"controls\"><source type=\"audio\/mpeg\" src=\"http:\/\/www.radiopiu.net\/wordpress\/wp-content\/uploads\/2018\/09\/LUCA-LUCHETTA.mp3?_=13\" \/><a href=\"http:\/\/www.radiopiu.net\/wordpress\/wp-content\/uploads\/2018\/09\/LUCA-LUCHETTA.mp3\">http:\/\/www.radiopiu.net\/wordpress\/wp-content\/uploads\/2018\/09\/LUCA-LUCHETTA.mp3<\/a><\/audio>\n<blockquote>\n<h1><\/h1>\n<\/blockquote>\n<h1><\/h1>\n<blockquote>\n<h3>Sabato 15 settembre ha avuto luogo ad Andraz di Livinallongo l\u2019 <strong>INCONTRO DI COLLEZIONISTI SUL TEMA DELLA GRANDE GUERRA<\/strong><\/h3>\n<\/blockquote>\n<p><strong>LIVINALLONGO<\/strong>\u00a0Hanno partecipato\u00a0 una trentina di addetti ai lavori, intervenuti tramite\u00a0 invito diretto e numerosi altri\u00a0 appassionati grazie all\u2019annuncio di RadioPi\u00f9. Tutti hanno apprezzato l\u2019iniziativa con un confronto nel pi\u00f9 classico clima del collezionismo, confortati da un\u2019ambientazione discreta e accogliente che migliore non poteva essere; il materiale pi\u00f9 apprezzato \u00e8 stato quello delle cartoline d\u2019epoca, fotografie e documenti:<em> &#8220;Di questo ringrazio tutti i partecipanti (giunti dalle vallate ladine, da altre varie localit\u00e0 della nostra provincia e fin da Padova), la proprietaria di Villa Edelweiss signora Luigina e tutti i collaboratori che hanno dato disponibilit\u00e0&#8221;,<\/em> lo ha detto Giorgio Fontanive promotore dell&#8217;iniziativa. <em>&#8220;L\u2019esito di questo incontro \u00e8 stato quindi assolutamente confortante tanto da prevedere &#8211; come richiesto da pi\u00f9 voci &#8211; almeno una cadenza annuale sulla base di questo indirizzario al quale verranno aggiunti altri nominativi di chi ne far\u00e0 richiesta; saranno graditi eventuali suggerimenti&#8221;.<\/em><\/p>\n<h1><a class=\"dt-pswp-item\" href=\"http:\/\/www.radiopiu.net\/wordpress\/wp-content\/uploads\/2018\/09\/Collezionisti-Andraz-1-.jpg\" data-dt-img-description=\"\" data-large_image_width=\"1085\" data-large_image_height=\"724\"><img loading=\"lazy\" decoding=\"async\" class=\"alignnone size-medium wp-image-60971\" src=\"http:\/\/www.radiopiu.net\/wordpress\/wp-content\/uploads\/2018\/09\/Collezionisti-Andraz-1--300x200.jpg\" alt=\"\" width=\"300\" height=\"200\" srcset=\"https:\/\/www.radiopiu.net\/wordpress\/wp-content\/uploads\/2018\/09\/Collezionisti-Andraz-1--300x200.jpg 300w, https:\/\/www.radiopiu.net\/wordpress\/wp-content\/uploads\/2018\/09\/Collezionisti-Andraz-1--768x512.jpg 768w, https:\/\/www.radiopiu.net\/wordpress\/wp-content\/uploads\/2018\/09\/Collezionisti-Andraz-1--1024x683.jpg 1024w, https:\/\/www.radiopiu.net\/wordpress\/wp-content\/uploads\/2018\/09\/Collezionisti-Andraz-1-.jpg 1085w\" sizes=\"auto, (max-width: 300px) 100vw, 300px\" \/><\/a><a class=\"dt-pswp-item\" href=\"http:\/\/www.radiopiu.net\/wordpress\/wp-content\/uploads\/2018\/09\/Collezionisti-Andraz-2-.jpg\" data-dt-img-description=\"\" data-large_image_width=\"1050\" data-large_image_height=\"700\"><img loading=\"lazy\" decoding=\"async\" class=\"alignnone size-medium wp-image-60972\" src=\"http:\/\/www.radiopiu.net\/wordpress\/wp-content\/uploads\/2018\/09\/Collezionisti-Andraz-2--300x200.jpg\" alt=\"\" width=\"300\" height=\"200\" srcset=\"https:\/\/www.radiopiu.net\/wordpress\/wp-content\/uploads\/2018\/09\/Collezionisti-Andraz-2--300x200.jpg 300w, https:\/\/www.radiopiu.net\/wordpress\/wp-content\/uploads\/2018\/09\/Collezionisti-Andraz-2--768x512.jpg 768w, https:\/\/www.radiopiu.net\/wordpress\/wp-content\/uploads\/2018\/09\/Collezionisti-Andraz-2--1024x683.jpg 1024w, https:\/\/www.radiopiu.net\/wordpress\/wp-content\/uploads\/2018\/09\/Collezionisti-Andraz-2-.jpg 1050w\" sizes=\"auto, (max-width: 300px) 100vw, 300px\" \/><\/a><\/h1>\n<p>&nbsp;<\/p>\n<p>&nbsp;<\/p>\n<p>&nbsp;<\/p>\n<p>&nbsp;<\/p>\n<h1>TRE GIORNI PER CONTRASTARE LA VIOLENZA CONTRO LE DONNE<\/h1>\n<blockquote><p><em>Una ventina di giovani da tutto il Veneto sono stati ospiti dell&#8217;ostello Altanon e si sono confrontati su stereotipi, luoghi comuni e buone pratiche<\/em><\/p><\/blockquote>\n<p><strong><a class=\"dt-pswp-item\" href=\"http:\/\/www.radiopiu.net\/wordpress\/wp-content\/uploads\/2018\/09\/residenziale-altanon-partecipanti.jpg\" data-dt-img-description=\"\" data-large_image_width=\"1000\" data-large_image_height=\"563\"><img loading=\"lazy\" decoding=\"async\" class=\"size-medium wp-image-60859 alignleft\" src=\"http:\/\/www.radiopiu.net\/wordpress\/wp-content\/uploads\/2018\/09\/residenziale-altanon-partecipanti-300x169.jpg\" alt=\"\" width=\"300\" height=\"169\" srcset=\"https:\/\/www.radiopiu.net\/wordpress\/wp-content\/uploads\/2018\/09\/residenziale-altanon-partecipanti-300x169.jpg 300w, https:\/\/www.radiopiu.net\/wordpress\/wp-content\/uploads\/2018\/09\/residenziale-altanon-partecipanti-768x432.jpg 768w, https:\/\/www.radiopiu.net\/wordpress\/wp-content\/uploads\/2018\/09\/residenziale-altanon-partecipanti.jpg 1000w\" sizes=\"auto, (max-width: 300px) 100vw, 300px\" \/><\/a>SANTA GIUSTINA<\/strong>. Altea si \u00e8 sentita \u00aboggetto, qualche volta, anche in situazioni di tutti i giorni in cui non avevo niente di particolare che poteva indurre sguardi o fischi\u00bb. Federica denuncia \u00abla disparit\u00e0 di genere che si vede troppo spesso in televisione, o nelle pubblicit\u00e0, dove il corpo femminile \u00e8 costantemente oggettivizzato e la rappresentazione classica \u00e8 di una donna nuda o in costume, spesso appariscente, al servizio di un uomo sicuro e ordinato\u00bb. Sofia confida che \u00abmolte delle mie amiche, delle ragazze che conosco sono portate a credere a questi insulti ed \u00e8 questo che le porta a sentirsi male e a diventare oggetto di umiliazioni\u00bb. Le testimonianze raccolte dai giovani e dalle giovani del Veneto che hanno partecipato al residenziale sulla violenza maschile contro le donne di met\u00e0 giugno all&#8217;ostello Altanon di Santa Giustina sono toccanti. Perch\u00e9 si tratta di ragazzi e ragazze giovanissimi, dai 16 ai 19 anni, e perch\u00e9 le loro parole ti toccano dentro e non possono non farti riflettere. Il filo conduttore \u00e8 stato lo scambio di saperi, buone pratiche e tecniche per integrare le rispettive conoscenze sul tema e affinare l&#8217;azione comune per arginare la violenza e creare una comunit\u00e0 pi\u00f9 inclusiva, accogliente e tollerante. Ospiti del residenziale Livia Rocchi, autrice di \u201cLuna Park\u201d (il diario segreto di un bambino che racconta la violenza domestica attraverso la metafora delle giostre); Sara Pretalli (coop Iside), che ha parlato de \u201cGli orfani speciali: chi sono, come stanno e di cosa hanno bisogno\u201d; Simone Da Pra, giovane autore cortinese della canzone \u201cPotrei essere proprio lei\u201d in cui racconta il femminicidio della madre. A chiudere il percorso Antonella Cunico con un laboratorio sul linguaggio di genere. Belluno-Donna \u00e8 stata rappresentata da alcune ragazze del gruppo \u201cRespect Equality\u201d, nato grazie a un bando del Csv Belluno.<\/p>\n<p>&nbsp;<\/p>\n<p>&nbsp;<\/p>\n<p>&nbsp;<\/p>\n<h1>IL NUOVO CAPOLAVORO DI DUNIO A CASA CAGNATI<\/h1>\n<p><strong><a class=\"dt-pswp-item\" href=\"http:\/\/www.radiopiu.net\/wordpress\/wp-content\/uploads\/2018\/09\/IMG_7694.jpg\" data-dt-img-description=\"\" data-large_image_width=\"5152\" data-large_image_height=\"3864\"><img loading=\"lazy\" decoding=\"async\" class=\"size-medium wp-image-60928 alignleft\" src=\"http:\/\/www.radiopiu.net\/wordpress\/wp-content\/uploads\/2018\/09\/IMG_7694-300x225.jpg\" alt=\"\" width=\"300\" height=\"225\" srcset=\"https:\/\/www.radiopiu.net\/wordpress\/wp-content\/uploads\/2018\/09\/IMG_7694-300x225.jpg 300w, https:\/\/www.radiopiu.net\/wordpress\/wp-content\/uploads\/2018\/09\/IMG_7694-768x576.jpg 768w, https:\/\/www.radiopiu.net\/wordpress\/wp-content\/uploads\/2018\/09\/IMG_7694-1024x768.jpg 1024w\" sizes=\"auto, (max-width: 300px) 100vw, 300px\" \/><\/a><\/strong><\/p>\n<p>&nbsp;<\/p>\n<p>&nbsp;<\/p>\n<p>&nbsp;<\/p>\n<p>&nbsp;<\/p>\n<p><strong>FALCADE<\/strong>\u00a0Dunio Piccolin a casa Cagnati nella frazione di Villotta ha realizzato il suo ennesimo affresco\u00a0 presentato dallo storico Bepi Pellegrinon<\/p>\n<p><strong>audio<\/strong><\/p>\n<audio class=\"wp-audio-shortcode\" id=\"audio-60871-14\" preload=\"none\" style=\"width: 100%;\" controls=\"controls\"><source type=\"audio\/mpeg\" src=\"http:\/\/www.radiopiu.net\/wordpress\/wp-content\/uploads\/2018\/09\/Registrazione-inaugurazione-affresco-di-Dunio-a-Villotta-L.Manfroi.m4a?_=14\" \/><a href=\"http:\/\/www.radiopiu.net\/wordpress\/wp-content\/uploads\/2018\/09\/Registrazione-inaugurazione-affresco-di-Dunio-a-Villotta-L.Manfroi.m4a\">http:\/\/www.radiopiu.net\/wordpress\/wp-content\/uploads\/2018\/09\/Registrazione-inaugurazione-affresco-di-Dunio-a-Villotta-L.Manfroi.m4a<\/a><\/audio>\n<p><span style=\"color: #ff0000;\"><strong>galleria foto clicca per ingrandire<\/strong><\/span><\/p>\n\n\t\t\t<style type='text\/css'>\n\t\t\t\t#gallery-3 {\n\t\t\t\t\tmargin: auto;\n\t\t\t\t}\n\t\t\t\t#gallery-3 .gallery-item {\n\t\t\t\t\tfloat: left;\n\t\t\t\t\tmargin-top: 10px;\n\t\t\t\t\ttext-align: center;\n\t\t\t\t\twidth: 33%;\n\t\t\t\t}\n\t\t\t\t#gallery-3 img {\n\t\t\t\t\tborder: 2px solid #cfcfcf;\n\t\t\t\t}\n\t\t\t\t#gallery-3 .gallery-caption {\n\t\t\t\t\tmargin-left: 0;\n\t\t\t\t}\n\t\t\t\t\/* see gallery_shortcode() in wp-includes\/media.php *\/\n\t\t\t<\/style>\n\t\t<div id='gallery-3' class='dt-gallery-container gallery galleryid-60871 gallery-columns-3 gallery-size-thumbnail'><dl class='gallery-item'>\n\t\t\t\t<dt class='gallery-icon landscape'>\n\t\t\t\t\t<a class=\"rollover\" href='https:\/\/www.radiopiu.net\/wordpress\/giornale-radiopiu-17-settembre-2018-diretore-mirko-mezzacasa\/img_7702\/'><img loading=\"lazy\" decoding=\"async\" width=\"150\" height=\"150\" src=\"https:\/\/www.radiopiu.net\/wordpress\/wp-content\/uploads\/2018\/09\/IMG_7702-150x150.jpg\" class=\"attachment-thumbnail size-thumbnail\" alt=\"\" \/><\/a>\n\t\t\t\t<\/dt><\/dl><dl class='gallery-item'>\n\t\t\t\t<dt class='gallery-icon landscape'>\n\t\t\t\t\t<a class=\"rollover\" href='https:\/\/www.radiopiu.net\/wordpress\/giornale-radiopiu-17-settembre-2018-diretore-mirko-mezzacasa\/img_7698\/'><img loading=\"lazy\" decoding=\"async\" width=\"150\" height=\"150\" src=\"https:\/\/www.radiopiu.net\/wordpress\/wp-content\/uploads\/2018\/09\/IMG_7698-150x150.jpg\" class=\"attachment-thumbnail size-thumbnail\" alt=\"\" \/><\/a>\n\t\t\t\t<\/dt><\/dl><dl class='gallery-item'>\n\t\t\t\t<dt class='gallery-icon landscape'>\n\t\t\t\t\t<a class=\"rollover\" href='https:\/\/www.radiopiu.net\/wordpress\/giornale-radiopiu-17-settembre-2018-diretore-mirko-mezzacasa\/la-famiglia-cagnati-con-bepi-pellegrinon-e-dunio\/'><img loading=\"lazy\" decoding=\"async\" width=\"150\" height=\"150\" src=\"https:\/\/www.radiopiu.net\/wordpress\/wp-content\/uploads\/2018\/09\/la-famiglia-Cagnati-con-Bepi-Pellegrinon-e-Dunio-150x150.jpg\" class=\"attachment-thumbnail size-thumbnail\" alt=\"\" \/><\/a>\n\t\t\t\t<\/dt><\/dl><br style=\"clear: both\" \/><dl class='gallery-item'>\n\t\t\t\t<dt class='gallery-icon landscape'>\n\t\t\t\t\t<a class=\"rollover\" href='https:\/\/www.radiopiu.net\/wordpress\/giornale-radiopiu-17-settembre-2018-diretore-mirko-mezzacasa\/img_7687\/'><img loading=\"lazy\" decoding=\"async\" width=\"150\" height=\"150\" src=\"https:\/\/www.radiopiu.net\/wordpress\/wp-content\/uploads\/2018\/09\/IMG_7687-150x150.jpg\" class=\"attachment-thumbnail size-thumbnail\" alt=\"\" \/><\/a>\n\t\t\t\t<\/dt><\/dl><dl class='gallery-item'>\n\t\t\t\t<dt class='gallery-icon landscape'>\n\t\t\t\t\t<a class=\"rollover\" href='https:\/\/www.radiopiu.net\/wordpress\/giornale-radiopiu-17-settembre-2018-diretore-mirko-mezzacasa\/img_7694\/'><img loading=\"lazy\" decoding=\"async\" width=\"150\" height=\"150\" src=\"https:\/\/www.radiopiu.net\/wordpress\/wp-content\/uploads\/2018\/09\/IMG_7694-150x150.jpg\" class=\"attachment-thumbnail size-thumbnail\" alt=\"\" \/><\/a>\n\t\t\t\t<\/dt><\/dl><dl class='gallery-item'>\n\t\t\t\t<dt class='gallery-icon landscape'>\n\t\t\t\t\t<a class=\"rollover\" href='https:\/\/www.radiopiu.net\/wordpress\/giornale-radiopiu-17-settembre-2018-diretore-mirko-mezzacasa\/img_7708\/'><img loading=\"lazy\" decoding=\"async\" width=\"150\" height=\"150\" src=\"https:\/\/www.radiopiu.net\/wordpress\/wp-content\/uploads\/2018\/09\/IMG_7708-150x150.jpg\" class=\"attachment-thumbnail size-thumbnail\" alt=\"\" \/><\/a>\n\t\t\t\t<\/dt><\/dl><br style=\"clear: both\" \/>\n\t\t\t<\/div>\n\n<p>&nbsp;<\/p>\n<p>&nbsp;<\/p>\n<p>&nbsp;<\/p>\n<p>&nbsp;<\/p>\n<h1>GARA DI PALLINETTO IN MEMORIA DI RENATO TREVISSON<\/h1>\n<blockquote><p><em>I FONDI RACCOLTI AL COMITATO D&#8217;INTESA Appuntamento domenica 23 settembre al bar Coppe di Navasa<\/em><\/p><\/blockquote>\n<p><strong>LIMANA<\/strong> Torna anche quest&#8217;anno il tradizionale appuntamento della societ\u00e0 bocciofila Calcestruzzi Frezza con la gara di pallinetto individuale (categorie A-B-C) intitolata alla memoria di Renato Trevisson. Il torneo, ospitato come di consueto nel campo del bar Coppe a Navasa di Limana, si terr\u00e0 nella giornata di domenica 23 settembre. E come da tradizione, anche questo sesto appuntamento sar\u00e0 incentrato sulla promozione della solidariet\u00e0 attraverso lo sport e l&#8217;aggregazione: i fondi raccolti saranno infatti devoluti asostegno del Comitato d&#8217;Intesa di Belluno, che li reinvestir\u00e0 in aiuto a persone in difficolt\u00e0 o per alcune associazioni bellunesi. Alle 18 le premiazioni, l&#8217;estrazione di alcuni premi e poi il momento conviviale corredato da un bel piatto di pastasciutta all&#8217;aperto, tempo permettendo. Hanno aderito i Comitati FIB di Belluno e Treviso con l\u2019animazione di Paolo Capraro.<\/p>\n<p>&nbsp;<\/p>\n<p>&nbsp;<\/p>\n<p>&nbsp;<\/p>\n<p>&nbsp;<\/p>\n<h1>GLI 80 DEL DIRETTORE<\/h1>\n<p><strong>FALCADE<\/strong> Festa e torta da 80 sabato per Emilio Cagnati gi\u00e0 direttore di RADIO PIU&#8217; nei giorni del rilascio della concessione (23 agosto 1990, legge Mammi) accanto alla moglie Dionisia, ai figli Piero, Elena e Catia e ai tanti nipoti. Auguri al nostro direttore.<\/p>\n\n\t\t\t<style type='text\/css'>\n\t\t\t\t#gallery-4 {\n\t\t\t\t\tmargin: auto;\n\t\t\t\t}\n\t\t\t\t#gallery-4 .gallery-item {\n\t\t\t\t\tfloat: left;\n\t\t\t\t\tmargin-top: 10px;\n\t\t\t\t\ttext-align: center;\n\t\t\t\t\twidth: 33%;\n\t\t\t\t}\n\t\t\t\t#gallery-4 img {\n\t\t\t\t\tborder: 2px solid #cfcfcf;\n\t\t\t\t}\n\t\t\t\t#gallery-4 .gallery-caption {\n\t\t\t\t\tmargin-left: 0;\n\t\t\t\t}\n\t\t\t\t\/* see gallery_shortcode() in wp-includes\/media.php *\/\n\t\t\t<\/style>\n\t\t<div id='gallery-4' class='dt-gallery-container gallery galleryid-60871 gallery-columns-3 gallery-size-thumbnail'><dl class='gallery-item'>\n\t\t\t\t<dt class='gallery-icon portrait'>\n\t\t\t\t\t<a class=\"rollover\" href='https:\/\/www.radiopiu.net\/wordpress\/?attachment_id=60863'><img loading=\"lazy\" decoding=\"async\" width=\"150\" height=\"150\" src=\"https:\/\/www.radiopiu.net\/wordpress\/wp-content\/uploads\/2018\/09\/MILI1-150x150.jpeg\" class=\"attachment-thumbnail size-thumbnail\" alt=\"\" \/><\/a>\n\t\t\t\t<\/dt><\/dl><dl class='gallery-item'>\n\t\t\t\t<dt class='gallery-icon portrait'>\n\t\t\t\t\t<a class=\"rollover\" href='https:\/\/www.radiopiu.net\/wordpress\/?attachment_id=60862'><img loading=\"lazy\" decoding=\"async\" width=\"150\" height=\"150\" src=\"https:\/\/www.radiopiu.net\/wordpress\/wp-content\/uploads\/2018\/09\/MILIO2-150x150.jpeg\" class=\"attachment-thumbnail size-thumbnail\" alt=\"\" \/><\/a>\n\t\t\t\t<\/dt><\/dl><dl class='gallery-item'>\n\t\t\t\t<dt class='gallery-icon portrait'>\n\t\t\t\t\t<a class=\"rollover\" href='https:\/\/www.radiopiu.net\/wordpress\/?attachment_id=60861'><img loading=\"lazy\" decoding=\"async\" width=\"150\" height=\"150\" src=\"https:\/\/www.radiopiu.net\/wordpress\/wp-content\/uploads\/2018\/09\/MILIO3-150x150.jpeg\" class=\"attachment-thumbnail size-thumbnail\" alt=\"\" \/><\/a>\n\t\t\t\t<\/dt><\/dl><br style=\"clear: both\" \/>\n\t\t\t<\/div>\n\n<p>&nbsp;<\/p>\n<p>&nbsp;<\/p>\n<p>&nbsp;<\/p>\n<p>&nbsp;<\/p>\n<p>&nbsp;<\/p>\n<p><a class=\"dt-pswp-item\" href=\"http:\/\/www.radiopiu.net\/wordpress\/wp-content\/uploads\/2018\/09\/sport.jpg\" data-dt-img-description=\"\" data-large_image_width=\"800\" data-large_image_height=\"100\"><img loading=\"lazy\" decoding=\"async\" class=\"alignnone wp-image-60761 \" src=\"http:\/\/www.radiopiu.net\/wordpress\/wp-content\/uploads\/2018\/09\/sport.jpg\" alt=\"\" width=\"1368\" height=\"171\" srcset=\"https:\/\/www.radiopiu.net\/wordpress\/wp-content\/uploads\/2018\/09\/sport.jpg 800w, https:\/\/www.radiopiu.net\/wordpress\/wp-content\/uploads\/2018\/09\/sport-300x38.jpg 300w, https:\/\/www.radiopiu.net\/wordpress\/wp-content\/uploads\/2018\/09\/sport-768x96.jpg 768w\" sizes=\"auto, (max-width: 1368px) 100vw, 1368px\" \/><\/a><\/p>\n<p>&nbsp;<\/p>\n<p>&nbsp;<\/p>\n<h1><\/h1>\n<h1 style=\"text-align: left;\">DOMENICA A RIVAMONTE, IN DIRETTA SU RADIO PIU&#8217; IL TROFEO DEI 16 COMUNI<a class=\"dt-pswp-item\" href=\"http:\/\/www.radiopiu.net\/wordpress\/wp-content\/uploads\/2017\/09\/WhatsApp-Image-2017-09-24-at-16.42.22.jpeg\" data-dt-img-description=\"\" data-large_image_width=\"1600\" data-large_image_height=\"1071\"><img loading=\"lazy\" decoding=\"async\" class=\"wp-image-36616 aligncenter\" src=\"http:\/\/www.radiopiu.net\/wordpress\/wp-content\/uploads\/2017\/09\/WhatsApp-Image-2017-09-24-at-16.42.22-1024x685.jpeg\" alt=\"\" width=\"507\" height=\"339\" \/><\/a><\/h1>\n<p><strong>DI GIANNI SANTOMASO<\/strong><\/p>\n<audio class=\"wp-audio-shortcode\" id=\"audio-60871-15\" preload=\"none\" style=\"width: 100%;\" controls=\"controls\"><source type=\"audio\/ogg\" src=\"http:\/\/www.radiopiu.net\/wordpress\/wp-content\/uploads\/2018\/09\/WhatsApp-Ptt-2018-09-16-at-22.03.53.ogg?_=15\" \/><a href=\"http:\/\/www.radiopiu.net\/wordpress\/wp-content\/uploads\/2018\/09\/WhatsApp-Ptt-2018-09-16-at-22.03.53.ogg\">http:\/\/www.radiopiu.net\/wordpress\/wp-content\/uploads\/2018\/09\/WhatsApp-Ptt-2018-09-16-at-22.03.53.ogg<\/a><\/audio>\n<p>&nbsp;<\/p>\n<p>&nbsp;<\/p>\n<p>&nbsp;<\/p>\n<h1>AGORDINI DOMINATORI IN TRENTINO<\/h1>\n<p><strong><a class=\"dt-pswp-item\" href=\"http:\/\/www.radiopiu.net\/wordpress\/wp-content\/uploads\/2018\/09\/41889099_1864740303655517_2383125053010083840_n-1.jpg\" data-dt-img-description=\"\" data-large_image_width=\"960\" data-large_image_height=\"540\"><img loading=\"lazy\" decoding=\"async\" class=\"alignnone wp-image-60893 size-full\" src=\"http:\/\/www.radiopiu.net\/wordpress\/wp-content\/uploads\/2018\/09\/41889099_1864740303655517_2383125053010083840_n-1.jpg\" alt=\"\" width=\"960\" height=\"540\" srcset=\"https:\/\/www.radiopiu.net\/wordpress\/wp-content\/uploads\/2018\/09\/41889099_1864740303655517_2383125053010083840_n-1.jpg 960w, https:\/\/www.radiopiu.net\/wordpress\/wp-content\/uploads\/2018\/09\/41889099_1864740303655517_2383125053010083840_n-1-300x169.jpg 300w, https:\/\/www.radiopiu.net\/wordpress\/wp-content\/uploads\/2018\/09\/41889099_1864740303655517_2383125053010083840_n-1-768x432.jpg 768w\" sizes=\"auto, (max-width: 960px) 100vw, 960px\" \/><\/a><\/strong><\/p>\n<p><strong>MOTORI<\/strong>\u00a0Lino Lena e Nicola Decima, dominatori assoluti in classe A6 al Rallye San Martino di Castrozza e Primiero 2018.<\/p>\n<p><strong>DI ROBERTO BONA\u00a0<\/strong><\/p>\n<audio class=\"wp-audio-shortcode\" id=\"audio-60871-16\" preload=\"none\" style=\"width: 100%;\" controls=\"controls\"><source type=\"audio\/mpeg\" src=\"http:\/\/www.radiopiu.net\/wordpress\/wp-content\/uploads\/2018\/09\/gr-17-rally-lino-lena.mp3?_=16\" \/><a href=\"http:\/\/www.radiopiu.net\/wordpress\/wp-content\/uploads\/2018\/09\/gr-17-rally-lino-lena.mp3\">http:\/\/www.radiopiu.net\/wordpress\/wp-content\/uploads\/2018\/09\/gr-17-rally-lino-lena.mp3<\/a><\/audio>\n<p>&nbsp;<\/p>\n<p>&nbsp;<\/p>\n<p>&nbsp;<\/p>\n<p>&nbsp;<\/p>\n<h1>AGORDINA: I RISULTATI DEL FINE SETTIMANA<\/h1>\n<p class=\"p1\" style=\"text-align: center;\"><strong><span class=\"s1\"><a class=\"dt-pswp-item\" href=\"http:\/\/www.radiopiu.net\/wordpress\/wp-content\/uploads\/2018\/09\/AGORDINA-JUNIORES.jpg\" data-dt-img-description=\"\" data-large_image_width=\"1260\" data-large_image_height=\"710\"><img loading=\"lazy\" decoding=\"async\" class=\"aligncenter wp-image-60897 \" src=\"http:\/\/www.radiopiu.net\/wordpress\/wp-content\/uploads\/2018\/09\/AGORDINA-JUNIORES-1024x577.jpg\" alt=\"\" width=\"505\" height=\"284\" srcset=\"https:\/\/www.radiopiu.net\/wordpress\/wp-content\/uploads\/2018\/09\/AGORDINA-JUNIORES-1024x577.jpg 1024w, https:\/\/www.radiopiu.net\/wordpress\/wp-content\/uploads\/2018\/09\/AGORDINA-JUNIORES-300x169.jpg 300w, https:\/\/www.radiopiu.net\/wordpress\/wp-content\/uploads\/2018\/09\/AGORDINA-JUNIORES-768x433.jpg 768w, https:\/\/www.radiopiu.net\/wordpress\/wp-content\/uploads\/2018\/09\/AGORDINA-JUNIORES.jpg 1260w\" sizes=\"auto, (max-width: 505px) 100vw, 505px\" \/>L&#8217;AGORDINA JUNIORES SCESA IN CAMPO SABATO<\/a><\/span><\/strong><\/p>\n<p>&nbsp;<\/p>\n<p class=\"p1\"><strong><span class=\"s1\">SECONDA CATEGORIA GIR. R\u00a0<\/span><\/strong>AGORDINA &#8211; SOSPIROLESE 3-0\u00a0<span class=\"s1\">GOL: 30\u2019 Dal Don, 38\u2019 e 89\u2019 De Zaiacomo\u00a0<\/span><span class=\"s1\">Primi 3 punti della stagione per l\u2019Agordina. Sul campo di Agordo i ragazzi di De Zaiacomo tengono in mano la partita e Incamerano la prima vittoria. A fare la differenza Flavio De Lazzer e Somma. Nicola De Zaiacomo sigla la doppietta personale e trascina la squadra al primo successo.<\/span><\/p>\n<p class=\"p1\"><span class=\"s1\">La Sospirolese gioca meglio nei primi minuti di gara. A salvare il risultato dopo 10\u2019 \u00e8 Somma che con una bella parata spedisce il pallone a lato. La squadra di Agordo inizia a macinare gioco e al 30\u2019 passa in vantaggio. A sbloccare il punteggio ci pensa Dal Don su assist di De Lazzer. Somma salva ancora il risultato poco dopo. Continuano a premere gli agordini che incrementano poco dopo con De Zaiacomo ancora una volta con un passaggio perfetto di Flavio De Lazzer. Gli agordini hanno in mano la partita. Somma continua a fare miracoli e il punteggio rimane invariato. Nel finale di gara il tris dell\u2019Agordina arriva ancora da De Zaiacomo. L\u2019attaccante agordino viene servito da Cancel e a tu per tu con il portiere non sbaglia infilando sul palo pi\u00f9 lontano la sfera.<\/span><\/p>\n<p>&nbsp;<\/p>\n<hr \/>\n<h1><strong>LE GIOVANILI\u00a0<\/strong><\/h1>\n<p><b>JUNIORES PROVINCIALI\u00a0\u00a0<\/b>AGORDINA \u2013 DOMEGGE 3-2<\/p>\n<p>Buona la prima per la squadra di De Bastiani che sul campo di Taibon vince la partita d&#8217;esordio e mette in saccoccia i primi 3 punti della stagione. Buona prestazione degli under 19 che tengono bene il campo e chiudono la partita nel secondo tempo. La gara si sblocca al 12&#8242; con De Luca. Il raddoppio degli agordini al 20&#8242; della ripresa con Luca Crepaz. Il Domegge accorcia e Matthias Crepaz sigla il terzo gol agordino. Gli ospiti trovano il secondo gol nel finale. Prossima partita in trasferta con il Limana.<\/p>\n<p><b>ALLIEVI PROVINCIALI\u00a0\u00a0<\/b>ALPAGO \u2013 AGORDINA 2-2 Termina con un pareggio la prima uscita stagionale della squadra allenata da Orzetti. 2 a 2 in terra alpagotta dopo una partita combattuta e dal risultato giusto. Un punto importante per l&#8217;Agordina. L&#8217;Alpago passa in vantaggio al 15&#8242; ma Baiolla pareggia i conti al 35&#8242;. Bella prestazione del portiere dell&#8217;Agordina che nella prima frazione salva il risultato con una bella parata. Nella ripresa la squadra di Agordo gioca meglio e si porta in vantaggio ancora con Baiolla. Nel finale di gara cala la concentrazione degli agordini che subiscono il gol del pareggio dai padroni di casa. Prossima partita in casa contro il Pizzocco<\/p>\n<p><b>GIOVANISSIMI PROVINCIALI\u00a0\u00a0<\/b>DOMEGGE \u2013 AGORDINA 1-2 Subito una vittoria per la squadra allenata da Alessandro De Lazzer che incamera i 3 punti in terra cadorina contro il Domegge. Ottimo inizio per l&#8217;Agordina che inaugura al meglio la stagione. I padroni di casa passano in vantaggio su rigore nel primo tempo. La squadra di Agordo ingrana la marcia giusta e rimonta con i gol di Marcon e Mezzacasa. Prossima partita in casa contro il Limana<\/p>\n<p>&nbsp;<\/p>\n<p>&nbsp;<\/p>\n<p>&nbsp;<\/p>\n<p>&nbsp;<\/p>\n<h1>FIORI BARP MAS&#8230;SCONFITTA A CAERANO<\/h1>\n<p class=\"p1\"><strong><span class=\"s1\">CAERANO &#8211; FIORI BARP MAS 1-0\u00a0<\/span><\/strong><span class=\"s1\">GOL: 29\u2019 Buffon (r)<\/span><\/p>\n<p class=\"p1\"><span class=\"s1\"><a class=\"dt-pswp-item\" href=\"http:\/\/www.radiopiu.net\/wordpress\/wp-content\/uploads\/2015\/07\/calcio-ballone-goal.jpg\" data-dt-img-description=\"\" data-large_image_width=\"1300\" data-large_image_height=\"614\"><img loading=\"lazy\" decoding=\"async\" class=\"size-medium wp-image-8308 alignleft\" src=\"http:\/\/www.radiopiu.net\/wordpress\/wp-content\/uploads\/2015\/07\/calcio-ballone-goal-300x142.jpg\" alt=\"\" width=\"300\" height=\"142\" \/><\/a>Prima trasferta e prima sconfitta per il Fiori Barp Mas. \u00c8 bastato un rigore nella prima frazione e il Caerano ha incamerato i 3 punti. Match difficile per la squadra di Mas che non \u00e8 riuscita ad impensierire i trevigiani.\u00a0<\/span><span class=\"s1\">Parte bene il Fiori Barp che si fa pericoloso fin da subito. Il Caerano esce poco dopo e si vede annullare un gol. Al 29\u2019 i trevigiani passano in vantaggio. Fallo in area di Fontanive e calcio di rigore. Buffon trasforma dagli 11 metri. Nella ripresa il Caerano continua a premere e va vicino al raddoppio in un paio di occasioni. Il portiere del Fiori Barp para un rigore a Buffon salvando il risultato. Iniziano le girandole di cambi ma la squadra di Mas non riesce a infilare il pallone in porta.<\/span><\/p>\n<p>&nbsp;<\/p>\n<p>&nbsp;<\/p>\n<p>&nbsp;<\/p>\n<h1>ALLEGHE HOCKEY: LE PARTITE DEL FINE SETTIMANA<\/h1>\n<p class=\"p1\"><strong><span class=\"s1\"><a class=\"dt-pswp-item\" href=\"http:\/\/www.radiopiu.net\/wordpress\/wp-content\/uploads\/2018\/08\/hockey-team-3311629_1280.jpg\" data-dt-img-description=\"\" data-large_image_width=\"1280\" data-large_image_height=\"853\"><img loading=\"lazy\" decoding=\"async\" class=\"size-medium wp-image-59185 alignleft\" src=\"http:\/\/www.radiopiu.net\/wordpress\/wp-content\/uploads\/2018\/08\/hockey-team-3311629_1280-300x200.jpg\" alt=\"\" width=\"300\" height=\"200\" srcset=\"https:\/\/www.radiopiu.net\/wordpress\/wp-content\/uploads\/2018\/08\/hockey-team-3311629_1280-300x200.jpg 300w, https:\/\/www.radiopiu.net\/wordpress\/wp-content\/uploads\/2018\/08\/hockey-team-3311629_1280-768x512.jpg 768w, https:\/\/www.radiopiu.net\/wordpress\/wp-content\/uploads\/2018\/08\/hockey-team-3311629_1280-1024x682.jpg 1024w, https:\/\/www.radiopiu.net\/wordpress\/wp-content\/uploads\/2018\/08\/hockey-team-3311629_1280.jpg 1280w\" sizes=\"auto, (max-width: 300px) 100vw, 300px\" \/><\/a>ALLEGHE &#8211; PRIMA SQUADRA\u00a0<\/span><\/strong><span class=\"s1\">L\u2019Alleghe termina la serie di test match con un triangolare a Pergine dove , oltre alla squadra di casa, ha partecipato anche il Fiemme. Le civette hanno giocato nella giornata di sabato le due partite ed ha vinto 2 a 1 contro il Fiemme e perso 2 a 1 contro il Pergine. Ultimo test prima dell\u2019inizio del campionato di IHL in programma sabato prossimo. Gli alleghi inaugureranno la stagione all\u2019Alvise De Toni di Alleghe, sabato alle 18, contro il Como.<\/span><\/p>\n<hr \/>\n<p class=\"p1\"><strong><span class=\"s1\">UNDER 19\u00a0<\/span><span class=\"s1\">ALLEGHE &#8211; MILANO 8-0\u00a0<\/span><\/strong><span class=\"s1\">PARZIALI: 3-0, 2-0, 3-0\u00a0<\/span><span class=\"s1\">GOL ALLEGHE: pt. 0\u201922\u201d Soppelsa, 9\u201932\u201d De Francesco, 10\u201900\u201d Ploner. st. 4\u201910\u201d Ploner, 7\u201953\u201d Soppelsa. tt. 3\u201938\u201d e 8\u201921\u201d De Toni, 13\u201950\u201d Giolai<\/span><\/p>\n<p class=\"p1\"><span class=\"s1\">Tutto facile per l\u2019under 19 dell\u2019Alleghe che al De Toni supera con facilit\u00e0 il Milano. Partita a senso unico con gli agordini all\u2019attacco dall\u2019inizio alla fine. I milanesi tirano in porta per sole 9 volte contro le 54 delle civette. Soppelsa, De Francesco e Ploner vanno a segno nel primo tempo. Ploner e Soppelsa si ripetono nella seconda frazione mentre nell\u2019ultimo drittel arriva la doppietta di Edgar de Toni e il gol di Giolai.<\/span><\/p>\n<hr \/>\n<p class=\"p1\"><strong><span class=\"s1\">UNDER 17\u00a0<\/span><span class=\"s1\">FASSA\/ALLEGHE &#8211; VIPITENO 2-5\u00a0<\/span><\/strong><span class=\"s1\">PARZIALI: 0-1, 1-4, 1-0\u00a0<\/span><span class=\"s1\">GOL FASSA\/ALLEGHE: Thomas De Silvestro, Marwin Martini<\/span><\/p>\n<p class=\"p1\"><span class=\"s1\">Esordio amaro per l\u2019under 17 dell\u2019Alleghe che viene sconfitta dal Vipiteno che nel secondo tempo dilaga e lascia pochi spazi agli avversari.\u00a0<\/span>Ospiti in vantaggio nella prima frazione. Nel secondo drittel il Vipiteno mette al sicuro il risultato con altre 4 marcature. De Silvestro accorcia le distanze a fine frazione. Martini sigla la seconda rete per gli alleghesi\/fassani a fine partita.<\/p>\n<p>&nbsp;<\/p>\n<p>&nbsp;<\/p>\n<p>&nbsp;<\/p>\n<p>&nbsp;<\/p>\n<p><a class=\"dt-pswp-item\" href=\"http:\/\/www.radiopiu.net\/wordpress\/wp-content\/uploads\/2018\/08\/METEO-PREVISIONI.jpeg\" data-dt-img-description=\"\" data-large_image_width=\"1280\" data-large_image_height=\"768\"><img loading=\"lazy\" decoding=\"async\" class=\"alignnone wp-image-57212\" src=\"http:\/\/www.radiopiu.net\/wordpress\/wp-content\/uploads\/2018\/08\/METEO-PREVISIONI-300x180.jpeg\" alt=\"\" width=\"339\" height=\"203\" srcset=\"https:\/\/www.radiopiu.net\/wordpress\/wp-content\/uploads\/2018\/08\/METEO-PREVISIONI-300x180.jpeg 300w, https:\/\/www.radiopiu.net\/wordpress\/wp-content\/uploads\/2018\/08\/METEO-PREVISIONI-768x461.jpeg 768w, https:\/\/www.radiopiu.net\/wordpress\/wp-content\/uploads\/2018\/08\/METEO-PREVISIONI-1024x614.jpeg 1024w, https:\/\/www.radiopiu.net\/wordpress\/wp-content\/uploads\/2018\/08\/METEO-PREVISIONI.jpeg 1280w\" sizes=\"auto, (max-width: 339px) 100vw, 339px\" \/><\/a><\/p>\n<h1>PREVISIONI DEL TEMPO, DA OGGI A GIOVEDI<\/h1>\n<p><center><b>Lunedi 17<\/b><\/center><b>Tempo atteso: <\/b>Tempo solo in parte soleggiato con cielo poco\/parzialmente nuvoloso per possibili nubi basse mattutine, specie sui settori prealpini, addensamenti diurni e qualche velatura, con rischio che rimarr\u00e0 ancora contenuto di fenomeni. Clima diurno quasi estivo nei settori pi\u00f9 assolati.<br \/>\n<b>Precipitazioni: <\/b>Al mattino assenti (0%); nelle ore pi\u00f9 calde non escluso qualche isolato piovasco (20\/30%).<br \/>\n<b>Temperature: <\/b>Senza notevoli variazioni, o in lieve rialzo le minime nelle valli in caso di nubi basse. Su Prealpi a 1500 m min 12\u00b0C max 15\u00b0C, a 2000 m min 10\u00b0C max 12\u00b0C. Su Dolomiti a 2000 m min 9\u00b0C max 13\u00b0C, a 3000 m min 2\u00b0C max 5\u00b0C.<br \/>\n<b>Venti: <\/b>Nelle valli da deboli a moderati a regime di brezza; in quota generalmente deboli in rotazione da Ovest a Sud, a 5-10 km\/h a 2000 m, 5-20 km\/h a 3000 m.<\/p>\n<hr \/>\n<p><center><b>Martedi 18<\/b><\/center><b>Tempo atteso: <\/b>Tempo abbastanza soleggiato con minore rischio di nubi basse e cielo da poco a parzialmente nuvoloso per cumuli diurni e qualche velatura, che non si esclude possano provocare qualche isolato fenomeno. Clima sempre quasi estivo.<br \/>\n<b>Precipitazioni: <\/b>Al mattino assenti (0%); al pomeriggio possibili locali rovesci, isolatamente anche temporaleschi, un po&#8217; pi\u00f9 probabile sulle Prealpi (30\/40%).<br \/>\n<b>Temperature: <\/b>Minime in lieve calo nelle valli, stazionarie in quota; massime senza notevoli variazioni. Su Prealpi a 1500 m min 13\u00b0C max 16\u00b0C, a 2000 m min 9\u00b0C max 11\u00b0C. Su Dolomiti a 2000 m min 9\u00b0C max 13\u00b0C, a 3000 m min 2\u00b0C max 5\u00b0C.<br \/>\n<b>Venti: <\/b>Nelle valli da deboli a moderati a regime di brezza; in quota generalmente deboli da Sud-Ovest, a 5-10 km\/h a 2000 m, 5-15 km\/h a 3000 m.<\/p>\n<hr \/>\n<p><center><b>Mercoledi 19<\/b><\/center>Tempo sempre abbastanza soleggiato, con la consueta attivit\u00e0 cumuliforme diurna, con un rischio di qualche locale fenomeno di instabilit\u00e0 un po&#8217; pi\u00f9 probabile al pomeriggio sulle Dolomiti. Clima sempre caldo quasi estivo.<\/p>\n<hr \/>\n<p><center><b>Giovedi 20<\/b><\/center>Tempo perlopi\u00f9 soleggiato e stabile, con ampi tratti soleggiati mattutini, modesta nuvolosit\u00e0 cumuliforme diurna, cui non si esclude possa associarsi qualche isolato rovescio. Lieve calo termico diurno. Previsore: G.M.<\/p>\n<p>&nbsp;<\/p>\n","protected":false},"excerpt":{"rendered":"<p>LE CODE CHE SI POTREBBERO EVITARE CENCENIGHE Ieri si \u00e8 ripetuto il problema della settimana prima tra Cencenighe ed Alleghe, eppure era prevedibile ed evitabile. Infatti nel pieno della &#8220;crisi&#8221; gli uomini di Veneto Strade sono intervenuti a mettere mano a quel semaforo che ha creato la solita lunga coda tra Cencenighe e Avoscan, Poche&hellip;<\/p>\n","protected":false},"author":1,"featured_media":60919,"comment_status":"closed","ping_status":"closed","sticky":false,"template":"","format":"standard","meta":{"_monsterinsights_skip_tracking":false,"_monsterinsights_sitenote_active":false,"_monsterinsights_sitenote_note":"","_monsterinsights_sitenote_category":0,"footnotes":""},"categories":[1,86,49],"tags":[],"class_list":["post-60871","post","type-post","status-publish","format-standard","has-post-thumbnail","hentry","category-senza-categoria","category-gr","category-news-18","category-1","category-86","category-49","description-off"],"img_url":"https:\/\/www.radiopiu.net\/wordpress\/wp-content\/uploads\/2018\/09\/incidente-auto-moto-falcade-1.jpg","_links":{"self":[{"href":"https:\/\/www.radiopiu.net\/wordpress\/wp-json\/wp\/v2\/posts\/60871","targetHints":{"allow":["GET"]}}],"collection":[{"href":"https:\/\/www.radiopiu.net\/wordpress\/wp-json\/wp\/v2\/posts"}],"about":[{"href":"https:\/\/www.radiopiu.net\/wordpress\/wp-json\/wp\/v2\/types\/post"}],"author":[{"embeddable":true,"href":"https:\/\/www.radiopiu.net\/wordpress\/wp-json\/wp\/v2\/users\/1"}],"replies":[{"embeddable":true,"href":"https:\/\/www.radiopiu.net\/wordpress\/wp-json\/wp\/v2\/comments?post=60871"}],"version-history":[{"count":0,"href":"https:\/\/www.radiopiu.net\/wordpress\/wp-json\/wp\/v2\/posts\/60871\/revisions"}],"wp:featuredmedia":[{"embeddable":true,"href":"https:\/\/www.radiopiu.net\/wordpress\/wp-json\/wp\/v2\/media\/60919"}],"wp:attachment":[{"href":"https:\/\/www.radiopiu.net\/wordpress\/wp-json\/wp\/v2\/media?parent=60871"}],"wp:term":[{"taxonomy":"category","embeddable":true,"href":"https:\/\/www.radiopiu.net\/wordpress\/wp-json\/wp\/v2\/categories?post=60871"},{"taxonomy":"post_tag","embeddable":true,"href":"https:\/\/www.radiopiu.net\/wordpress\/wp-json\/wp\/v2\/tags?post=60871"}],"curies":[{"name":"wp","href":"https:\/\/api.w.org\/{rel}","templated":true}]}}