{"id":60974,"date":"2018-09-17T14:10:09","date_gmt":"2018-09-17T12:10:09","guid":{"rendered":"http:\/\/www.radiopiu.net\/wordpress\/?p=60974"},"modified":"2018-09-17T14:10:09","modified_gmt":"2018-09-17T12:10:09","slug":"progetto-family-arrivano-le-adesioni-anche-del-mondo-sindacale","status":"publish","type":"post","link":"https:\/\/www.radiopiu.net\/wordpress\/progetto-family-arrivano-le-adesioni-anche-del-mondo-sindacale\/","title":{"rendered":"Progetto Family: arrivano le adesioni anche del mondo sindacale."},"content":{"rendered":"<p><strong>FELTRE\u00a0<\/strong> Accelerazione d&#8217;inizio autunno per il il Progetto Family, l&#8217;iniziativa del Comune di Feltre tesa a mettere in atto sull&#8217;intero territorio, sia in spazi del Comune stesso che in luoghi privati aperti al pubblico (negozi, esercizi pubblici e strutture ricettive, ma anche attivit\u00e0 di altra natura economica e professionale), una serie di interventi dedicati alle famiglie con figli. E&#8217; di questi giorni infatti la notizia che hanno dato l&#8217;adesione al progetto anche due importanti organizzazioni sindacali della Provincia, la CGIL e la CISL.<br \/>\n\u201cLa CGIL e lo SPI CGIL di Belluno valutano il Progetto Family promosso dal Comune di Feltre e dall\u2019assessora Nicoletto come una prima interessante iniziativa di creazione di spazi e servizi a supporto della famiglia, della genitorialit\u00e0 e delle donne in particolare. Proporre azioni pensate per agevolare la vita delle donne, dentro e fuori il lavoro, in particolare per facilitare la gestione delle sequenze della quotidianit\u00e0, \u00e8 uno sforzo intelligente che coinvolge tutta una comunit\u00e0 e che rende piu\u2019 sereno e sostenibile il vivere nei nostri comuni. E\u2019 un\u2019azione di Welfare che nasce nel territorio, utile a migliorare \u201ci tempi di vita\u201d e quindi l\u2019adesione di CGIL e SPI non poteva che essere immediata.<br \/>\nSiamo poi favorevoli a portare nelle nostre sedi un pezzo del progetto Family, che agevoli le famiglie e che le accolga con maggiore sensibilit\u00e0 quando si rivolgono ai servizi che la CGIL, lo SPI e le altre categorie sindacali propongono alla cittadinanza.\u201d, il commento del segretario generale della CGIL di Belluno Mauro De Carli e di Maria Rita Gentilin, dello SPI CGIL di Feltre.<br \/>\n\u201cSmart working, part-time, flessibilit\u00e0 sono gli interventi che, anche grazie alla contrattazione, la Cisl si impegna a favorire; ma la conciliazione fra vita professionale, sociale e impegni familiari devono diffondersi sempre di pi\u00f9 in tutti i luoghi, anche dove vengono offerti servizi (uffici, negozi, ecc.). Abbiamo accettato con grande entusiasmo la proposta di questo progetto da parte dell\u2019assessore Nicoletto, perch\u00e9 servono idee e progetti innovativi, che sappiano includere pi\u00f9 soggetti possibili per sensibilizzare, creare cultura al tema delle pari opportunit\u00e0 e attenzione alle famiglie\u201d, commenta Rudy Roffar\u00e8, segretario generale aggiunto della CISL di Belluno-Treviso.<br \/>\nL&#8217;adesione al \u201cProgetto Family\u201d da parte delle organizzazioni \u00e8 volontaria e gratuita e avviene attraverso la \u201cLettera di interesse&#8221;, nella quale ogni soggetto dichiara di operare in ambiti o settori in linea con le finalit\u00e0 espresse dal Progetto e che \u00e8 sensibile ai temi della comunit\u00e0 educante.<br \/>\nPer quanto riguarda il 2018 la presentazione delle adesioni al progetto con possibilit\u00e0 di accedere al sistema premiante scadr\u00e0 il 21 settembre.<br \/>\n&#8220;Questo progetto rappresenta un passo importante nel segno della promozione della cultura dell&#8217;accoglienza nei confronti dei nuclei familiari, sottolinea l&#8217;Assessora alle Politiche Familiari Debora Nicoletto. Oggi siamo sempre pi\u00f9 chiamati a &#8220;vendere&#8221; i nostri servizi e la nostra immagine, oltre ai nostri prodotti o alle nostre bellezze turistiche. Il buon riscontro avuto in questa prima fase da parte degli operatori economici della citt\u00e0 ci incoraggia a proseguire su questa strada, convinti che la promozione delle buone pratiche, anched sul piano culturale, sia oggi uno strumento imprescindibile di crescita per la citt\u00e0 tutta&#8221;, conclude Nicoletto.<\/p>\n<p>Tutte le informazioni e la modulistica di adesione al Progetto Family sono reperibili sul sito www.comune.feltre.bl.it.<\/p>\n","protected":false},"excerpt":{"rendered":"<p>FELTRE\u00a0 Accelerazione d&#8217;inizio autunno per il il Progetto Family, l&#8217;iniziativa del Comune di Feltre tesa a mettere in atto sull&#8217;intero territorio, sia in spazi del Comune stesso che in luoghi privati aperti al pubblico (negozi, esercizi pubblici e strutture ricettive, ma anche attivit\u00e0 di altra natura economica e professionale), una serie di interventi dedicati alle&hellip;<\/p>\n","protected":false},"author":1,"featured_media":54316,"comment_status":"closed","ping_status":"closed","sticky":false,"template":"","format":"standard","meta":{"_monsterinsights_skip_tracking":false,"_monsterinsights_sitenote_active":false,"_monsterinsights_sitenote_note":"","_monsterinsights_sitenote_category":0,"footnotes":""},"categories":[49],"tags":[],"class_list":["post-60974","post","type-post","status-publish","format-standard","has-post-thumbnail","hentry","category-news-18","category-49","description-off"],"img_url":"https:\/\/www.radiopiu.net\/wordpress\/wp-content\/uploads\/2018\/07\/Debora_large.jpg","_links":{"self":[{"href":"https:\/\/www.radiopiu.net\/wordpress\/wp-json\/wp\/v2\/posts\/60974","targetHints":{"allow":["GET"]}}],"collection":[{"href":"https:\/\/www.radiopiu.net\/wordpress\/wp-json\/wp\/v2\/posts"}],"about":[{"href":"https:\/\/www.radiopiu.net\/wordpress\/wp-json\/wp\/v2\/types\/post"}],"author":[{"embeddable":true,"href":"https:\/\/www.radiopiu.net\/wordpress\/wp-json\/wp\/v2\/users\/1"}],"replies":[{"embeddable":true,"href":"https:\/\/www.radiopiu.net\/wordpress\/wp-json\/wp\/v2\/comments?post=60974"}],"version-history":[{"count":0,"href":"https:\/\/www.radiopiu.net\/wordpress\/wp-json\/wp\/v2\/posts\/60974\/revisions"}],"wp:featuredmedia":[{"embeddable":true,"href":"https:\/\/www.radiopiu.net\/wordpress\/wp-json\/wp\/v2\/media\/54316"}],"wp:attachment":[{"href":"https:\/\/www.radiopiu.net\/wordpress\/wp-json\/wp\/v2\/media?parent=60974"}],"wp:term":[{"taxonomy":"category","embeddable":true,"href":"https:\/\/www.radiopiu.net\/wordpress\/wp-json\/wp\/v2\/categories?post=60974"},{"taxonomy":"post_tag","embeddable":true,"href":"https:\/\/www.radiopiu.net\/wordpress\/wp-json\/wp\/v2\/tags?post=60974"}],"curies":[{"name":"wp","href":"https:\/\/api.w.org\/{rel}","templated":true}]}}