{"id":61019,"date":"2018-09-18T06:16:05","date_gmt":"2018-09-18T04:16:05","guid":{"rendered":"http:\/\/www.radiopiu.net\/wordpress\/?p=61019"},"modified":"2018-09-18T06:25:05","modified_gmt":"2018-09-18T04:25:05","slug":"giacche-verdi-bellunesi-associazione-accreditata-per-interventi-assistiti-con-gli-animali-a-mezzo-cavallo","status":"publish","type":"post","link":"https:\/\/www.radiopiu.net\/wordpress\/giacche-verdi-bellunesi-associazione-accreditata-per-interventi-assistiti-con-gli-animali-a-mezzo-cavallo\/","title":{"rendered":"\u201cGIACCHE VERDI\u201d BELLUNESI ASSOCIAZIONE ACCREDITATA PER INTERVENTI ASSISTITI CON GLI ANIMALI A MEZZO CAVALLO"},"content":{"rendered":"<h1><\/h1>\n<blockquote><p><em>Il Raggruppamento Veneto si occupa da anni di fornire un servizio di \u201cippoterapia\u201d a centri diurni, associazioni di persone con disabilit\u00e0 e ragazzi delle scuole della Provincia<\/em><\/p><\/blockquote>\n<p><a class=\"dt-pswp-item\" href=\"http:\/\/www.radiopiu.net\/wordpress\/wp-content\/uploads\/2018\/09\/Tavolo-tecnico-elaborazione-esperienza-con-le-operatrici-del-SIS-e-l-equipe-IAA-a-mezzo-del-cavallo.jpeg\" data-dt-img-description=\"\" data-large_image_width=\"1506\" data-large_image_height=\"1130\"><img loading=\"lazy\" decoding=\"async\" class=\"size-medium wp-image-61006 alignleft\" src=\"http:\/\/www.radiopiu.net\/wordpress\/wp-content\/uploads\/2018\/09\/Tavolo-tecnico-elaborazione-esperienza-con-le-operatrici-del-SIS-e-l-equipe-IAA-a-mezzo-del-cavallo-300x225.jpeg\" alt=\"\" width=\"300\" height=\"225\" srcset=\"https:\/\/www.radiopiu.net\/wordpress\/wp-content\/uploads\/2018\/09\/Tavolo-tecnico-elaborazione-esperienza-con-le-operatrici-del-SIS-e-l-equipe-IAA-a-mezzo-del-cavallo-300x225.jpeg 300w, https:\/\/www.radiopiu.net\/wordpress\/wp-content\/uploads\/2018\/09\/Tavolo-tecnico-elaborazione-esperienza-con-le-operatrici-del-SIS-e-l-equipe-IAA-a-mezzo-del-cavallo-768x576.jpeg 768w, https:\/\/www.radiopiu.net\/wordpress\/wp-content\/uploads\/2018\/09\/Tavolo-tecnico-elaborazione-esperienza-con-le-operatrici-del-SIS-e-l-equipe-IAA-a-mezzo-del-cavallo-1024x768.jpeg 1024w, https:\/\/www.radiopiu.net\/wordpress\/wp-content\/uploads\/2018\/09\/Tavolo-tecnico-elaborazione-esperienza-con-le-operatrici-del-SIS-e-l-equipe-IAA-a-mezzo-del-cavallo.jpeg 1506w\" sizes=\"auto, (max-width: 300px) 100vw, 300px\" \/><\/a>Dalla fine di marzo 2018 gli operatori del Raggruppamento Giacche Verdi Veneto, specializzati al centro di formazione ANIRE (Associazione Nazionale Riabilitazione Equestre) di Milano e operativi da anni nell&#8217;ambito della riabilitazione equestre, sono stati riconosciuti dal Centro Referenza Nazionale per svolgere IAA (interventi assistiti con animali) per l&#8217;attivit\u00e0 specifica a mezzo cavallo, secondo le nuove regole. La normativa \u00e8 cambiata in base all&#8217;accordo Stato-Regioni del 25 marzo 2015. Il raggruppamento si \u00e8 dovuto pertanto adeguare con un lavoro burocratico notevole e oneroso, portato avanti prevalentemente dalla segreteria regionale, in collaborazione con gli operatori stessi e i volontari tutti. Il percorso di adeguamento normativo \u00e8 durato pi\u00f9 di un mese e il riconoscimento di tutti gli operatori \u00e8 arrivato ufficialmente a fine aprile. Tra i cambiamenti pi\u00f9 evidenti la costituzione di un&#8217;equipe, che varia a seconda si tratti di TAA (terapia assistita), EAA (educazione) o AAA (attivit\u00e0), composta da varie figure che comprendono i coadiutori del cavallo, i referenti di intervento (operatori in ambito sanitario, pedagogico, psicologico ed educativo), il responsabile di progetto (medico specializzato), il responsabile di attivit\u00e0 e il medico veterinario esperto in interventi assistiti. Importante, alla luce delle nuove normative, il ruolo del medico veterinario, che collabora a stretto contatto con il responsabile del progetto o con il responsabile di attivit\u00e0. La valutazione e il mantenimento del benessere dei cavalli coinvolti assume notevole rilievo anche nella scelta dei soggetti da seguire in rapporto alle loro disabilit\u00e0. Le Giacche Verdi, grazie al supporto costante del Csv di Belluno, dei Piani di Zona dell&#8217;USL 1 Dolomiti e con il contributo di Lattebusche, agiscono in collabrorazione col Reparto Carabinieri Biodiversit\u00e0 di Belluno presso il Centro Ippico del Vincheto di Celarda, il Centro Ippico \u201cCordevole\u201d di Sedico e nell&#8217;azienda agricola \u201cDel Col Riccardo\u201d di Belluno.<\/p>\n<p><strong>\u201cIPPOTERAPIA\u201dCON LE GIACCHE VERDI<\/strong><\/p>\n<p><a class=\"dt-pswp-item\" href=\"http:\/\/www.radiopiu.net\/wordpress\/wp-content\/uploads\/2018\/09\/Raggruppamento-veneto-Giacche-verdi-3.jpeg\" data-dt-img-description=\"\" data-large_image_width=\"1600\" data-large_image_height=\"1200\"><img loading=\"lazy\" decoding=\"async\" class=\"size-medium wp-image-61004 alignleft\" src=\"http:\/\/www.radiopiu.net\/wordpress\/wp-content\/uploads\/2018\/09\/Raggruppamento-veneto-Giacche-verdi-3-300x225.jpeg\" alt=\"\" width=\"300\" height=\"225\" srcset=\"https:\/\/www.radiopiu.net\/wordpress\/wp-content\/uploads\/2018\/09\/Raggruppamento-veneto-Giacche-verdi-3-300x225.jpeg 300w, https:\/\/www.radiopiu.net\/wordpress\/wp-content\/uploads\/2018\/09\/Raggruppamento-veneto-Giacche-verdi-3-768x576.jpeg 768w, https:\/\/www.radiopiu.net\/wordpress\/wp-content\/uploads\/2018\/09\/Raggruppamento-veneto-Giacche-verdi-3-1024x768.jpeg 1024w, https:\/\/www.radiopiu.net\/wordpress\/wp-content\/uploads\/2018\/09\/Raggruppamento-veneto-Giacche-verdi-3.jpeg 1600w\" sizes=\"auto, (max-width: 300px) 100vw, 300px\" \/><\/a>Da aprile accedono al servizio alcuni utenti del servizio integrazione scolastica dell&#8217; ULSS 1, della scuola media &#8220;Rocca&#8221; di Feltre, dell&#8217;istituto agrario di Vellai di Feltre e bimbi della scuola elementare di Santa Giustina. La collaborazione con le operatrici e le insegnanti \u00e8 estremamente attiva e le stesse stanno preparando degli elaborati inerenti attivit\u00e0 svolta. Alla Rocca \u00e8 stato organizzato anche un incontro esplicativo con supporto multimediale sull&#8217;attivit\u00e0 realizzata l&#8217;anno scorso. Il medico e la fisioterapista si alternano nel seguire i vari casi compilando schede valutative. Sono state organizzate riunioni col servizio integrazione scolastica (SIS) per valutare il piano di azione in stretta collaborazione. L&#8217;attivit\u00e0 \u00e8 ancora in corso a Feltre nelle giornate di luned\u00ec e mercoled\u00ec supportata dai volontari delle Giacche Verdi, opportunamente formati.<\/p>\n<p><strong>QUALCHE DATO<\/strong><\/p>\n<p><a class=\"dt-pswp-item\" href=\"http:\/\/www.radiopiu.net\/wordpress\/wp-content\/uploads\/2018\/09\/Raggruppamento-veneto-Giacche-verdi-1.jpg\" data-dt-img-description=\"\" data-large_image_width=\"1000\" data-large_image_height=\"751\"><img loading=\"lazy\" decoding=\"async\" class=\"size-medium wp-image-61005 alignright\" src=\"http:\/\/www.radiopiu.net\/wordpress\/wp-content\/uploads\/2018\/09\/Raggruppamento-veneto-Giacche-verdi-1-300x225.jpg\" alt=\"\" width=\"300\" height=\"225\" srcset=\"https:\/\/www.radiopiu.net\/wordpress\/wp-content\/uploads\/2018\/09\/Raggruppamento-veneto-Giacche-verdi-1-300x225.jpg 300w, https:\/\/www.radiopiu.net\/wordpress\/wp-content\/uploads\/2018\/09\/Raggruppamento-veneto-Giacche-verdi-1-768x577.jpg 768w, https:\/\/www.radiopiu.net\/wordpress\/wp-content\/uploads\/2018\/09\/Raggruppamento-veneto-Giacche-verdi-1.jpg 1000w\" sizes=\"auto, (max-width: 300px) 100vw, 300px\" \/><\/a>L&#8217;attivit\u00e0 di quest&#8217;anno \u00e8 iniziata a fine aprile al centro ippico del raggruppamento Carabinieri Forestali UTB di Belluno di Nemeggio-Celarda. Una decina i volontari coinvolti nel garantire l&#8217;attivit\u00e0, rivolta a una trentina di persone. Da novembre l&#8217;attivit\u00e0 inizier\u00e0 anche al circolo ippico&#8221; Cordevole&#8221; di Sedico in collaborazione con il Servizio di integrazione scolastica (SIS). .<\/p>\n<p><strong><em>\u00abGli anni scorsi abbiamo accolto pi\u00f9 associazioni, ci dispiace non aver pi\u00f9 mantenuto lo stesso ritmo di attivit\u00e0\u00bb, sottolinea la presidente del Raggruppamento Veneto Giacche Verdi Frida Spoto, \u00abanche a causa degli adeguamenti occorsi, quest&#8217;anno collaboreremo solo con alcune scuole e con il SIS. Gli anni scorsi venivano coinvolti anche i CEOD (centri diurni) e alcune associazioni della provincia, tra cui Aipd (persone con sindrome di Down) e l&#8217;associazione Primavera. Il lavoro \u00e8 pesante, l&#8217;impegno \u00e8 importante <a class=\"dt-pswp-item\" href=\"http:\/\/www.radiopiu.net\/wordpress\/wp-content\/uploads\/2018\/09\/Raggruppamento-veneto-Giacche-verdi-6.jpg\" data-dt-img-description=\"\" data-large_image_width=\"1000\" data-large_image_height=\"751\"><img loading=\"lazy\" decoding=\"async\" class=\"size-medium wp-image-61007 alignleft\" src=\"http:\/\/www.radiopiu.net\/wordpress\/wp-content\/uploads\/2018\/09\/Raggruppamento-veneto-Giacche-verdi-6-300x225.jpg\" alt=\"\" width=\"300\" height=\"225\" srcset=\"https:\/\/www.radiopiu.net\/wordpress\/wp-content\/uploads\/2018\/09\/Raggruppamento-veneto-Giacche-verdi-6-300x225.jpg 300w, https:\/\/www.radiopiu.net\/wordpress\/wp-content\/uploads\/2018\/09\/Raggruppamento-veneto-Giacche-verdi-6-768x577.jpg 768w, https:\/\/www.radiopiu.net\/wordpress\/wp-content\/uploads\/2018\/09\/Raggruppamento-veneto-Giacche-verdi-6.jpg 1000w\" sizes=\"auto, (max-width: 300px) 100vw, 300px\" \/><\/a>ma l&#8217;entusiasmo non manca mai: non finir\u00f2 mai di ringraziare i volontari che, in questo lungo periodo di tempo, hanno prestato e stanno prestando la loro opera con empatia ed altruismo, anche affrontando lunghi percorsi per accedere alle sedi ove si effettua l&#8217;attivit\u00e0. Grazie anche a tutti i cavalli, che ci hanno accompagnato nel percorso con sensibilit\u00e0 eccezionale\u00bb.<\/em><\/strong><\/p>\n<p><strong>PER INFORMAZIONI\u00a0<\/strong>349 6116144 (Frida Spoto), fridaspoto@gmail.com. Frida Spoto \u00e8 presidente del Raggruppamento Veneto A.N.Gi.V ONLUS dal 1998. Dal 2007 \u00e8 medico responsabile del progetto di R:E A.N.Gi.V supportato dal CSV nel bellunese. Dal 2014 \u00e8 membro del Comitato Scientifico dell&#8217;ANIRE, con la quale \u00e8 in costante contatto di collaborazione.<\/p>\n<p>&nbsp;<\/p>\n","protected":false},"excerpt":{"rendered":"<p>Il Raggruppamento Veneto si occupa da anni di fornire un servizio di \u201cippoterapia\u201d a centri diurni, associazioni di persone con disabilit\u00e0 e ragazzi delle scuole della Provincia Dalla fine di marzo 2018 gli operatori del Raggruppamento Giacche Verdi Veneto, specializzati al centro di formazione ANIRE (Associazione Nazionale Riabilitazione Equestre) di Milano e operativi da anni&hellip;<\/p>\n","protected":false},"author":1,"featured_media":61005,"comment_status":"closed","ping_status":"closed","sticky":false,"template":"","format":"standard","meta":{"_monsterinsights_skip_tracking":false,"_monsterinsights_sitenote_active":false,"_monsterinsights_sitenote_note":"","_monsterinsights_sitenote_category":0,"footnotes":""},"categories":[51,49],"tags":[],"class_list":["post-61019","post","type-post","status-publish","format-standard","has-post-thumbnail","hentry","category-evidenza-top","category-news-18","category-51","category-49","description-off"],"img_url":"https:\/\/www.radiopiu.net\/wordpress\/wp-content\/uploads\/2018\/09\/Raggruppamento-veneto-Giacche-verdi-1.jpg","_links":{"self":[{"href":"https:\/\/www.radiopiu.net\/wordpress\/wp-json\/wp\/v2\/posts\/61019","targetHints":{"allow":["GET"]}}],"collection":[{"href":"https:\/\/www.radiopiu.net\/wordpress\/wp-json\/wp\/v2\/posts"}],"about":[{"href":"https:\/\/www.radiopiu.net\/wordpress\/wp-json\/wp\/v2\/types\/post"}],"author":[{"embeddable":true,"href":"https:\/\/www.radiopiu.net\/wordpress\/wp-json\/wp\/v2\/users\/1"}],"replies":[{"embeddable":true,"href":"https:\/\/www.radiopiu.net\/wordpress\/wp-json\/wp\/v2\/comments?post=61019"}],"version-history":[{"count":0,"href":"https:\/\/www.radiopiu.net\/wordpress\/wp-json\/wp\/v2\/posts\/61019\/revisions"}],"wp:featuredmedia":[{"embeddable":true,"href":"https:\/\/www.radiopiu.net\/wordpress\/wp-json\/wp\/v2\/media\/61005"}],"wp:attachment":[{"href":"https:\/\/www.radiopiu.net\/wordpress\/wp-json\/wp\/v2\/media?parent=61019"}],"wp:term":[{"taxonomy":"category","embeddable":true,"href":"https:\/\/www.radiopiu.net\/wordpress\/wp-json\/wp\/v2\/categories?post=61019"},{"taxonomy":"post_tag","embeddable":true,"href":"https:\/\/www.radiopiu.net\/wordpress\/wp-json\/wp\/v2\/tags?post=61019"}],"curies":[{"name":"wp","href":"https:\/\/api.w.org\/{rel}","templated":true}]}}