{"id":61031,"date":"2018-09-18T06:15:11","date_gmt":"2018-09-18T04:15:11","guid":{"rendered":"http:\/\/www.radiopiu.net\/wordpress\/?p=61031"},"modified":"2018-09-18T10:20:31","modified_gmt":"2018-09-18T08:20:31","slug":"risa-de-pigolerz-la-forza-del-volontariato","status":"publish","type":"post","link":"https:\/\/www.radiopiu.net\/wordpress\/risa-de-pigolerz-la-forza-del-volontariato\/","title":{"rendered":"RISA DE PIGOLERZ, LA FORZA DEL VOLONTARIATO"},"content":{"rendered":"<p>&nbsp;<\/p>\n<h1><\/h1>\n<p><a class=\"dt-pswp-item\" href=\"http:\/\/www.radiopiu.net\/wordpress\/wp-content\/uploads\/2018\/09\/41804974_10213925651195598_8570237957879889920_n.jpg\" data-dt-img-description=\"\" data-large_image_width=\"960\" data-large_image_height=\"540\"><img loading=\"lazy\" decoding=\"async\" class=\"alignnone wp-image-61024 size-full\" src=\"http:\/\/www.radiopiu.net\/wordpress\/wp-content\/uploads\/2018\/09\/41804974_10213925651195598_8570237957879889920_n.jpg\" alt=\"\" width=\"960\" height=\"540\" srcset=\"https:\/\/www.radiopiu.net\/wordpress\/wp-content\/uploads\/2018\/09\/41804974_10213925651195598_8570237957879889920_n.jpg 960w, https:\/\/www.radiopiu.net\/wordpress\/wp-content\/uploads\/2018\/09\/41804974_10213925651195598_8570237957879889920_n-300x169.jpg 300w, https:\/\/www.radiopiu.net\/wordpress\/wp-content\/uploads\/2018\/09\/41804974_10213925651195598_8570237957879889920_n-768x432.jpg 768w\" sizes=\"auto, (max-width: 960px) 100vw, 960px\" \/><\/a><\/p>\n<p><strong>LIVINALLONGO\u00a0\u00a0<\/strong>La Risa de Pigolerz \u00e8 un canale sul sentiero 638 che collega Arabba 1.612 m, Passo Campolongo, Plan Festi, Lago Bo\u00e8, Valon, Risa de Pigolerz, Lago ghiacciato, Piz Bo\u00e8 3.152 m. E\u2019 raggiungibile anche col sentiero 626 dal Passo Pordoi. La Risa de Pigolerz \u00e8 lunga 120 m incomincia sopra ad un ghiaione di ca 150 m a monte de la Valacia. Porta ad un\u2019altezza di 2.900 m. Sono visibili i chiodi dove passa la vecchia fune dell\u2019 inizio 900 ed era anche segnato sulle vecchie cartine sentieri del Duo Alpenverein. Il 14.10.1886 Livinallongo, Marebbe e Badia fondarono insieme Duoav Sektion Ladinia, successivamente dopo la morte del fondatore e presidente\u00a0 Joh Alton fu fondata la sezione locale Duoav Sektion Buchenstein il 29.12.1903.<\/p>\n<p><strong>LO STATO<\/strong><\/p>\n<p><a class=\"dt-pswp-item\" href=\"http:\/\/www.radiopiu.net\/wordpress\/wp-content\/uploads\/2018\/09\/41688094_10213925657315751_5429350514871500800_n.jpg\" data-dt-img-description=\"\" data-large_image_width=\"540\" data-large_image_height=\"960\"><img loading=\"lazy\" decoding=\"async\" class=\"size-medium wp-image-61023 alignleft\" src=\"http:\/\/www.radiopiu.net\/wordpress\/wp-content\/uploads\/2018\/09\/41688094_10213925657315751_5429350514871500800_n-169x300.jpg\" alt=\"\" width=\"169\" height=\"300\" srcset=\"https:\/\/www.radiopiu.net\/wordpress\/wp-content\/uploads\/2018\/09\/41688094_10213925657315751_5429350514871500800_n-169x300.jpg 169w, https:\/\/www.radiopiu.net\/wordpress\/wp-content\/uploads\/2018\/09\/41688094_10213925657315751_5429350514871500800_n.jpg 540w\" sizes=\"auto, (max-width: 169px) 100vw, 169px\" \/><\/a>Negli ultimi 4-5 anni le condizioni del canale sono peggiorate molto causa temporali e grosse nevicate e il passaggio nella Risa de Pigolerz era diventato soprattutto per gli escursionisti poco esperti molto pericoloso. Parecchi chiodi erano spezzati o piegati e le frane hanno portato via le travi in legno che facilitavano l\u2019accesso alla cima. Inoltre a rendere impegnativo la salita\/discesa della Risa \u00e8 che non \u00e8 esposta al sole nelle ore pi\u00f9 calde della giornata quindi come quest\u2019estate si trova neve fino a primi di agosto.<\/p>\n<p>&nbsp;<\/p>\n<p><strong>L&#8217;INTERVENTO<\/strong><\/p>\n<p style=\"text-align: left;\">La Lia da Mont Fodom e C\u00f2l (che unisce CAI Livinallongo e AVS Ladinia &#8211; Buchenstein) ha provato pi\u00f9 volte ad accedere a fondi regionali per mettere in sicurezza il canale, per\u00f2 con la scusa che quale pezzo del sentiero 638 passa in provincia di Bolzano non \u00e8 riuscita ad accedere a contributi. <em>&#8220;Si \u00e8 pensato &#8211; dice Diego Grones reponsabile della Lisa da Mont Fodom\u00a0 &#8211;\u00a0 a chiedere soldi ai privati, fortunatamente abbiamo avuto chi ci ha aiutato con soldi e con materiali, un ringraziamento va all\u2019amministrazione Comunale di Livanallongo; Associazione Turistica Alta Badia, AFT Arabba Fodom Turismo, Impianti Pordoi , Funivia Alta Badia, Sit Bo\u00e8, Sofma, Col di Lana, Consorzio Fodom Legno, Elikos, Associazione Storico Culturale Col di Lana Buchenstein, Mostra Grande Guerra al Passo Pordoi, Rifugio Kostner al Vallon, Rifugio Piz Fassa, Cassa Raiffeisen Val Badia, Costruzioni Edili Petri, Cave Sar\u00e8 Impianti Colfosco, Soccorso alpino Livinallongo. Sono stati cambiati i chiodi rotti o piegati, sostituiti i pezzi di fune sfilacciata. La fune \u00e8 rimasta nel posto originale leggermente pi\u00f9 alta rispetto al fondo del canalino per facilitare l\u2019accesso quando in estate non si scioglie tutta la neve invernale. Realizzate\u00a0due scalette con travi in legno su un passaggio impegnativo e in cima alla <a class=\"dt-pswp-item\" href=\"http:\/\/www.radiopiu.net\/wordpress\/wp-content\/uploads\/2018\/09\/41784497_10213925644795438_153775269604229120_n.jpg\" data-dt-img-description=\"\" data-large_image_width=\"960\" data-large_image_height=\"540\"><img loading=\"lazy\" decoding=\"async\" class=\"size-medium wp-image-61030 alignleft\" src=\"http:\/\/www.radiopiu.net\/wordpress\/wp-content\/uploads\/2018\/09\/41784497_10213925644795438_153775269604229120_n-300x169.jpg\" alt=\"\" width=\"300\" height=\"169\" srcset=\"https:\/\/www.radiopiu.net\/wordpress\/wp-content\/uploads\/2018\/09\/41784497_10213925644795438_153775269604229120_n-300x169.jpg 300w, https:\/\/www.radiopiu.net\/wordpress\/wp-content\/uploads\/2018\/09\/41784497_10213925644795438_153775269604229120_n-768x432.jpg 768w, https:\/\/www.radiopiu.net\/wordpress\/wp-content\/uploads\/2018\/09\/41784497_10213925644795438_153775269604229120_n.jpg 960w\" sizes=\"auto, (max-width: 300px) 100vw, 300px\" \/><\/a>Risa \u00e8 stata posizionata un\u2019artistica panca in legno di larice&#8221;. Ad ottobre verranno posizionate le nuove tabelle segnaletiche: nella Valacia, in cima alla Risa de Pigolerz e al lago ghiacciato. Il passaggio sul ghiaione sottostante verr\u00e0 sistemato la prossima primavera<\/em><\/p>\n<p>&nbsp;<\/p>\n<p>&nbsp;<\/p>\n<p style=\"text-align: left;\"><strong>LA <a class=\"dt-pswp-item\" href=\"http:\/\/www.radiopiu.net\/wordpress\/wp-content\/uploads\/2018\/09\/41672026_10213925647035494_1220171969383628800_n.jpg\" data-dt-img-description=\"\" data-large_image_width=\"960\" data-large_image_height=\"540\"><img loading=\"lazy\" decoding=\"async\" class=\"size-medium wp-image-61026 alignright\" src=\"http:\/\/www.radiopiu.net\/wordpress\/wp-content\/uploads\/2018\/09\/41672026_10213925647035494_1220171969383628800_n-300x169.jpg\" alt=\"\" width=\"300\" height=\"169\" srcset=\"https:\/\/www.radiopiu.net\/wordpress\/wp-content\/uploads\/2018\/09\/41672026_10213925647035494_1220171969383628800_n-300x169.jpg 300w, https:\/\/www.radiopiu.net\/wordpress\/wp-content\/uploads\/2018\/09\/41672026_10213925647035494_1220171969383628800_n-768x432.jpg 768w, https:\/\/www.radiopiu.net\/wordpress\/wp-content\/uploads\/2018\/09\/41672026_10213925647035494_1220171969383628800_n.jpg 960w\" sizes=\"auto, (max-width: 300px) 100vw, 300px\" \/><\/a>FORZA DEL VOLONTARIATO<\/strong><\/p>\n<p>Erano 10 i volontari che sono saliti in quota in elicottero per lavorare alla sistemazione della Risa de Pigolerz: <strong>Aurelio Dorigo, Ottavio Guzzi, Marino Balot Crepaz,, Marino da Jorc, Diego Grones, Antonello Fiorin, Giulia Tasser, Olindo De Biasio, Marek De Biasio, Peter Filippin, Dindo Palla.<\/strong> Il lavoro \u00e8 stato impegnativo soprattutto per la ripidit\u00e0 della Risa, delle pessime condizioni del fondo e della alta quota.<\/p>\n<p><strong>BRUTTI GIORNI<\/strong><\/p>\n<p>Per la Lia da Mont Fodom e C\u00f2l questo \u00e8 un momento molto difficile causato dalle tre denuncie firmate e anonime che ricevute. La prima denuncia contro la gru posizionata abusivamente a Arabba che serviva come arrampicata su ghiaccio \u201cGlacions da R\u00e8ba\u201d \u00e8 costata alla Lia da Mont Fodom e C\u00f2l una sanzione amministrativa di\u00a0 19.000 euro &#8211; che \u00e8 stata pagata l\u2019anno scorso con un mutuo con rate semestrali per i prossimi 8 anni.<\/p>\n<p>&nbsp;<\/p>\n<p>&nbsp;<\/p>\n","protected":false},"excerpt":{"rendered":"<p>&nbsp; LIVINALLONGO\u00a0\u00a0La Risa de Pigolerz \u00e8 un canale sul sentiero 638 che collega Arabba 1.612 m, Passo Campolongo, Plan Festi, Lago Bo\u00e8, Valon, Risa de Pigolerz, Lago ghiacciato, Piz Bo\u00e8 3.152 m. E\u2019 raggiungibile anche col sentiero 626 dal Passo Pordoi. La Risa de Pigolerz \u00e8 lunga 120 m incomincia sopra ad un ghiaione di&hellip;<\/p>\n","protected":false},"author":1,"featured_media":61030,"comment_status":"closed","ping_status":"closed","sticky":false,"template":"","format":"standard","meta":{"_monsterinsights_skip_tracking":false,"_monsterinsights_sitenote_active":false,"_monsterinsights_sitenote_note":"","_monsterinsights_sitenote_category":0,"footnotes":""},"categories":[51,49,84],"tags":[],"class_list":["post-61031","post","type-post","status-publish","format-standard","has-post-thumbnail","hentry","category-evidenza-top","category-news-18","category-speciali","category-51","category-49","category-84","description-off"],"img_url":"https:\/\/www.radiopiu.net\/wordpress\/wp-content\/uploads\/2018\/09\/41784497_10213925644795438_153775269604229120_n.jpg","_links":{"self":[{"href":"https:\/\/www.radiopiu.net\/wordpress\/wp-json\/wp\/v2\/posts\/61031","targetHints":{"allow":["GET"]}}],"collection":[{"href":"https:\/\/www.radiopiu.net\/wordpress\/wp-json\/wp\/v2\/posts"}],"about":[{"href":"https:\/\/www.radiopiu.net\/wordpress\/wp-json\/wp\/v2\/types\/post"}],"author":[{"embeddable":true,"href":"https:\/\/www.radiopiu.net\/wordpress\/wp-json\/wp\/v2\/users\/1"}],"replies":[{"embeddable":true,"href":"https:\/\/www.radiopiu.net\/wordpress\/wp-json\/wp\/v2\/comments?post=61031"}],"version-history":[{"count":0,"href":"https:\/\/www.radiopiu.net\/wordpress\/wp-json\/wp\/v2\/posts\/61031\/revisions"}],"wp:featuredmedia":[{"embeddable":true,"href":"https:\/\/www.radiopiu.net\/wordpress\/wp-json\/wp\/v2\/media\/61030"}],"wp:attachment":[{"href":"https:\/\/www.radiopiu.net\/wordpress\/wp-json\/wp\/v2\/media?parent=61031"}],"wp:term":[{"taxonomy":"category","embeddable":true,"href":"https:\/\/www.radiopiu.net\/wordpress\/wp-json\/wp\/v2\/categories?post=61031"},{"taxonomy":"post_tag","embeddable":true,"href":"https:\/\/www.radiopiu.net\/wordpress\/wp-json\/wp\/v2\/tags?post=61031"}],"curies":[{"name":"wp","href":"https:\/\/api.w.org\/{rel}","templated":true}]}}