{"id":61106,"date":"2018-09-19T05:41:32","date_gmt":"2018-09-19T03:41:32","guid":{"rendered":"http:\/\/www.radiopiu.net\/wordpress\/?p=61106"},"modified":"2018-09-19T09:25:24","modified_gmt":"2018-09-19T07:25:24","slug":"giornale-radiopiu-19-settembre-2018-direttore-mirko-mezzacasa","status":"publish","type":"post","link":"https:\/\/www.radiopiu.net\/wordpress\/giornale-radiopiu-19-settembre-2018-direttore-mirko-mezzacasa\/","title":{"rendered":"GIORNALE RADIOPIU 19 SETTEMBRE  2018, DIRETTORE MIRKO MEZZACASA"},"content":{"rendered":"<h1><\/h1>\n<p>&nbsp;<\/p>\n<blockquote><p>&nbsp;<\/p>\n<h1>DOMANI SELVA DI CADORE SENZ&#8217;ACQUA<\/h1>\n<p><a class=\"dt-pswp-item\" href=\"http:\/\/www.radiopiu.net\/wordpress\/wp-content\/uploads\/2015\/06\/bimgsp.jpg\" data-dt-img-description=\"\" data-large_image_width=\"300\" data-large_image_height=\"168\"><img loading=\"lazy\" decoding=\"async\" class=\"wp-image-6703 alignleft\" src=\"http:\/\/www.radiopiu.net\/wordpress\/wp-content\/uploads\/2015\/06\/bimgsp-300x168.jpg\" alt=\"\" width=\"143\" height=\"80\" \/><\/a>Gestione Servizi Pubblici informa che, per lavori alla rete idrica comunale, domani dalle 8 a fine lavori, verr\u00e0 sospesa l\u2019erogazione dell\u2019acqua a Selva di Cadore\u00a0 nelle localit\u00e0 Costa, Marin, Tronch e Zaunel. Il personale addetto operer\u00e0 per limitare il pi\u00f9 possibile i disagi alla popolazione.<\/p>\n<p>&nbsp;<\/p><\/blockquote>\n<p>&nbsp;<\/p>\n<p>&nbsp;<\/p>\n<p>&nbsp;<\/p>\n<h1>MUORE COLTO DA MALORE<\/h1>\n<p><a class=\"dt-pswp-item\" href=\"http:\/\/www.radiopiu.net\/wordpress\/wp-content\/uploads\/2016\/05\/carabinieri-6-2.jpg\" data-dt-img-description=\"\" data-large_image_width=\"1000\" data-large_image_height=\"681\"><img loading=\"lazy\" decoding=\"async\" class=\" wp-image-19346 alignleft\" src=\"http:\/\/www.radiopiu.net\/wordpress\/wp-content\/uploads\/2016\/05\/carabinieri-6-2-300x204.jpg\" alt=\"\" width=\"125\" height=\"85\" \/><\/a>Antonio De Pizzol, commerciante 52 anni di Tarzo (Treviso) \u00e8 stato stroncato da un malore, a constatarne il decesso IERI mattina alle 11 una pattuglia dei Carabinieri di Ponte nelle Alpi chiamata in Viale Cadore da un cittadino che segnalava il camioncino con il motore acceso da parecchio tempo. All&#8217;interno l&#8217;uomo riverso sul volante e privo di senti. Il medico ha constatato la morte per cause naturali<\/p>\n<p>&nbsp;<\/p>\n<p>&nbsp;<\/p>\n<h1><\/h1>\n<h1><\/h1>\n<h1>INVESTITA DAL FURGONE IN MANOVRA<\/h1>\n<p><strong>QUERO VAS<\/strong>\u00a0Ieri di buon mattino B.C. classe 1985, di Pedavena,\u00a0 \u00e8 stata travolta da un furgone in retromarcia\u00a0 nel cortile dell\u2019azienda Albertini di Quero.\u00a0 L\u2019autista non si \u00e8 accorto della presenza della donna e questa del furgone in manovra. La donna, finita a terra,\u00a0trasportata\u00a0 all\u2019ospedale di Feltre i medici hanno riscontrato contusioni multiple giudicate guaribili in una decina di giorni.<\/p>\n<p>&nbsp;<\/p>\n<p>&nbsp;<\/p>\n<p>&nbsp;<\/p>\n<p>&nbsp;<\/p>\n<h1>WANBAO NULLA DI FATTO,\u00a0 SI RIPROVA<\/h1>\n<p><strong>VENEZIA-MEL<\/strong>\u00a0 Nessuna risposta per i lavoratori della Wanbao Acc. Al tavolo regionale con i funzionari dell\u2019unit\u00e0 di crisi e della Direzione lavoro, sindacati e azienda non sono riusciti a trovare un accordo. Si riprover\u00e0, quando a Venezia ci sar\u00e0 anche l\u2019assessore Elena Donazzan. La trattativa, quindi, \u00e8 rinviata. Ancora due giorni di angoscia per i lavoratori dello stabilimento metalmeccanico zumellese.\u00a0 L&#8217;incontro in Regione doveva servire per vedere se c\u2019erano le premesse per giungere a un accordo, alla composizione delle parti. \u00a0Fiom Cgil, Fim Cisl e Uilm Uil hanno portato il mandato dei dipendenti, cio\u00e8 il \u201cno agli esuberi\u201d. Dall\u2019altro lato, invece, c\u2019\u00e8 l\u2019azienda che non esclude di poter considerare anche qualche licenziamento per far quadrare i conti. Sul tavolo\u00a0\u00a088 esuberi, che potrebbero scendere a 20 se dovesse essere applicato il part time a quattro ore e si portasse gran parte della fabbrica a sei ore. Una proposta che non \u00e8 stata accolta dalle parti sociali<\/p>\n<p>&nbsp;<\/p>\n<p>&nbsp;<\/p>\n<p>&nbsp;<\/p>\n<p>&nbsp;<\/p>\n<p>&nbsp;<\/p>\n<blockquote>\n<h1>24 SETTEMBRE CONSIGLIO REGIONALE IN MARMOLADA SENZA IL PD<\/h1>\n<p>La seduta straordinaria del consiglio regionale del Veneto in Marmolada\u00a0si terr\u00e0 il 24 settembre nei locali del museo della Grande Guerra, a 2. 950 metri di Punta Serauta. I lavori saranno trasmessi anche in streaming. Alla seduta parteciperanno il presidente Roberto Ciambetti ed il governatore del Veneto, Luca Zaia che\u00a0auspicano la presenza di tutti i consiglieri, quelli del Pd hanno annunciato,\u00a0 che non ci saranno, preoccupati che la seduta sia rivendicativa e che possa dunque costituire un attacco alla Provincia di Trento. All\u2019ordine del giorno anche\u00a0l\u2019autonomia del Veneto.<\/p>\n<h1><\/h1>\n<\/blockquote>\n<p>&nbsp;<\/p>\n<p>&nbsp;<\/p>\n<p>&nbsp;<\/p>\n<h1>\u00abINCENTIVI E BASTA TAGLI COSI&#8217; SI SALVA LA SANITA&#8217;\u00bb<\/h1>\n<p><strong><a class=\"dt-pswp-item\" href=\"http:\/\/www.radiopiu.net\/wordpress\/wp-content\/uploads\/2016\/04\/sanit\u00e0-1.jpg\" data-dt-img-description=\"\" data-large_image_width=\"1728\" data-large_image_height=\"800\"><img loading=\"lazy\" decoding=\"async\" class=\"size-medium wp-image-18839 alignleft\" src=\"http:\/\/www.radiopiu.net\/wordpress\/wp-content\/uploads\/2016\/04\/sanit\u00e0-1-300x139.jpg\" alt=\"\" width=\"300\" height=\"139\" \/><\/a>BELLUNO<\/strong> Anche il movimento Belluno Autonoma Regione Dolomiti entra nel dibattito sullo scenario sanitario bellunese: \u00abServono incentivi e contratti integrativi per convincere i professionisti a venire in montagna a lavorare, sul modello di Bolzano, ma questo non \u00e8 sufficiente, come dimostra la stessa provincia altoatesina. I tagli dei trasferimenti statali agli enti locali hanno comportato difficolt\u00e0 nella gestione e pianificazione dei servizi, e cos\u00ec non si pu\u00f2 andare avanti\u00bb. Per i vertici del movimento, \u00abun medico viene a lavorare in montagna certo attratto da uno stipendio adeguato e incentivante, ma servono anche strutture all&#8217;altezza, macchinari moderni, prospettive. Senza soldi, nulla di questo si pu\u00f2 fare: serve un&#8217;autonomia che consenta alle realt\u00e0 locali di pianificare e investire anche in sanit\u00e0. A forza di stringere la cinghia per volere di Roma, stiamo facendo le nozze con i fichi secchi. La soluzione non \u00e8 quella di chiudere gli ospedali, come propone qualcuno, ma al contrario di investire e renderli \u201cattrattivi\u201d per i professionisti\u00bb. Diversi quindi gli aspetti su cui intervenire: \u00abServe innanzitutto il ripristino dei trasferimenti statali agli enti locali almeno ai livelli pre-crisi; con l&#8217;autonomia dei territorio, servir\u00e0 un piano di interventi, investimenti ed incentivi. Bisogner\u00e0 ragionare anche con il mondo universitario sulle specializzazioni e sui corsi a numero chiuso. &#8211; concludono dal Bard \u2013 Dalla Regione servir\u00e0 poi un piano socio-sanitario che riconosca le difficolt\u00e0 e le problematiche della gestione sanitaria in montagna, assicurando adeguate coperture finanziarie\u00bb.<\/p>\n<p>&nbsp;<\/p>\n<p>&nbsp;<\/p>\n<p>&nbsp;<\/p>\n<p>&nbsp;<\/p>\n<h1>SANITA&#8217;, PER IL SINDACO DI AGORDO QUELLE DI BURATTA SONO LACRIME DI COCCODRILLO.<\/h1>\n<p><strong><a class=\"dt-pswp-item\" href=\"http:\/\/www.radiopiu.net\/wordpress\/wp-content\/uploads\/2015\/12\/Immagine_Ospedale_Belluno_CS_2011.jpg\" data-dt-img-description=\"\" data-large_image_width=\"640\" data-large_image_height=\"512\"><img loading=\"lazy\" decoding=\"async\" class=\" wp-image-13966 alignleft\" src=\"http:\/\/www.radiopiu.net\/wordpress\/wp-content\/uploads\/2015\/12\/Immagine_Ospedale_Belluno_CS_2011-300x240.jpg\" alt=\"\" width=\"164\" height=\"131\" \/><\/a>di GIANNI SANTOMASO<\/strong><\/p>\n<audio class=\"wp-audio-shortcode\" id=\"audio-61106-1\" preload=\"none\" style=\"width: 100%;\" controls=\"controls\"><source type=\"audio\/mpeg\" src=\"http:\/\/www.radiopiu.net\/wordpress\/wp-content\/uploads\/2018\/09\/GIANNI-SANITA.mp3?_=1\" \/><a href=\"http:\/\/www.radiopiu.net\/wordpress\/wp-content\/uploads\/2018\/09\/GIANNI-SANITA.mp3\">http:\/\/www.radiopiu.net\/wordpress\/wp-content\/uploads\/2018\/09\/GIANNI-SANITA.mp3<\/a><\/audio>\n<p>&nbsp;<\/p>\n<p>&nbsp;<\/p>\n<h2><\/h2>\n<p>&nbsp;<\/p>\n<h2>LA REGIONE METTA A DISPOSIZIONE RISORSE ADEGUATE DOPO ANNI DI TAGLI AI SERVIZI<\/h2>\n<h3><strong><a class=\"dt-pswp-item\" href=\"http:\/\/www.radiopiu.net\/wordpress\/wp-content\/uploads\/2016\/03\/Inaugurazione-prontosoccorso-ospedale-Pieve.jpg\" data-dt-img-description=\"\" data-large_image_width=\"1920\" data-large_image_height=\"1080\"><img loading=\"lazy\" decoding=\"async\" class=\"size-medium wp-image-17648 alignleft\" src=\"http:\/\/www.radiopiu.net\/wordpress\/wp-content\/uploads\/2016\/03\/Inaugurazione-prontosoccorso-ospedale-Pieve-300x169.jpg\" alt=\"\" width=\"300\" height=\"169\" \/><\/a><\/strong><\/h3>\n<h3><\/h3>\n<h3><strong>LIVINALLONGO Nuovo intervento di Leandro Grones del gruppo lavoro sanit\u00e0 in merito all&#8217;ospedale di Agordo dopo le dichiarazioni di ieri del direttore generale Adriano Rasi Caldogno.<\/strong><\/h3>\n<audio class=\"wp-audio-shortcode\" id=\"audio-61106-2\" preload=\"none\" style=\"width: 100%;\" controls=\"controls\"><source type=\"audio\/mpeg\" src=\"http:\/\/www.radiopiu.net\/wordpress\/wp-content\/uploads\/2018\/09\/LEANDRO-OSPEDALE.mp3?_=2\" \/><a href=\"http:\/\/www.radiopiu.net\/wordpress\/wp-content\/uploads\/2018\/09\/LEANDRO-OSPEDALE.mp3\">http:\/\/www.radiopiu.net\/wordpress\/wp-content\/uploads\/2018\/09\/LEANDRO-OSPEDALE.mp3<\/a><\/audio>\n<p>&nbsp;<\/p>\n<p>&nbsp;<\/p>\n<p>&nbsp;<\/p>\n<p>&nbsp;<\/p>\n<h1>NEVEGAL, L&#8217;ORDINE DEL GIORNO DELLA MINORANZA<\/h1>\n<p><strong><a class=\"dt-pswp-item\" href=\"http:\/\/www.radiopiu.net\/wordpress\/wp-content\/uploads\/2018\/06\/Roccon-Franco.jpg\" data-dt-img-description=\"\" data-large_image_width=\"402\" data-large_image_height=\"483\"><img loading=\"lazy\" decoding=\"async\" class=\" wp-image-52102 alignleft\" src=\"http:\/\/www.radiopiu.net\/wordpress\/wp-content\/uploads\/2018\/06\/Roccon-Franco-250x300.jpg\" alt=\"\" width=\"182\" height=\"218\" srcset=\"https:\/\/www.radiopiu.net\/wordpress\/wp-content\/uploads\/2018\/06\/Roccon-Franco-250x300.jpg 250w, https:\/\/www.radiopiu.net\/wordpress\/wp-content\/uploads\/2018\/06\/Roccon-Franco.jpg 402w\" sizes=\"auto, (max-width: 182px) 100vw, 182px\" \/><\/a>BELLUNO<\/strong> I consiglieri di minoranza di Civilt\u00e0 Bellunese (Franco Roccon), Belluno \u00e8 di tutti (Paolo Gamba, Roberta Olivotto, Bruno Longo, Gianni Serragiotto), Obiettivo Belluno (Raffaele Addamiano e Francesco Pingitore), hanno sottoscritto un ordine del giorno inviato al presidente del consiglio comunale di Belluno in tema alle ultime problematiche sul Nevegal. Nell&#8217;oggetto si legge: &#8220;Inerzia politico-amministrativa del sindaco di Belluno&#8221;. Ai microfoni di Radio Pi\u00f9 lo riassume il consigliere Franco Roccon.<\/p>\n<audio class=\"wp-audio-shortcode\" id=\"audio-61106-3\" preload=\"none\" style=\"width: 100%;\" controls=\"controls\"><source type=\"audio\/mpeg\" src=\"http:\/\/www.radiopiu.net\/wordpress\/wp-content\/uploads\/2018\/09\/FRANCO-ROCCON-1.mp3?_=3\" \/><a href=\"http:\/\/www.radiopiu.net\/wordpress\/wp-content\/uploads\/2018\/09\/FRANCO-ROCCON-1.mp3\">http:\/\/www.radiopiu.net\/wordpress\/wp-content\/uploads\/2018\/09\/FRANCO-ROCCON-1.mp3<\/a><\/audio>\n<p>&nbsp;<\/p>\n<p>&nbsp;<\/p>\n<p>&nbsp;<\/p>\n<p>&nbsp;<\/p>\n<h1>AUTONOMIA: DE MENECH INTERROGA STEFANI, SONO MANCATE LE RISPOSTE PRECISE<\/h1>\n<p><a class=\"dt-pswp-item\" href=\"http:\/\/www.radiopiu.net\/wordpress\/wp-content\/uploads\/2018\/09\/Erika_Stefani.jpg\" data-dt-img-description=\"00029185\" data-large_image_width=\"180\" data-large_image_height=\"240\"><img loading=\"lazy\" decoding=\"async\" class=\" wp-image-61182\" src=\"http:\/\/www.radiopiu.net\/wordpress\/wp-content\/uploads\/2018\/09\/Erika_Stefani.jpg\" alt=\"\" width=\"130\" height=\"173\" \/><\/a><\/p>\n<p><strong>ROMA<\/strong> Il Ministro Erika Stefani alla Camera dei Deputati parla di affari regionali. Il Deputato Roger De Menech ne ha approfittato per trattare il tema di autonomia: come svilupparla e quali le fonti di finanziamento. Dalle risposte del Ministro nessun riferimento ai nove decimi e ancora non \u00e8 chiaro quale norma sar\u00e0 costruita. In proposito ecco il parere del deputato bellunese che non ha mancato di chiedere al Ministro informazioni circa il fondo Letta ricostruito a fine 2017, 19 milioni da mettere in circolo e nelle disponibilit\u00e0 dei Comuni come i Fondi di Confine.<\/p>\n<audio class=\"wp-audio-shortcode\" id=\"audio-61106-4\" preload=\"none\" style=\"width: 100%;\" controls=\"controls\"><source type=\"audio\/mpeg\" src=\"http:\/\/www.radiopiu.net\/wordpress\/wp-content\/uploads\/2018\/09\/ROGER-2-1.mp3?_=4\" \/><a href=\"http:\/\/www.radiopiu.net\/wordpress\/wp-content\/uploads\/2018\/09\/ROGER-2-1.mp3\">http:\/\/www.radiopiu.net\/wordpress\/wp-content\/uploads\/2018\/09\/ROGER-2-1.mp3<\/a><\/audio>\n<p>&nbsp;<\/p>\n<p>&nbsp;<\/p>\n<p>&nbsp;<\/p>\n<p>&nbsp;<\/p>\n<p>&nbsp;<\/p>\n<h1>APPROVATO DISEGNO DI LEGGE STATALE SULL\u2019OBBLIGATORIET\u00c0 DEL SERVIZIO MILITARE O CIVILE.<\/h1>\n<p><strong><a class=\"dt-pswp-item\" href=\"http:\/\/www.radiopiu.net\/wordpress\/wp-content\/uploads\/2018\/08\/military-men-569899_960_720.jpg\" data-dt-img-description=\"\" data-large_image_width=\"960\" data-large_image_height=\"638\"><img loading=\"lazy\" decoding=\"async\" class=\"size-medium wp-image-57522 alignleft\" src=\"http:\/\/www.radiopiu.net\/wordpress\/wp-content\/uploads\/2018\/08\/military-men-569899_960_720-300x199.jpg\" alt=\"\" width=\"300\" height=\"199\" srcset=\"https:\/\/www.radiopiu.net\/wordpress\/wp-content\/uploads\/2018\/08\/military-men-569899_960_720-300x199.jpg 300w, https:\/\/www.radiopiu.net\/wordpress\/wp-content\/uploads\/2018\/08\/military-men-569899_960_720-768x510.jpg 768w, https:\/\/www.radiopiu.net\/wordpress\/wp-content\/uploads\/2018\/08\/military-men-569899_960_720.jpg 960w\" sizes=\"auto, (max-width: 300px) 100vw, 300px\" \/><\/a>VENEZIA\u00a0 <\/strong>E&#8217;stato approvato dal Consiglio regionale il progetto di legge statale volto a reintrodurre il servizio di leva obbligatorio per tutti i cittadini italiani, per un periodo di otto mesi, fatta salva la possibilit\u00e0 di fare il servizio civile. \u201cL&#8217;articolo 52 della Costituzione prevede l&#8217;obbligo della difesa del paese. Noi lo abbiamo declinato, con l&#8217;introduzione della possibilit\u00e0 di svolgere il servizio militare o nella protezione civile\u201d: a dirlo \u00e8 l\u2019assessore regionale alla Protezione Civile Gianpaolo Bottacin, primo firmatario del progetto statale. \u201cSono certamente soddisfatto per l\u2019approvazione della proposta legislativa \u2013 aggiunge &#8211; che rappresenta un momento importante per valorizzare una cultura della solidariet\u00e0. Tuttavia rilevo con un po\u2019 di rammarico l\u2019incredibile manovra ostruzionistica da parte del Pd, ovvero proprio da quel partito che quando era al governo aveva proposto di modificare molte parti della Costituzione, ma non di cambiare l&#8217;articolo 52 della medesima che quindi, si presumeva, considerasse valido\u201d. La scelta tra servizio civile o militare, prevista in maniera paritaria per gli uomini e le donne, potr\u00e0 essere fatta da ciascun soggetto prima dello svolgimento del servizio, da assolversi nel periodo di tempo tra la maggiore et\u00e0 e il compimento dei ventotto anni compatibilmente con il percorso scolastico del cittadino, che non sar\u00e0 in alcun modo posto in secondo piano. Per la scelta del servizio militare s\u00ec potranno valutare le diverse opportunit\u00e0 di ferma in vigore al momento dell\u2019emanazione della presente legge, mentre per quanto riguarda il servizio civile, il cui svolgimento era inizialmente previsto presso le associazioni nazionali o locali accreditate di protezione civile, nel testo finale \u00e8 stato esteso anche ad altre opzioni civili. \u201cSull\u2019aspetto dell\u2019introduzione del servizio civile in generale, chiesto dall\u2019opposizione \u2013 precisa Bottacin -, abbiamo espresso il nostro nulla osta anche se, va sottolineato, una preparazione di base nella protezione civile credo sia una cosa doverosa per tutti, oltre che un obbligo previsto dalla nuova legge sulla Protezione Civile e anche dalle norme europee\u201d. \u201cOra il testo sar\u00e0 trasmesso al Parlamento per proseguire il suo percorso \u2013 conclude l\u2019assessore &#8211; ma posso dire con orgoglio che oggi il Veneto ha messo una prima pietra importante per rinsaldare quel desiderio di appartenenza al gruppo che solo con un esperienza di questo tipo si pu\u00f2 affermare\u201d.<\/p>\n<p>&nbsp;<\/p>\n<p>&nbsp;<\/p>\n<p>&nbsp;<\/p>\n<p>&nbsp;<\/p>\n<h1>IN MARMOLADA IL 60\u00b0 ANNIVERSARIO DI GEMELLAGGIO TRA ROTARY<\/h1>\n<blockquote><p><em>Nell&#8217;evento anche il rifugio Col dei Baldi ad Alleghe, la Zip Line di San Tomaso e i Serrai di Sottoguda\u00a0<\/em><\/p><\/blockquote>\n<p><strong><a class=\"dt-pswp-item\" href=\"http:\/\/www.radiopiu.net\/wordpress\/wp-content\/uploads\/2017\/11\/marmolada.jpg\" data-dt-img-description=\"\" data-large_image_width=\"440\" data-large_image_height=\"520\"><img loading=\"lazy\" decoding=\"async\" class=\" wp-image-38253 alignleft\" src=\"http:\/\/www.radiopiu.net\/wordpress\/wp-content\/uploads\/2017\/11\/marmolada-254x300.jpg\" alt=\"\" width=\"170\" height=\"201\" \/><\/a>ROCCA PIETORE<\/strong> Si svolger\u00e0 questo fine settimana nella cornice dell&#8217;alto Agordino la commemorazione del 60\u00b0 anniversario del gemellaggio fra i Rotary Club di Belluno e di Spittal-am-Drau (Austria). Un lungo racconto di amicizie, viaggi, service umanitari, scambi giovani che hanno negli anni cementato l&#8217;amicizia fra i soci dei due Club che ogni anno, in forma alternata, organizzano un fine settimana per promuovere la conoscenza dei propri paesi. Dopo una decina di anni il viaggio &#8211; visita si tiene nuovamente in terra bellunese e, visto che \u00e8 anche l&#8217;anno della chiusura delle commemorazioni della Grande Guerra fulcro saranno i luoghi che cento anni fa hanno visto contrapposti gli eserciti dei due paesi. Intenso il programma riservato ai soci rotariano dei due club. Venerd\u00ec 21 arrivo a Belluno, visita della citt\u00e0 e del museo Fulcis. Sabato 22 salita con la funivia verso la Marmolada con visita alla cappella della \u201cMadonna delle Nevi\u201d, opera del compianto socio del club Franco Fiabane, poi visita al museo della Grande Guerra ove si celebrer\u00e0 anche il pi\u00f9 alto gemellaggio rotariano d&#8217;Europa. La giornata \u00e8 possibile grazie alla disponibilit\u00e0 e al supporto delle societ\u00e0 Alleghe Funivie e Marmolada srl alle quali il presidente Angelo Paganin del Rotary Club di Belluno d\u00e0 il ringraziamento a nome di tutto il Club. Nel pomeriggio visita al museo della Grande Guerra sulla diga del Fedaia. La sera cena presso il Chalet di Col dei Baldi. Domenica 23 passeggiata panoramica al Canyon Serrai di Sottoguda. Dopo la Santa Messa alla chiesa di Caprile, visita al vecchio confine austro-ungarico di Caprile con cerimonia a favore dell&#8217;amicizia e fratellanza. Al viaggio partecipano anche una dozzina di giovani bellunesi ed austriaci tra i 18 ed i 28 anni che faranno un programma alternativo nelle giornate di venerd\u00ec e sabato, ove oltre a sperimentare la zip line di San Tomaso Agordino, si raduneranno al rifugio Coldai per affrontare assieme il tema \u201cCostruire la pace nella nostra vita quotidiana\u201d. Il tema ben si addice alla particolare situazione dei giorni nostri ove i conflitti nelle famiglie, sul luogo di lavoro, nella vita di tutti giorni sono in aumento e se non si risolve la pace prima nei nostri cortili non possiamo pensare di affrontarla a livello globale.<\/p>\n<p>&nbsp;<\/p>\n<p>&nbsp;<\/p>\n<p>&nbsp;<\/p>\n<p>&nbsp;<\/p>\n<p>&nbsp;<\/p>\n<h1>IL CONSIGLIO DIRETTIVO DEL PARCO<\/h1>\n<p><strong><a class=\"dt-pswp-item\" href=\"http:\/\/www.radiopiu.net\/wordpress\/wp-content\/uploads\/2018\/08\/logo-parco.png\" data-dt-img-description=\"\" data-large_image_width=\"253\" data-large_image_height=\"120\"><img loading=\"lazy\" decoding=\"async\" class=\"size-full wp-image-59193 alignleft\" src=\"http:\/\/www.radiopiu.net\/wordpress\/wp-content\/uploads\/2018\/08\/logo-parco.png\" alt=\"\" width=\"253\" height=\"120\" \/><\/a>FELTRE<\/strong> La riunione si terr\u00e0 oggi alle 17.30 nella sede di Piazzale Zancanaro. All&#8217;ordine del giorno: \u201capprovazione dell&#8217;avviso di selezione per l&#8217;individuazione della terna di candidati alla nomina di Direttore del Parco Nazionale DolomitiBellunesi\u201d;\u00a0ratifica decreto del Vice Presidente \u201cApprovazione dello schema di accordo di collaborazione tra l&#8217;Ente Parco Nazionale Dolomiti Bellunesi e il Comune di Sospirolo per il mantenimento della pulizia e del decoro in Valle del Mis durante il periodo estivo\u201d;\u00a0 variazione al bilancio di previsione 2018; approvazione della proposta di retribuzione di risultato da corrispondere al Direttore per l\u2019anno 2017; approvazione del regolamento per la concessione di contributi e patrocini;\u00a0 comunicazioni del Vice Presidente e del Direttore.<\/p>\n<p>&nbsp;<\/p>\n<p>&nbsp;<\/p>\n<p>&nbsp;<\/p>\n<p>&nbsp;<\/p>\n<p>&nbsp;<\/p>\n<h1>DAL CONSIGLIO COMUNALE DI LIVINALLONGO DEL COL DI LANA<\/h1>\n<p><a class=\"dt-pswp-item\" href=\"http:\/\/www.radiopiu.net\/wordpress\/wp-content\/uploads\/2015\/12\/LIVINALLONGO.jpg\" data-dt-img-description=\"\" data-large_image_width=\"312\" data-large_image_height=\"161\"><img loading=\"lazy\" decoding=\"async\" class=\"size-medium wp-image-13636 alignleft\" src=\"http:\/\/www.radiopiu.net\/wordpress\/wp-content\/uploads\/2015\/12\/LIVINALLONGO-300x155.jpg\" alt=\"\" width=\"300\" height=\"155\" \/><\/a><strong>LIVINALLONGO<\/strong> Approvata la convenzione annuale per la gestione del Sacrario di Pian di Salesei, la realizzazione di un ristoro a Passo Pordoi e la pratica per i magazzini della Sit Bo\u00e8. Tutto questo nel consiglio comunale di lunedi sera in territorio Fodom. Buone nuove anche per gli amanti della mountain bike, disciplina in deciso aumento. Concessa un&#8217;area comunale a Ponte Vauz per la realizzazione di 30 parcheggi pubblici per il Comune un idoneo locale per la ripetizione di radio-televisioni, comunque adatta alla telecomunicazioni. A Plan Bo\u00e8 concessi i terreni alla societ\u00e0 di impianti per l&#8217;ampliamento di un bacino di accumulo anche a fini antincendio e\u00a0 paesi saranno dotati di opportuni idranti. Su questi ed altri temi, compreso l&#8217;accesso all&#8217;abitato di Zorz,\u00a0 il sindaco di Livinallongo, Leandro Grones.<\/p>\n<audio class=\"wp-audio-shortcode\" id=\"audio-61106-5\" preload=\"none\" style=\"width: 100%;\" controls=\"controls\"><source type=\"audio\/mpeg\" src=\"http:\/\/www.radiopiu.net\/wordpress\/wp-content\/uploads\/2018\/09\/LEANDRO-CONSIGLIO.mp3?_=5\" \/><a href=\"http:\/\/www.radiopiu.net\/wordpress\/wp-content\/uploads\/2018\/09\/LEANDRO-CONSIGLIO.mp3\">http:\/\/www.radiopiu.net\/wordpress\/wp-content\/uploads\/2018\/09\/LEANDRO-CONSIGLIO.mp3<\/a><\/audio>\n<p>&nbsp;<\/p>\n<p>&nbsp;<\/p>\n<p>&nbsp;<\/p>\n<p>&nbsp;<\/p>\n<blockquote>\n<h1>LE VALANGHE NEL CONSIGLIO COMUNALE<\/h1>\n<p><strong>ROCCA PIETORE<\/strong> Questa sera alle 19 consiglio comunale\u00a0 convocato dal sindaco Andrea De Bernardin. Un unico punto all&#8217;ordine del giorno: il piano di accertamento delle terre di uso civico ove \u00e8 prevista la realizzazione delle opere di distacco programmato delle valanghe dalla Marmolada, richiestil il mutamento di destinazione d&#8217;uso.<\/p><\/blockquote>\n<p>&nbsp;<\/p>\n<p>&nbsp;<\/p>\n<p>&nbsp;<\/p>\n<h1>UNIONE MONTANA,\u00a0 DOMANI CONSIGLIO<\/h1>\n<p><a class=\"dt-pswp-item\" href=\"http:\/\/www.radiopiu.net\/wordpress\/wp-content\/uploads\/2018\/07\/UNIONE-MONTANA.jpg\" data-dt-img-description=\"\" data-large_image_width=\"464\" data-large_image_height=\"660\"><img loading=\"lazy\" decoding=\"async\" class=\" wp-image-53717 alignright\" src=\"http:\/\/www.radiopiu.net\/wordpress\/wp-content\/uploads\/2018\/07\/UNIONE-MONTANA-211x300.jpg\" alt=\"\" width=\"96\" height=\"136\" srcset=\"https:\/\/www.radiopiu.net\/wordpress\/wp-content\/uploads\/2018\/07\/UNIONE-MONTANA-211x300.jpg 211w, https:\/\/www.radiopiu.net\/wordpress\/wp-content\/uploads\/2018\/07\/UNIONE-MONTANA.jpg 464w\" sizes=\"auto, (max-width: 96px) 100vw, 96px\" \/><\/a>AGORDO E&#8217; stato convocato il Consiglio della Unione Montana Agordina,\u00a0nella sala consiliare Don Ferdinando Tamis in Via 27 Aprile, per\u00a0gioved\u00ec alle\u00a0 20. ORDINE DEL GIORNO:\u00a0 presa d\u2019atto dei nuovi rappresentanti del Comune di Canale d\u2019Agordo in seguito alle elezioni del 10 giugno 2018; regolamento dei controlli interni e presa d\u2019atto della relazione dell\u2019Unit\u00e0 di controllo,\u00a0\u00a0periodo primo semestre 2018, approvazione Bilancio consolidato anno 2017.<\/p>\n<p>&nbsp;<\/p>\n<p>&nbsp;<\/p>\n<p>&nbsp;<\/p>\n<p>&nbsp;<\/p>\n<p>&nbsp;<\/p>\n<blockquote>\n<h1>VALORIZZAZIONE DEL LADINO FODOM NELLE SCUOLE DEL COMUNE<\/h1>\n<p><strong>LIVINALLONGO\u00a0<\/strong>L\u2019Istitut Cultural Ladin Cesa de Jan, con il sostegno della Regione Trentino-S\u00fcdtirol ed in collaborazione con l\u2019Istituto Comprensivo di Alleghe e il Comune di Livinallongo, ha messo a punto un progetto finalizzato all\u2019utilizzo in modo sistematico della lingua ladina in tutte le scuole del Comune di Livinallongo del Col di Lana. Per la prima volta il Ladino entra infatti in tutte le classi: dalla scuola dell\u2019infanzia di Arabba alla scuola elementare di Pieve fino alla scuola secondaria di primo grado (medie) di Brenta. Tale progetto, iniziato ufficialmente nel 2014 con la firma di una convenzione fra l\u2019Istituto Ladino, l\u2019Istituto Comprensivo di Alleghe e l\u2019Intendenza Ladina di Bolzano, si sviluppa ulteriormente e si amplia in coerenza con quanto previsto dalla legge nazionale 482\/99 \u201cNorme in materia di tutela delle minoranze linguistiche storiche\u201d e in un\u2019ottica di continuit\u00e0 didattica fra i diversi ordini scolastici. Per quanto riguarda la scuola materna \u00e8 previsto l\u2019uso veicolare del Fodom da parte delle due insegnanti di madrelingua ladina attualmente di ruolo: ci\u00f2 significa che la lingua minoritaria sar\u00e0 utilizzata sia in alcune specifiche attivit\u00e0 quotidiane sia in progettualit\u00e0 che verranno proposte durante l\u2019anno scolastico. Alle elementari \u00e8 previsto l\u2019insegnamento frontale di un\u2019ora settimanale per ciascuna classe e in pagella ci sar\u00e0 quindi anche il voto di Ladino. Anche alle scuole medie \u00e8 prevista un\u2019ora settimanale per ciascuna classe, durante la quale oltre alla grammatica e alla grafia saranno proposti degli approfondimenti legati alla societ\u00e0, alla cultura e alle tradizioni della gente ladina.<\/p><\/blockquote>\n<h1><\/h1>\n<p>&nbsp;<\/p>\n<p>&nbsp;<\/p>\n<p>&nbsp;<\/p>\n<blockquote><p>&nbsp;<\/p><\/blockquote>\n<h1>DOLOMITI IN MINIATURA, IDEA CHE PIACE A TURISTI E VALLIGIANI<\/h1>\n<p><strong>SAN TOMASO Piacciono le montagne in miniatura, piace il percorso nei boschi di San Tomaso. L&#8217;amministrazione comunale ha fatto centro per un&#8217;iniziativa che avr\u00e0 ulteriori e importanti sviluppi. A Radio Pi\u00f9 ne parla il sindaco Moreno De Val<\/strong><\/p>\n<audio class=\"wp-audio-shortcode\" id=\"audio-61106-6\" preload=\"none\" style=\"width: 100%;\" controls=\"controls\"><source type=\"audio\/mpeg\" src=\"http:\/\/www.radiopiu.net\/wordpress\/wp-content\/uploads\/2018\/09\/MORENO-DOLOMITI.mp3?_=6\" \/><a href=\"http:\/\/www.radiopiu.net\/wordpress\/wp-content\/uploads\/2018\/09\/MORENO-DOLOMITI.mp3\">http:\/\/www.radiopiu.net\/wordpress\/wp-content\/uploads\/2018\/09\/MORENO-DOLOMITI.mp3<\/a><\/audio>\n<p><span style=\"color: #ff0000;\"><strong>SERVIZIO PRECEDENTE, DAL NOTIZIARIO DEL 18 LUGLIO 2018<\/strong><\/span><\/p>\n<blockquote class=\"wp-embedded-content\" data-secret=\"jjruaEhmNN\"><p><a href=\"http:\/\/www.radiopiu.net\/wordpress\/dolomiti-in-miniatura-secondo-anno\/\">DOLOMITI IN MINIATURA, SECONDO ANNO<\/a><\/p><\/blockquote>\n<p><iframe loading=\"lazy\" class=\"wp-embedded-content\" sandbox=\"allow-scripts\" security=\"restricted\" style=\"position: absolute; clip: rect(1px, 1px, 1px, 1px);\" src=\"http:\/\/www.radiopiu.net\/wordpress\/dolomiti-in-miniatura-secondo-anno\/embed\/#?secret=jjruaEhmNN\" data-secret=\"jjruaEhmNN\" width=\"600\" height=\"338\" title=\"&#8220;DOLOMITI IN MINIATURA, SECONDO ANNO&#8221; &#8212; Radio Pi\u00f9\" frameborder=\"0\" marginwidth=\"0\" marginheight=\"0\" scrolling=\"no\"><\/iframe><\/p>\n<p>&nbsp;<\/p>\n<p>&nbsp;<\/p>\n<p>&nbsp;<\/p>\n<p>&nbsp;<\/p>\n<p>&nbsp;<\/p>\n<blockquote>\n<h1>INCONTRO LETTERARIO<\/h1>\n<p><strong>FELTRE<\/strong> Mercoledi 3 ottobre\u00a0 alle 10 all&#8217;Istituto Canossiano l&#8217;Auser Feltre proporr\u00e0 un incontro culturale intergenerazionale (giovani-anziani) per la presentazione del libro di Francesco Jori &#8220;Feltre-visitata e raccontata&#8221;. Il libro sar\u00e0 presentato da Francesco Jori (giornalista e scrittore), Franco Sandon (esploratore dei mondi feltrini), Maurizia Rosada (responsabile biblioteca di Battaglia Terme) che coordiner\u00e0 la presentazione. Saluti e interventi di: Stefano Serafin (dirigente scolastico Istituto Canossiano), Alessandro Del Bianco (assessore alla cultura della citt\u00e0 di Feltre), Liliana Tomaselli (presidenza Auser Feltre).<\/p>\n<p>&nbsp;<\/p><\/blockquote>\n<p>&nbsp;<\/p>\n<p>&nbsp;<\/p>\n<p>&nbsp;<\/p>\n<p>&nbsp;<\/p>\n<h1>LA NATURA DEGLI UOMINI<\/h1>\n<p><strong><a class=\"dt-pswp-item\" href=\"http:\/\/www.radiopiu.net\/wordpress\/wp-content\/uploads\/2018\/09\/download-7.jpg\" data-dt-img-description=\"\" data-large_image_width=\"225\" data-large_image_height=\"225\"><img loading=\"lazy\" decoding=\"async\" class=\"size-full wp-image-61128 alignleft\" src=\"http:\/\/www.radiopiu.net\/wordpress\/wp-content\/uploads\/2018\/09\/download-7.jpg\" alt=\"\" width=\"225\" height=\"225\" srcset=\"https:\/\/www.radiopiu.net\/wordpress\/wp-content\/uploads\/2018\/09\/download-7.jpg 225w, https:\/\/www.radiopiu.net\/wordpress\/wp-content\/uploads\/2018\/09\/download-7-150x150.jpg 150w\" sizes=\"auto, (max-width: 225px) 100vw, 225px\" \/><\/a>FELTRE\u00a0<\/strong> \u00a0Nuovo evento con il Parco Nazionale Dolomiti Bellunesi,\u00a0 si terr\u00e0 domenica\u00a0 alle 15.30 al punto informativo e ristoro di Pian d&#8217;Avena, in comune di Pedavena, nei pressi del Passo di Croce d&#8217;Aune, Protagonisti di quello che sar\u00e0 un vero e proprio spettacolo di musica, letteratura e filosofia saranno lo scrittore e giornalista Tiziano Fratus, il fisarmonicista Paolo Forte, i direttori del Parco Nazionale Dolomiti Bellunesi e del Parco Naturale Paneveggio Pale di San Martino e il responsabile dell\u2019ufficio cultura e della biblioteca del Comune di Pedavena. <strong>Tiziano Fratus <\/strong>(foto atelier poesia)\u00a0\u00e8 uno scrittore e poeta con diversi libri, articoli e studi pubblicati da quotidiani e riviste e dalle pi\u00f9 importanti case editrici italiane. Il tema ricorrente e approfondito di ogni suo lavoro sono gli alberi, il mondo vegetale e la natura, trattati in modo scientifico ma anche narrativo e poetico. <strong>Paolo Forte<\/strong>\u00a0\u00e8 un giovane affermato e molto conosciuto musicista friulano. In veste di solista o nella formazione dei Safar Mazi \u00e8 molto presente sulla scena del Triveneto, ogni volta con successo di pubblico e unanimi apprezzamenti. Il suo repertorio \u00e8 quello della musica popolare tradizionale, ma anche quello della musica etnica, da lui magistralmente interpretato alla fisarmonica. Al suo attivo ha centinaia di concerti e diversi CD, tra cui l&#8217;ultimo, \u201cAl buio\u201d, uscito pochi mesi fa.\u00a0Dialogheranno inoltre,\u00a0 Antonio Andrich, direttore del Parco Nazionale Dolomiti Bellunesi e Vittorio Ducoli, direttore del Parco Naturale di Paneveggio Pale di San Martino, in uno scambio di idee e di riflessioni che la musica di Paolo Forte sapr\u00e0 sottolineare e arricchire di suggestioni. \u00c8 previsto anche l&#8217;intervento di Francesco Padovani, della biblioteca civica di Pedavena, per proporre temi di discussione e coordinare gli interventi. Modera l\u2019incontro Valeria Benni, responsabile organizzativa di Oltre le Vette. In caso di tempo avverso l&#8217;incontro si svolger\u00e0 con lo stesso orario al Centro \u201cSilvio Guarnieri\u201d di Pedavena.<\/p>\n<p>&nbsp;<\/p>\n<p>&nbsp;<\/p>\n<p>&nbsp;<\/p>\n<p>&nbsp;<\/p>\n<h1><\/h1>\n<h1>APPUNTAMENTO OGGI ALLE 16.30<\/h1>\n<p><strong>AGORDO\u00a0<\/strong>Alla palestra delle scuole medie e elementari di Agordo, dalle 16.30 alle 19 open day con l&#8217;Associazione Danza Agordina (ADA)\u00a0 sar\u00e0 possibile conoscere le insegnanti, i locali e gli orari e assistere a una lezione: reggaeton, hip hop, contemporanea,moderna, classica. Per ulteriori informazioni\u00a0\u00a03488062103.<\/p>\n<h1><\/h1>\n<p>&nbsp;<\/p>\n<p>&nbsp;<\/p>\n<p>&nbsp;<\/p>\n<h1>NOVITA&#8217; AL SEMAFORO DEI &#8220;VIGILI DEL FUOCO&#8221;<\/h1>\n<p><strong><a class=\"dt-pswp-item\" href=\"http:\/\/www.radiopiu.net\/wordpress\/wp-content\/uploads\/2018\/09\/IMG_20180918_102803.jpg\" data-dt-img-description=\"\" data-large_image_width=\"5152\" data-large_image_height=\"2924\"><img loading=\"lazy\" decoding=\"async\" class=\"size-medium wp-image-61114 alignleft\" src=\"http:\/\/www.radiopiu.net\/wordpress\/wp-content\/uploads\/2018\/09\/IMG_20180918_102803-300x170.jpg\" alt=\"\" width=\"300\" height=\"170\" srcset=\"https:\/\/www.radiopiu.net\/wordpress\/wp-content\/uploads\/2018\/09\/IMG_20180918_102803-300x170.jpg 300w, https:\/\/www.radiopiu.net\/wordpress\/wp-content\/uploads\/2018\/09\/IMG_20180918_102803-768x436.jpg 768w, https:\/\/www.radiopiu.net\/wordpress\/wp-content\/uploads\/2018\/09\/IMG_20180918_102803-1024x581.jpg 1024w\" sizes=\"auto, (max-width: 300px) 100vw, 300px\" \/><\/a>FELTRE<\/strong> Importanti novit\u00e0 per quanto riguarda la circolazione stradale e la sicurezza all&#8217;intersezione tra via Bagnols sur C\u00e8ze e viale Fusinato, in corrispondenza dell&#8217;incrocio posto presso al caserma dei Vigili del Fuoco. Da qualche giorno infatti sono state riviste le modalit\u00e0 di transito e di immissione dei veicoli sulla statale. In particolare, il semaforo lungo il senso di marcia della statale, posto in corrispondenza della caserma, rester\u00e0 verde, favorendo cos\u00ec il flusso sull&#8217;arteria principale. Il rosso, ovvero lo stop per i veicoli in transito su via Bagnols sur C\u00e8ze, sar\u00e0 attivato con tre modalit\u00e0 specifiche: attraverso un telecomando da parte dei Vigili del Fuoco per fare uscire i mezzi di soccorso in sicurezza;attraverso la richiesta di passaggio pedonale, a chiamata, ; a mezzo delle spire \u201cintelligenti\u201d poste sulle carreggiate.<\/p>\n<p><strong>AI MICROFONI DI RADIO PIU&#8217; L&#8217;ASSESSORE AI LAVORI PUBBLICI E ALL&#8217;INNOVAZIONE ADIS ZATTA<\/strong><\/p>\n<audio class=\"wp-audio-shortcode\" id=\"audio-61106-7\" preload=\"none\" style=\"width: 100%;\" controls=\"controls\"><source type=\"audio\/mpeg\" src=\"http:\/\/www.radiopiu.net\/wordpress\/wp-content\/uploads\/2018\/09\/ZATTA-SEMAFORO.mp3?_=7\" \/><a href=\"http:\/\/www.radiopiu.net\/wordpress\/wp-content\/uploads\/2018\/09\/ZATTA-SEMAFORO.mp3\">http:\/\/www.radiopiu.net\/wordpress\/wp-content\/uploads\/2018\/09\/ZATTA-SEMAFORO.mp3<\/a><\/audio>\n<p>&nbsp;<\/p>\n<p>&nbsp;<\/p>\n<p>&nbsp;<\/p>\n<p>&nbsp;<\/p>\n<p>&nbsp;<\/p>\n<h1>FORNASIER CANTA I BELUMAT E APRE ALLA RACCOLTA FONDI PER IL CENTRO DIURNO<\/h1>\n<p><strong><a class=\"dt-pswp-item\" href=\"http:\/\/www.radiopiu.net\/wordpress\/wp-content\/uploads\/2018\/09\/download-1-2.jpg\" data-dt-img-description=\"\" data-large_image_width=\"276\" data-large_image_height=\"183\"><img loading=\"lazy\" decoding=\"async\" class=\" wp-image-61129 alignleft\" src=\"http:\/\/www.radiopiu.net\/wordpress\/wp-content\/uploads\/2018\/09\/download-1-2.jpg\" alt=\"\" width=\"211\" height=\"140\" \/><\/a>AGORDO<\/strong> Sabato alle 20.30 all&#8217;Auditorium del centro parrocchiale Monsignor Savio si esibir\u00e0 Giorgio Fornasier dei Belumat (foto RadioCortina). L&#8217;evento vuole rappresentare l&#8217;inizio ufficiale della campagna di raccolta fondi per l&#8217;apertura di &#8220;Altro senso&#8221;, il nuovo centro diurno che dal 2019 ospiter\u00e0 gli utenti con disabilit\u00e0 del territorio.<\/p>\n<p>&nbsp;<\/p>\n<p>&nbsp;<\/p>\n<p><strong>IL SERVIZIO DAL GIORNALE RADIO PRINCIPALE<\/strong><\/p>\n<audio class=\"wp-audio-shortcode\" id=\"audio-61106-8\" preload=\"none\" style=\"width: 100%;\" controls=\"controls\"><source type=\"audio\/mpeg\" src=\"http:\/\/www.radiopiu.net\/wordpress\/wp-content\/uploads\/2018\/09\/fornasier.mp3?_=8\" \/><a href=\"http:\/\/www.radiopiu.net\/wordpress\/wp-content\/uploads\/2018\/09\/fornasier.mp3\">http:\/\/www.radiopiu.net\/wordpress\/wp-content\/uploads\/2018\/09\/fornasier.mp3<\/a><\/audio>\n<p><strong>L&#8217;INTERVISTA A GIORGIO FORNARSIER<\/strong><\/p>\n<audio class=\"wp-audio-shortcode\" id=\"audio-61106-9\" preload=\"none\" style=\"width: 100%;\" controls=\"controls\"><source type=\"audio\/mpeg\" src=\"http:\/\/www.radiopiu.net\/wordpress\/wp-content\/uploads\/2018\/09\/gr-19-giorgio-fornarsier.mp3?_=9\" \/><a href=\"http:\/\/www.radiopiu.net\/wordpress\/wp-content\/uploads\/2018\/09\/gr-19-giorgio-fornarsier.mp3\">http:\/\/www.radiopiu.net\/wordpress\/wp-content\/uploads\/2018\/09\/gr-19-giorgio-fornarsier.mp3<\/a><\/audio>\n<p>&nbsp;<\/p>\n<p>&nbsp;<\/p>\n<p>&nbsp;<\/p>\n<p>&nbsp;<\/p>\n<h1>OLIMPIADI, ZAIA E FONTANA: STOP A POLEMICHE, AVANTI CON LOMBARDIA E VENETO<\/h1>\n<p><strong><a class=\"dt-pswp-item\" href=\"http:\/\/www.radiopiu.net\/wordpress\/wp-content\/uploads\/2018\/07\/920-2018-Zaia.jpg\" data-dt-img-description=\"\" data-large_image_width=\"1600\" data-large_image_height=\"1200\"><img loading=\"lazy\" decoding=\"async\" class=\" wp-image-53049 alignleft\" src=\"http:\/\/www.radiopiu.net\/wordpress\/wp-content\/uploads\/2018\/07\/920-2018-Zaia-300x225.jpg\" alt=\"\" width=\"192\" height=\"144\" srcset=\"https:\/\/www.radiopiu.net\/wordpress\/wp-content\/uploads\/2018\/07\/920-2018-Zaia-300x225.jpg 300w, https:\/\/www.radiopiu.net\/wordpress\/wp-content\/uploads\/2018\/07\/920-2018-Zaia-768x576.jpg 768w, https:\/\/www.radiopiu.net\/wordpress\/wp-content\/uploads\/2018\/07\/920-2018-Zaia-1024x768.jpg 1024w, https:\/\/www.radiopiu.net\/wordpress\/wp-content\/uploads\/2018\/07\/920-2018-Zaia.jpg 1600w\" sizes=\"auto, (max-width: 192px) 100vw, 192px\" \/><\/a>VENEZIA\u00a0\u00a0<\/strong>\u201cArrivati a questo punto \u00e8 impensabile gettare tutto alle ortiche. La candidatura va salvata, per cui siamo disponibili a portare avanti questa sfida insieme. Se Torino si chiama fuori, e ci dispiace, a questo punto restano due realt\u00e0, che si chiamano Veneto e Lombardia, per cui andremo avanti con le Olimpiadi del Lombardo-Veneto\u201d. &#8220;Il tempo della tattica \u00e8 terminato. L&#8217;occasione \u00e8 troppo importante per lasciarsela sfuggire, quindi ribadiamo ancora una volta in maniera inequivocabile che Regione Veneto e Regione Lombardia hanno come unico traguardo quello di portare in Italia le Olimpiadi invernali del 2026\u201d. \u201cLa Lombardia, con Milano e la Valtellina, e il Veneto, con Cortina, sono pronti a unire le forze e fare squadra per garantire all&#8217;Italia una candidatura qualificata. Il binomio delle due regioni che, di fatto, sono il motore trainante dell&#8217;intero Paese e\u2019 la garanzia pi\u00f9 importante per centrare l&#8217;obiettivo, potendo contare sul prestigio internazionale di Milano e sull\u2019unicit\u00e0 di Cortina\u201d. Lo dichiarano, in una nota congiunta, Luca Zaia, presidente della Regione Veneto, e Attilio Fontana, presidente della Regione Lombardia.<\/p>\n<p>&nbsp;<\/p>\n<p>&nbsp;<\/p>\n<p>&nbsp;<\/p>\n<h1><\/h1>\n<h1>DARIO BOND: \u201cVENETO E LOMBARDIA ASSIEME CON RISORSE DERIVATE DALL&#8217;AUTONOMIA\u201d<\/h1>\n<p style=\"text-align: left;\"><a class=\"dt-pswp-item\" href=\"http:\/\/www.radiopiu.net\/wordpress\/wp-content\/uploads\/2018\/09\/BOND.jpg\" data-dt-img-description=\"\" data-large_image_width=\"109\" data-large_image_height=\"160\"><img loading=\"lazy\" decoding=\"async\" class=\"size-full wp-image-59772 alignleft\" src=\"http:\/\/www.radiopiu.net\/wordpress\/wp-content\/uploads\/2018\/09\/BOND.jpg\" alt=\"\" width=\"109\" height=\"160\" \/><\/a><\/p>\n<p style=\"text-align: left;\">\u201cCortina e Milano vadano avanti da sole e presentino la loro candidatura\u00a0 a Losanna. I soldi per sostenerla, senza l&#8217;appoggio del Governo, arriveranno dall&#8217;autonomia di Veneto e Lombardia\u201d: la proposta \u00e8 di Dario Bond.<\/p>\n<p>&nbsp;<\/p>\n<p style=\"text-align: left;\"><strong>AI MICROFONI DI RADIO PIU&#8217; IL DEPUTATO DI FORZA ITALIA<\/strong><\/p>\n<p>&nbsp;<\/p>\n<audio class=\"wp-audio-shortcode\" id=\"audio-61106-10\" preload=\"none\" style=\"width: 100%;\" controls=\"controls\"><source type=\"audio\/mpeg\" src=\"http:\/\/www.radiopiu.net\/wordpress\/wp-content\/uploads\/2018\/09\/BOND-OLIMPIADI.mp3?_=10\" \/><a href=\"http:\/\/www.radiopiu.net\/wordpress\/wp-content\/uploads\/2018\/09\/BOND-OLIMPIADI.mp3\">http:\/\/www.radiopiu.net\/wordpress\/wp-content\/uploads\/2018\/09\/BOND-OLIMPIADI.mp3<\/a><\/audio>\n<h3>OLIMPIADI 2026 \u201cNO A ROTTURE POLITICHE. UNITI A LOSANNA\u201d<\/h3>\n<p><strong>ROMA<\/strong> \u201cDobbiamo presentarci uniti e forti, domani, davanti al CIO a Losanna per sostenere la candidatura di Cortina, Milano e Torino alle olimpiadi invernali 2026. Non possono esserci rotture politiche su questo fronte\u201d: questo l&#8217;appello del deputato di Forza Italia, Dario Bond, alla vigilia dell&#8217;incontro decisivo in Svizzera.<br \/>\n\u201cIl sindaco di Cortina si \u00e8 gi\u00e0 detto disponibile ad un passo indietro della sua citt\u00e0 nel marchio, ferme restando le richieste di ospitare le gare di bob, slittino, skeleton e sci alpino\u201d, sottolinea Bond. \u201cLa volont\u00e0 delle tre citt\u00e0 di lavorare insieme, pur con le differenti aspirazioni, \u00e8 chiara: ora la politica nazionale non deve approfittare delle discussioni degli ultimi giorni per arrivare ad uno strappo che di fronte al Comitato Olimpico sarebbe irreparabile\u201d.<br \/>\n\u201cLa candidatura olimpica \u00e8 una grande leva turistica ed economica, non la si trasformi in uno strumento di rivalsa nei confronti delle forze politiche, alleati o avversari che siano\u201d, l&#8217;appello finale di Bond. \u201cLe possibilit\u00e0 di ospitare i Giochi invernali del 2026 sono altissime, non roviniamo questo sogno con beghe partitiche che fanno male all&#8217;Italia\u201d.<\/p>\n<p>&nbsp;<\/p>\n<p>&nbsp;<\/p>\n<p>&nbsp;<\/p>\n<p>&nbsp;<\/p>\n<h1>OLIMPIADI, DE MENECH: &#8220;CORTINA DEVE RESISTERE&#8221;<\/h1>\n<p>audio<\/p>\n<blockquote><audio class=\"wp-audio-shortcode\" id=\"audio-61106-11\" preload=\"none\" style=\"width: 100%;\" controls=\"controls\"><source type=\"audio\/mpeg\" src=\"http:\/\/www.radiopiu.net\/wordpress\/wp-content\/uploads\/2018\/09\/ROGER-3.mp3?_=11\" \/><a href=\"http:\/\/www.radiopiu.net\/wordpress\/wp-content\/uploads\/2018\/09\/ROGER-3.mp3\">http:\/\/www.radiopiu.net\/wordpress\/wp-content\/uploads\/2018\/09\/ROGER-3.mp3<\/a><\/audio>\n<p><em>Bocciatura e addio ai finanziamenti. Ennesimo \u2018regalo\u2019 avvelenato di questo governo al Veneto<\/em><\/p><\/blockquote>\n<p><strong><a class=\"dt-pswp-item\" href=\"http:\/\/www.radiopiu.net\/wordpress\/wp-content\/uploads\/2018\/07\/ROGER.jpg\" data-dt-img-description=\"\" data-large_image_width=\"193\" data-large_image_height=\"261\"><img loading=\"lazy\" decoding=\"async\" class=\" wp-image-53882 alignleft\" src=\"http:\/\/www.radiopiu.net\/wordpress\/wp-content\/uploads\/2018\/07\/ROGER.jpg\" alt=\"\" width=\"99\" height=\"134\" \/><\/a>ROMA\u00a0<\/strong>\u00a0\u00abIl governo del no a tutto ha colpito ancora. Dopo Roma ecco tramontare la candidatura olimpica delle Alpi e serve un\u2019altra figuraccia internazionale per tutto il Paese\u00bb. Il deputato Roger De Menech commenta cos\u00ec il tramonto della candidatura italiana alle Olimpiadi invernali 2026. \u00abCortina deve resistere\u00bb, afferma il deputato veneto Roger De Menech. \u00abProbabilmente nei prossimi giorni emerger\u00e0 la candidatura unitaria di Cortina e di Milano, ma non ci sar\u00e0 alcun supporto dal governo italiano che ritira cos\u00ec tutti i finanziamenti per promuovere la candidatura prima e organizzare i giochi poi. Gli enti locali saranno lasciati soli e dovranno trovare proprie fonti per finanziare la manifestazione nel caso fosse assegnata all\u2019Italia. In ogni caso da oggi la candidatura di Cortina diventa molto pi\u00f9 debole. Un altro \u2018regalo\u2019 avvelenato di questo governo al Veneto e alla montagna\u00bb.<\/p>\n<p>&nbsp;<\/p>\n<p>&nbsp;<\/p>\n<p>&nbsp;<\/p>\n<p>&nbsp;<\/p>\n<p>&nbsp;<\/p>\n<h1>D&#8217;INCA&#8217;, AVANTI CON LA CANDIDATURA MILANO-CORTINA<\/h1>\n<p>audio<\/p>\n<audio class=\"wp-audio-shortcode\" id=\"audio-61106-12\" preload=\"none\" style=\"width: 100%;\" controls=\"controls\"><source type=\"audio\/mpeg\" src=\"http:\/\/www.radiopiu.net\/wordpress\/wp-content\/uploads\/2018\/09\/INCA.mp3?_=12\" \/><a href=\"http:\/\/www.radiopiu.net\/wordpress\/wp-content\/uploads\/2018\/09\/INCA.mp3\">http:\/\/www.radiopiu.net\/wordpress\/wp-content\/uploads\/2018\/09\/INCA.mp3<\/a><\/audio>\n<p><a class=\"dt-pswp-item\" href=\"http:\/\/www.radiopiu.net\/wordpress\/wp-content\/uploads\/2015\/09\/Federico_DInc\u00e0_daticamera.jpg\" data-dt-img-description=\"\" data-large_image_width=\"165\" data-large_image_height=\"228\"><img loading=\"lazy\" decoding=\"async\" class=\" wp-image-10538 alignleft\" src=\"http:\/\/www.radiopiu.net\/wordpress\/wp-content\/uploads\/2015\/09\/Federico_DInc\u00e0_daticamera.jpg\" alt=\"\" width=\"130\" height=\"180\" \/><\/a>Avanti con le Olimpiadi invernali di Milano e Cortina. A dirlo \u00e8 il parlamentare bellunese del Movimento 5 Stelle Federico D\u2019Inc\u00e0, che conferma la necessit\u00e0 di portare avanti il progetto basato su Veneto e Lombardia: \u201cVi erano troppe difficolt\u00e0 a portare avanti un\u2019unica linea condivisa con le tre citt\u00e0 delle Alpi \u2013 si rammarica il deputato &#8211; le colpe non sono attribuibili a nessuno, ma sono convinto che Milano e Cortina potranno dare un segnale forte per i nuovi Giochi all\u2019insegna dell\u2019attenzione agli aspetti ambientali ed economici. Le Olimpiadi vanno viste in questo senso come un simbolo di un reale volano economico e turistico\u201d. \u201cVoglio sottolineare per\u00f2 \u2013 avverte D\u2019Inc\u00e0 &#8211; come il sottosegretario della Lega Giorgetti abbia dato il via libera del Governo a patto che i soldi siano trovati dalle due Regioni. Ma sono certo che i presidenti Fontana e Zaia avranno la capacit\u00e0 di dar prova di autonomia economica e finanziaria nel reperire le risorse all\u2019interno dei rispettivi bilanci regionali\u201d. \u201cStiamo parlando di misure importanti \u2013 spiega il parlamentare &#8211; che avranno ricadute importanti sul territorio bellunese\u201d. \u201cUna volta che il dado \u00e8 tratto non si pu\u00f2 tornare indietro \u2013 conclude D\u2019Inc\u00e0 &#8211; con il sottosegretario del Movimento 5 Stelle Simone Valente abbiamo visitato le opere per il mondiali di sci Cortina, che sarebbero alla base della candidatura olimpica, gi\u00e0 nella 2017 dimostrando quindi la massima attenzione al territorio veneto. Adesso queste opere devono essere al centro dei lavoro dei prossimi mesi, non possiamo pi\u00f9 aspettare ritardi e lungaggini burocratiche\u201d.<\/p>\n<p>&nbsp;<\/p>\n<p>&nbsp;<\/p>\n<p>&nbsp;<\/p>\n<p>&nbsp;<\/p>\n<p>&nbsp;<\/p>\n<h1>OLIMPIADI, DICHIARAZIONE DEL PRESIDENTE LUCA BARBINI SULLA CANDIDATURA<\/h1>\n<p><strong><a class=\"dt-pswp-item\" href=\"http:\/\/www.radiopiu.net\/wordpress\/wp-content\/uploads\/2018\/09\/barbini.jpg\" data-dt-img-description=\"\" data-large_image_width=\"305\" data-large_image_height=\"165\"><img loading=\"lazy\" decoding=\"async\" class=\"size-medium wp-image-61130 alignleft\" src=\"http:\/\/www.radiopiu.net\/wordpress\/wp-content\/uploads\/2018\/09\/barbini-300x162.jpg\" alt=\"\" width=\"300\" height=\"162\" srcset=\"https:\/\/www.radiopiu.net\/wordpress\/wp-content\/uploads\/2018\/09\/barbini-300x162.jpg 300w, https:\/\/www.radiopiu.net\/wordpress\/wp-content\/uploads\/2018\/09\/barbini.jpg 305w\" sizes=\"auto, (max-width: 300px) 100vw, 300px\" \/><\/a>BELLUNO\u00a0<\/strong> \u00abTrovare un\u2019intesa politica e un\u2019ampia condivisione per salvare la candidatura italiana alle Olimpiadi Invernali del 2026, evitando di gettare alle ortiche un\u2019opportunit\u00e0 enorme per la crescita economica e sociale dei territori alpini e per la valorizzazione della montagna nel suo complesso\u00bb. \u00c8 questo il commento del presidente di Confindustria Belluno Dolomiti, Luca Barbini, dopo gli ultimi sviluppi annunciati oggi dal Sottosegretario alla presidenza del Consiglio Giancarlo Giorgetti. \u00abVeneto e Lombardia chiedono di proseguire anche senza il Piemonte \u2013 prosegue Luca Barbini \u2013 e ritengo che questa sia una strada da percorre senza esitazioni, con l\u2019obiettivo di ottenere un risultato strategico per il Paese, grazie a un asse, quello tra Milano e Cortina, che ha tutte le carte in regola per ospitare una manifestazione prestigiosa come le Olimpiadi Invernali, soprattutto se le istituzioni e i sistemi economici locali dimostrano di crederci in modo convinto. Nel caso di Cortina d\u2019Ampezzo, uesto permetterebbe di valorizzare ulteriormente gli sforzi e gli investimenti per i Mondiali del 2021\u00bb.<\/p>\n<p>&nbsp;<\/p>\n<p>&nbsp;<\/p>\n<p>&nbsp;<\/p>\n<p>&nbsp;<\/p>\n<h1>\u00a0PER MALAGO&#8217; SI PUO&#8217; PENSARE IN OLIMPICO, LE CARTE PIU&#8217; BELLE SI CALANO SUL TAVOLO DI LOSANNA<\/h1>\n<p><span style=\"color: #ff0000;\"><strong><a class=\"dt-pswp-item\" href=\"http:\/\/www.radiopiu.net\/wordpress\/wp-content\/uploads\/2018\/09\/201px-Giovanni_Malag\u00f2_2.jpg\" data-dt-img-description=\"\" data-large_image_width=\"201\" data-large_image_height=\"300\"><img loading=\"lazy\" decoding=\"async\" class=\" wp-image-61192 alignleft\" src=\"http:\/\/www.radiopiu.net\/wordpress\/wp-content\/uploads\/2018\/09\/201px-Giovanni_Malag\u00f2_2-201x300.jpg\" alt=\"\" width=\"124\" height=\"185\" \/><\/a>AUDIO, DARIO BOND\u00a0<\/strong><\/span><\/p>\n<p>&nbsp;<\/p>\n<audio class=\"wp-audio-shortcode\" id=\"audio-61106-13\" preload=\"none\" style=\"width: 100%;\" controls=\"controls\"><source type=\"audio\/ogg\" src=\"http:\/\/www.radiopiu.net\/wordpress\/wp-content\/uploads\/2018\/09\/BOND.ogg?_=13\" \/><a href=\"http:\/\/www.radiopiu.net\/wordpress\/wp-content\/uploads\/2018\/09\/BOND.ogg\">http:\/\/www.radiopiu.net\/wordpress\/wp-content\/uploads\/2018\/09\/BOND.ogg<\/a><\/audio>\n<p>&nbsp;<\/p>\n<p>&nbsp;<\/p>\n<p>&nbsp;<\/p>\n<p>&nbsp;<\/p>\n<p>&nbsp;<\/p>\n<h1>PANIFICATORI E DOLCIARI AL FIANCO DELLA DONNA CONTRO LE VIOLENZE<\/h1>\n<p><strong><a class=\"dt-pswp-item\" href=\"http:\/\/www.radiopiu.net\/wordpress\/wp-content\/uploads\/2017\/11\/violenza-contro-donne-1-2.jpg\" data-dt-img-description=\"\" data-large_image_width=\"800\" data-large_image_height=\"533\"><img loading=\"lazy\" decoding=\"async\" class=\"size-medium wp-image-38666 alignleft\" src=\"http:\/\/www.radiopiu.net\/wordpress\/wp-content\/uploads\/2017\/11\/violenza-contro-donne-1-2-300x200.jpg\" alt=\"\" width=\"300\" height=\"200\" \/><\/a>BELLUNO<\/strong> Nell\u2019ambito delle iniziative del Comitato Impresa Donna di Appia sono\u00a0 nei mesi scorsi \u00e8 stata avviata una collaborazione con il Centro Antiviolenza Belluno Donna,\u00a0 con la programmazione di\u00a0 alcuni eventi per sensibilizzare rispetto la tematica della violenza di genere. Due i momenti attraverso i quali la campagna si \u00e8 sviluppata e si svilupper\u00e0: un primo attraverso la distribuzione presso i panificatori della provincia di sacchetti del pane con lo slogan \u201cPer molte donne la violenza \u00e8 pane quotidiano\u201d, promosso dal settore Panificatori e Dolciari,\u00a0 un secondo che si svolger\u00e0 nelle prossime settimane concretizzandosi in tre incontri che si terranno a Belluno, Feltre e Pieve di Cadore. Mercoledi 26 settembre dalle 17. 30 nell&#8217; ula formazione di APPIA sar\u00e0 presentata, dalle responsabile del Centro Belluno Donna, la situazione circa la violenza di genere in provincia e pi\u00f9 in generale nel suo complesso, con numeri, contesti e modalit\u00e0 attraverso cui si sviluppa, e le opportunit\u00e0 che le imprese hanno per aiutare le persone in difficolt\u00e0, anche attraverso assunzioni agevolate.<\/p>\n<p>&nbsp;<\/p>\n<p>&nbsp;<\/p>\n<p>&nbsp;<\/p>\n<p>&nbsp;<\/p>\n<p>&nbsp;<\/p>\n<h1><\/h1>\n<p>&nbsp;<\/p>\n<h1>KILIMANGIARO PER FESTEGGIARE I 150 ANNI DEL CAI, ESPERIENZA UNICA.<\/h1>\n<p><strong><a class=\"dt-pswp-item\" href=\"http:\/\/www.radiopiu.net\/wordpress\/wp-content\/uploads\/2018\/09\/WhatsApp-Image-2018-09-18-at-14.21.48.jpeg\" data-dt-img-description=\"\" data-large_image_width=\"1600\" data-large_image_height=\"900\"><img loading=\"lazy\" decoding=\"async\" class=\"size-medium wp-image-61115 alignleft\" src=\"http:\/\/www.radiopiu.net\/wordpress\/wp-content\/uploads\/2018\/09\/WhatsApp-Image-2018-09-18-at-14.21.48-300x169.jpeg\" alt=\"\" width=\"300\" height=\"169\" srcset=\"https:\/\/www.radiopiu.net\/wordpress\/wp-content\/uploads\/2018\/09\/WhatsApp-Image-2018-09-18-at-14.21.48-300x169.jpeg 300w, https:\/\/www.radiopiu.net\/wordpress\/wp-content\/uploads\/2018\/09\/WhatsApp-Image-2018-09-18-at-14.21.48-768x432.jpeg 768w, https:\/\/www.radiopiu.net\/wordpress\/wp-content\/uploads\/2018\/09\/WhatsApp-Image-2018-09-18-at-14.21.48-1024x576.jpeg 1024w, https:\/\/www.radiopiu.net\/wordpress\/wp-content\/uploads\/2018\/09\/WhatsApp-Image-2018-09-18-at-14.21.48.jpeg 1600w\" sizes=\"auto, (max-width: 300px) 100vw, 300px\" \/><\/a>AGORDO<\/strong> Paolo Chissal\u00e8 ha partecipato alla spedizione nel cuore dell&#8217;Africa con la sezione agordina del Cai &#8220;Armando Tama Da Roit&#8221;. Uno degli eventi per sottolineare l&#8217;importanza del 150esimo dalla fondazione della sezione. Ecco le sue sensazioni di ritorno dal Kilimangiaro.<\/p>\n<p>&nbsp;<\/p>\n<audio class=\"wp-audio-shortcode\" id=\"audio-61106-14\" preload=\"none\" style=\"width: 100%;\" controls=\"controls\"><source type=\"audio\/mpeg\" src=\"http:\/\/www.radiopiu.net\/wordpress\/wp-content\/uploads\/2018\/09\/gr-19-paolo-chissale-kilimangiaro.mp3?_=14\" \/><a href=\"http:\/\/www.radiopiu.net\/wordpress\/wp-content\/uploads\/2018\/09\/gr-19-paolo-chissale-kilimangiaro.mp3\">http:\/\/www.radiopiu.net\/wordpress\/wp-content\/uploads\/2018\/09\/gr-19-paolo-chissale-kilimangiaro.mp3<\/a><\/audio>\n<p>&nbsp;<\/p>\n<p>&nbsp;<\/p>\n<p>&nbsp;<\/p>\n<p>&nbsp;<\/p>\n<p>&nbsp;<\/p>\n<p>&nbsp;<\/p>\n<p><a class=\"dt-pswp-item\" href=\"http:\/\/www.radiopiu.net\/wordpress\/wp-content\/uploads\/2018\/09\/sport.jpg\" data-dt-img-description=\"\" data-large_image_width=\"800\" data-large_image_height=\"100\"><img loading=\"lazy\" decoding=\"async\" class=\"alignnone wp-image-60761 size-full\" src=\"http:\/\/www.radiopiu.net\/wordpress\/wp-content\/uploads\/2018\/09\/sport.jpg\" alt=\"\" width=\"800\" height=\"100\" srcset=\"https:\/\/www.radiopiu.net\/wordpress\/wp-content\/uploads\/2018\/09\/sport.jpg 800w, https:\/\/www.radiopiu.net\/wordpress\/wp-content\/uploads\/2018\/09\/sport-300x38.jpg 300w, https:\/\/www.radiopiu.net\/wordpress\/wp-content\/uploads\/2018\/09\/sport-768x96.jpg 768w\" sizes=\"auto, (max-width: 800px) 100vw, 800px\" \/><\/a><\/p>\n<h1><\/h1>\n<h1><\/h1>\n<p>&nbsp;<\/p>\n<h1>AGORDINA IN COPPA VENETO<\/h1>\n<p>Si gioca questa sera la terza e ultima partita della prima fase di Coppa Veneto della Seconda Categoria. L&#8217;Agordina, dopo la vittoria con lo Schiara e la sconfitta in casa con la Sospirolese, questa sera affronta l&#8217;Alpina all&#8217;Ivano Dorigo di Agordo. Calcio d&#8217;inizio alle ore 20:30. La squadra di De Zaiacomo deve vincere per avere la matematica certezza di continuare l&#8217;avventura nella coppa. Per\u00f2 deve anche sperare che lo Schiara vinca o pareggi contro la Sospirolese altrimenti i ragazzi di Agordo rimarranno fuori dai giochi. L&#8217;appuntamento questa sera alle ore 20:30, Ivano Dorigo di Agordo, per Agordina \u2013 Alpina.<\/p>\n<p>&nbsp;<\/p>\n<p>&nbsp;<\/p>\n<h2>DOMENICA LA 16 COMUNI, DOMANI LO SPECIALE ALLA RADIO ALLE 15.30 E 21.00<\/h2>\n<audio class=\"wp-audio-shortcode\" id=\"audio-61106-15\" preload=\"none\" style=\"width: 100%;\" controls=\"controls\"><source type=\"audio\/mpeg\" src=\"http:\/\/www.radiopiu.net\/wordpress\/wp-content\/uploads\/2018\/09\/gr-17-trofeo-16-comuni.mp3?_=15\" \/><a href=\"http:\/\/www.radiopiu.net\/wordpress\/wp-content\/uploads\/2018\/09\/gr-17-trofeo-16-comuni.mp3\">http:\/\/www.radiopiu.net\/wordpress\/wp-content\/uploads\/2018\/09\/gr-17-trofeo-16-comuni.mp3<\/a><\/audio>\n<h2><\/h2>\n<h2><\/h2>\n<h2><\/h2>\n<h2>SABATO\u00a0 LA PRESENTAZIONE DELL&#8217;ALLEGHE HOCKEY<\/h2>\n<audio class=\"wp-audio-shortcode\" id=\"audio-61106-16\" preload=\"none\" style=\"width: 100%;\" controls=\"controls\"><source type=\"audio\/mpeg\" src=\"http:\/\/www.radiopiu.net\/wordpress\/wp-content\/uploads\/2018\/09\/gr-18-presentazione-alleghe-hockey-1.mp3?_=16\" \/><a href=\"http:\/\/www.radiopiu.net\/wordpress\/wp-content\/uploads\/2018\/09\/gr-18-presentazione-alleghe-hockey-1.mp3\">http:\/\/www.radiopiu.net\/wordpress\/wp-content\/uploads\/2018\/09\/gr-18-presentazione-alleghe-hockey-1.mp3<\/a><\/audio>\n<p>&nbsp;<\/p>\n<p>&nbsp;<\/p>\n<p>&nbsp;<\/p>\n<p>&nbsp;<\/p>\n<p>&nbsp;<\/p>\n<p><a class=\"dt-pswp-item\" href=\"http:\/\/www.radiopiu.net\/wordpress\/wp-content\/uploads\/2018\/08\/METEO-PREVISIONI.jpeg\" data-dt-img-description=\"\" data-large_image_width=\"1280\" data-large_image_height=\"768\"><img loading=\"lazy\" decoding=\"async\" class=\"alignnone size-medium wp-image-57212\" src=\"http:\/\/www.radiopiu.net\/wordpress\/wp-content\/uploads\/2018\/08\/METEO-PREVISIONI-300x180.jpeg\" alt=\"\" width=\"300\" height=\"180\" srcset=\"https:\/\/www.radiopiu.net\/wordpress\/wp-content\/uploads\/2018\/08\/METEO-PREVISIONI-300x180.jpeg 300w, https:\/\/www.radiopiu.net\/wordpress\/wp-content\/uploads\/2018\/08\/METEO-PREVISIONI-768x461.jpeg 768w, https:\/\/www.radiopiu.net\/wordpress\/wp-content\/uploads\/2018\/08\/METEO-PREVISIONI-1024x614.jpeg 1024w, https:\/\/www.radiopiu.net\/wordpress\/wp-content\/uploads\/2018\/08\/METEO-PREVISIONI.jpeg 1280w\" sizes=\"auto, (max-width: 300px) 100vw, 300px\" \/><\/a><\/p>\n<h1>PREVISIONI DEL TEMPO DA OGGI A SABATO<\/h1>\n<p><strong>Mercoledi 19<\/strong><br \/>\nTempo atteso: Tempo perlopi\u00f9 soleggiato e stabile, con qualche nube bassa mattutina ancora possibile, eventualmente in diradamento, e con la consueta attivit\u00e0 cumuliforme diurna, perlopi\u00f9 senza alcun fenomeno di instabilit\u00e0. Clima sempre caldo quasi estivo.<br \/>\nPrecipitazioni: Al mattino assenti (0%); tra le ore centrali e il pomeriggio non esclusi del tutto isolati e brevi rovesci (10\/30%).<br \/>\nTemperature: Senza notevoli variazioni o in lieve calo le minime in qualche fondovalle. Su Prealpi a 1500 m min 12\u00b0C max 17\u00b0C, a 2000 m min 9\u00b0C max 13\u00b0C. Su Dolomiti a 2000 m min 9\u00b0C max 13\u00b0C, a 3000 m min 2\u00b0C max 5\u00b0C.<br \/>\nVenti: Nelle valli da deboli a moderati a regime di brezza; in quota generalmente deboli in rotazione da Sud-Ovest a Nord, a 5-10 km\/h a 2000 m, 10-20 km\/h a 3000 m.<br \/>\n<strong>Giovedi 20<\/strong><br \/>\nTempo atteso: Tempo soleggiato e stabile, con cielo sereno al mattino e possibile modesta nuvolosit\u00e0 cumuliforme diurna che non limiter\u00e0 il soleggiamento. Temperature di stampo quasi estivo.<br \/>\nPrecipitazioni: Assenti (0%).<br \/>\nTemperature: Senza variazioni di rilievo. Su Prealpi a 1500 m min 13\u00b0C max 17\u00b0C, a 2000 m min 9\u00b0C max 13\u00b0C. Su Dolomiti a 2000 m min 9\u00b0C max 14\u00b0C, a 3000 m min 3\u00b0C max 6\u00b0C.<br \/>\nVenti: Nelle valli da deboli a moderati a regime di brezza; in quota generalmente deboli da Nord Nord-Est, a 5-10 km\/h a 2000 m, 5-20 km\/h a 3000 m.<br \/>\n<strong>Venerdi 21<\/strong><br \/>\nTempo perlopi\u00f9 soleggiato, con ampie e durature schiarite in giornata e aumento della nuvolosit\u00e0 al pomeriggio\/sera anche per nubi alte, specie sulle Dolomiti, senza alcun fenomeno. Temperature sempre stazionarie. Venti deboli\/moderati occidentali in quota.<br \/>\n<strong>Sabato 22<\/strong><br \/>\nGiornata in buona parte nuvolosa, sia per nubi cumuliformi irregolari che per estese nubi alte, con qualche breve rovescio non escluso soprattutto sulla Provincia di Belluno, perlopi\u00f9 assente sulle Prealpi centro-occidentali. Lieve calo termico diurno. Venti deboli\/moderati occidentali in quota. Previsore: G.M.<\/p>\n","protected":false},"excerpt":{"rendered":"<p>&nbsp; &nbsp; DOMANI SELVA DI CADORE SENZ&#8217;ACQUA Gestione Servizi Pubblici informa che, per lavori alla rete idrica comunale, domani dalle 8 a fine lavori, verr\u00e0 sospesa l\u2019erogazione dell\u2019acqua a Selva di Cadore\u00a0 nelle localit\u00e0 Costa, Marin, Tronch e Zaunel. Il personale addetto operer\u00e0 per limitare il pi\u00f9 possibile i disagi alla popolazione. &nbsp; &nbsp; &nbsp;&hellip;<\/p>\n","protected":false},"author":1,"featured_media":0,"comment_status":"closed","ping_status":"closed","sticky":false,"template":"","format":"standard","meta":{"_monsterinsights_skip_tracking":false,"_monsterinsights_sitenote_active":false,"_monsterinsights_sitenote_note":"","_monsterinsights_sitenote_category":0,"footnotes":""},"categories":[1,86,49],"tags":[],"class_list":["post-61106","post","type-post","status-publish","format-standard","hentry","category-senza-categoria","category-gr","category-news-18","category-1","category-86","category-49","description-off"],"img_url":false,"_links":{"self":[{"href":"https:\/\/www.radiopiu.net\/wordpress\/wp-json\/wp\/v2\/posts\/61106","targetHints":{"allow":["GET"]}}],"collection":[{"href":"https:\/\/www.radiopiu.net\/wordpress\/wp-json\/wp\/v2\/posts"}],"about":[{"href":"https:\/\/www.radiopiu.net\/wordpress\/wp-json\/wp\/v2\/types\/post"}],"author":[{"embeddable":true,"href":"https:\/\/www.radiopiu.net\/wordpress\/wp-json\/wp\/v2\/users\/1"}],"replies":[{"embeddable":true,"href":"https:\/\/www.radiopiu.net\/wordpress\/wp-json\/wp\/v2\/comments?post=61106"}],"version-history":[{"count":0,"href":"https:\/\/www.radiopiu.net\/wordpress\/wp-json\/wp\/v2\/posts\/61106\/revisions"}],"wp:attachment":[{"href":"https:\/\/www.radiopiu.net\/wordpress\/wp-json\/wp\/v2\/media?parent=61106"}],"wp:term":[{"taxonomy":"category","embeddable":true,"href":"https:\/\/www.radiopiu.net\/wordpress\/wp-json\/wp\/v2\/categories?post=61106"},{"taxonomy":"post_tag","embeddable":true,"href":"https:\/\/www.radiopiu.net\/wordpress\/wp-json\/wp\/v2\/tags?post=61106"}],"curies":[{"name":"wp","href":"https:\/\/api.w.org\/{rel}","templated":true}]}}