{"id":61153,"date":"2018-09-19T05:20:15","date_gmt":"2018-09-19T03:20:15","guid":{"rendered":"http:\/\/www.radiopiu.net\/wordpress\/?p=61153"},"modified":"2018-09-19T05:20:20","modified_gmt":"2018-09-19T03:20:20","slug":"novita-al-semaforo-dei-vigili-del-fuoco","status":"publish","type":"post","link":"https:\/\/www.radiopiu.net\/wordpress\/novita-al-semaforo-dei-vigili-del-fuoco\/","title":{"rendered":"NOVITA&#8217; AL SEMAFORO DEI &#8220;VIGILI DEL FUOCO&#8221;"},"content":{"rendered":"<h1><\/h1>\n<p><strong><a class=\"dt-pswp-item\" href=\"http:\/\/www.radiopiu.net\/wordpress\/wp-content\/uploads\/2018\/09\/IMG_20180918_102803.jpg\" data-dt-img-description=\"\" data-large_image_width=\"5152\" data-large_image_height=\"2924\"><img loading=\"lazy\" decoding=\"async\" class=\"size-medium wp-image-61114 alignleft\" src=\"http:\/\/www.radiopiu.net\/wordpress\/wp-content\/uploads\/2018\/09\/IMG_20180918_102803-300x170.jpg\" alt=\"\" width=\"300\" height=\"170\" srcset=\"https:\/\/www.radiopiu.net\/wordpress\/wp-content\/uploads\/2018\/09\/IMG_20180918_102803-300x170.jpg 300w, https:\/\/www.radiopiu.net\/wordpress\/wp-content\/uploads\/2018\/09\/IMG_20180918_102803-768x436.jpg 768w, https:\/\/www.radiopiu.net\/wordpress\/wp-content\/uploads\/2018\/09\/IMG_20180918_102803-1024x581.jpg 1024w\" sizes=\"auto, (max-width: 300px) 100vw, 300px\" \/><\/a>FELTRE<\/strong> Importanti novit\u00e0 per quanto riguarda la circolazione stradale e la sicurezza all&#8217;intersezione tra via Bagnols sur C\u00e8ze e viale Fusinato, in corrispondenza dell&#8217;incrocio posto presso al caserma dei Vigili del Fuoco. Da qualche giorno infatti sono state riviste le modalit\u00e0 di transito e di immissione dei veicoli sulla statale. In particolare, il semaforo lungo il senso di marcia della statale, posto in corrispondenza della caserma, rester\u00e0 verde, favorendo cos\u00ec il flusso sull&#8217;arteria principale. Il rosso, ovvero lo stop per i veicoli in transito su via Bagnols sur C\u00e8ze, sar\u00e0 attivato con tre modalit\u00e0 specifiche: attraverso un telecomando da parte dei Vigili del Fuoco per fare uscire i mezzi di soccorso in sicurezza;<br \/>\nattraverso la richiesta di passaggio pedonale, a chiamata, ; a mezzo delle spire \u201cintelligenti\u201d poste sulle carreggiate.<\/p>\n<p><strong>AI MICROFONI DI RADIO PIU&#8217; L&#8217;ASSESSORE AI LAVORI PUBBLICI E ALL&#8217;INNOVAZIONE ADIS ZATTA<\/strong><\/p>\n<audio class=\"wp-audio-shortcode\" id=\"audio-61153-1\" preload=\"none\" style=\"width: 100%;\" controls=\"controls\"><source type=\"audio\/mpeg\" src=\"http:\/\/www.radiopiu.net\/wordpress\/wp-content\/uploads\/2018\/09\/ZATTA-SEMAFORO.mp3?_=1\" \/><a href=\"http:\/\/www.radiopiu.net\/wordpress\/wp-content\/uploads\/2018\/09\/ZATTA-SEMAFORO.mp3\">http:\/\/www.radiopiu.net\/wordpress\/wp-content\/uploads\/2018\/09\/ZATTA-SEMAFORO.mp3<\/a><\/audio>\n<p>&nbsp;<\/p>\n<p>&nbsp;<\/p>\n","protected":false},"excerpt":{"rendered":"<p>FELTRE Importanti novit\u00e0 per quanto riguarda la circolazione stradale e la sicurezza all&#8217;intersezione tra via Bagnols sur C\u00e8ze e viale Fusinato, in corrispondenza dell&#8217;incrocio posto presso al caserma dei Vigili del Fuoco. Da qualche giorno infatti sono state riviste le modalit\u00e0 di transito e di immissione dei veicoli sulla statale. In particolare, il semaforo lungo&hellip;<\/p>\n","protected":false},"author":1,"featured_media":61113,"comment_status":"closed","ping_status":"closed","sticky":false,"template":"","format":"standard","meta":{"_monsterinsights_skip_tracking":false,"_monsterinsights_sitenote_active":false,"_monsterinsights_sitenote_note":"","_monsterinsights_sitenote_category":0,"footnotes":""},"categories":[49],"tags":[],"class_list":["post-61153","post","type-post","status-publish","format-standard","has-post-thumbnail","hentry","category-news-18","category-49","description-off"],"img_url":"https:\/\/www.radiopiu.net\/wordpress\/wp-content\/uploads\/2018\/09\/IMG_20180918_102618.jpg","_links":{"self":[{"href":"https:\/\/www.radiopiu.net\/wordpress\/wp-json\/wp\/v2\/posts\/61153","targetHints":{"allow":["GET"]}}],"collection":[{"href":"https:\/\/www.radiopiu.net\/wordpress\/wp-json\/wp\/v2\/posts"}],"about":[{"href":"https:\/\/www.radiopiu.net\/wordpress\/wp-json\/wp\/v2\/types\/post"}],"author":[{"embeddable":true,"href":"https:\/\/www.radiopiu.net\/wordpress\/wp-json\/wp\/v2\/users\/1"}],"replies":[{"embeddable":true,"href":"https:\/\/www.radiopiu.net\/wordpress\/wp-json\/wp\/v2\/comments?post=61153"}],"version-history":[{"count":0,"href":"https:\/\/www.radiopiu.net\/wordpress\/wp-json\/wp\/v2\/posts\/61153\/revisions"}],"wp:featuredmedia":[{"embeddable":true,"href":"https:\/\/www.radiopiu.net\/wordpress\/wp-json\/wp\/v2\/media\/61113"}],"wp:attachment":[{"href":"https:\/\/www.radiopiu.net\/wordpress\/wp-json\/wp\/v2\/media?parent=61153"}],"wp:term":[{"taxonomy":"category","embeddable":true,"href":"https:\/\/www.radiopiu.net\/wordpress\/wp-json\/wp\/v2\/categories?post=61153"},{"taxonomy":"post_tag","embeddable":true,"href":"https:\/\/www.radiopiu.net\/wordpress\/wp-json\/wp\/v2\/tags?post=61153"}],"curies":[{"name":"wp","href":"https:\/\/api.w.org\/{rel}","templated":true}]}}