{"id":61185,"date":"2018-09-19T05:19:00","date_gmt":"2018-09-19T03:19:00","guid":{"rendered":"http:\/\/www.radiopiu.net\/wordpress\/?p=61185"},"modified":"2018-09-19T05:19:00","modified_gmt":"2018-09-19T03:19:00","slug":"approvato-disegno-di-legge-statale-sullobbligatorieta-del-servizio-militare-o-civile","status":"publish","type":"post","link":"https:\/\/www.radiopiu.net\/wordpress\/approvato-disegno-di-legge-statale-sullobbligatorieta-del-servizio-militare-o-civile\/","title":{"rendered":"APPROVATO DISEGNO DI LEGGE STATALE SULL\u2019OBBLIGATORIET\u00c0 DEL SERVIZIO MILITARE O CIVILE."},"content":{"rendered":"<h1><\/h1>\n<p><strong><a class=\"dt-pswp-item\" href=\"http:\/\/www.radiopiu.net\/wordpress\/wp-content\/uploads\/2018\/08\/military-men-569899_960_720.jpg\" data-dt-img-description=\"\" data-large_image_width=\"960\" data-large_image_height=\"638\"><img loading=\"lazy\" decoding=\"async\" class=\"size-medium wp-image-57522 alignleft\" src=\"http:\/\/www.radiopiu.net\/wordpress\/wp-content\/uploads\/2018\/08\/military-men-569899_960_720-300x199.jpg\" alt=\"\" width=\"300\" height=\"199\" srcset=\"https:\/\/www.radiopiu.net\/wordpress\/wp-content\/uploads\/2018\/08\/military-men-569899_960_720-300x199.jpg 300w, https:\/\/www.radiopiu.net\/wordpress\/wp-content\/uploads\/2018\/08\/military-men-569899_960_720-768x510.jpg 768w, https:\/\/www.radiopiu.net\/wordpress\/wp-content\/uploads\/2018\/08\/military-men-569899_960_720.jpg 960w\" sizes=\"auto, (max-width: 300px) 100vw, 300px\" \/><\/a>VENEZIA\u00a0 <\/strong>E&#8217;stato approvato dal Consiglio regionale il progetto di legge statale volto a reintrodurre il servizio di leva obbligatorio per tutti i cittadini italiani, per un periodo di otto mesi, fatta salva la possibilit\u00e0 di fare il servizio civile. \u201cL&#8217;articolo 52 della Costituzione prevede l&#8217;obbligo della difesa del paese. Noi lo abbiamo declinato, con l&#8217;introduzione della possibilit\u00e0 di svolgere il servizio militare o nella protezione civile\u201d: a dirlo \u00e8 l\u2019assessore regionale alla Protezione Civile Gianpaolo Bottacin, primo firmatario del progetto statale. \u201cSono certamente soddisfatto per l\u2019approvazione della proposta legislativa \u2013 aggiunge &#8211; che rappresenta un momento importante per valorizzare una cultura della solidariet\u00e0. Tuttavia rilevo con un po\u2019 di rammarico l\u2019incredibile manovra ostruzionistica da parte del Pd, ovvero proprio da quel partito che quando era al governo aveva proposto di modificare molte parti della Costituzione, ma non di cambiare l&#8217;articolo 52 della medesima che quindi, si presumeva, considerasse valido\u201d. La scelta tra servizio civile o militare, prevista in maniera paritaria per gli uomini e le donne, potr\u00e0 essere fatta da ciascun soggetto prima dello svolgimento del servizio, da assolversi nel periodo di tempo tra la maggiore et\u00e0 e il compimento dei ventotto anni compatibilmente con il percorso scolastico del cittadino, che non sar\u00e0 in alcun modo posto in secondo piano. Per la scelta del servizio militare s\u00ec potranno valutare le diverse opportunit\u00e0 di ferma in vigore al momento dell\u2019emanazione della presente legge, mentre per quanto riguarda il servizio civile, il cui svolgimento era inizialmente previsto presso le associazioni nazionali o locali accreditate di protezione civile, nel testo finale \u00e8 stato esteso anche ad altre opzioni civili. \u201cSull\u2019aspetto dell\u2019introduzione del servizio civile in generale, chiesto dall\u2019opposizione \u2013 precisa Bottacin -, abbiamo espresso il nostro nulla osta anche se, va sottolineato, una preparazione di base nella protezione civile credo sia una cosa doverosa per tutti, oltre che un obbligo previsto dalla nuova legge sulla Protezione Civile e anche dalle norme europee\u201d. \u201cOra il testo sar\u00e0 trasmesso al Parlamento per proseguire il suo percorso \u2013 conclude l\u2019assessore &#8211; ma posso dire con orgoglio che oggi il Veneto ha messo una prima pietra importante per rinsaldare quel desiderio di appartenenza al gruppo che solo con un esperienza di questo tipo si pu\u00f2 affermare\u201d.<\/p>\n","protected":false},"excerpt":{"rendered":"<p>VENEZIA\u00a0 E&#8217;stato approvato dal Consiglio regionale il progetto di legge statale volto a reintrodurre il servizio di leva obbligatorio per tutti i cittadini italiani, per un periodo di otto mesi, fatta salva la possibilit\u00e0 di fare il servizio civile. \u201cL&#8217;articolo 52 della Costituzione prevede l&#8217;obbligo della difesa del paese. Noi lo abbiamo declinato, con l&#8217;introduzione&hellip;<\/p>\n","protected":false},"author":1,"featured_media":57522,"comment_status":"closed","ping_status":"closed","sticky":false,"template":"","format":"standard","meta":{"_monsterinsights_skip_tracking":false,"_monsterinsights_sitenote_active":false,"_monsterinsights_sitenote_note":"","_monsterinsights_sitenote_category":0,"footnotes":""},"categories":[49],"tags":[],"class_list":["post-61185","post","type-post","status-publish","format-standard","has-post-thumbnail","hentry","category-news-18","category-49","description-off"],"img_url":"https:\/\/www.radiopiu.net\/wordpress\/wp-content\/uploads\/2018\/08\/military-men-569899_960_720.jpg","_links":{"self":[{"href":"https:\/\/www.radiopiu.net\/wordpress\/wp-json\/wp\/v2\/posts\/61185","targetHints":{"allow":["GET"]}}],"collection":[{"href":"https:\/\/www.radiopiu.net\/wordpress\/wp-json\/wp\/v2\/posts"}],"about":[{"href":"https:\/\/www.radiopiu.net\/wordpress\/wp-json\/wp\/v2\/types\/post"}],"author":[{"embeddable":true,"href":"https:\/\/www.radiopiu.net\/wordpress\/wp-json\/wp\/v2\/users\/1"}],"replies":[{"embeddable":true,"href":"https:\/\/www.radiopiu.net\/wordpress\/wp-json\/wp\/v2\/comments?post=61185"}],"version-history":[{"count":0,"href":"https:\/\/www.radiopiu.net\/wordpress\/wp-json\/wp\/v2\/posts\/61185\/revisions"}],"wp:featuredmedia":[{"embeddable":true,"href":"https:\/\/www.radiopiu.net\/wordpress\/wp-json\/wp\/v2\/media\/57522"}],"wp:attachment":[{"href":"https:\/\/www.radiopiu.net\/wordpress\/wp-json\/wp\/v2\/media?parent=61185"}],"wp:term":[{"taxonomy":"category","embeddable":true,"href":"https:\/\/www.radiopiu.net\/wordpress\/wp-json\/wp\/v2\/categories?post=61185"},{"taxonomy":"post_tag","embeddable":true,"href":"https:\/\/www.radiopiu.net\/wordpress\/wp-json\/wp\/v2\/tags?post=61185"}],"curies":[{"name":"wp","href":"https:\/\/api.w.org\/{rel}","templated":true}]}}