{"id":61216,"date":"2018-09-19T15:39:59","date_gmt":"2018-09-19T13:39:59","guid":{"rendered":"http:\/\/www.radiopiu.net\/wordpress\/?p=61216"},"modified":"2018-09-19T15:39:59","modified_gmt":"2018-09-19T13:39:59","slug":"al-nastro-di-partenza-la-procedura-per-redigere-il-nuovo-piano-regionale-dei-trasporti-venerdi-21-lassessore-de-berti-al-urbanpromo-green-di-venezia","status":"publish","type":"post","link":"https:\/\/www.radiopiu.net\/wordpress\/al-nastro-di-partenza-la-procedura-per-redigere-il-nuovo-piano-regionale-dei-trasporti-venerdi-21-lassessore-de-berti-al-urbanpromo-green-di-venezia\/","title":{"rendered":"AL NASTRO DI PARTENZA LA PROCEDURA PER REDIGERE IL NUOVO PIANO REGIONALE DEI TRASPORTI: VENERD\u00cc 21 L\u2019ASSESSORE DE BERTI AL \u201cURBANPROMO GREEN\u201d DI VENEZIA"},"content":{"rendered":"<p>L\u2019assessore ai trasporti e alle infrastrutture della Regione del Veneto, Elisa De Berti, parteciper\u00e0 nella mattinata di venerd\u00ec 21 settembre a Palazzo Badoer di Venezia a \u201cUrbanpromo Green\u201d, evento promosso dall\u2019Istituto Nazionale di Urbanistica e da Urbit per affrontare, attraverso convegni e seminari, i temi della sostenibilit\u00e0 e dell\u2019innovazione nelle citt\u00e0.<\/p>\n<p>\u201c\u00c8 l\u2019occasione \u2013 spiega l\u2019assessore De Berti \u2013 per annunciare l\u2019avvio delle procedure che porteranno alla stesura del nuovo piano regionale dei trasporti: un percorso che si prospetta articolato e complesso, ma anche stimolante e coinvolgente. Partiremo proprio da quest\u2019ultimo aspetto, dal coinvolgimento, raccogliendo proposte e considerazioni da tutti i portatori di interessi del territorio: esperti, ricercatori, docenti, amministratori pubblici, rappresentanti di aziende e di associazioni, professionisti e cittadini. Con i loro contributi elaboreremo, attraverso i tavoli di lavoro, alcuni dei quali gi\u00e0 insediati, uno strumento di programmazione di grande importanza per le nostre comunit\u00e0, che dovr\u00e0 sostituire quello ormai vecchio di trent\u2019anni\u201d.<\/p>\n<p>I lavori del convegno inizieranno alle 9.15 e prevedono gli interventi, oltre che dell\u2019assessore De Berti, dei dirigenti regionali di settore, Giuseppe Fasiol, Luigi Zanin,\u00a0Marco d\u2019Elia e Mauro Menegazzo, dei docenti universitari Giovanni Campeol, Marco Mazzarino, Jan Van der Borg e Agostino Cappelli, di Luca Romano (direttore Local Area Network), Sergio Vazzoler (presidente Unione Navigazione Interna Italiana), Antonio Revedin (direttore pianificazione strategica e sviluppo Autorit\u00e0 sistema portuale Adriatico settentrionale), Mauro D\u2019Incecco (coordinatore Community INU).<\/p>\n","protected":false},"excerpt":{"rendered":"<p>L\u2019assessore ai trasporti e alle infrastrutture della Regione del Veneto, Elisa De Berti, parteciper\u00e0 nella mattinata di venerd\u00ec 21 settembre a Palazzo Badoer di Venezia a \u201cUrbanpromo Green\u201d, evento promosso dall\u2019Istituto Nazionale di Urbanistica e da Urbit per affrontare, attraverso convegni e seminari, i temi della sostenibilit\u00e0 e dell\u2019innovazione nelle citt\u00e0. \u201c\u00c8 l\u2019occasione \u2013 spiega&hellip;<\/p>\n","protected":false},"author":1,"featured_media":61217,"comment_status":"closed","ping_status":"closed","sticky":false,"template":"","format":"standard","meta":{"_monsterinsights_skip_tracking":false,"_monsterinsights_sitenote_active":false,"_monsterinsights_sitenote_note":"","_monsterinsights_sitenote_category":0,"footnotes":""},"categories":[49],"tags":[],"class_list":["post-61216","post","type-post","status-publish","format-standard","has-post-thumbnail","hentry","category-news-18","category-49","description-off"],"img_url":"https:\/\/www.radiopiu.net\/wordpress\/wp-content\/uploads\/2018\/09\/highway-1209547_1280.jpg","_links":{"self":[{"href":"https:\/\/www.radiopiu.net\/wordpress\/wp-json\/wp\/v2\/posts\/61216","targetHints":{"allow":["GET"]}}],"collection":[{"href":"https:\/\/www.radiopiu.net\/wordpress\/wp-json\/wp\/v2\/posts"}],"about":[{"href":"https:\/\/www.radiopiu.net\/wordpress\/wp-json\/wp\/v2\/types\/post"}],"author":[{"embeddable":true,"href":"https:\/\/www.radiopiu.net\/wordpress\/wp-json\/wp\/v2\/users\/1"}],"replies":[{"embeddable":true,"href":"https:\/\/www.radiopiu.net\/wordpress\/wp-json\/wp\/v2\/comments?post=61216"}],"version-history":[{"count":0,"href":"https:\/\/www.radiopiu.net\/wordpress\/wp-json\/wp\/v2\/posts\/61216\/revisions"}],"wp:featuredmedia":[{"embeddable":true,"href":"https:\/\/www.radiopiu.net\/wordpress\/wp-json\/wp\/v2\/media\/61217"}],"wp:attachment":[{"href":"https:\/\/www.radiopiu.net\/wordpress\/wp-json\/wp\/v2\/media?parent=61216"}],"wp:term":[{"taxonomy":"category","embeddable":true,"href":"https:\/\/www.radiopiu.net\/wordpress\/wp-json\/wp\/v2\/categories?post=61216"},{"taxonomy":"post_tag","embeddable":true,"href":"https:\/\/www.radiopiu.net\/wordpress\/wp-json\/wp\/v2\/tags?post=61216"}],"curies":[{"name":"wp","href":"https:\/\/api.w.org\/{rel}","templated":true}]}}