{"id":61221,"date":"2018-09-19T15:46:33","date_gmt":"2018-09-19T13:46:33","guid":{"rendered":"http:\/\/www.radiopiu.net\/wordpress\/?p=61221"},"modified":"2018-09-19T15:46:33","modified_gmt":"2018-09-19T13:46:33","slug":"alzheimer-assessore-lanzarin-centri-sollievo-e-rete-tra-i-servizi-investire-in-assistenza-si-puo","status":"publish","type":"post","link":"https:\/\/www.radiopiu.net\/wordpress\/alzheimer-assessore-lanzarin-centri-sollievo-e-rete-tra-i-servizi-investire-in-assistenza-si-puo\/","title":{"rendered":"ALZHEIMER: ASSESSORE LANZARIN, \u201cCENTRI SOLLIEVO E RETE TRA I SERVIZI, INVESTIRE IN ASSISTENZA SI PU\u00d2\u201d"},"content":{"rendered":"<p>Venerd\u00ec 21 settembre, in tutto il mondo si celebra la Giornata mondiale dell\u2019Alzheimer, istituita dalle Nazioni Unite 25 anni fa. In Italia si calcolano siano almeno 600 mila le persone affette da questa patologia degenerativa delle capacit\u00e0 cognitive e comportamentali, numeri che raddoppiano se si conteggiano i diversi tipi di demenza.  In Veneto 4 persone ogni 100 ultrasessantacinquenni risultano affette da Alzheimer o da demenze senili. \u201cIl 21 settembre vogliamo ricordare chi non riesce pi\u00f9 a ricordare \u2013 invita l\u2019assessore al sociale della Regione Veneto Manuela Lanzarin &#8211; ma soprattutto rilanciare impegno e iniziative sui due fronti di contrasto alla malattia: la ricerca scientifica, per accelerare diagnosi e trovare nuove cure; e l\u2019assistenza, per fare sentire meno soli malati e famiglie\u201d.<\/p>\n<p>In occasione della Giornata mondiale dell\u2019Alzheimer l\u2019assessore regionale partecipa a due iniziative che riassumono gli ambiti di impegno dell\u2019istituzione regionale nei confronti del problema Alzheimer.<\/p>\n<p>A Ros\u00e0 (Vicenza) l\u2019assessore inaugura venerd\u00ec (ore 9.30) un nuovo centro Sollievo, realizzato dal Comune e  dall\u2019Amad (associazione dei malati di Alzheimer e demenze) con il sostegno dell\u2019Ulss 7 e della Regione Veneto. Il centro sar\u00e0 aperto due giorni la settimana, in piazza San Marco, e offrir\u00e0 alle persone affette da demenze attivit\u00e0 e il supporto di professionalit\u00e0 competenti, nonch\u00e9 sostegno ai loro familiari. \u201cNell\u2019arco di tre lustri la rete regionale dei centri Sollievo \u00e8 arrivata a contare 155 strutture, disseminate nel territorio \u2013 fa notare l\u2019assessore \u2013 Grazie all\u2019iniziativa di volontari e associazioni, alla sensibilit\u00e0  di Comuni e al supporto di Ulss e Regione, i Centri Sollievo sono un punto di riferimento e di accompagnamento per le famiglie nel difficile percorso di cura e assistenza. Ogni anno la Regione sostiene queste esperienze di assistenza e di mutuo aiuto con un milione e mezzo di euro. Entro l\u2019anno arriveranno nuove linee guida regionali per aiutare i Centri a condividere pratiche ed esperienze e a crescere in modo omogeneo in tutto il territorio\u201d.<\/p>\n<p>Alle 11.30, a Sarmeola di Rubano, Manuela Lanzarin interverr\u00e0 al convegno \u201cInsieme. Molto \u00e8 ancora possibile\u201d, promosso dalle associazioni di volontariato per l\u2019Alzheimer, dai Centri Sollievo e dai tre Centri servizi padovani che accolgono malati di Alzheimer in sezioni protette (Oic, Fondazione Santa Tecla e Casa Madre Teresa dell\u2019Opsa). Obiettivo del convegno \u00e8  costruire &#8211; in collaborazione con i Comuni e l\u2019Ulss 6 Euganea &#8211; una alleanza territoriale tra servizi  per sostenere le famiglie. \u201cLa strada della ricerca \u00e8 ancora lunga, ma quella dell\u2019assistenza e dell\u2019accompagnamento \u00e8 gi\u00e0 tracciata \u2013 sottolinea l\u2019assessore &#8211;  la collaborazione e l\u2019integrazione tra servizi e tra pubblico e privato sono requisiti indispensabili per riuscire ad offrire sostegno alle persone e accompagnare con competenza malati e famiglie nel difficile percorso della progressione della malattia\u201d.<\/p>\n","protected":false},"excerpt":{"rendered":"<p>Venerd\u00ec 21 settembre, in tutto il mondo si celebra la Giornata mondiale dell\u2019Alzheimer, istituita dalle Nazioni Unite 25 anni fa. In Italia si calcolano siano almeno 600 mila le persone affette da questa patologia degenerativa delle capacit\u00e0 cognitive e comportamentali, numeri che raddoppiano se si conteggiano i diversi tipi di demenza. In Veneto 4 persone&hellip;<\/p>\n","protected":false},"author":1,"featured_media":61222,"comment_status":"closed","ping_status":"closed","sticky":false,"template":"","format":"standard","meta":{"_monsterinsights_skip_tracking":false,"_monsterinsights_sitenote_active":false,"_monsterinsights_sitenote_note":"","_monsterinsights_sitenote_category":0,"footnotes":""},"categories":[49],"tags":[],"class_list":["post-61221","post","type-post","status-publish","format-standard","has-post-thumbnail","hentry","category-news-18","category-49","description-off"],"img_url":"https:\/\/www.radiopiu.net\/wordpress\/wp-content\/uploads\/2018\/09\/woman-453014_1280.jpg","_links":{"self":[{"href":"https:\/\/www.radiopiu.net\/wordpress\/wp-json\/wp\/v2\/posts\/61221","targetHints":{"allow":["GET"]}}],"collection":[{"href":"https:\/\/www.radiopiu.net\/wordpress\/wp-json\/wp\/v2\/posts"}],"about":[{"href":"https:\/\/www.radiopiu.net\/wordpress\/wp-json\/wp\/v2\/types\/post"}],"author":[{"embeddable":true,"href":"https:\/\/www.radiopiu.net\/wordpress\/wp-json\/wp\/v2\/users\/1"}],"replies":[{"embeddable":true,"href":"https:\/\/www.radiopiu.net\/wordpress\/wp-json\/wp\/v2\/comments?post=61221"}],"version-history":[{"count":0,"href":"https:\/\/www.radiopiu.net\/wordpress\/wp-json\/wp\/v2\/posts\/61221\/revisions"}],"wp:featuredmedia":[{"embeddable":true,"href":"https:\/\/www.radiopiu.net\/wordpress\/wp-json\/wp\/v2\/media\/61222"}],"wp:attachment":[{"href":"https:\/\/www.radiopiu.net\/wordpress\/wp-json\/wp\/v2\/media?parent=61221"}],"wp:term":[{"taxonomy":"category","embeddable":true,"href":"https:\/\/www.radiopiu.net\/wordpress\/wp-json\/wp\/v2\/categories?post=61221"},{"taxonomy":"post_tag","embeddable":true,"href":"https:\/\/www.radiopiu.net\/wordpress\/wp-json\/wp\/v2\/tags?post=61221"}],"curies":[{"name":"wp","href":"https:\/\/api.w.org\/{rel}","templated":true}]}}