{"id":61226,"date":"2018-09-20T05:41:40","date_gmt":"2018-09-20T03:41:40","guid":{"rendered":"http:\/\/www.radiopiu.net\/wordpress\/?p=61226"},"modified":"2018-09-20T09:31:09","modified_gmt":"2018-09-20T07:31:09","slug":"giornale-radiopiu-20-settembre-2018-direttore-mirko-mezzacasa","status":"publish","type":"post","link":"https:\/\/www.radiopiu.net\/wordpress\/giornale-radiopiu-20-settembre-2018-direttore-mirko-mezzacasa\/","title":{"rendered":"GIORNALE RADIOPIU 20 SETTEMBRE 2018 DIRETTORE MIRKO MEZZACASA"},"content":{"rendered":"<p>&nbsp;<\/p>\n<p>&nbsp;<\/p>\n<h1>FUNGAIOLO SCIVOLA NEL BOSCO<\/h1>\n<p><strong>PIEVE DI CADORE<\/strong> Ieri mattina\u00a0 il 118 ha allertato il Soccorso alpino di Pieve di Cadore per un fungaiolo scivolato nel bosco sopra la strada che da Pozzale sale al Rifugio Prapiccolo. Una squadra, supportata anche da soccorritori del Centro Cadore, ha individuato l&#8217;uomo, un settantenne del posto, che era caduto tra gli alberi a poca distanza dal punto dove aveva lasciato la macchina e che aveva provato a scendere da solo senza riuscirci. I soccorritori gli hanno quindi prestato le prime cure, a seguito della possibile frattura a una caviglia, e lo hanno imbarellato per poi iniziare la calata verso la strada. Finch\u00e9, al rientro da un&#8217;altra missione, \u00e8 intervenuto l&#8217;elicottero del Suem che ha recuperato l&#8217;infortunato con un verricello per poi accompagnarlo all&#8217;ospedale.<\/p>\n<p>&nbsp;<\/p>\n<p>&nbsp;<\/p>\n<p>&nbsp;<\/p>\n<h1>INCIDENTE PANORAMICA FELTRE<\/h1>\n<p><strong><a class=\"dt-pswp-item\" href=\"http:\/\/www.radiopiu.net\/wordpress\/wp-content\/uploads\/2018\/09\/DSCN7184.jpg\" data-dt-img-description=\"\" data-large_image_width=\"842\" data-large_image_height=\"560\"><img loading=\"lazy\" decoding=\"async\" class=\"size-medium wp-image-61236 alignleft\" src=\"http:\/\/www.radiopiu.net\/wordpress\/wp-content\/uploads\/2018\/09\/DSCN7184-300x200.jpg\" alt=\"\" width=\"300\" height=\"200\" srcset=\"https:\/\/www.radiopiu.net\/wordpress\/wp-content\/uploads\/2018\/09\/DSCN7184-300x200.jpg 300w, https:\/\/www.radiopiu.net\/wordpress\/wp-content\/uploads\/2018\/09\/DSCN7184-768x511.jpg 768w, https:\/\/www.radiopiu.net\/wordpress\/wp-content\/uploads\/2018\/09\/DSCN7184.jpg 842w\" sizes=\"auto, (max-width: 300px) 100vw, 300px\" \/><\/a>FELTRE<\/strong> Due feriti nell&#8217;incidente di ieri mattina alle 8.15 in via Panoramica nello scontro tra tre mezzi che ha portato al collasso dell&#8217;importante arteria chiusa per un paio d&#8217;ore. All&#8217;ospedale Santa Maria del Prato, l&#8217;autista del pullman e il conducente di una Opel Tigra. Denunciato l&#8217;uomo alla guida della Jeep Gran Cherokee, A.B.,\u00a0 moldavo di 33 anni, per essersi opposto all&#8217;esame dell&#8217;alcooltest Di riflesso coinvolto anche un quarto veicolo il cui conducente si \u00e8 visto arrivare addosso pezzi di carrozzeria.\u00a0 A finire al pronto soccorso M.F.,\u00a0\u00a029enne lamonese autista del pullman che ha riportato la frattura di un dito della mano\u00a0(prognosi di 25 giorni) e un 42enne della zona di Trichiana che\u00a0 ha subito\u00a0un lieve colpo di frusta (prognosi 3 giorni).\u00a0\u00a0La corriera della Dolomiti Bus stava scendendo lungo via Panoramica, in direzione della stazione, quando \u00e8 stata colpita sulla fiancata sinistra dalla Jeep blu, che viaggiava in direzione opposta e non \u00e8 riuscita a rimanere nella propria corsia di marcia, sulla parte interna della curva a destra, salendo verso il Pasquer. Il moldavo, residente a Feltre, ha perso il controllo e dopo aver colpito l\u2019autobus, la macchina ha proseguito la sua corsa scontrandosi anche con una Opel Tigra, che procedeva nello stesso senso di marcia.<\/p>\n<p>&nbsp;<\/p>\n<p>&nbsp;<\/p>\n<p>&nbsp;<\/p>\n<h1>TAMPONAMENTO A LAMBIOI<\/h1>\n<p><strong>BELLUNO<\/strong> Nell&#8217;incidente di ieri sera in via Lungardo verso Lambioi sono state coinvolte 3 auto in un tamponamento a catena fortunatamente senza feriti. Sono intervenuti i\u00a0 i vigili del fuoco e la polizia stradale. Pochi i disagi al traffico comunque intenso.<\/p>\n<p>&nbsp;<\/p>\n<p>&nbsp;<\/p>\n<p>&nbsp;<\/p>\n<h1>OGGI SELVA DI CADORE SENZ&#8217;ACQUA<\/h1>\n<p><a class=\"dt-pswp-item\" href=\"http:\/\/www.radiopiu.net\/wordpress\/wp-content\/uploads\/2015\/06\/bimgsp.jpg\" data-dt-img-description=\"\" data-large_image_width=\"300\" data-large_image_height=\"168\"><img loading=\"lazy\" decoding=\"async\" class=\"wp-image-6703 alignleft\" src=\"http:\/\/www.radiopiu.net\/wordpress\/wp-content\/uploads\/2015\/06\/bimgsp-300x168.jpg\" alt=\"\" width=\"143\" height=\"80\" \/><\/a>Gestione Servizi Pubblici informa che, per lavori alla rete idrica comunale, oggi dalle 8 a fine lavori, verr\u00e0 sospesa l\u2019erogazione dell\u2019acqua a Selva di Cadore\u00a0 nelle localit\u00e0 Costa, Marin, Tronch e Zaunel. Il personale addetto operer\u00e0 per limitare il pi\u00f9 possibile i disagi alla popolazione.<\/p>\n<p>&nbsp;<\/p>\n<p>&nbsp;<\/p>\n<p>&nbsp;<\/p>\n<p>&nbsp;<\/p>\n<h1>WANBAO ORE DECISIVE<\/h1>\n<p><strong><a class=\"dt-pswp-item\" href=\"http:\/\/www.radiopiu.net\/wordpress\/wp-content\/uploads\/2018\/05\/acc-mel-e1481823814280.jpg\" data-dt-img-description=\"\" data-large_image_width=\"823\" data-large_image_height=\"506\"><img loading=\"lazy\" decoding=\"async\" class=\"wp-image-47563 alignright\" src=\"http:\/\/www.radiopiu.net\/wordpress\/wp-content\/uploads\/2018\/05\/acc-mel-e1481823814280-300x184.jpg\" alt=\"\" width=\"179\" height=\"110\" srcset=\"https:\/\/www.radiopiu.net\/wordpress\/wp-content\/uploads\/2018\/05\/acc-mel-e1481823814280-300x184.jpg 300w, https:\/\/www.radiopiu.net\/wordpress\/wp-content\/uploads\/2018\/05\/acc-mel-e1481823814280-768x472.jpg 768w, https:\/\/www.radiopiu.net\/wordpress\/wp-content\/uploads\/2018\/05\/acc-mel-e1481823814280.jpg 823w\" sizes=\"auto, (max-width: 179px) 100vw, 179px\" \/><\/a>MEL<\/strong>\u00a0 E&#8217; previsto per oggi l&#8217;incontro tra l\u2019assessore regionale al lavoro, Elena Donazzan,\u00a0 e\u00a0 i vertici della Wanbao Acc. Necessita\u00a0una soluzione per evitare che 85 persone, \u00a0si trovino senza lavoro. Dal primo incontro della scorsa settimana nessuna buona nuova per questo\u00a0le trattative con la propriet\u00e0<br \/>\ncinese proseguono.\u00a0L\u2019azienda\u00a0 insiste: ci sono\u00a0\u00a090 esuberi e non \u00e8 intenzionata a tornare indietro. I\u00a0lavoratori hanno chiesto ai sindacati di non sottoscrivere alcun accordo\u00a0\u00a0se il numero degli esuberi non sar\u00e0 azzerato. Ipotesi principale: il part time.<\/p>\n<p>&nbsp;<\/p>\n<p>&nbsp;<\/p>\n<p>&nbsp;<\/p>\n<p>&nbsp;<\/p>\n<h1>ZAIA, VIDEO INTERVISTA SULLE OLIMPIADI<\/h1>\n<p class=\"western\">Il Presidente della Regione Veneto, Luca Zaia, \u00e8 tornato\u00a0 a intervenire sulla vicenda della candidatura italiana alle Olimpiadi invernali del 2026<\/p>\n<div style=\"width: 480px;\" class=\"wp-video\"><video class=\"wp-video-shortcode\" id=\"video-61226-1\" width=\"480\" height=\"320\" preload=\"metadata\" controls=\"controls\"><source type=\"video\/mp4\" src=\"http:\/\/www.radiopiu.net\/wordpress\/wp-content\/uploads\/2018\/09\/zaiavideo2.mp4?_=1\" \/><a href=\"http:\/\/www.radiopiu.net\/wordpress\/wp-content\/uploads\/2018\/09\/zaiavideo2.mp4\">http:\/\/www.radiopiu.net\/wordpress\/wp-content\/uploads\/2018\/09\/zaiavideo2.mp4<\/a><\/video><\/div>\n<blockquote>\n<h3>OLIMPIADI 2026. ZAIA, \u201cANCORA OGGI MEGLIO IL TRIDENTE. SE TORINO NON CAMBIA, C\u2019E\u2019 LA FALANGE MACEDONE. PER 600 MILIONI DI COSTI SU BUTTANO AL VENTO 980 MILIONI DI CONTRIBUTI CIO. ASSURDO RINUNCIARE PER UN BATTIBECCO SULLA POSIZIONE DEL NOME.\u201d<\/h3>\n<\/blockquote>\n<p>VENEZIA\u00a0 \u201cSono un inguaribile ottimista e penso che la soluzione del tridente sia ancora oggi la migliore. Invito tutti a ripensarci, perch\u00e9 abbiamo chiuso un bel dossier e il Coni ha gi\u00e0 ottenuto dal Cio la possibilit\u00e0 di far firmare i tre Sindaci, il che \u00e8 una cosa unica. Comunque, se non va a tre, c\u2019\u00e8 la soluzione della falange macedone Lombardia-Veneto. E\u2019 vero che Cortina e Milano dovrebbero trovare 600 milioni di euro, e sono tanti soldi, ma \u00e8 anche vero che se le Olimpiadi non si fanno, si perdono 980 milioni di finanziamenti del Cio\u201d. Lo ha detto il Presidente della Regione Veneto, Luca Zaia, incontrando in mattinata i giornalisti sul tema della candidatura italiana alle Olimpiadi invernali del 2026. \u201cQuesto non \u00e8 il momento delle polemiche \u2013 ha ribadito Zaia \u2013 ma di saper fare tutti un passo a lato. La verit\u00e0 \u00e8 che ci sar\u00e0 un logo e ci saranno i nomi delle tre citt\u00e0 uno davanti all\u2019altro. Pur di chiudere questa partita Cortina si mette in fondo senza problemi. Non esiste che si perdano le Olimpiadi, credibilit\u00e0, finanziamenti, visibilit\u00e0 planetaria per un battibecco sulla posizione del nome\u201d. \u201cSpero \u2013 ha aggiunto il Governatore del Veneto \u2013 che a Torino facciano qualcosa, una controproposta, e che si chiuda questa partita, altrimenti il tridente si modifica nella falange macedone di Lombardia e Veneto. Senza l\u2019appoggio del Governo si fa pi\u00f9 dura \u2013 ha tenuto a sottolineare Zaia \u2013 per\u00f2 il nostro motto \u00e8 che solo i pessimisti non fanno fortuna. Avremo modo di pianificare un intervento in otto anni, di parlare con i grandi sponsor e con gli interlocutori territoriali. Si pu\u00f2 fare aggregazione, come si \u00e8 visto nell\u2019occasione dell\u2019Expo\u201d. Zaia ha anche ricostruito gli intrecci che hanno portato a oggi: \u201cil Governo aveva chiesto tre lettere ai Comuni. Quella di Cortina era impeccabile, quella di Milano confermava l\u2019impegno con alcune specificazioni sul brand, quella di Torino ribadiva le condizioni della sua delibera iniziale, cio\u00e8 correre da soli\u201d.<\/p>\n<p>&nbsp;<\/p>\n<p>&nbsp;<\/p>\n<p>&nbsp;<\/p>\n<h1>VOLONTARI AMBULANZA, CAMBIO DI ROTTA PER GARANTIRE L&#8217;ATTIVITA&#8217; INDISPENSABILE PER IL TERRITORIO<\/h1>\n<p><a class=\"dt-pswp-item\" href=\"http:\/\/www.radiopiu.net\/wordpress\/wp-content\/uploads\/2018\/09\/WhatsApp-Image-2018-09-19-at-22.21.28-1.jpeg\" data-dt-img-description=\"\" data-large_image_width=\"1544\" data-large_image_height=\"1544\"><img loading=\"lazy\" decoding=\"async\" class=\"alignnone size-medium wp-image-61253\" src=\"http:\/\/www.radiopiu.net\/wordpress\/wp-content\/uploads\/2018\/09\/WhatsApp-Image-2018-09-19-at-22.21.28-1-300x300.jpeg\" alt=\"\" width=\"300\" height=\"300\" srcset=\"https:\/\/www.radiopiu.net\/wordpress\/wp-content\/uploads\/2018\/09\/WhatsApp-Image-2018-09-19-at-22.21.28-1-300x300.jpeg 300w, https:\/\/www.radiopiu.net\/wordpress\/wp-content\/uploads\/2018\/09\/WhatsApp-Image-2018-09-19-at-22.21.28-1-150x150.jpeg 150w, https:\/\/www.radiopiu.net\/wordpress\/wp-content\/uploads\/2018\/09\/WhatsApp-Image-2018-09-19-at-22.21.28-1-768x768.jpeg 768w, https:\/\/www.radiopiu.net\/wordpress\/wp-content\/uploads\/2018\/09\/WhatsApp-Image-2018-09-19-at-22.21.28-1-1024x1024.jpeg 1024w, https:\/\/www.radiopiu.net\/wordpress\/wp-content\/uploads\/2018\/09\/WhatsApp-Image-2018-09-19-at-22.21.28-1.jpeg 1544w\" sizes=\"auto, (max-width: 300px) 100vw, 300px\" \/><\/a><a class=\"dt-pswp-item\" href=\"http:\/\/www.radiopiu.net\/wordpress\/wp-content\/uploads\/2018\/09\/WhatsApp-Image-2018-09-19-at-22.21.29-1.jpeg\" data-dt-img-description=\"\" data-large_image_width=\"1544\" data-large_image_height=\"1544\"><img loading=\"lazy\" decoding=\"async\" class=\"alignnone size-medium wp-image-61254\" src=\"http:\/\/www.radiopiu.net\/wordpress\/wp-content\/uploads\/2018\/09\/WhatsApp-Image-2018-09-19-at-22.21.29-1-300x300.jpeg\" alt=\"\" width=\"300\" height=\"300\" srcset=\"https:\/\/www.radiopiu.net\/wordpress\/wp-content\/uploads\/2018\/09\/WhatsApp-Image-2018-09-19-at-22.21.29-1-300x300.jpeg 300w, https:\/\/www.radiopiu.net\/wordpress\/wp-content\/uploads\/2018\/09\/WhatsApp-Image-2018-09-19-at-22.21.29-1-150x150.jpeg 150w, https:\/\/www.radiopiu.net\/wordpress\/wp-content\/uploads\/2018\/09\/WhatsApp-Image-2018-09-19-at-22.21.29-1-768x768.jpeg 768w, https:\/\/www.radiopiu.net\/wordpress\/wp-content\/uploads\/2018\/09\/WhatsApp-Image-2018-09-19-at-22.21.29-1-1024x1024.jpeg 1024w, https:\/\/www.radiopiu.net\/wordpress\/wp-content\/uploads\/2018\/09\/WhatsApp-Image-2018-09-19-at-22.21.29-1.jpeg 1544w\" sizes=\"auto, (max-width: 300px) 100vw, 300px\" \/><\/a><\/p>\n<p><strong> ALLEGHE Cinque associazioni dei volontari ambulanza del Coordinamento Agordino hanno deciso: faranno parte &#8211; come norma del terzo settore prevede &#8211; dell&#8217;Ampas associazione nazionale,\u00a0<\/strong><strong> questo per poter stipulare le convenzioni con gli enti locali (Ulss1 in primis) e poter proseguire la loro attivit\u00e0. Cambio di rotta dunque condiviso dai volontari, lunedi erano almeno un centinaio presenti in sala Stoppani di Alleghe in rappresentanza delle cinque associazioni ad ascoltare il dottore Devid Fontana.\u00a0 A Radio Pi\u00f9 il riassunto della serata con Felice Gaiardo, presidente del Coordinamento volontari ambulanze Agordino e Zoldano.<br \/>\n<\/strong><\/p>\n<audio class=\"wp-audio-shortcode\" id=\"audio-61226-1\" preload=\"none\" style=\"width: 100%;\" controls=\"controls\"><source type=\"audio\/mpeg\" src=\"http:\/\/www.radiopiu.net\/wordpress\/wp-content\/uploads\/2018\/09\/FELICE.mp3?_=1\" \/><a href=\"http:\/\/www.radiopiu.net\/wordpress\/wp-content\/uploads\/2018\/09\/FELICE.mp3\">http:\/\/www.radiopiu.net\/wordpress\/wp-content\/uploads\/2018\/09\/FELICE.mp3<\/a><\/audio>\n<p>&nbsp;<\/p>\n<p>&nbsp;<\/p>\n<p>&nbsp;<\/p>\n<h1>CARABINIERI: NUOVO COMANDANTE A CORTINA<\/h1>\n<p><strong>CORTINA<\/strong> Benvenuto e buon lavoro al capitano Stefano Biasone che da oggi assume ufficialmente il comando della Compagnia dei Carabinieri di Cortina e il grazie per il lavoro svolto dal capitano Rocchi che lo ha preceduto.<\/p>\n<blockquote><p><a class=\"dt-pswp-item\" href=\"http:\/\/www.radiopiu.net\/wordpress\/wp-content\/uploads\/2018\/09\/WhatsApp-Image-2018-09-20-at-08.19.51.jpeg\" data-dt-img-description=\"\" data-large_image_width=\"1202\" data-large_image_height=\"1600\"><img loading=\"lazy\" decoding=\"async\" class=\"size-medium wp-image-61285 alignleft\" src=\"http:\/\/www.radiopiu.net\/wordpress\/wp-content\/uploads\/2018\/09\/WhatsApp-Image-2018-09-20-at-08.19.51-225x300.jpeg\" alt=\"\" width=\"225\" height=\"300\" srcset=\"https:\/\/www.radiopiu.net\/wordpress\/wp-content\/uploads\/2018\/09\/WhatsApp-Image-2018-09-20-at-08.19.51-225x300.jpeg 225w, https:\/\/www.radiopiu.net\/wordpress\/wp-content\/uploads\/2018\/09\/WhatsApp-Image-2018-09-20-at-08.19.51-768x1022.jpeg 768w, https:\/\/www.radiopiu.net\/wordpress\/wp-content\/uploads\/2018\/09\/WhatsApp-Image-2018-09-20-at-08.19.51-769x1024.jpeg 769w, https:\/\/www.radiopiu.net\/wordpress\/wp-content\/uploads\/2018\/09\/WhatsApp-Image-2018-09-20-at-08.19.51.jpeg 1202w\" sizes=\"auto, (max-width: 225px) 100vw, 225px\" \/><\/a>IL CAPITANO STEFANO BIASONE HA INIZIATO IL PROPRIO ITER FORMATIVO NELLE FORZE ARMATE AL TERMINE DEL BIENNIO DEL LICEO SCIENTIFICO FREQUENTANDO IL TRIENNIO PRESSO LA SCUOLA MILITARE TEULIE&#8217;. SUCCESSIVAMENTE HA FREQUENTATO L&#8217;ACCADEMIA MILITARE E LA SCUOLA UFFICIALE CARABINIERI. UNA VOLTA CONCLUSO IL PERCORSO FORMATIVO DI BASE, HA PRESTATO SERVIZIO PRESSO IL 1\u00b0 REGGIMENTO CARABINIERI PARACADUTISTI TUSCANIA. CON IL REGGIMENTO E&#8217; STATO IMPIEGATO IN AFGHANISTAN, IRAQ E NEL CORNO D&#8217;AFRICA. E&#8217; SPOSTA ED HA UNA FIGLIA<\/p><\/blockquote>\n<p>&nbsp;<\/p>\n<p>&nbsp;<\/p>\n<p>&nbsp;<\/p>\n<p>&nbsp;<\/p>\n<p>&nbsp;<\/p>\n<blockquote><p>&nbsp;<\/p><\/blockquote>\n<h1>IL \u201cBUY VENETO SPECIALE MONTAGNA\u201d AL \u201cDOLOMITI SHOW\u201d DI LONGARONE FIERE. CANER: \u201cL\u2019OCCASIONE MIGLIORE PER COMMERCIALIZZARE LA NOSTRA OFFERTA MONTANA\u201d<\/h1>\n<p><strong><a class=\"dt-pswp-item\" href=\"http:\/\/www.radiopiu.net\/wordpress\/wp-content\/uploads\/2018\/09\/1369-2018-gruppo.jpg\" data-dt-img-description=\"\" data-large_image_width=\"1032\" data-large_image_height=\"774\"><img loading=\"lazy\" decoding=\"async\" class=\" wp-image-61213 alignleft\" src=\"http:\/\/www.radiopiu.net\/wordpress\/wp-content\/uploads\/2018\/09\/1369-2018-gruppo-300x225.jpg\" alt=\"\" width=\"415\" height=\"311\" srcset=\"https:\/\/www.radiopiu.net\/wordpress\/wp-content\/uploads\/2018\/09\/1369-2018-gruppo-300x225.jpg 300w, https:\/\/www.radiopiu.net\/wordpress\/wp-content\/uploads\/2018\/09\/1369-2018-gruppo-768x576.jpg 768w, https:\/\/www.radiopiu.net\/wordpress\/wp-content\/uploads\/2018\/09\/1369-2018-gruppo-1024x768.jpg 1024w, https:\/\/www.radiopiu.net\/wordpress\/wp-content\/uploads\/2018\/09\/1369-2018-gruppo.jpg 1032w\" sizes=\"auto, (max-width: 415px) 100vw, 415px\" \/><\/a>VENEZIA\u00a0\u00a0<\/strong>Interpretando concretamente lo slogan che proclama il Veneto \u201cthe land of Venice\u201d, dalla citt\u00e0 lagunare \u00e8 stata lanciata oggi \u201cDolomiti Show\u201d, la fiera della montagna, in programma a Longarone Fiere (Bl) il 6 e 7 ottobre prossimi, il cui scopo \u00e8 quello di valorizzare gli sport e il turismo nelle Dolomiti e nel cui ambito si svolger\u00e0 il workshop \u201cBuy Veneto Speciale Montagna\u201d. La manifestazione \u00e8 stata presentata a palazzo Balbi, sede della Giunta regionale, dall\u2019assessore al turismo, Federico Caner, dal direttore di \u201cDolomiti Show\u201d, Mario Topinelli, dal presidente della Provincia di Belluno, Roberto Padrin e dal direttore della Destination Management Organization bellunese Giuliano Vantaggi. \u201cAbbiamo scelto il contesto pi\u00f9 coerente e idoneo per riproporre una nuova edizione di un business meeting dedicato specificatamente agli operatori turistici della montagna \u2013 ha detto Caner \u2013, niente di meglio, infatti, per i circa trenta buyer stranieri attesi a Longarone che affacciarsi a una vetrina nella quale sono esposte le numerose peculiarit\u00e0 e attrattive delle Dolomiti, da quelle naturalistiche a quelle sportive, da quelle produttive a quelle enogastronomiche\u201d. Il workshop prevede incontri B2B nel corso dei quali gli operatori turistici della montagna veneta (strutture ricettive, agenzie di viaggio specializzate in incoming, agenzie immobiliari, ecc.) presenteranno e commercializzeranno la propria offerta ai tour operator provenienti da 11 Paesi diversi (Russia, Ucraina, Repubblica Ceca, Serbia, Slovenia, Lettonia, Brasile, Israele, Portogallo, Spagna, Sud Africa), anticipando cos\u00ec la 17.a edizione del pi\u00f9 ampio \u201cBuy Veneto\u201d, il pi\u00f9 importante e prestigioso evento di marketing turistico dell\u2019intera regione, in programma il prossimo 8 ottobre al centro congressi Laguna Palace di Mestre.\u00a0 \u201cCome Regione, insieme agli Enti locali e alle associazioni di categoria, stiamo svolgendo un\u2019azione vasta, su pi\u00f9 fronti, per valorizzare il settore turistico montano del Veneto \u2013 ha sottolineato Caner \u2013, puntando sui grandi eventi sportivi, come i Mondiali di sci alpino del 2021 a Cortina e, speriamo, i Giochi olimpici del 2026, ma anche sostenendo economicamente, con una quantit\u00e0 di risorse che non si vedeva da tempo, gli investimenti pubblici e privati per potenziare, qualificare e innovare non solo le strutture ricettive, ma il prodotto turistico montano nel suo complesso. L\u2019assessore ha ricordato che attualmente \u00e8 aperto un ban\u00addo per l\u2019erogazione di contri\u00adbuti finalizzati a investimenti innovativi alle piccole e medie imprese di montagna che ge\u00adstiscono o sono proprietarie di strutture ricettive alberghiere, all\u2019aperto, complementari, in ambienti naturali, con un budget di 6 milioni di euro. \u201cQuesta azione sta gi\u00e0 dando risultati positivi \u2013 ha concluso Caner \u2013, come dimostrano le stime sul movimento turistico nella montagna veneta nei primi otto mesi del 2018: per i soli alberghi e campeggi, non essendo ancora disponibili i dati relativi alle altre strutture extralberghiere, si stima una crescita del 4,2% di arrivi e del 1,3% delle presenze rispetto allo stesso periodo dello scorso anno. E se nella prossima stagione invernale la neve ci <strong>sar\u00e0, questi numeri sono destinati a migliorare ulteriormente\u201d.<\/strong><\/p>\n<p>&nbsp;<\/p>\n<p>&nbsp;<\/p>\n<h1><\/h1>\n<p>&nbsp;<\/p>\n<h1>ALZHEIMER: ASSESSORE LANZARIN &#8220;CENTRI SOLLIEVO E RETE TRA I SERVIZI, INVESTIRE IN ASSISTENZA SI PUO&#8217;<\/h1>\n<p><strong><span style=\"font-size: medium;\"><a class=\"dt-pswp-item\" href=\"http:\/\/www.radiopiu.net\/wordpress\/wp-content\/uploads\/2018\/09\/woman-453014_1280.jpg\" data-dt-img-description=\"\" data-large_image_width=\"1280\" data-large_image_height=\"960\"><img loading=\"lazy\" decoding=\"async\" class=\" wp-image-61222 alignleft\" src=\"http:\/\/www.radiopiu.net\/wordpress\/wp-content\/uploads\/2018\/09\/woman-453014_1280-300x225.jpg\" alt=\"\" width=\"375\" height=\"281\" srcset=\"https:\/\/www.radiopiu.net\/wordpress\/wp-content\/uploads\/2018\/09\/woman-453014_1280-300x225.jpg 300w, https:\/\/www.radiopiu.net\/wordpress\/wp-content\/uploads\/2018\/09\/woman-453014_1280-768x576.jpg 768w, https:\/\/www.radiopiu.net\/wordpress\/wp-content\/uploads\/2018\/09\/woman-453014_1280-1024x768.jpg 1024w, https:\/\/www.radiopiu.net\/wordpress\/wp-content\/uploads\/2018\/09\/woman-453014_1280.jpg 1280w\" sizes=\"auto, (max-width: 375px) 100vw, 375px\" \/><\/a>VENEZIA\u00a0\u00a0<\/span><\/strong><span style=\"font-size: x-large;\"><span style=\"font-size: medium;\">Venerd\u00ec 21 settembre, in tutto il mondo si celebra la Giornata mondiale dell\u2019Alzheimer, istituita dalle Nazioni Unite 25 anni fa. In Italia si calcolano siano almeno 600 mila le persone affette da questa patologia degenerativa delle capacit\u00e0 cognitive e comportamentali, numeri che raddoppiano se si conteggiano i diversi tipi di demenza. In Veneto 4 persone ogni 100 ultrasessantacinquenni risultano affette da Alzheimer o da demenze senili. \u201cIl 21 settembre vogliamo ricordare chi non riesce pi\u00f9 a ricordare \u2013 invita l\u2019assessore al sociale della Regione Veneto <\/span><b><span style=\"font-size: medium;\">Manuela Lanzarin<\/span><\/b><span style=\"font-size: medium;\"> &#8211; ma soprattutto rilanciare impegno e iniziative sui due fronti di contrasto alla malattia: la ricerca scientifica, per accelerare diagnosi e trovare nuove cure; e l\u2019assistenza, per fare sentire meno soli malati e famiglie\u201d.\u00a0<\/span><\/span><span style=\"font-size: medium;\">In occasione della Giornata mondiale dell\u2019Alzheimer l\u2019assessore regionale partecipa a due iniziative che riassumono gli ambiti di impegno dell\u2019istituzione regionale nei confronti del problema Alzheimer.\u00a0<\/span><span style=\"font-size: medium;\">A Ros\u00e0 (Vicenza) l\u2019assessore inaugura venerd\u00ec (ore 9.30) un nuovo centro Sollievo, realizzato dal Comune e dall\u2019Amad (associazione dei malati di Alzheimer e demenze) con il sostegno dell\u2019Ulss 7 e della Regione Veneto. Il centro sar\u00e0 aperto due giorni la settimana, in piazza San Marco, e offrir\u00e0 alle persone affette da demenze attivit\u00e0 e il supporto di professionalit\u00e0 competenti, nonch\u00e9 sostegno ai loro familiari. \u201cNell\u2019arco di tre lustri la rete regionale dei centri Sollievo \u00e8 arrivata a contare 155 strutture, disseminate nel territorio \u2013 fa notare l\u2019assessore \u2013 Grazie all\u2019iniziativa di volontari e associazioni, alla sensibilit\u00e0 di Comuni e al supporto di Ulss e Regione, i Centri Sollievo sono un punto di riferimento e di accompagnamento per le famiglie nel difficile percorso di cura e assistenza. Ogni anno la Regione sostiene queste esperienze di assistenza e di mutuo aiuto con un milione e mezzo di euro. Entro l\u2019anno arriveranno nuove linee guida regionali per aiutare i Centri a condividere pratiche ed esperienze e a crescere in modo omogeneo in tutto il territorio\u201d.\u00a0<\/span><span style=\"font-size: medium;\">Alle 11.30, a Sarmeola di Rubano, Manuela Lanzarin interverr\u00e0 al convegno \u201cInsieme. Molto \u00e8 ancora possibile\u201d, promosso dalle associazioni di volontariato per l\u2019Alzheimer, dai Centri Sollievo e dai tre Centri servizi padovani che accolgono malati di Alzheimer in sezioni protette (Oic, Fondazione Santa Tecla e Casa Madre Teresa dell\u2019Opsa). Obiettivo del convegno \u00e8 costruire &#8211; in collaborazione con i Comuni e l\u2019Ulss 6 Euganea &#8211; una alleanza territoriale tra servizi per sostenere le famiglie. \u201cLa strada della ricerca \u00e8 ancora lunga, ma quella dell\u2019assistenza e dell\u2019accompagnamento \u00e8 gi\u00e0 tracciata \u2013 sottolinea l\u2019assessore &#8211; la collaborazione e l\u2019integrazione tra servizi e tra pubblico e privato sono requisiti indispensabili per riuscire ad offrire sostegno alle persone e accompagnare con competenza malati e famiglie nel difficile percorso della progressione della malattia\u201d.<\/span><\/p>\n<p>&nbsp;<\/p>\n<p>&nbsp;<\/p>\n<p>&nbsp;<\/p>\n<p>&nbsp;<\/p>\n<h1 class=\"entry-title\">AL NASTRO DI PARTENZA LA PROCEDURA PER REDIGERE IL NUOVO PIANO REGIONALE DEI TRASPORTI: VENERD\u00cc 21 L\u2019ASSESSORE DE BERTI AL \u201cURBANPROMO GREEN\u201d DI VENEZIA<\/h1>\n<p><strong><a class=\"dt-pswp-item\" href=\"http:\/\/www.radiopiu.net\/wordpress\/wp-content\/uploads\/2018\/09\/highway-1209547_1280.jpg\" data-dt-img-description=\"\" data-large_image_width=\"1280\" data-large_image_height=\"853\"><img loading=\"lazy\" decoding=\"async\" class=\"size-medium wp-image-61217 alignleft\" src=\"http:\/\/www.radiopiu.net\/wordpress\/wp-content\/uploads\/2018\/09\/highway-1209547_1280-300x200.jpg\" alt=\"\" width=\"300\" height=\"200\" srcset=\"https:\/\/www.radiopiu.net\/wordpress\/wp-content\/uploads\/2018\/09\/highway-1209547_1280-300x200.jpg 300w, https:\/\/www.radiopiu.net\/wordpress\/wp-content\/uploads\/2018\/09\/highway-1209547_1280-768x512.jpg 768w, https:\/\/www.radiopiu.net\/wordpress\/wp-content\/uploads\/2018\/09\/highway-1209547_1280-1024x682.jpg 1024w, https:\/\/www.radiopiu.net\/wordpress\/wp-content\/uploads\/2018\/09\/highway-1209547_1280.jpg 1280w\" sizes=\"auto, (max-width: 300px) 100vw, 300px\" \/><\/a>VENEZIA\u00a0\u00a0<\/strong>L\u2019assessore ai trasporti e alle infrastrutture della Regione del Veneto, Elisa De Berti, parteciper\u00e0 nella mattinata di venerd\u00ec 21 settembre a Palazzo Badoer di Venezia a \u201cUrbanpromo Green\u201d, evento promosso dall\u2019Istituto Nazionale di Urbanistica e da Urbit per affrontare, attraverso convegni e seminari, i temi della sostenibilit\u00e0 e dell\u2019innovazione nelle citt\u00e0. \u201c\u00c8 l\u2019occasione \u2013 spiega l\u2019assessore De Berti \u2013 per annunciare l\u2019avvio delle procedure che porteranno alla stesura del nuovo piano regionale dei trasporti: un percorso che si prospetta articolato e complesso, ma anche stimolante e coinvolgente. Partiremo proprio da quest\u2019ultimo aspetto, dal coinvolgimento, raccogliendo proposte e considerazioni da tutti i portatori di interessi del territorio: esperti, ricercatori, docenti, amministratori pubblici, rappresentanti di aziende e di associazioni, professionisti e cittadini. Con i loro contributi elaboreremo, attraverso i tavoli di lavoro, alcuni dei quali gi\u00e0 insediati, uno strumento di programmazione di grande importanza per le nostre comunit\u00e0, che dovr\u00e0 sostituire quello ormai vecchio di trent\u2019anni\u201d. I lavori del convegno inizieranno alle 9.15 e prevedono gli interventi, oltre che dell\u2019assessore De Berti, dei dirigenti regionali di settore, Giuseppe Fasiol, Luigi Zanin,\u00a0Marco d\u2019Elia e Mauro Menegazzo, dei docenti universitari Giovanni Campeol, Marco Mazzarino, Jan Van der Borg e Agostino Cappelli, di Luca Romano (direttore Local Area Network), Sergio Vazzoler (presidente Unione Navigazione Interna Italiana), Antonio Revedin (direttore pianificazione strategica e sviluppo Autorit\u00e0 sistema portuale Adriatico settentrionale), Mauro D\u2019Incecco (coordinatore Community INU).<\/p>\n<h1><\/h1>\n<h1><\/h1>\n<p>&nbsp;<\/p>\n<p>&nbsp;<\/p>\n<p>&nbsp;<\/p>\n<h1>BANDO PERIFERIE, MASSARO CAUTO<\/h1>\n<blockquote><p>\u00abSi va avanti\u00a0 in un clima di collaborazione istituzionale e grande cautela, in attesa di vedere nero su bianco i risvolti di questo annunciato decreto\u00bb.<\/p><\/blockquote>\n<p><strong><a class=\"dt-pswp-item\" href=\"http:\/\/www.radiopiu.net\/wordpress\/wp-content\/uploads\/2017\/11\/JACOPO-MASSARO.jpg\" data-dt-img-description=\"\" data-large_image_width=\"400\" data-large_image_height=\"400\"><img loading=\"lazy\" decoding=\"async\" class=\"wp-image-38159 alignleft\" src=\"http:\/\/www.radiopiu.net\/wordpress\/wp-content\/uploads\/2017\/11\/JACOPO-MASSARO-300x300.jpg\" alt=\"\" width=\"193\" height=\"193\" \/><\/a><br \/>\n<\/strong><\/p>\n<p>&nbsp;<\/p>\n<p>&nbsp;<\/p>\n<p><strong>BELLUNO<\/strong>\u00a0Cautela e attesa per gli sviluppi futuri e fiducia nell&#8217;istituzione del Presidente del Consiglio: questi i sentimenti che hanno animato il Consiglio Direttivo dell&#8217;Associazione Nazionale Comuni Italiani ieri a Roma, al quale ha presenziato anche il primo cittadino di Belluno, Jacopo Massaro che cos\u00ec si \u00e8 espresso nel notiziario di Radio Pi\u00f9.<\/p>\n<audio class=\"wp-audio-shortcode\" id=\"audio-61226-2\" preload=\"none\" style=\"width: 100%;\" controls=\"controls\"><source type=\"audio\/mpeg\" src=\"http:\/\/www.radiopiu.net\/wordpress\/wp-content\/uploads\/2018\/09\/MASSARO-2.mp3?_=2\" \/><a href=\"http:\/\/www.radiopiu.net\/wordpress\/wp-content\/uploads\/2018\/09\/MASSARO-2.mp3\">http:\/\/www.radiopiu.net\/wordpress\/wp-content\/uploads\/2018\/09\/MASSARO-2.mp3<\/a><\/audio>\n<p>&nbsp;<\/p>\n<p>&nbsp;<\/p>\n<p>&nbsp;<\/p>\n<p>&nbsp;<\/p>\n<h1>BANDIERA VENETA A NEONATI, DE CARLO (FDI): &#8220;DOPO SLOGAN &#8216;PRIMA GLI ITALIANI&#8217;, SUGGERISCO &#8216;PRIMA IL TRICOLORE'&#8221;<\/h1>\n<p><strong><a class=\"dt-pswp-item\" href=\"http:\/\/www.radiopiu.net\/wordpress\/wp-content\/uploads\/2018\/03\/DE-CARLO.jpg\" data-dt-img-description=\"\" data-large_image_width=\"203\" data-large_image_height=\"248\"><img loading=\"lazy\" decoding=\"async\" class=\"size-full wp-image-44920 alignleft\" src=\"http:\/\/www.radiopiu.net\/wordpress\/wp-content\/uploads\/2018\/03\/DE-CARLO.jpg\" alt=\"\" width=\"203\" height=\"248\" \/><\/a>ROMA<\/strong> \u201cDopo lo slogan \u201cPrima gli italiani\u201d, lanciato da Fratelli d\u2019Italia e ripreso successivamente dalla Lega, al sindaco di Santa Lucia di Piave vorrei consigliare un \u201cPrima il tricolore\u201d. Lo dichiara Luca De Carlo, deputato di Fratelli d\u2019Italia e sindaco di Calalzo di Cadore dopo che il sindaco di Santa Lucia di Piave ha annunciato di voler anticipare il progetto di legge regionale per donare ad ogni neonato una bandiera del Veneto. \u201cNel settembre del 2010 \u2013 prosegue De Carlo \u2013 in un momento in cui molti sindaci veneti minacciavano di trasferirsi in altre Regioni, come comune di Calalzo di Cadore approvammo il nuovo statuto nel quale si sanciva di sentorsi veneto di voler mantenere i rapporti con la Regione Veneto. Nonostante questo, per\u00f2, ci sentiamo prima di tutto italiani\u201d. \u201cAl sindaco di un importante centro come Santa Lucia di Piave \u2013 conclude De Carlo \u2013 legato indissolubilmente a quel fiume che ha conosciuto uno dei momenti di eroismo pi\u00f9 alti della nostra storia nazionale, consigliamo di distribuire ai suoi concittadini il tricolore affinch\u00e9 si continui a trasmettere ai nostri figli gli alti valori che quel vessillo incarna\u201d.<\/p>\n<p>&nbsp;<\/p>\n<p>&nbsp;<\/p>\n<p>&nbsp;<\/p>\n<p>&nbsp;<\/p>\n<p>&nbsp;<\/p>\n<h1>OBELIX, GLI ESPLODITORI\u00a0 CONTRO LE VALANGHE, NEL FUTURO DEL COMPRENSORIO<\/h1>\n<p><strong><a class=\"dt-pswp-item\" href=\"http:\/\/www.radiopiu.net\/wordpress\/wp-content\/uploads\/2018\/09\/esploditori_obellx_1-2-150x150.jpg\" data-dt-img-description=\"\" data-large_image_width=\"150\" data-large_image_height=\"150\"><img loading=\"lazy\" decoding=\"async\" class=\"size-medium wp-image-61242 alignleft\" src=\"http:\/\/www.radiopiu.net\/wordpress\/wp-content\/uploads\/2018\/09\/esploditori_obellx_1-2-150x150.jpg\" alt=\"\" width=\"150\" height=\"150\" \/><\/a>ROCCA PIETORE<\/strong> Ieri sera consiglio comunale con un unico punto all&#8217;ordine del giorno votato all&#8217;unanimit\u00e0, ne va del futuro degli impianti sciistici a Malga Ciapela-Passo Fedaia. AI microfoni di Radio Pi\u00f9 il sindaco di Rocca Pietore Andrea De Bernardin<\/p>\n<audio class=\"wp-audio-shortcode\" id=\"audio-61226-3\" preload=\"none\" style=\"width: 100%;\" controls=\"controls\"><source type=\"audio\/mpeg\" src=\"http:\/\/www.radiopiu.net\/wordpress\/wp-content\/uploads\/2018\/09\/ANDREA-1.mp3?_=3\" \/><a href=\"http:\/\/www.radiopiu.net\/wordpress\/wp-content\/uploads\/2018\/09\/ANDREA-1.mp3\">http:\/\/www.radiopiu.net\/wordpress\/wp-content\/uploads\/2018\/09\/ANDREA-1.mp3<\/a><\/audio>\n<p>&nbsp;<\/p>\n<p>&nbsp;<\/p>\n<p>&nbsp;<\/p>\n<p>&nbsp;<\/p>\n<h1>L&#8217;ACCESSO A MALGA FRAMONT, NECESSITA MAGGIORE SICUREZZA PER CHI VI SALE CON MEZZI MOTORIZZATI<\/h1>\n<p><strong><a class=\"dt-pswp-item\" href=\"http:\/\/www.radiopiu.net\/wordpress\/wp-content\/uploads\/2018\/09\/framont.jpg\" data-dt-img-description=\"\" data-large_image_width=\"275\" data-large_image_height=\"183\"><img loading=\"lazy\" decoding=\"async\" class=\"size-full wp-image-61243 alignleft\" src=\"http:\/\/www.radiopiu.net\/wordpress\/wp-content\/uploads\/2018\/09\/framont.jpg\" alt=\"\" width=\"275\" height=\"183\" \/><\/a><\/strong><\/p>\n<p><strong>AGORDO<\/strong> Desmontegaga anche per la famiglia Frigimelica da 11 anni in malga Framont. Il bilancio di fine estate da un punto di riferimento importante per valligiani e turisti. Giacomo racconta la stagione ai microfoni di Gianni Santomaso. Stagione iniziata in ritardo a causa dei lavori che hanno interessato la struttura.<\/p>\n<audio class=\"wp-audio-shortcode\" id=\"audio-61226-4\" preload=\"none\" style=\"width: 100%;\" controls=\"controls\"><source type=\"audio\/mpeg\" src=\"http:\/\/www.radiopiu.net\/wordpress\/wp-content\/uploads\/2018\/09\/GIANNI1-1.mp3?_=4\" \/><a href=\"http:\/\/www.radiopiu.net\/wordpress\/wp-content\/uploads\/2018\/09\/GIANNI1-1.mp3\">http:\/\/www.radiopiu.net\/wordpress\/wp-content\/uploads\/2018\/09\/GIANNI1-1.mp3<\/a><\/audio>\n<h1>E A PROPOSITO DEI LUPI? &#8220;in malga o gli animali&#8230;o gli animalisti&#8221;.<\/h1>\n<audio class=\"wp-audio-shortcode\" id=\"audio-61226-5\" preload=\"none\" style=\"width: 100%;\" controls=\"controls\"><source type=\"audio\/mpeg\" src=\"http:\/\/www.radiopiu.net\/wordpress\/wp-content\/uploads\/2018\/09\/GIANNI2.mp3?_=5\" \/><a href=\"http:\/\/www.radiopiu.net\/wordpress\/wp-content\/uploads\/2018\/09\/GIANNI2.mp3\">http:\/\/www.radiopiu.net\/wordpress\/wp-content\/uploads\/2018\/09\/GIANNI2.mp3<\/a><\/audio>\n<p>&nbsp;<\/p>\n<p>&nbsp;<\/p>\n<p>&nbsp;<\/p>\n<p>&nbsp;<\/p>\n<h1>UNIONE MONTANA,\u00a0 OGGI CONSIGLIO<\/h1>\n<p><a class=\"dt-pswp-item\" href=\"http:\/\/www.radiopiu.net\/wordpress\/wp-content\/uploads\/2018\/07\/UNIONE-MONTANA.jpg\" data-dt-img-description=\"\" data-large_image_width=\"464\" data-large_image_height=\"660\"><img loading=\"lazy\" decoding=\"async\" class=\" wp-image-53717 alignright\" src=\"http:\/\/www.radiopiu.net\/wordpress\/wp-content\/uploads\/2018\/07\/UNIONE-MONTANA-211x300.jpg\" alt=\"\" width=\"96\" height=\"136\" srcset=\"https:\/\/www.radiopiu.net\/wordpress\/wp-content\/uploads\/2018\/07\/UNIONE-MONTANA-211x300.jpg 211w, https:\/\/www.radiopiu.net\/wordpress\/wp-content\/uploads\/2018\/07\/UNIONE-MONTANA.jpg 464w\" sizes=\"auto, (max-width: 96px) 100vw, 96px\" \/><\/a><strong>AGORDO<\/strong> E&#8217; stato convocato il Consiglio della Unione Montana Agordina,\u00a0nella sala consiliare Don Ferdinando Tamis in Via 27 Aprile, questa sera\u00a0 alle\u00a0 20. ORDINE DEL GIORNO:\u00a0 presa d\u2019atto dei nuovi rappresentanti del Comune di Canale d\u2019Agordo in seguito alle elezioni del 10 giugno 2018; regolamento dei controlli interni e presa d\u2019atto della relazione dell\u2019Unit\u00e0 di controllo,\u00a0\u00a0periodo primo semestre 2018, approvazione Bilancio consolidato anno 2017.<\/p>\n<p>&nbsp;<\/p>\n<h1><\/h1>\n<h1><\/h1>\n<blockquote><p>&nbsp;<\/p><\/blockquote>\n<h1>IL MERCATO DEL LAVORO A BELLUNO<\/h1>\n<p><strong><a class=\"dt-pswp-item\" href=\"http:\/\/www.radiopiu.net\/wordpress\/wp-content\/uploads\/2018\/05\/convegno_Cisl_BL2.jpg\" data-dt-img-description=\"\" data-large_image_width=\"4032\" data-large_image_height=\"3024\"><img loading=\"lazy\" decoding=\"async\" class=\"size-medium wp-image-49276 alignleft\" src=\"http:\/\/www.radiopiu.net\/wordpress\/wp-content\/uploads\/2018\/05\/convegno_Cisl_BL2-300x225.jpg\" alt=\"\" width=\"300\" height=\"225\" srcset=\"https:\/\/www.radiopiu.net\/wordpress\/wp-content\/uploads\/2018\/05\/convegno_Cisl_BL2-300x225.jpg 300w, https:\/\/www.radiopiu.net\/wordpress\/wp-content\/uploads\/2018\/05\/convegno_Cisl_BL2-768x576.jpg 768w, https:\/\/www.radiopiu.net\/wordpress\/wp-content\/uploads\/2018\/05\/convegno_Cisl_BL2-1024x768.jpg 1024w\" sizes=\"auto, (max-width: 300px) 100vw, 300px\" \/><\/a>BELLUNO<\/strong> Oggi alle 14 nella sede di via VIttorio Veneto la\u00a0 \u00a0Segreteria territoriale della Cisl Belluno Treviso\u00a0 presenta i dati relativi all&#8217;andamento del Mercato del lavoro in provincia di Belluno nel 2\u00b0 trimestre 2018. Interverranno il Segretario generale aggiunto della Cisl Belluno Treviso Rudy Roffar\u00e8 e il Segretario con delega al Mercato del lavoro Gianni Pasian. (FOTO ARCHIVIO RADIOPIU, CONEGNO CISL)<\/p>\n<h1><\/h1>\n<h1><\/h1>\n<blockquote><p>&nbsp;<\/p><\/blockquote>\n<h1><\/h1>\n<h1><\/h1>\n<h1><\/h1>\n<blockquote>\n<h1><\/h1>\n<\/blockquote>\n<h1><\/h1>\n<h1>LA PRESENTAZIONE DEL NUOVO CORSO<\/h1>\n<blockquote><p><a class=\"dt-pswp-item\" href=\"http:\/\/www.radiopiu.net\/wordpress\/wp-content\/uploads\/2016\/12\/POLOTAMONICH.jpg\" data-dt-img-description=\"\" data-large_image_width=\"284\" data-large_image_height=\"158\"><img loading=\"lazy\" decoding=\"async\" class=\"size-full wp-image-26115 alignleft\" src=\"http:\/\/www.radiopiu.net\/wordpress\/wp-content\/uploads\/2016\/12\/POLOTAMONICH.jpg\" alt=\"\" width=\"284\" height=\"158\" \/><\/a><strong>AGORDO<\/strong> Sabato alle 10.30 all&#8217;Istituto Follador-De Rossi sar\u00e0 presentato il nuovo corso &#8220;Tecnico Superiore per il Risparmio Energetico nell&#8217;Edilizia Sostenibile Green Manager, Gestione Sostenibile nei cantieri. Interverranno: Sisto Da Roit sindaco di Agordo, Paolo Giovanni Zanin dirigente scolastico, Dario Tonin presidente Cfs, Franco Benvegn\u00f9 segretario associazione Periti Minerari, Gino Romor dell&#8217;azienda Romor e Cristiano Perale Presidente Its.<\/p>\n<p><strong>ASCOLTA LO SPECIALE TRASMESSO NEL REPORTER DI APPROFONDIMENTO DI RADIO PIU&#8217;, OSPITE DINO PRELORAN.<\/strong><\/p><\/blockquote>\n<blockquote class=\"wp-embedded-content\" data-secret=\"gAZgVYmlO3\"><p><a href=\"http:\/\/www.radiopiu.net\/wordpress\/opportunita-al-follador-sabato-open-day\/\">OPPORTUNITA&#8217; AL FOLLADOR, SABATO OPEN DAY<\/a><\/p><\/blockquote>\n<p><iframe loading=\"lazy\" class=\"wp-embedded-content\" sandbox=\"allow-scripts\" security=\"restricted\" style=\"position: absolute; clip: rect(1px, 1px, 1px, 1px);\" src=\"http:\/\/www.radiopiu.net\/wordpress\/opportunita-al-follador-sabato-open-day\/embed\/#?secret=gAZgVYmlO3\" data-secret=\"gAZgVYmlO3\" width=\"600\" height=\"338\" title=\"&#8220;OPPORTUNITA&#8217; AL FOLLADOR, SABATO OPEN DAY&#8221; &#8212; Radio Pi\u00f9\" frameborder=\"0\" marginwidth=\"0\" marginheight=\"0\" scrolling=\"no\"><\/iframe><\/p>\n<p>&nbsp;<\/p>\n<p>&nbsp;<\/p>\n<p>&nbsp;<\/p>\n<p>&nbsp;<\/p>\n<h1>BELLUNO CITTA&#8217; DEI BAMBINI<\/h1>\n<p><a class=\"dt-pswp-item\" href=\"http:\/\/www.radiopiu.net\/wordpress\/wp-content\/uploads\/2016\/05\/Poesie-bambini-estate-vacanze.jpg\" data-dt-img-description=\"\" data-large_image_width=\"588\" data-large_image_height=\"400\"><img loading=\"lazy\" decoding=\"async\" class=\"size-medium wp-image-19196 alignleft\" src=\"http:\/\/www.radiopiu.net\/wordpress\/wp-content\/uploads\/2016\/05\/Poesie-bambini-estate-vacanze-300x204.jpg\" alt=\"\" width=\"300\" height=\"204\" \/><\/a>A Belluno Citt\u00e0 dei Bambini ci sono antiche piazze, vie e luoghi magici dove ogni anno cinque cantastorie in abiti medioevali aprono le finestre e, affacciati ai balconi dei palazzi antichi della citt\u00e0, raccontano meravigliose favole ai bambini che li ascoltano nelle piazze, in un\u2019atmosfera d\u2019altri tempi. Un percorso fantastico nel centro storico di Belluno, durante il quale bambini, mamme, pap\u00e0 e nonni alzano gli occhi per ascoltare le pi\u00f9 belle favole scelte, adattate e recitate dai cantastorie di Belluno Citt\u00e0 dei Bambini.In questa decima edizione tante le novit\u00e0: fra i cantastorie debutter\u00e0 Michela Broi (storica attrice delle Pubbliche Bugie di Castion). Seguiranno Massimiliano Zampieri, Cristina Gianni, Marco Corazza e Francesco Marchi, che affacciati ai balconi dei palazzi bellunesi reciteranno favole da poco tradotte in italiano ma di origini sud coreane, croate, inglesi, spagnole. Non mancher\u00e0 la favola italiana, ovviamente.Come sempre a Belluno Citt\u00e0 dei Bambini vivremo per un giorno atmosfere dal sapore medievale, con cantastorie e figuranti in abiti medievali, tamburini e sbandieratori.<br \/>\nAi primi cinquecento bambini, inoltre, verr\u00e0 regalato il quaderno delle fiabe. L\u2019appuntamento per l\u2019iscrizione \u00e8 alle ore 15.00 in Piazza dei Martiri presso i gazebi che verranno allestiti. Il percorso di fiaba, partir\u00e0 alle ore 16.00 dal Balcone dell\u2019Aci in Piazza dei Martiri, seguir\u00e0 piazza Vittorio Emanuele (nuovo balcone per gentile concessione del negozio Tela Blu, poi Piazza Santo Stefano (dal balcone delle assicurazioni Generali), Palazzo Ex Tribunale in Piazza Duomo (altra novit\u00e0, per gentile concessione del Comune di Belluno) e per finire, l\u2019ultimo cantastorie si affaccer\u00e0 dal balcone della Provincia di Belluno. Al termine della manifestazione, dopo lo spettacolo degli sbandieratori di Feltre, chi vorr\u00e0 potr\u00e0 acquistare il vocabolario dei bambini o le magliette di Belluno Citt\u00e0 dei bambini. Favole al Balcone \u00e8 una manifestazione per i bambini di tutte le et\u00e0 realizzata dall\u2019Associazione Pomi d\u2019Ottone, con il patrocinio e la collaborazione del Comune di Belluno, della Provincia di Belluno, del Consorzio Bim Piave e della Regione Veneto. Da sempre Favole al Balcone vuol essere vuol essere un \u201cluogo\u201d dove vivere emozioni forti assieme a mamma e pap\u00e0, per divertirsi, ma anche per ricevere insegnamenti, risposte, direzioni da seguire, attraverso i valori contenuti nei racconti che ogni anno selezioniamo e riadattiamo per parlare ai bambini.<\/p>\n<blockquote>\n<h2><em>Cosa ascolteranno i bambini.\u00a0<\/em><\/h2>\n<p><em>In questa decima edizione Michela Broi reciter\u00e0 una storia che parla di una bambina che percorre tutta la strada dell\u2019attaccamento alle cose materiali, per poi scoprire che esiste una via molto pi\u00f9 gratificante. Marco Corazza racconter\u00e0 la storia di due citt\u00e0 divise da un fiume e di come \u00e8 possibile convivere in pace superando le differenze. Andrea Marchi, che ogni anno ci raggiunge da Parma per deliziarci, parler\u00e0 di paure e di come \u00e8 possibile superarle con la forza d\u2019animo e la tenacia. A Massimiliano Zampieri il compito di accompagnare una bambina che improvvisamente si trova sola lungo la strada, percorsa fino in fondo, porta a scoprire la solidariet\u00e0 e il calore umano. Cristina Gianni infine ci parler\u00e0 di doni preziosi, talmente preziosi che possono cambiare la vita.<\/em><\/p><\/blockquote>\n<p>&nbsp;<\/p>\n<blockquote><p>&nbsp;<\/p>\n<h1><\/h1>\n<\/blockquote>\n<h1><\/h1>\n<blockquote><p>&nbsp;<\/p><\/blockquote>\n<h1>FORNASIER CANTA I BELUMAT E APRE ALLA RACCOLTA FONDI PER IL CENTRO DIURNO<\/h1>\n<p><strong><a class=\"dt-pswp-item\" href=\"http:\/\/www.radiopiu.net\/wordpress\/wp-content\/uploads\/2018\/09\/download-1-2.jpg\" data-dt-img-description=\"\" data-large_image_width=\"276\" data-large_image_height=\"183\"><img loading=\"lazy\" decoding=\"async\" class=\" wp-image-61129 alignleft\" src=\"http:\/\/www.radiopiu.net\/wordpress\/wp-content\/uploads\/2018\/09\/download-1-2.jpg\" alt=\"\" width=\"211\" height=\"140\" \/><\/a>AGORDO<\/strong> Sabato alle 20.30 all&#8217;Auditorium del centro parrocchiale Monsignor Savio si esibir\u00e0 Giorgio Fornasier dei Belumat (foto RadioCortina). L&#8217;evento vuole rappresentare l&#8217;inizio ufficiale della campagna di raccolta fondi per l&#8217;apertura di &#8220;Altro senso&#8221;, il nuovo centro diurno che dal 2019 ospiter\u00e0 gli utenti con disabilit\u00e0 del territorio.<\/p>\n<p>&nbsp;<\/p>\n<p>&nbsp;<\/p>\n<p>&nbsp;<\/p>\n<h1><\/h1>\n<h1><\/h1>\n<h1><\/h1>\n<blockquote><p>&nbsp;<\/p><\/blockquote>\n<h1>SCARPINI E FASCIA TRICOLORE<\/h1>\n<p><strong>BELLUNO<\/strong> Sabato allo stadio comunale di Longarone va in scena l&#8217;Alpen Cup 2018 con la partecipazione delle nazionali di calcio dei sindaci di Italia, Austria, Germania, Slovenia e Sudtirol. Punta di diamante nel team azzurro il sindaco di casa, Roberto Padrin con un passato calcistico di tutto rispetto. Nella foto allegata (clicca per ingrandre) il programma nei dettagli dfell&#8217;evento calcistico.<\/p>\n\n\t\t\t<style type='text\/css'>\n\t\t\t\t#gallery-1 {\n\t\t\t\t\tmargin: auto;\n\t\t\t\t}\n\t\t\t\t#gallery-1 .gallery-item {\n\t\t\t\t\tfloat: left;\n\t\t\t\t\tmargin-top: 10px;\n\t\t\t\t\ttext-align: center;\n\t\t\t\t\twidth: 33%;\n\t\t\t\t}\n\t\t\t\t#gallery-1 img {\n\t\t\t\t\tborder: 2px solid #cfcfcf;\n\t\t\t\t}\n\t\t\t\t#gallery-1 .gallery-caption {\n\t\t\t\t\tmargin-left: 0;\n\t\t\t\t}\n\t\t\t\t\/* see gallery_shortcode() in wp-includes\/media.php *\/\n\t\t\t<\/style>\n\t\t<div id='gallery-1' class='dt-gallery-container gallery galleryid-61226 gallery-columns-3 gallery-size-thumbnail'><dl class='gallery-item'>\n\t\t\t\t<dt class='gallery-icon portrait'>\n\t\t\t\t\t<a class=\"rollover\" href='https:\/\/www.radiopiu.net\/wordpress\/giornale-radiopiu-20-settembre-2018-direttore-mirko-mezzacasa\/whatsapp-image-2018-09-19-at-20-26-31\/'><img loading=\"lazy\" decoding=\"async\" width=\"150\" height=\"150\" src=\"https:\/\/www.radiopiu.net\/wordpress\/wp-content\/uploads\/2018\/09\/WhatsApp-Image-2018-09-19-at-20.26.31-150x150.jpeg\" class=\"attachment-thumbnail size-thumbnail\" alt=\"\" \/><\/a>\n\t\t\t\t<\/dt><\/dl><dl class='gallery-item'>\n\t\t\t\t<dt class='gallery-icon portrait'>\n\t\t\t\t\t<a class=\"rollover\" href='https:\/\/www.radiopiu.net\/wordpress\/giornale-radiopiu-20-settembre-2018-direttore-mirko-mezzacasa\/whatsapp-image-2018-09-19-at-20-26-38\/'><img loading=\"lazy\" decoding=\"async\" width=\"150\" height=\"150\" src=\"https:\/\/www.radiopiu.net\/wordpress\/wp-content\/uploads\/2018\/09\/WhatsApp-Image-2018-09-19-at-20.26.38-150x150.jpeg\" class=\"attachment-thumbnail size-thumbnail\" alt=\"\" \/><\/a>\n\t\t\t\t<\/dt><\/dl>\n\t\t\t\t<br style='clear: both' \/>\n\t\t\t<\/div>\n\n<p>&nbsp;<\/p>\n<h1><\/h1>\n<h1><\/h1>\n<h1><\/h1>\n<blockquote><p>&nbsp;<\/p><\/blockquote>\n<h1>VIABILITA&#8217;<\/h1>\n<p><strong><a class=\"dt-pswp-item\" href=\"http:\/\/www.radiopiu.net\/wordpress\/wp-content\/uploads\/2018\/07\/Fedare-strada-giau.jpg\" data-dt-img-description=\"\" data-large_image_width=\"2500\" data-large_image_height=\"1662\"><img loading=\"lazy\" decoding=\"async\" class=\"size-medium wp-image-55158 alignleft\" src=\"http:\/\/www.radiopiu.net\/wordpress\/wp-content\/uploads\/2018\/07\/Fedare-strada-giau-300x199.jpg\" alt=\"\" width=\"300\" height=\"199\" srcset=\"https:\/\/www.radiopiu.net\/wordpress\/wp-content\/uploads\/2018\/07\/Fedare-strada-giau-300x199.jpg 300w, https:\/\/www.radiopiu.net\/wordpress\/wp-content\/uploads\/2018\/07\/Fedare-strada-giau-768x511.jpg 768w, https:\/\/www.radiopiu.net\/wordpress\/wp-content\/uploads\/2018\/07\/Fedare-strada-giau-1024x681.jpg 1024w\" sizes=\"auto, (max-width: 300px) 100vw, 300px\" \/><\/a><\/strong><\/p>\n<p>&nbsp;<\/p>\n<p><strong>LIVINALLONGO<\/strong> Da oggi a venerdi 28 settembre senso unico alternato regolato da ijmpianto semaforico lungo la provinciale 24 della Valparola (con esclusione dei giorni festivi e prefestivi) per il ripristino della tombinatura posta in attraversamento stradale.<\/p>\n<p>&nbsp;<\/p>\n<p>&nbsp;<\/p>\n<p>&nbsp;<\/p>\n<h1><\/h1>\n<h1><\/h1>\n<p>&nbsp;<\/p>\n<blockquote>\n<h2><\/h2>\n<\/blockquote>\n<h2><\/h2>\n<h2><a class=\"dt-pswp-item\" href=\"http:\/\/www.radiopiu.net\/wordpress\/wp-content\/uploads\/2018\/09\/sport.jpg\" data-dt-img-description=\"\" data-large_image_width=\"800\" data-large_image_height=\"100\"><img loading=\"lazy\" decoding=\"async\" class=\"alignnone wp-image-60761 size-full\" src=\"http:\/\/www.radiopiu.net\/wordpress\/wp-content\/uploads\/2018\/09\/sport.jpg\" alt=\"\" width=\"800\" height=\"100\" srcset=\"https:\/\/www.radiopiu.net\/wordpress\/wp-content\/uploads\/2018\/09\/sport.jpg 800w, https:\/\/www.radiopiu.net\/wordpress\/wp-content\/uploads\/2018\/09\/sport-300x38.jpg 300w, https:\/\/www.radiopiu.net\/wordpress\/wp-content\/uploads\/2018\/09\/sport-768x96.jpg 768w\" sizes=\"auto, (max-width: 800px) 100vw, 800px\" \/><\/a><\/h2>\n<h2><\/h2>\n<p>&nbsp;<\/p>\n<h1>COPPA VENETO L&#8217;AGORDINA VINCE MA NON BASTA PER IL PASSAGGIO AL TURNO SUCCESSIVO<\/h1>\n<p><span style=\"color: #ff0000;\">DI MARCO GAZ<\/span><\/p>\n<div class=\"moz-text-html\" lang=\"x-unicode\">\n<div dir=\"ltr\">\n<p><strong>AGORDINA \u2013 ALPINA 2-0\u00a0<\/strong>GOL: 38&#8242; Dal Don, 44&#8242; Zannoni<\/p>\n<p><a class=\"dt-pswp-item\" href=\"http:\/\/www.radiopiu.net\/wordpress\/wp-content\/uploads\/2015\/04\/calcio1.jpg\" data-dt-img-description=\"\" data-large_image_width=\"584\" data-large_image_height=\"240\"><img loading=\"lazy\" decoding=\"async\" class=\"size-medium wp-image-4543 alignleft\" src=\"http:\/\/www.radiopiu.net\/wordpress\/wp-content\/uploads\/2015\/04\/calcio1-300x123.jpg\" alt=\"\" width=\"300\" height=\"123\" \/><\/a>Una vittoria amara per l&#8217;Agordina. La squadra di De Zaiacomo, nonostante la bella prestazione con l&#8217;Alpina, saluta la Coppa Veneto di Seconda Categoria. Decisiva la vittoria della Sospirolese contro lo Schiara e la squadra di Sospirolo accede alla seconda fase della manifestazione. Gli agordini giocano bene e macinano gioco, specialmente nella prima frazione di gara. Di fronte un&#8217;Alpina che si \u00e8 presentata all&#8217;Ivano Dorigo con una formazione titolare che non rappresentava la vera forza della squadra di Belluno. Anche l&#8217;Agordina si \u00e8 presentata con una formazione rimaneggiata. Tra gli assenti di spessore Flavio De Lazzer, Cancel e Favero. Assente anche il portiere titolare Somma per malanni di stagione. I ragazzi di De Zaiacomo premono fin dall&#8217;inizio alla ricerca del gol. Rete che arriva al 38&#8242; con Dal Don. Appena prima della pausa l&#8217;Agordina raddoppia con Zannoni. Anche nella ripresa la squadra di Agordo continua a spingere nonostante il vantaggio di 2 gol. A fine partita la doccia fredda arriva dal campo di Sospirolo dove i padroni di casa si sono imposti sullo Schiara per 2 a 0 vincendo il girone con relativa qualificazione alla seconda fase della Coppa.<\/p>\n<p>&nbsp;<\/p>\n<\/div>\n<\/div>\n<p>&nbsp;<\/p>\n<p>&nbsp;<\/p>\n<p>&nbsp;<\/p>\n<h1>HAUTE ROUTE DOLOMITES 2018 SABATO TRA I PASSI VALLES E CEREDA<\/h1>\n<h2>LO SPECIALE IN ONDA ALLA RADIO, DI CLAUDIO FONTANIVE<\/h2>\n<blockquote lang=\"zxx\"><p><span style=\"color: #000000;\"><span style=\"font-family: verdana, sans-serif; font-size: large;\">Ecco la Haute Route Dolomites 2018: dal 21 al 23 settembre ciclisti di tutto il mondo a Predazzo\u00a0<b><br \/>\n<\/b><\/span><\/span><\/p><\/blockquote>\n<h3 lang=\"zxx\">SABATO, i ciclisti saranno chiamati ad affrontare una frazione di 125 chilometri e 3800 metri di dislivello: la Predazzo \u2013 Predazzo, con salite al Passo Valles, a Forcella Aurine, a Passo Cereda e Passo Rolle. Quindi: FALCADE-CENCENIGHE-TAIBON-AGORDO-VOLTAGO-FRASSENE&#8217;-FORCELLA AURINE-GOSALDO- PASSO CEREDA interuzioni stradali limitate al momento del passaggio dei ciclisti<\/h3>\n<blockquote><p><span style=\"font-family: verdana, sans-serif;\"><b><br \/>\n<\/b><\/span><span style=\"font-family: verdana, sans-serif;\"><span style=\"color: #000000;\"><span lang=\"zxx\"><a class=\"dt-pswp-item\" href=\"http:\/\/www.radiopiu.net\/wordpress\/wp-content\/uploads\/2018\/09\/haute-route-dolomites-2017-3.jpg\" data-dt-img-description=\"\" data-large_image_width=\"2000\" data-large_image_height=\"1335\"><img loading=\"lazy\" decoding=\"async\" class=\"size-medium wp-image-61204 alignleft\" src=\"http:\/\/www.radiopiu.net\/wordpress\/wp-content\/uploads\/2018\/09\/haute-route-dolomites-2017-3-300x200.jpg\" alt=\"\" width=\"300\" height=\"200\" srcset=\"https:\/\/www.radiopiu.net\/wordpress\/wp-content\/uploads\/2018\/09\/haute-route-dolomites-2017-3-300x200.jpg 300w, https:\/\/www.radiopiu.net\/wordpress\/wp-content\/uploads\/2018\/09\/haute-route-dolomites-2017-3-768x513.jpg 768w, https:\/\/www.radiopiu.net\/wordpress\/wp-content\/uploads\/2018\/09\/haute-route-dolomites-2017-3-1024x684.jpg 1024w, https:\/\/www.radiopiu.net\/wordpress\/wp-content\/uploads\/2018\/09\/haute-route-dolomites-2017-3.jpg 2000w\" sizes=\"auto, (max-width: 300px) 100vw, 300px\" \/><\/a>Dopo la tre giorni sullo Stelvio, a inizio giugno, la Haute Route ritorna in Italia. La ciclosportiva organizzata da <b>OC Sport <\/b>(<a href=\"http:\/\/www.ocsport.com\">www.ocsport.com<\/a>)<b>\u00a0<\/b><\/span><\/span><span style=\"color: #000000;\"><span lang=\"zxx\">proporr\u00e0 infatti dal 21 al 23 settembre la <\/span><\/span><span style=\"color: #000000;\"><span lang=\"zxx\"><b>Haute Route Dolomites<\/b><\/span><\/span><span style=\"color: #000000;\"><span lang=\"zxx\">, una tre giorni durante la quale i concorrenti, provenienti da tutto il mondo, affronteranno <\/span><\/span><span lang=\"zxx\"><span style=\"color: #000000;\">alcune delle salite pi\u00f9 spettacolari e impegnative delle Dolomiti tra Trentino, Alto Adige e Veneto.<\/span>\u00a0<\/span><\/span><span style=\"color: #000000;\"><span lang=\"zxx\">Localit\u00e0 di riferimento della <\/span><\/span><span style=\"color: #000000;\"><span lang=\"zxx\"><b>Haute Route Dolomites <\/b><\/span><\/span><span style=\"color: #000000;\"><span lang=\"zxx\">sar\u00e0 <\/span><\/span><span style=\"color: #000000;\"><span lang=\"zxx\"><b>Predazzo<\/b><\/span><\/span><span style=\"color: #000000;\"><span lang=\"zxx\"> (Val di Fiemme &#8211; Trentino), luogo di partenza di tutte e tre le tappe. La prima frazione (il via alle 7.30 da piazza dei Santi Filippo e Giacomo), venerd\u00ec 21 settembre, sar\u00e0 la <\/span><\/span><span style=\"color: #000000;\"><span lang=\"zxx\"><b>Predazzo \u2013 Passo Sella<\/b><\/span><\/span><span style=\"color: #000000;\"><span lang=\"zxx\">, tappa di 123 chilometri e 4 mila metri di dislivello positivo, con ascese ai passi Lavaz\u00e8, Nigra e Pinei.\u00a0<\/span><\/span><span style=\"font-family: verdana, sans-serif;\"><span style=\"color: #000000;\"><span lang=\"zxx\">La conclusione di Haute Route Dolomites \u00e8 affidata<\/span><\/span><\/span><\/p>\n<p><img loading=\"lazy\" decoding=\"async\" class=\"size-medium wp-image-61203 alignright\" src=\"http:\/\/www.radiopiu.net\/wordpress\/wp-content\/uploads\/2018\/09\/haute-route-dolomites-2017-1-300x200.jpg\" alt=\"\" width=\"300\" height=\"200\" srcset=\"https:\/\/www.radiopiu.net\/wordpress\/wp-content\/uploads\/2018\/09\/haute-route-dolomites-2017-1-300x200.jpg 300w, https:\/\/www.radiopiu.net\/wordpress\/wp-content\/uploads\/2018\/09\/haute-route-dolomites-2017-1-768x513.jpg 768w, https:\/\/www.radiopiu.net\/wordpress\/wp-content\/uploads\/2018\/09\/haute-route-dolomites-2017-1-1024x684.jpg 1024w, https:\/\/www.radiopiu.net\/wordpress\/wp-content\/uploads\/2018\/09\/haute-route-dolomites-2017-1.jpg 2000w\" sizes=\"auto, (max-width: 300px) 100vw, 300px\" \/><span style=\"font-family: verdana, sans-serif;\"><span style=\"color: #000000;\"><span lang=\"zxx\">, domenica 23 settembre, alla cronometro <\/span><\/span><span style=\"color: #000000;\"><span lang=\"zxx\"><b>Predazzo \u2013 Alpe di Pampeag<\/b><\/span><\/span><span style=\"color: #000000;\"><span lang=\"zxx\">o: 16.8 chilometri per 800 metri di dislivello.\u00a0<\/span><\/span><\/span>L&#8217;evento amatoriale permetter\u00e0 ai concorrenti di vivere un&#8217;esperienza agonistica di alto profilo in un contesto organizzativo di eccellenza (<i>&#8220;ride like a pro&#8221;<\/i>, pedala come un professionista \u00e8 il motto che accompagna gli eventi Haute Route) e in un contesto paesaggistico unico, come quello delle Dolomiti patrimonio dell&#8217;umanit\u00e0 Unesco.\u00a0<span style=\"font-family: verdana, sans-serif;\"><span style=\"color: #000000;\"><span lang=\"zxx\">\u00abI concorrenti potranno coniugare l&#8217;agonismo al <\/span><\/span><span style=\"color: #000000;\"><span lang=\"zxx\">piacere di scoprire ambienti di grandissima suggestione<\/span><\/span><span style=\"color: #000000;\"><span lang=\"zxx\">\u00bb<\/span><\/span><span style=\"color: #000000;\"><span lang=\"zxx\"> spiega il responsabile del tracciato e direttore di gara, <\/span><\/span><span style=\"color: #000000;\"><span lang=\"zxx\"><b>Davide Marchegiano<\/b><\/span><\/span><span style=\"color: #000000;\"><span lang=\"zxx\">. <\/span><\/span><span style=\"color: #000000;\"><span lang=\"zxx\">\u00ab<\/span><\/span><span style=\"color: #000000;\"><span lang=\"zxx\">Grazie alla collaborazione con l&#8217;amministrazione comunale e con le diverse realt\u00e0 economiche ed associative di Predazzo, potremo offrire il massimo dell&#8217;ospitalit\u00e0 e dell&#8217;assistenza, nello stile Haute Route. Da sottolineare, come per tutti gli eventi italiani, la sinergia con Acsi (associazione centri sportivi italiani ndr) e il fatto che questa manifestazione \u00e8 una ciclosportiva che permette di a<\/span><\/span><span style=\"color: #000000;\"><span lang=\"zxx\">vere una ottimale gestione del percorso sia per quanto riguarda gli atleti sia relativamente al traffico: la classifica di tappa sar\u00e0 infatti determinata dalla somma dei tempi ottenuta nei tratti cronometrati e i diversi valichi sui quali transiteremo non saranno chiusi<\/span><\/span><span style=\"color: #000000;\"><span lang=\"zxx\">\u00bb<\/span><\/span><span style=\"color: #000000;\"><span lang=\"zxx\">.<\/span><\/span><\/span><\/p><\/blockquote>\n<p>&nbsp;<\/p>\n<h2><\/h2>\n<h2><\/h2>\n<p>&nbsp;<\/p>\n<blockquote><p>&nbsp;<\/p><\/blockquote>\n<h2>DOMENICA LA 16 COMUNI, OGGI LO SPECIALE ALLA RADIO ALLE 15.30 E 21.00<\/h2>\n<p>il trofeo dei 16 Comuni dell&#8217;Agordino andr\u00e0\u00a0 in scena domenica mattina dalle 9.15.\u00a0 E&#8217; una\u00a0 manifestazione podistica\u00a0 con\u00a0 gare a staffetta per i pi\u00f9 giovani e adulti. Ognuno garegger\u00e0 in una formazione composta da 3 atleti in rappresentanza del Comune di appartenenza. Giulia Schena e il sindaco Nino Deon\u00a0 oggi alla radio\u00a0 presentano\u00a0 percorso, programma e\u00a0 peculiarit\u00e0 dell&#8217;organizzazione. Domenica mattina l&#8217;evento sar\u00e0 trasmesso in diretta da Radio Pi\u00f9<\/p>\n<audio class=\"wp-audio-shortcode\" id=\"audio-61226-6\" preload=\"none\" style=\"width: 100%;\" controls=\"controls\"><source type=\"audio\/mpeg\" src=\"http:\/\/www.radiopiu.net\/wordpress\/wp-content\/uploads\/2018\/09\/gr-17-trofeo-16-comuni.mp3?_=6\" \/><a href=\"http:\/\/www.radiopiu.net\/wordpress\/wp-content\/uploads\/2018\/09\/gr-17-trofeo-16-comuni.mp3\">http:\/\/www.radiopiu.net\/wordpress\/wp-content\/uploads\/2018\/09\/gr-17-trofeo-16-comuni.mp3<\/a><\/audio>\n<h2><\/h2>\n<h2><\/h2>\n<h2><\/h2>\n<p>&nbsp;<\/p>\n<p>&nbsp;<\/p>\n<blockquote><p>&nbsp;<\/p><\/blockquote>\n<h2>SABATO\u00a0 LA PRESENTAZIONE DELL&#8217;ALLEGHE HOCKEY<\/h2>\n<h2><strong><a class=\"dt-pswp-item\" href=\"http:\/\/www.radiopiu.net\/wordpress\/wp-content\/uploads\/2015\/01\/marco.jpg\" data-dt-img-description=\"\" data-large_image_width=\"604\" data-large_image_height=\"402\"><img loading=\"lazy\" decoding=\"async\" class=\"alignnone wp-image-188\" src=\"http:\/\/www.radiopiu.net\/wordpress\/wp-content\/uploads\/2015\/01\/marco-300x200.jpg\" alt=\"\" width=\"234\" height=\"156\" \/><\/a>di Marco Gaz<\/strong><\/h2>\n<audio class=\"wp-audio-shortcode\" id=\"audio-61226-7\" preload=\"none\" style=\"width: 100%;\" controls=\"controls\"><source type=\"audio\/mpeg\" src=\"http:\/\/www.radiopiu.net\/wordpress\/wp-content\/uploads\/2018\/09\/gr-18-presentazione-alleghe-hockey-1.mp3?_=7\" \/><a href=\"http:\/\/www.radiopiu.net\/wordpress\/wp-content\/uploads\/2018\/09\/gr-18-presentazione-alleghe-hockey-1.mp3\">http:\/\/www.radiopiu.net\/wordpress\/wp-content\/uploads\/2018\/09\/gr-18-presentazione-alleghe-hockey-1.mp3<\/a><\/audio>\n<p>&nbsp;<\/p>\n<p>&nbsp;<\/p>\n<p>&nbsp;<\/p>\n<p>&nbsp;<\/p>\n<p>&nbsp;<\/p>\n<p>&nbsp;<\/p>\n<h1>27 e 28 SETTEMBRE, IL 33ESIMO RALLY BELLUNESE,<\/h1>\n<h2><a class=\"dt-pswp-item\" href=\"http:\/\/www.radiopiu.net\/wordpress\/wp-content\/uploads\/2017\/11\/roberto.jpg\" data-dt-img-description=\"\" data-large_image_width=\"320\" data-large_image_height=\"320\"><img loading=\"lazy\" decoding=\"async\" class=\"alignnone wp-image-38833\" src=\"http:\/\/www.radiopiu.net\/wordpress\/wp-content\/uploads\/2017\/11\/roberto-300x300.jpg\" alt=\"\" width=\"191\" height=\"191\" \/><\/a>La presentazione di Roberto Bona<\/h2>\n<audio class=\"wp-audio-shortcode\" id=\"audio-61226-8\" preload=\"none\" style=\"width: 100%;\" controls=\"controls\"><source type=\"audio\/mpeg\" src=\"http:\/\/www.radiopiu.net\/wordpress\/wp-content\/uploads\/2018\/09\/ROBERTO-BONA.mp3?_=8\" \/><a href=\"http:\/\/www.radiopiu.net\/wordpress\/wp-content\/uploads\/2018\/09\/ROBERTO-BONA.mp3\">http:\/\/www.radiopiu.net\/wordpress\/wp-content\/uploads\/2018\/09\/ROBERTO-BONA.mp3<\/a><\/audio>\n<p>&nbsp;<\/p>\n<p>&nbsp;<\/p>\n<p>&nbsp;<\/p>\n<p>&nbsp;<\/p>\n<p>&nbsp;<\/p>\n<p>&nbsp;<\/p>\n<h1>E DOMENICA RACING MOTOR\u00a0 AD AGORDO<\/h1>\n<p><strong>LO SPECIALE ANDATO IN ONDA SU RADIO PIU. OSPITE MAURO RIVA<\/strong><\/p>\n<blockquote class=\"wp-embedded-content\" data-secret=\"tULc3c7pWL\"><p><a href=\"http:\/\/www.radiopiu.net\/wordpress\/motori-domenica-il-racing-motor-nel-pomeriggio-lo-speciale-a-radio-piu-con-mauro-riva\/\">MOTORI, DOMENICA IL RACING MOTOR, NEL POMERIGGIO LO SPECIALE A RADIO PIU CON MAURO RIVA<\/a><\/p><\/blockquote>\n<p><iframe loading=\"lazy\" class=\"wp-embedded-content\" sandbox=\"allow-scripts\" security=\"restricted\" style=\"position: absolute; clip: rect(1px, 1px, 1px, 1px);\" src=\"http:\/\/www.radiopiu.net\/wordpress\/motori-domenica-il-racing-motor-nel-pomeriggio-lo-speciale-a-radio-piu-con-mauro-riva\/embed\/#?secret=tULc3c7pWL\" data-secret=\"tULc3c7pWL\" width=\"600\" height=\"338\" title=\"&#8220;MOTORI, DOMENICA IL RACING MOTOR, NEL POMERIGGIO LO SPECIALE A RADIO PIU CON MAURO RIVA&#8221; &#8212; Radio Pi\u00f9\" frameborder=\"0\" marginwidth=\"0\" marginheight=\"0\" scrolling=\"no\"><\/iframe><\/p>\n<p>&nbsp;<\/p>\n<p>&nbsp;<\/p>\n<p>&nbsp;<\/p>\n<p>&nbsp;<\/p>\n<h1>TRANSCAVALLO EQUINOX, DOPO 20 ANNI L&#8217;EDIZIONE ESTIVA<\/h1>\n<p><strong>ALPAGO<\/strong>\u00a0Dopo tanto scialpinismo le montagne iridate dell\u2019Alpago, si preparano alla prima edizione della Transcavallo Equinox Run, dopo circa 20 anni dall\u2019ultima edizione disputata, ritorna la gara gemella che nel 2017 ha assegnato i titoli mondiali di scialpinismo. Non cambieranno le montagne e non cambier\u00e0 nemmeno la formula a squadre, infatti domenica 23\u00a0settembre alle ore 8:30 da Col Indes, a qualche chilometro da Tambre, partir\u00e0 la gara a squadre. La prova riservata ai singoli partir\u00e0 alle ore 9. \u2028Iscrizioni si potranno effettuare sul sito www.transcavallo.it\u00a0e\u00a0saranno aperte fino alle ore 12 di sabato 22\u00a0settembre poi ci sar\u00e0 la possibilit\u00e0 di perfezionare le iscrizioni domenica mattina con un sovrapprezzo di 10\u20ac a squadra e 5 per il singolo. Per tutti i concorrenti \u00e8 obbligatorio il certificato medico obbligatorio.<\/p>\n<p>&nbsp;<\/p>\n<p>&nbsp;<\/p>\n<p>&nbsp;<\/p>\n<p>&nbsp;<\/p>\n<h1>WILLIAM &#8220;CONQUISTA&#8221; ANCHE L&#8217;ISLANDA, LO SPECIALE ANDATO IN ONDA ALLA RADIO. L&#8217;INTERVISTA AL SUPER ALLENATO RAGAZZO DI LA VALLE AGORDINA<\/h1>\n\n\t\t\t<style type='text\/css'>\n\t\t\t\t#gallery-2 {\n\t\t\t\t\tmargin: auto;\n\t\t\t\t}\n\t\t\t\t#gallery-2 .gallery-item {\n\t\t\t\t\tfloat: left;\n\t\t\t\t\tmargin-top: 10px;\n\t\t\t\t\ttext-align: center;\n\t\t\t\t\twidth: 33%;\n\t\t\t\t}\n\t\t\t\t#gallery-2 img {\n\t\t\t\t\tborder: 2px solid #cfcfcf;\n\t\t\t\t}\n\t\t\t\t#gallery-2 .gallery-caption {\n\t\t\t\t\tmargin-left: 0;\n\t\t\t\t}\n\t\t\t\t\/* see gallery_shortcode() in wp-includes\/media.php *\/\n\t\t\t<\/style>\n\t\t<div id='gallery-2' class='dt-gallery-container gallery galleryid-61226 gallery-columns-3 gallery-size-thumbnail'><dl class='gallery-item'>\n\t\t\t\t<dt class='gallery-icon landscape'>\n\t\t\t\t\t<a class=\"rollover\" href='https:\/\/www.radiopiu.net\/wordpress\/caldissima-seconda-posizione-assoluta-nel-freddo-del-circolo-polare-artico-bravo-william\/wili\/'><img loading=\"lazy\" decoding=\"async\" width=\"150\" height=\"150\" src=\"https:\/\/www.radiopiu.net\/wordpress\/wp-content\/uploads\/2018\/09\/wili-150x150.jpeg\" class=\"attachment-thumbnail size-thumbnail\" alt=\"\" \/><\/a>\n\t\t\t\t<\/dt><\/dl><dl class='gallery-item'>\n\t\t\t\t<dt class='gallery-icon landscape'>\n\t\t\t\t\t<a class=\"rollover\" href='https:\/\/www.radiopiu.net\/wordpress\/william-al-circolo-polare-artico-secondo-in-classifica-generale\/whatsapp-image-2018-09-06-at-20-03-21\/'><img loading=\"lazy\" decoding=\"async\" width=\"150\" height=\"150\" src=\"https:\/\/www.radiopiu.net\/wordpress\/wp-content\/uploads\/2018\/09\/WhatsApp-Image-2018-09-06-at-20.03.21-150x150.jpeg\" class=\"attachment-thumbnail size-thumbnail\" alt=\"\" \/><\/a>\n\t\t\t\t<\/dt><\/dl><dl class='gallery-item'>\n\t\t\t\t<dt class='gallery-icon landscape'>\n\t\t\t\t\t<a class=\"rollover\" href='https:\/\/www.radiopiu.net\/wordpress\/giornale-radiopiu-07-settembre-2018-direttore-mirko-mezzacasa\/whatsapp-image-2018-09-06-at-13-43-36\/'><img loading=\"lazy\" decoding=\"async\" width=\"150\" height=\"150\" src=\"https:\/\/www.radiopiu.net\/wordpress\/wp-content\/uploads\/2018\/09\/WhatsApp-Image-2018-09-06-at-13.43.36-150x150.jpeg\" class=\"attachment-thumbnail size-thumbnail\" alt=\"\" \/><\/a>\n\t\t\t\t<\/dt><\/dl><br style=\"clear: both\" \/>\n\t\t\t<\/div>\n\n<audio class=\"wp-audio-shortcode\" id=\"audio-61226-9\" preload=\"none\" style=\"width: 100%;\" controls=\"controls\"><source type=\"audio\/mpeg\" src=\"http:\/\/www.radiopiu.net\/wordpress\/wp-content\/uploads\/2018\/09\/william-post.mp3?_=9\" \/><a href=\"http:\/\/www.radiopiu.net\/wordpress\/wp-content\/uploads\/2018\/09\/william-post.mp3\">http:\/\/www.radiopiu.net\/wordpress\/wp-content\/uploads\/2018\/09\/william-post.mp3<\/a><\/audio>\n<p>&nbsp;<\/p>\n<p>&nbsp;<\/p>\n<p>&nbsp;<\/p>\n<p>&nbsp;<\/p>\n<p>&nbsp;<\/p>\n<p><a class=\"dt-pswp-item\" href=\"http:\/\/www.radiopiu.net\/wordpress\/wp-content\/uploads\/2018\/08\/METEO-PREVISIONI.jpeg\" data-dt-img-description=\"\" data-large_image_width=\"1280\" data-large_image_height=\"768\"><img loading=\"lazy\" decoding=\"async\" class=\"alignnone size-medium wp-image-57212\" src=\"http:\/\/www.radiopiu.net\/wordpress\/wp-content\/uploads\/2018\/08\/METEO-PREVISIONI-300x180.jpeg\" alt=\"\" width=\"300\" height=\"180\" srcset=\"https:\/\/www.radiopiu.net\/wordpress\/wp-content\/uploads\/2018\/08\/METEO-PREVISIONI-300x180.jpeg 300w, https:\/\/www.radiopiu.net\/wordpress\/wp-content\/uploads\/2018\/08\/METEO-PREVISIONI-768x461.jpeg 768w, https:\/\/www.radiopiu.net\/wordpress\/wp-content\/uploads\/2018\/08\/METEO-PREVISIONI-1024x614.jpeg 1024w, https:\/\/www.radiopiu.net\/wordpress\/wp-content\/uploads\/2018\/08\/METEO-PREVISIONI.jpeg 1280w\" sizes=\"auto, (max-width: 300px) 100vw, 300px\" \/><\/a><\/p>\n<h1>PREVISIONI DEL TEMPO DA OGGI A DOMENICA<\/h1>\n<p><strong>Giovedi 20<\/strong><br \/>\nTempo atteso: Tempo soleggiato e stabile, con cielo del tutto sereno al mattino e possibile modestissima nuvolosit\u00e0 cumuliforme diurna che non limiter\u00e0 il soleggiamento. Potr\u00e0 fare eccezione qualche fondovalle, in particolare la Valbelluna, al primo mattino per locali nubi basse o banchi di nebbia, eventualmente in rapido dissolvimento. Temperature di stampo quasi estivo.<br \/>\nPrecipitazioni: Assenti (0%).<br \/>\nTemperature: Senza variazioni di rilievo. Su Prealpi a 1500 m min 12\u00b0C max 17\u00b0C, a 2000 m min 10\u00b0C max 13\u00b0C. Su Dolomiti a 2000 m min 8\u00b0C max 14\u00b0C, a 3000 m min 3\u00b0C max 6\u00b0C.<br \/>\nVenti: Nelle valli da deboli a moderati a regime di brezza; in quota generalmente deboli da Nord, a 5-10 km\/h a 2000 m, 5-15 km\/h a 3000 m.<br \/>\n<strong>Venerdi 21<\/strong><br \/>\nTempo atteso: Tempo perlopi\u00f9 soleggiato, con cielo sereno fino a buona parte del pomeriggio, seguito da un aumento della nuvolosit\u00e0 perlopi\u00f9 per nubi alte, specie sulle Dolomiti, senza alcun fenomeno. Clima ancora pressoch\u00e9 estivo.<br \/>\nPrecipitazioni: Assenti (0%).<br \/>\nTemperature: Senza notevoli variazioni. Su Prealpi a 1500 m min 11\u00b0C max 17\u00b0C, a 2000 m min 10\u00b0C max 13\u00b0C. Su Dolomiti a 2000 m min 8\u00b0C max 14\u00b0C, a 3000 m min 4\u00b0C max 6\u00b0C.<br \/>\nVenti: Nelle valli da deboli a moderati a regime di brezza; in quota generalmente deboli occidentali, a 5-10 km\/h a 2000 m, 10-20 km\/h a 3000 m.<br \/>\n<strong>Sabato 22<\/strong><br \/>\nGiornata in buona parte nuvolosa, sia per nubi cumuliformi irregolari che per estese nubi alte, con qualche rovescio possibile soprattutto sulla Provincia di Belluno, in particolare verso Est, meno probabile sulle Prealpi centro-occidentali, dove eventualmente potr\u00e0 verificarsi verso sera. Lieve calo termico diurno. Venti moderati nord-occidentali in quota.<br \/>\n<strong>Domenica 23<\/strong><br \/>\nTempo in miglioramento con residua nuvolosit\u00e0 mattutina soprattutto sui settori orientali, seguita da ampie schiarite diurne. Clima pi\u00f9 fresco nelle valli, anormalmente mite in alta quota. Venti moderati nord-occidentali in quota, in attenuazione. Previsore: G.M.<\/p>\n","protected":false},"excerpt":{"rendered":"<p>&nbsp; &nbsp; FUNGAIOLO SCIVOLA NEL BOSCO PIEVE DI CADORE Ieri mattina\u00a0 il 118 ha allertato il Soccorso alpino di Pieve di Cadore per un fungaiolo scivolato nel bosco sopra la strada che da Pozzale sale al Rifugio Prapiccolo. Una squadra, supportata anche da soccorritori del Centro Cadore, ha individuato l&#8217;uomo, un settantenne del posto, che&hellip;<\/p>\n","protected":false},"author":1,"featured_media":61253,"comment_status":"closed","ping_status":"closed","sticky":false,"template":"","format":"standard","meta":{"_monsterinsights_skip_tracking":false,"_monsterinsights_sitenote_active":false,"_monsterinsights_sitenote_note":"","_monsterinsights_sitenote_category":0,"footnotes":""},"categories":[86,2],"tags":[],"class_list":["post-61226","post","type-post","status-publish","format-standard","has-post-thumbnail","hentry","category-gr","category-news","category-86","category-2","description-off"],"img_url":"https:\/\/www.radiopiu.net\/wordpress\/wp-content\/uploads\/2018\/09\/WhatsApp-Image-2018-09-19-at-22.21.28-1.jpeg","_links":{"self":[{"href":"https:\/\/www.radiopiu.net\/wordpress\/wp-json\/wp\/v2\/posts\/61226","targetHints":{"allow":["GET"]}}],"collection":[{"href":"https:\/\/www.radiopiu.net\/wordpress\/wp-json\/wp\/v2\/posts"}],"about":[{"href":"https:\/\/www.radiopiu.net\/wordpress\/wp-json\/wp\/v2\/types\/post"}],"author":[{"embeddable":true,"href":"https:\/\/www.radiopiu.net\/wordpress\/wp-json\/wp\/v2\/users\/1"}],"replies":[{"embeddable":true,"href":"https:\/\/www.radiopiu.net\/wordpress\/wp-json\/wp\/v2\/comments?post=61226"}],"version-history":[{"count":0,"href":"https:\/\/www.radiopiu.net\/wordpress\/wp-json\/wp\/v2\/posts\/61226\/revisions"}],"wp:featuredmedia":[{"embeddable":true,"href":"https:\/\/www.radiopiu.net\/wordpress\/wp-json\/wp\/v2\/media\/61253"}],"wp:attachment":[{"href":"https:\/\/www.radiopiu.net\/wordpress\/wp-json\/wp\/v2\/media?parent=61226"}],"wp:term":[{"taxonomy":"category","embeddable":true,"href":"https:\/\/www.radiopiu.net\/wordpress\/wp-json\/wp\/v2\/categories?post=61226"},{"taxonomy":"post_tag","embeddable":true,"href":"https:\/\/www.radiopiu.net\/wordpress\/wp-json\/wp\/v2\/tags?post=61226"}],"curies":[{"name":"wp","href":"https:\/\/api.w.org\/{rel}","templated":true}]}}