{"id":61293,"date":"2018-09-20T10:53:28","date_gmt":"2018-09-20T08:53:28","guid":{"rendered":"http:\/\/www.radiopiu.net\/wordpress\/?p=61293"},"modified":"2018-09-20T10:53:28","modified_gmt":"2018-09-20T08:53:28","slug":"franco-roccon-nevegal-la-frazione-che-non-vogliono-avere","status":"publish","type":"post","link":"https:\/\/www.radiopiu.net\/wordpress\/franco-roccon-nevegal-la-frazione-che-non-vogliono-avere\/","title":{"rendered":"FRANCO ROCCON &#8220;NEVEGAL, LA FRAZIONE CHE NON VOGLIONO AVERE&#8221;"},"content":{"rendered":"<h1>INTERVENTO DI FRANCO ROCCON<\/h1>\n<p><a class=\"dt-pswp-item\" href=\"http:\/\/www.radiopiu.net\/wordpress\/wp-content\/uploads\/2018\/06\/Roccon-Franco.jpg\" data-dt-img-description=\"\" data-large_image_width=\"402\" data-large_image_height=\"483\"><img loading=\"lazy\" decoding=\"async\" class=\"size-medium wp-image-52102 alignleft\" src=\"http:\/\/www.radiopiu.net\/wordpress\/wp-content\/uploads\/2018\/06\/Roccon-Franco-250x300.jpg\" alt=\"\" width=\"250\" height=\"300\" srcset=\"https:\/\/www.radiopiu.net\/wordpress\/wp-content\/uploads\/2018\/06\/Roccon-Franco-250x300.jpg 250w, https:\/\/www.radiopiu.net\/wordpress\/wp-content\/uploads\/2018\/06\/Roccon-Franco.jpg 402w\" sizes=\"auto, (max-width: 250px) 100vw, 250px\" \/><\/a>147km2, 49 Frazioni pi\u00f9 o meno citate, oltre 35mila abitanti, questa \u00e8 la citt\u00e0 di Belluno. Il Nevegal, nella dizione online di wikpedia, \u00e8 posta come Frazione tra Mussoi e Nogar\u00e8 pur ricoprendo circa un sesto del territorio. Peccato che nella realt\u00e0 non lo sia perch\u00e9 nella testa dell\u2019attuale amministrazione e nelle carte ufficiali, oltre che nei cartelli stradali, non esiste. Non esiste nelle vacue ed ennesime non decisioni che il sindaco Massaro e la sua compagine di maggioranza intende presentare oggi agli operatori del Nevegal e a chi guarda con interesse al futuro di questo Colle tanto amato ed odiato dai bellunesi;<br \/>\nNon esiste nella toponomastica non avendo una chiara definizione se \u00e8 stazione turistica o se \u00e8 centro abitato in quanto chi vi arriva trova un misero cartello stradale marrone ad indicare l\u2019inizio territoriale turistico. Poi il nulla se non della cartellonistica stradale di attivit\u00e0 o skilift che non ci sono pi\u00f9 da anni.<br \/>\nIl Nevegal, con gli oltre 100 residenti, con le attivit\u00e0 economiche che con fatica cercano di offrire servizi e qualit\u00e0, con moltissimi interessi anche dei proprietari di seconde case e dei numerosissimi frequentatori amanti della natura e della tranquillit\u00e0, chiede a gran voce attenzione e rispetto, proprio per essere un importante traino per la citt\u00e0 e non una zavorra come qualche amministratore ha inteso pensarlo.<br \/>\nRivendico, da pi\u00f9 di un anno, la necessit\u00e0 di definire questa importante fetta del territorio del comune di Belluno, con lo status di FRAZIONE. Non per specificit\u00e0 ma per necessit\u00e0! Qualche saccente componente dell\u2019attuale maggioranza ha definito la proposta inutile, che non cambia niente per il Colle essere o non essere frazione. Ritengo che tale affermazione \u00e8 la dimostrazione di una classe politica che non ha saputo nel tempo guardare oltre ed impegnarsi direttamente per sfruttare al meglio le potenzialit\u00e0 offerte da questo \u201c Colle\u201d che s\u2019infrappone tra la pianura e le vere montagne. E\u2019 mai possibile che sia la gente delle provincie limitrofe a guardare al Nevegal come una risorsa per la qualit\u00e0 della vita e del tempo libero, invernale ed estivo?<br \/>\nMassaro, in questi sei anni non ha certamente dato il meglio di se sul Nevegal, sia in progetti che in attenzione. Sbandierare i progetti per la rigenerazione urbana come la rinascita della citt\u00e0, ha tutti i contenuti di non sapere cosa fare con una visuale che non va oltre la piazza. Si \u00e8 preferito presentare un progetto di riqualificazione dell\u2019ex caserma Piave per accontentare il proprio elettorato, spendendo circa 1.400.000 euro, di cui circa 400mila di progettazione, piuttosto che intervenire massicciamente nel presentare un piano di rinascita e riqualificazione turistico \u2013 frazionale del Nevegal. \u201cNon aveva le caratteristiche per essere presentato -dice il sindaco- e non c\u2019erano privati interessati a coopartecipare\u201d. Balle! I privati c\u2019erano e ci sono! L\u2019alpe, come altri operatori, non credo sia mai stata interpellata per aderire ad una eventuale progettazione per la rigenerazione urbana dopo che sei anni fa aveva presentato un piano di puntuali investimenti sul Colle. Essere FRAZIONE, dava appunto l\u2019opportunit\u00e0 di partecipare a pieno titolo ad un progetto che ricadeva nel bando. Massaro &amp; C. hanno preferito impegnare 700 mila euro del bilancio comunale su progetti che riguardavano recuperi cittadini compreso la ex Caserma Piave che proprio centro storico non \u00e8!<br \/>\nPurtroppo, se un sindaco non \u00e8 regista ed attento sulle opportunit\u00e0 di sviluppo turistico e di riqualificazione di un\u2019importante fetta del territorio comunale ma ha attenzioni solo su un bacino di voti a lui pi\u00f9 vicini, forse \u00e8 bene che faccia un lungo passo indietro e torni al lavoro civile. Non \u00e8 un caso se anche una consistente rappresentanza della sua maggioranza ha chiesto la nomina di un assessore al turismo; Segno evidente dell\u2019incapacit\u00e0 del sindaco, che si \u00e8 tenuto la delega al turismo, di procedere con un attivit\u00e0 amministrativa propositiva, al passo con le necessit\u00e0, soprattutto sul Colle.<br \/>\nNel corso delle due importanti assemblee pubbliche di Castion e Cirvoi dove la maggioranza ed il sindaco non si sono presentati, ho proposto l\u2019avvio di un azionariato popolare che aiuti a ricapitalizzare un eventuale nuova societ\u00e0, o consorzio, pubbico\/privato che veda l\u2019Alpe attrice privilegiata ma con una miriade di piccoli azionisti che potrebbero versare, per fare un esempio, dai cento ai mille euro, sentendosi cos\u00ec un po\u2019 proprietari del Nevegal anche nelle decisioni future.<br \/>\nIl Nevegal non \u00e8 solo il Colle dei bellunesi ma \u00e8 un tutt\u2019uno con la citt\u00e0 e di questo l\u2019amministrazione ne deve assolutamente tener conto; non certo proponendo l\u2019acquisto di ski pass da regalare a chi sa chi , ma nel fare un piano di lungo respiro che veda coinvolti, con dei protocolli operativi, anche i comuni della Valbelluna e della cintura trevigiana fruitori, attraverso gli sci club, della stazione sciistica che da un servizio importante alle famiglie. Certo che, se le proposte sono quelle uscite sui giornale dopo il summit della maggioranza di luned\u00ec u.s., il Nevegal pu\u00f2 sicuramente sentirsi orfano del suo maggior genitore e guardare con apprensione ma con speranza verso la Provincia e la Regione Veneto. Di qua, anche se trova 50-60 mila euro, il genitore Comune non ha idee applicabili tali da interromperne l\u2019agonia.<br \/>\nFranco Roccon \u2013 Capogruppo di Civilt\u00e0 Bellunese in Comune di Belluno<br \/>\nBelluno, 20 settembre 218<\/p>\n","protected":false},"excerpt":{"rendered":"<p>INTERVENTO DI FRANCO ROCCON 147km2, 49 Frazioni pi\u00f9 o meno citate, oltre 35mila abitanti, questa \u00e8 la citt\u00e0 di Belluno. Il Nevegal, nella dizione online di wikpedia, \u00e8 posta come Frazione tra Mussoi e Nogar\u00e8 pur ricoprendo circa un sesto del territorio. Peccato che nella realt\u00e0 non lo sia perch\u00e9 nella testa dell\u2019attuale amministrazione e&hellip;<\/p>\n","protected":false},"author":1,"featured_media":61294,"comment_status":"closed","ping_status":"closed","sticky":false,"template":"","format":"standard","meta":{"_monsterinsights_skip_tracking":false,"_monsterinsights_sitenote_active":false,"_monsterinsights_sitenote_note":"","_monsterinsights_sitenote_category":0,"footnotes":""},"categories":[49],"tags":[],"class_list":["post-61293","post","type-post","status-publish","format-standard","has-post-thumbnail","hentry","category-news-18","category-49","description-off"],"img_url":"https:\/\/www.radiopiu.net\/wordpress\/wp-content\/uploads\/2018\/09\/pp.jpg","_links":{"self":[{"href":"https:\/\/www.radiopiu.net\/wordpress\/wp-json\/wp\/v2\/posts\/61293","targetHints":{"allow":["GET"]}}],"collection":[{"href":"https:\/\/www.radiopiu.net\/wordpress\/wp-json\/wp\/v2\/posts"}],"about":[{"href":"https:\/\/www.radiopiu.net\/wordpress\/wp-json\/wp\/v2\/types\/post"}],"author":[{"embeddable":true,"href":"https:\/\/www.radiopiu.net\/wordpress\/wp-json\/wp\/v2\/users\/1"}],"replies":[{"embeddable":true,"href":"https:\/\/www.radiopiu.net\/wordpress\/wp-json\/wp\/v2\/comments?post=61293"}],"version-history":[{"count":0,"href":"https:\/\/www.radiopiu.net\/wordpress\/wp-json\/wp\/v2\/posts\/61293\/revisions"}],"wp:featuredmedia":[{"embeddable":true,"href":"https:\/\/www.radiopiu.net\/wordpress\/wp-json\/wp\/v2\/media\/61294"}],"wp:attachment":[{"href":"https:\/\/www.radiopiu.net\/wordpress\/wp-json\/wp\/v2\/media?parent=61293"}],"wp:term":[{"taxonomy":"category","embeddable":true,"href":"https:\/\/www.radiopiu.net\/wordpress\/wp-json\/wp\/v2\/categories?post=61293"},{"taxonomy":"post_tag","embeddable":true,"href":"https:\/\/www.radiopiu.net\/wordpress\/wp-json\/wp\/v2\/tags?post=61293"}],"curies":[{"name":"wp","href":"https:\/\/api.w.org\/{rel}","templated":true}]}}