{"id":61306,"date":"2018-09-21T06:00:24","date_gmt":"2018-09-21T04:00:24","guid":{"rendered":"http:\/\/www.radiopiu.net\/wordpress\/?p=61306"},"modified":"2018-09-21T09:59:19","modified_gmt":"2018-09-21T07:59:19","slug":"giornale-radiopiu-21-settembre-2018-direttore-mirko-mezzacasa","status":"publish","type":"post","link":"https:\/\/www.radiopiu.net\/wordpress\/giornale-radiopiu-21-settembre-2018-direttore-mirko-mezzacasa\/","title":{"rendered":"GIORNALE RADIOPIU 21 SETTEMBRE 2018 DIRETTORE MIRKO MEZZACASA"},"content":{"rendered":"<h1>ESCURSIONISTA MUORE COLTO DA MALORE<\/h1>\n<p><strong> <a class=\"dt-pswp-item\" href=\"http:\/\/www.radiopiu.net\/wordpress\/wp-content\/uploads\/2018\/09\/IMG-20180920-WA0005.jpg\" data-dt-img-description=\"\" data-large_image_width=\"1368\" data-large_image_height=\"765\"><img loading=\"lazy\" decoding=\"async\" class=\"wp-image-61310 alignright\" src=\"http:\/\/www.radiopiu.net\/wordpress\/wp-content\/uploads\/2018\/09\/IMG-20180920-WA0005-300x168.jpg\" alt=\"\" width=\"193\" height=\"108\" srcset=\"https:\/\/www.radiopiu.net\/wordpress\/wp-content\/uploads\/2018\/09\/IMG-20180920-WA0005-300x168.jpg 300w, https:\/\/www.radiopiu.net\/wordpress\/wp-content\/uploads\/2018\/09\/IMG-20180920-WA0005-768x429.jpg 768w, https:\/\/www.radiopiu.net\/wordpress\/wp-content\/uploads\/2018\/09\/IMG-20180920-WA0005-1024x573.jpg 1024w, https:\/\/www.radiopiu.net\/wordpress\/wp-content\/uploads\/2018\/09\/IMG-20180920-WA0005.jpg 1368w\" sizes=\"auto, (max-width: 193px) 100vw, 193px\" \/><\/a>CORTINA<\/strong>\u00a0 Ieri mattina l&#8217;elicottero del Suem di Pieve di Cadore \u00e8 decollato per raggiungere il sentiero che dal Rifugio Scoiattoli sale al Rifugio Averau, dove un escursionista della Repubblica Ceca di 70 anni, che si trovava in compagnia della moglie e di altre persone, \u00e8 stato colto da malore. Sbarcati in hovering nelle vicinanze, tecnico del Soccorso alpino dell&#8217;equipaggio, medico e infermiere sono subentrati nelle manovre di rianimazione a chi gi\u00e0 stava cercando di aiutare l&#8217;uomo. Purtroppo, dopo aver a lungo tentato, non \u00e8 rimasto che constatarne il decesso.<\/p>\n<p>&nbsp;<\/p>\n<p>&nbsp;<\/p>\n<h1>RITROVATO RUNNER INFORTUNATO<\/h1>\n<p><strong><a class=\"dt-pswp-item\" href=\"http:\/\/www.radiopiu.net\/wordpress\/wp-content\/uploads\/2018\/07\/IMG-20180716-WA0004.jpg\" data-dt-img-description=\"\" data-large_image_width=\"1600\" data-large_image_height=\"1200\"><img loading=\"lazy\" decoding=\"async\" class=\"size-medium wp-image-54236 alignleft\" src=\"http:\/\/www.radiopiu.net\/wordpress\/wp-content\/uploads\/2018\/07\/IMG-20180716-WA0004-300x225.jpg\" alt=\"\" width=\"300\" height=\"225\" srcset=\"https:\/\/www.radiopiu.net\/wordpress\/wp-content\/uploads\/2018\/07\/IMG-20180716-WA0004-300x225.jpg 300w, https:\/\/www.radiopiu.net\/wordpress\/wp-content\/uploads\/2018\/07\/IMG-20180716-WA0004-768x576.jpg 768w, https:\/\/www.radiopiu.net\/wordpress\/wp-content\/uploads\/2018\/07\/IMG-20180716-WA0004-1024x768.jpg 1024w, https:\/\/www.radiopiu.net\/wordpress\/wp-content\/uploads\/2018\/07\/IMG-20180716-WA0004.jpg 1600w\" sizes=\"auto, (max-width: 300px) 100vw, 300px\" \/><\/a>FELTRE<\/strong> Nel pomerigio di ieri attorno alle 15 il 118 ha allertato il Soccorso alpino di Feltre per un uomo non rientrato a casa da un giro di corsa in montagna. L.S., 55 anni, di Feltre (BL), era partito alle\u00a0 9 del mattino avvertendo che sarebbe rientrato a mezzogiorno. Quando non \u00e8 ritornato a casa, la compagna, dopo aver provato a chiamarlo al telefono che non risultava raggiungibile, preoccupata ha dato l&#8217;allarme. Una squadra si \u00e8 fatta spiegare il percorso solitamente seguito e ha avviato la ricerca, finch\u00e9 poco prima delle 17 non lo ha individuato in una laterale della Val di San Martino. Era scivolato da una traccia di sentiero su alcune roccette finendo nel bosco e riportando alcuni\u00a0 traumi. L&#8217;elicottero del Suem di Pieve di Cadore sopraggiunto nel frattempo ha sbarcato personale medico e tecnico di elisoccorso, che hanno prestato le prime cure all&#8217;infortunato. Imbarellato, l&#8217;uomo \u00e8 stato recuperato con un verricello e trasportato all&#8217;ospedale di Feltre. Presenti anche i Vigili del fuoco.<\/p>\n<p>&nbsp;<\/p>\n<p>&nbsp;<\/p>\n<h1><\/h1>\n<h1><\/h1>\n<h1><\/h1>\n<h1><\/h1>\n<h1><\/h1>\n<h1>ARRESTATO E SCARCERATO IL MOLDAVO CHE HA PROVOCATO L&#8217;INCIDENTE SULLA PANORAMICA FELTRINA<\/h1>\n<p><strong><a class=\"dt-pswp-item\" href=\"http:\/\/www.radiopiu.net\/wordpress\/wp-content\/uploads\/2018\/09\/DSCN7184.jpg\" data-dt-img-description=\"\" data-large_image_width=\"842\" data-large_image_height=\"560\"><img loading=\"lazy\" decoding=\"async\" class=\"size-medium wp-image-61236 alignleft\" src=\"http:\/\/www.radiopiu.net\/wordpress\/wp-content\/uploads\/2018\/09\/DSCN7184-300x200.jpg\" alt=\"\" width=\"300\" height=\"200\" srcset=\"https:\/\/www.radiopiu.net\/wordpress\/wp-content\/uploads\/2018\/09\/DSCN7184-300x200.jpg 300w, https:\/\/www.radiopiu.net\/wordpress\/wp-content\/uploads\/2018\/09\/DSCN7184-768x511.jpg 768w, https:\/\/www.radiopiu.net\/wordpress\/wp-content\/uploads\/2018\/09\/DSCN7184.jpg 842w\" sizes=\"auto, (max-width: 300px) 100vw, 300px\" \/><\/a>FELTRE<\/strong> Il moldavo Alexei Bostan, dopo l&#8217;incidente sulla panoramica a Feltre dell&#8217;altra mattina \u00e8 stato arrestato e subito scarcerato. Il conducente della Jeep Gran Cherokee \u00a0finito contro un pullman della\u00a0Dolomitibus (coinvolta anche un&#8217;Opel Tigra)\u00a0 dopo\u00a0una notte in\u00a0carcere a\u00a0Baldenich \u00e8 comparso per la direttissima davanti al giudice Enrica Marson e al pm Katjuscia D\u2019Orlando. L\u2019arresto \u00e8 stato convalidato, ma l\u2019indagato \u00e8 stato scarcerato. Probabile un patteggiamento (forse 6 mesi)\u00a0per resistenza e oltraggio a pubblico ufficiale e 1.400 euro di ammenda per la contravvenzione prevista dal Codice della Strada, da convertire in lavori di pubblicautilit\u00e0. \u00a0La resistenza consisterebbe nell\u2019essersi avvicinato pi\u00f9 volte all\u2019auto di servizio, aprendo la portiera e cercando di prendere la cartellina con gli atti per l\u2019incidente. Avrebbe spintonato il militare facendogli cadere il telefono e scagliando il dispositivo in un prato. Si sarebbe scagliato anche contro l\u2019altro carabiniere, strattonandolo e strappandogli l\u2019orologio. Infine l&#8217;oltraggio per le parole proferite agli uomini dell&#8217;arma.<\/p>\n<p>&nbsp;<\/p>\n<p>&nbsp;<\/p>\n<h1><\/h1>\n<h1><\/h1>\n<h1><\/h1>\n<h1><\/h1>\n<h1>INCIDENTE AL BOSCARIZ, UN FERITO LIEVE<\/h1>\n<p><strong>BELLUNO<\/strong> Un ragazzo \u00e8 rimasto leggermente ferito ieri mattina nell\u2019impatto tra il suo motorino e una automobile poco lontano dal polo scolastico del Boscariz. L\u2019auto stava svoltando e il motorino arrivava dalla direzione opposta. Ad avere la peggio \u00e8 stato il ragazzo in motorino, T.M., 17 anni, che ha riportato una contusione alla gamba\u00a0 giudicata guaribile dai sanitari del pronto soccorso in dieci giorni. Nessuna conseguenza invece per la donna alla guida dell\u2019auto, B.M., 46 anni, che non si \u00e8 rivolta all&#8217;ospedale.<\/p>\n<p>&nbsp;<\/p>\n<p>&nbsp;<\/p>\n<p>&nbsp;<\/p>\n<p>&nbsp;<\/p>\n<h1>POTABILITA&#8217; DELL&#8217;ACQUA E NON<\/h1>\n<blockquote>\n<p align=\"JUSTIFY\"><span style=\"font-family: Arial, sans-serif;\"><a class=\"dt-pswp-item\" href=\"http:\/\/www.radiopiu.net\/wordpress\/wp-content\/uploads\/2015\/12\/acqua-pubblica_74691.jpg\" data-dt-img-description=\"\" data-large_image_width=\"600\" data-large_image_height=\"300\"><img loading=\"lazy\" decoding=\"async\" class=\"size-medium wp-image-14375 alignleft\" src=\"http:\/\/www.radiopiu.net\/wordpress\/wp-content\/uploads\/2015\/12\/acqua-pubblica_74691-300x150.jpg\" alt=\"\" width=\"300\" height=\"150\" \/><\/a>Gestione Servizi Pubblici informa che a <\/span><span style=\"font-family: Arial, sans-serif;\">Rocca Pietore nelle vie Davare, Val, Laste, Dagai, Soppera, Le Coste, Ronch, a Falcade nelle frazioni di Falcade Alto, Villotta, La Foca, Mas De Le Mole, a Termine di Ospitale di Cadore e a Val di Zoldo in localit\u00e0 Chiesa e in via Le Scuole, l&#8217;acqua erogata dall&#8217;acquedotto \u00e8 di nuovo potabile e pu\u00f2 essere usata, quindi, per tutti gli usi.<\/span><\/p>\n<p align=\"JUSTIFY\"><span style=\"color: #0000ff;\"><strong><span style=\"font-family: Arial, sans-serif;\">E\u2019 non potabile, invece, e non utilizzabile per scopi alimentari l\u2019acqua erogata a <\/span><span style=\"font-family: Arial, sans-serif;\">Sedico nelle localit\u00e0 di Bolago, Libano, Barp, Comui, Sommaval.<\/span><\/strong><\/span><\/p>\n<\/blockquote>\n<p>&nbsp;<\/p>\n<p>&nbsp;<\/p>\n<p>&nbsp;<\/p>\n<h1><\/h1>\n<h1><\/h1>\n<h1>GIOVANI CONTROCORRENTE<\/h1>\n<p><strong><a class=\"dt-pswp-item\" href=\"http:\/\/www.radiopiu.net\/wordpress\/wp-content\/uploads\/2018\/09\/WhatsApp-Image-2018-09-20-at-16.46.28.jpeg\" data-dt-img-description=\"\" data-large_image_width=\"1200\" data-large_image_height=\"1600\"><img loading=\"lazy\" decoding=\"async\" class=\"size-medium wp-image-61328 alignleft\" src=\"http:\/\/www.radiopiu.net\/wordpress\/wp-content\/uploads\/2018\/09\/WhatsApp-Image-2018-09-20-at-16.46.28-225x300.jpeg\" alt=\"\" width=\"225\" height=\"300\" srcset=\"https:\/\/www.radiopiu.net\/wordpress\/wp-content\/uploads\/2018\/09\/WhatsApp-Image-2018-09-20-at-16.46.28-225x300.jpeg 225w, https:\/\/www.radiopiu.net\/wordpress\/wp-content\/uploads\/2018\/09\/WhatsApp-Image-2018-09-20-at-16.46.28-768x1024.jpeg 768w, https:\/\/www.radiopiu.net\/wordpress\/wp-content\/uploads\/2018\/09\/WhatsApp-Image-2018-09-20-at-16.46.28.jpeg 1200w\" sizes=\"auto, (max-width: 225px) 100vw, 225px\" \/><\/a><\/strong><\/p>\n<p>&nbsp;<\/p>\n<p>&nbsp;<\/p>\n<p>&nbsp;<\/p>\n<p><strong>TAIBON<\/strong> \u00a0IN ANNI IN CUI I GIOVANI &#8220;SCAPPANO&#8221; DALL&#8217;AGORDINO O SI RIFUGIANO IN UN LAVORO STATICO C&#8217;E&#8217; ANCHE CHI\u00a0 INIZIA UNA NUOVA PROFESSIONE, IN QUESTO CASO TUTT&#8217;ALTRO CHE FACILE: IL PANETTIERE, SEGUENDO LA TRADIZIONE DI FAMIGLIA, DEI NONNI SAVIO &#8220;PUZE&#8221; DI TAIBON, DEGLI ZII LUIGI, BRUNO (il pap\u00e0) E DELL&#8217;INDIMENTICATO FULVIO.<\/p>\n<p>&nbsp;<\/p>\n<p>intervista di Mirko Mezzacasa<\/p>\n<audio class=\"wp-audio-shortcode\" id=\"audio-61306-1\" preload=\"none\" style=\"width: 100%;\" controls=\"controls\"><source type=\"audio\/mpeg\" src=\"http:\/\/www.radiopiu.net\/wordpress\/wp-content\/uploads\/2018\/09\/leonardo-savio.mp3?_=1\" \/><a href=\"http:\/\/www.radiopiu.net\/wordpress\/wp-content\/uploads\/2018\/09\/leonardo-savio.mp3\">http:\/\/www.radiopiu.net\/wordpress\/wp-content\/uploads\/2018\/09\/leonardo-savio.mp3<\/a><\/audio>\n<p>&nbsp;<\/p>\n<p>&nbsp;<\/p>\n<p>&nbsp;<\/p>\n<p>&nbsp;<\/p>\n<p>&nbsp;<\/p>\n<h1 class=\"entry-title\">IL MERCATO DEL LAVORO\u00a0 IN PROVINCIA<\/h1>\n<blockquote class=\"wp-embedded-content\" data-secret=\"KLGoBfozeq\"><p><a href=\"http:\/\/www.radiopiu.net\/wordpress\/il-mercato-del-lavoro-nel-secondo-trimestre-2018-in-provincia-di-belluno-saldo-positivo-ma-crescita-inferiore-rispetto-allanno-scorso-aumenta-il-numero-dei-contratti-a-tempo-indeterminato\/\">Il mercato del lavoro nel secondo trimestre 2018 in provincia di Belluno: saldo positivo ma crescita inferiore rispetto all\u2019anno scorso Aumenta il numero dei contratti a tempo indeterminato<\/a><\/p><\/blockquote>\n<p><iframe loading=\"lazy\" class=\"wp-embedded-content\" sandbox=\"allow-scripts\" security=\"restricted\" style=\"position: absolute; clip: rect(1px, 1px, 1px, 1px);\" src=\"http:\/\/www.radiopiu.net\/wordpress\/il-mercato-del-lavoro-nel-secondo-trimestre-2018-in-provincia-di-belluno-saldo-positivo-ma-crescita-inferiore-rispetto-allanno-scorso-aumenta-il-numero-dei-contratti-a-tempo-indeterminato\/embed\/#?secret=KLGoBfozeq\" data-secret=\"KLGoBfozeq\" width=\"600\" height=\"338\" title=\"&#8220;Il mercato del lavoro nel secondo trimestre 2018 in provincia di Belluno: saldo positivo ma crescita inferiore rispetto all\u2019anno scorso Aumenta il numero dei contratti a tempo indeterminato&#8221; &#8212; Radio Pi\u00f9\" frameborder=\"0\" marginwidth=\"0\" marginheight=\"0\" scrolling=\"no\"><\/iframe><\/p>\n<p>&nbsp;<\/p>\n<p>&nbsp;<\/p>\n<p>&nbsp;<\/p>\n<p>&nbsp;<\/p>\n<h1>LUNEDI IL CONSIGLIO REGIONALE IN MARMOLADA<\/h1>\n<h2><a class=\"dt-pswp-item\" href=\"http:\/\/www.radiopiu.net\/wordpress\/wp-content\/uploads\/2016\/03\/Luca_Zaia.jpg\" data-dt-img-description=\"\" data-large_image_width=\"1152\" data-large_image_height=\"768\"><img loading=\"lazy\" decoding=\"async\" class=\"size-medium wp-image-18063 alignleft\" src=\"http:\/\/www.radiopiu.net\/wordpress\/wp-content\/uploads\/2016\/03\/Luca_Zaia-300x200.jpg\" alt=\"\" width=\"300\" height=\"200\" \/><\/a><\/h2>\n<h2><\/h2>\n<h2><\/h2>\n<h2>AI MICROFONI DI RADIO PIU&#8217; IL GOVERNATORE LUCA ZAIA<\/h2>\n<h2>INTERVISTA 20 SETTEMBRE 2018, DIRETTA RADIO<\/h2>\n<p>DI Mirko Mezzacasa<\/p>\n<audio class=\"wp-audio-shortcode\" id=\"audio-61306-2\" preload=\"none\" style=\"width: 100%;\" controls=\"controls\"><source type=\"audio\/mpeg\" src=\"http:\/\/www.radiopiu.net\/wordpress\/wp-content\/uploads\/2018\/09\/SS.mp3?_=2\" \/><a href=\"http:\/\/www.radiopiu.net\/wordpress\/wp-content\/uploads\/2018\/09\/SS.mp3\">http:\/\/www.radiopiu.net\/wordpress\/wp-content\/uploads\/2018\/09\/SS.mp3<\/a><\/audio>\n<h1><a class=\"dt-pswp-item\" href=\"http:\/\/www.radiopiu.net\/wordpress\/wp-content\/uploads\/2015\/10\/andrea-de-bernardin-tuttacronaca.jpg\" data-dt-img-description=\"\" data-large_image_width=\"600\" data-large_image_height=\"354\"><img loading=\"lazy\" decoding=\"async\" class=\" wp-image-12402 alignleft\" src=\"http:\/\/www.radiopiu.net\/wordpress\/wp-content\/uploads\/2015\/10\/andrea-de-bernardin-tuttacronaca-300x177.jpg\" alt=\"\" width=\"163\" height=\"96\" \/><\/a>IL SINDACO DI ROCCA PIETORE, ANDREA DE BERNARDIN<\/h1>\n<audio class=\"wp-audio-shortcode\" id=\"audio-61306-3\" preload=\"none\" style=\"width: 100%;\" controls=\"controls\"><source type=\"audio\/ogg\" src=\"http:\/\/www.radiopiu.net\/wordpress\/wp-content\/uploads\/2018\/09\/ANDREA-CONSIGLIO.ogg?_=3\" \/><a href=\"http:\/\/www.radiopiu.net\/wordpress\/wp-content\/uploads\/2018\/09\/ANDREA-CONSIGLIO.ogg\">http:\/\/www.radiopiu.net\/wordpress\/wp-content\/uploads\/2018\/09\/ANDREA-CONSIGLIO.ogg<\/a><\/audio>\n<p>&nbsp;<\/p>\n<p>&nbsp;<\/p>\n<p>&nbsp;<\/p>\n<p>&nbsp;<\/p>\n<blockquote><p>&nbsp;<\/p><\/blockquote>\n<h1>VIABILITA&#8217; DA LUNEDI 563 DI SALESEI A SINGHIOZZO<\/h1>\n<p><strong>ROCCA PIETORE <span style=\"color: #ff0000;\">DA LUNEDI AL 28 SETTEMBRE INTEDIZIONI A FASCE ORARIE ALLA CIRCOLAZIONE DEI VEICOLI LUNGO LA PROVINCIALE 563 DI SALESEI ALL&#8217;ALTEZZA DELLA GALLERIA DI SAVINER PER LA MESSA IN SICUREZZA DEI VERSANTI. CHIUSURA: dalle 7.40 alle 12 e dalle 13.30 alle 17.30. Dal 1 ottobre e fino al 17 ottobre dalle 7 alle 17.30 senso unico alternato a vista<\/span><\/strong><\/p>\n<p><strong><a class=\"dt-pswp-item\" href=\"http:\/\/www.radiopiu.net\/wordpress\/wp-content\/uploads\/2018\/07\/Fedare-strada-giau.jpg\" data-dt-img-description=\"\" data-large_image_width=\"2500\" data-large_image_height=\"1662\"><img loading=\"lazy\" decoding=\"async\" class=\"size-medium wp-image-55158 alignleft\" src=\"http:\/\/www.radiopiu.net\/wordpress\/wp-content\/uploads\/2018\/07\/Fedare-strada-giau-300x199.jpg\" alt=\"\" width=\"300\" height=\"199\" srcset=\"https:\/\/www.radiopiu.net\/wordpress\/wp-content\/uploads\/2018\/07\/Fedare-strada-giau-300x199.jpg 300w, https:\/\/www.radiopiu.net\/wordpress\/wp-content\/uploads\/2018\/07\/Fedare-strada-giau-768x511.jpg 768w, https:\/\/www.radiopiu.net\/wordpress\/wp-content\/uploads\/2018\/07\/Fedare-strada-giau-1024x681.jpg 1024w\" sizes=\"auto, (max-width: 300px) 100vw, 300px\" \/><\/a><\/strong><\/p>\n<p><strong>FALCADE <\/strong>Da lunedi al 5 novembre sabati e domeniche comprese senso unico alternato lungo la 346 del San Pellegrino al bivio Passo Valles per il ripristino delle barriere di sicurezza<\/p>\n<p><strong>LIVINALLONGO<\/strong>\u00a0fino a\u00a0 venerdi 28 settembre senso unico alternato regolato da ijmpianto semaforico lungo la provinciale 24 della Valparola (con esclusione dei giorni festivi e prefestivi) per il ripristino della tombinatura posta in attraversamento stradale.<\/p>\n<p>&nbsp;<\/p>\n<p>&nbsp;<\/p>\n<p>&nbsp;<\/p>\n<h1><\/h1>\n<h1><\/h1>\n<h1><\/h1>\n<h1><\/h1>\n<h1>FRONTE DEI SINDACI: SPACCATO. SUI FONDI DI CONFINE PER LA RISTRUTTURAZIONE DEL PRONTO SOCCORSO NON C&#8217;E&#8217; ANCORA UN&#8217;INTESA<\/h1>\n<p><strong><a class=\"dt-pswp-item\" href=\"http:\/\/www.radiopiu.net\/wordpress\/wp-content\/uploads\/2018\/07\/UNIONE-MONTANA.jpg\" data-dt-img-description=\"\" data-large_image_width=\"464\" data-large_image_height=\"660\"><img loading=\"lazy\" decoding=\"async\" class=\"size-medium wp-image-53717 alignleft\" src=\"http:\/\/www.radiopiu.net\/wordpress\/wp-content\/uploads\/2018\/07\/UNIONE-MONTANA-211x300.jpg\" alt=\"\" width=\"211\" height=\"300\" srcset=\"https:\/\/www.radiopiu.net\/wordpress\/wp-content\/uploads\/2018\/07\/UNIONE-MONTANA-211x300.jpg 211w, https:\/\/www.radiopiu.net\/wordpress\/wp-content\/uploads\/2018\/07\/UNIONE-MONTANA.jpg 464w\" sizes=\"auto, (max-width: 211px) 100vw, 211px\" \/><\/a>AGORDO<\/strong> Nel consiglio di ieri sera in Unione Montana il sindaco di Rocca Pietore Andrea De Bernardin, fuori ordine del giorno ha chiesto di poter intervenire. Ha portato all&#8217;attenzione del consiglio un documento a firma del Dottor Cesare Dal Bo&#8217; che dopo aver sentito i primari dell&#8217;ospedale ha riportato le loro indicazioni &#8220;Un riporto preciso &#8211; dice Dal Bo&#8217; &#8211;\u00a0 delle loro indicazioni rilasciate al sottoscritto che<br \/>\nle ha chieste proprio per dare ai sindaci la possibilit\u00e0 di ragionare su\u00a0 cose concrete: la sistemazione del Pronto Soccorso e Fisioterapia&#8221;. Ha detto bene il sindaco di Voltago Bruno Zanvit &#8220;Non troveremo mai un accordo se concedere o meno il finanziamento di 2,5 milioni dei fondi di confine, \u00e8 necessario andare al voto e che decida la maggioranza&#8221;. In effetti dal dibattito \u00e8 evidente la spaccatura tra primi cittadini, tra l&#8217;altro ieri sera Silvia Tormen sindaco di Taibon ha lasciato l&#8217;aula prima della discussione e Leandro Grones poco dopo\u00a0 (entrambi del gruppo sanit\u00e0 in seno all&#8217;Unione Montana). Dai consigli dei primari le priorit\u00e0: 1 Pronto Soccorso, 2 Fisioterapia al primo piano dell&#8217;ospedale, 3 Una navetta con autista. Oggetto dello scontro principale tra sindaci la ristrutturazione del Pronto Soccorso.<\/p>\n<p><strong>DI GIANNI SANTOMASO<\/strong><\/p>\n<audio class=\"wp-audio-shortcode\" id=\"audio-61306-4\" preload=\"none\" style=\"width: 100%;\" controls=\"controls\"><source type=\"audio\/ogg\" src=\"http:\/\/www.radiopiu.net\/wordpress\/wp-content\/uploads\/2018\/09\/gianni1.ogg?_=4\" \/><a href=\"http:\/\/www.radiopiu.net\/wordpress\/wp-content\/uploads\/2018\/09\/gianni1.ogg\">http:\/\/www.radiopiu.net\/wordpress\/wp-content\/uploads\/2018\/09\/gianni1.ogg<\/a><\/audio>\n<p>&nbsp;<\/p>\n<p>&nbsp;<\/p>\n<p>&nbsp;<\/p>\n<p>&nbsp;<\/p>\n<h1>LUISA DA PAPA FRANCESCO<\/h1>\n<p><strong><a class=\"dt-pswp-item\" href=\"http:\/\/www.radiopiu.net\/wordpress\/wp-content\/uploads\/2018\/09\/WhatsApp-Image-2018-09-18-at-13.41.44.jpeg\" data-dt-img-description=\"\" data-large_image_width=\"1600\" data-large_image_height=\"1200\"><img loading=\"lazy\" decoding=\"async\" class=\"size-medium wp-image-61333 alignleft\" src=\"http:\/\/www.radiopiu.net\/wordpress\/wp-content\/uploads\/2018\/09\/WhatsApp-Image-2018-09-18-at-13.41.44-300x225.jpeg\" alt=\"\" width=\"300\" height=\"225\" srcset=\"https:\/\/www.radiopiu.net\/wordpress\/wp-content\/uploads\/2018\/09\/WhatsApp-Image-2018-09-18-at-13.41.44-300x225.jpeg 300w, https:\/\/www.radiopiu.net\/wordpress\/wp-content\/uploads\/2018\/09\/WhatsApp-Image-2018-09-18-at-13.41.44-768x576.jpeg 768w, https:\/\/www.radiopiu.net\/wordpress\/wp-content\/uploads\/2018\/09\/WhatsApp-Image-2018-09-18-at-13.41.44-1024x768.jpeg 1024w, https:\/\/www.radiopiu.net\/wordpress\/wp-content\/uploads\/2018\/09\/WhatsApp-Image-2018-09-18-at-13.41.44.jpeg 1600w\" sizes=\"auto, (max-width: 300px) 100vw, 300px\" \/><\/a><\/strong><\/p>\n<p>&nbsp;<\/p>\n<p>&nbsp;<\/p>\n<p><strong>FALCADE<\/strong> Luisa Velluti La ragazza di Falcade alla ricerca della mamma biologica oggi \u00e8 ospite di RADIOPIU alle 15.10 nel reporter pomeridiano. Nei prossimi giorni andr\u00e0 in udienza privata da Papa Francesco.<\/p>\n<p>&nbsp;<\/p>\n<p>&nbsp;<\/p>\n<p><strong>Il servizio di Gianni Santomaso\u00a0<\/strong><\/p>\n<audio class=\"wp-audio-shortcode\" id=\"audio-61306-5\" preload=\"none\" style=\"width: 100%;\" controls=\"controls\"><source type=\"audio\/ogg\" src=\"http:\/\/www.radiopiu.net\/wordpress\/wp-content\/uploads\/2018\/09\/gianni2.ogg?_=5\" \/><a href=\"http:\/\/www.radiopiu.net\/wordpress\/wp-content\/uploads\/2018\/09\/gianni2.ogg\">http:\/\/www.radiopiu.net\/wordpress\/wp-content\/uploads\/2018\/09\/gianni2.ogg<\/a><\/audio>\n<p>Luisa ai microfoni di Don Marco Pozza, prossimamente in televisione alla trasmissione &#8220;Ave Maria&#8221; di Tv 2000.<\/p>\n<audio class=\"wp-audio-shortcode\" id=\"audio-61306-6\" preload=\"none\" style=\"width: 100%;\" controls=\"controls\"><source type=\"audio\/ogg\" src=\"http:\/\/www.radiopiu.net\/wordpress\/wp-content\/uploads\/2018\/09\/gianni3.ogg?_=6\" \/><a href=\"http:\/\/www.radiopiu.net\/wordpress\/wp-content\/uploads\/2018\/09\/gianni3.ogg\">http:\/\/www.radiopiu.net\/wordpress\/wp-content\/uploads\/2018\/09\/gianni3.ogg<\/a><\/audio>\n<h1><\/h1>\n<h1><\/h1>\n<p>&nbsp;<\/p>\n<p>&nbsp;<\/p>\n<blockquote><p>&nbsp;<\/p><\/blockquote>\n<h1>MISURINA: ESERCITAZIONE CONGIUNTA SOCCORSO ALPINO- GUARDIA DI FINANZA<\/h1>\n<p><strong><a class=\"dt-pswp-item\" href=\"http:\/\/www.radiopiu.net\/wordpress\/wp-content\/uploads\/2018\/09\/IMG-20180920-WA0004.jpg\" data-dt-img-description=\"\" data-large_image_width=\"1368\" data-large_image_height=\"765\"><img loading=\"lazy\" decoding=\"async\" class=\"size-medium wp-image-61309 alignleft\" src=\"http:\/\/www.radiopiu.net\/wordpress\/wp-content\/uploads\/2018\/09\/IMG-20180920-WA0004-300x168.jpg\" alt=\"\" width=\"300\" height=\"168\" srcset=\"https:\/\/www.radiopiu.net\/wordpress\/wp-content\/uploads\/2018\/09\/IMG-20180920-WA0004-300x168.jpg 300w, https:\/\/www.radiopiu.net\/wordpress\/wp-content\/uploads\/2018\/09\/IMG-20180920-WA0004-768x429.jpg 768w, https:\/\/www.radiopiu.net\/wordpress\/wp-content\/uploads\/2018\/09\/IMG-20180920-WA0004-1024x573.jpg 1024w, https:\/\/www.radiopiu.net\/wordpress\/wp-content\/uploads\/2018\/09\/IMG-20180920-WA0004.jpg 1368w\" sizes=\"auto, (max-width: 300px) 100vw, 300px\" \/><\/a>AURONZO\u00a0<\/strong> Sar\u00e0 la parete della Cima Ultimo Spirito, sopra l&#8217;ex pista Torre del Diavolo, il teatro dell&#8217;esercitazione che, sabato prossimo 22 settembre, vedr\u00e0 impegnate le squadre del Soccorso alpino di Auronzo di Cadore e del Sagf di Auronzo e Cortina d&#8217;Ampezzo nella simulazione del recupero di un alpinista infortunato. A partire dalle 8 i soccorritori si ritroveranno a Misurina, sul piazzale antistante il campeggio, dove verr\u00e0 allestita la base logistica e dove atterrer\u00e0 l&#8217;NH 500 della sezione aerea della Guardia di finanza, che effettuer\u00e0 poi la ricognizione della parete. Le squadre potranno raggiungere la cima autonomamente, attraverso una facile via di scalata o elitrasportate dall&#8217;elicottero del Suem di Pieve di Cadore, con l&#8217;inizio dell&#8217;attivit\u00e0 alle 9.20 circa, una volta terminata la fase di concerto delle operazioni. L&#8217;intervento si svolger\u00e0 tra i 2.300 e i 1.750 metri di altitudine e vedr\u00e0 due calate parallele di soccorritori scendere con tecniche differenti fino a raggiungere la persona in difficolt\u00e0, per prestarle le prime cure e provvedere al suo recupero. Il termine delle manovre \u00e8 previstoattorno a mezzogiorno con successivo debriefing<\/p>\n<p>&nbsp;<\/p>\n<p>&nbsp;<\/p>\n<p>&nbsp;<\/p>\n<p>&nbsp;<\/p>\n<h1>ESENZIONE BOLLO, SCADONO I TERMINI<\/h1>\n<p><strong><a class=\"dt-pswp-item\" href=\"http:\/\/www.radiopiu.net\/wordpress\/wp-content\/uploads\/2016\/11\/441-bolloauto.jpg\" data-dt-img-description=\"\" data-large_image_width=\"414\" data-large_image_height=\"300\"><img loading=\"lazy\" decoding=\"async\" class=\" wp-image-25518 alignleft\" src=\"http:\/\/www.radiopiu.net\/wordpress\/wp-content\/uploads\/2016\/11\/441-bolloauto-300x217.jpg\" alt=\"\" width=\"263\" height=\"190\" \/><\/a>FELTRE<\/strong> &#8220;Per i ritardatari si ricorda che il prossimo 30 settembre \u00e8 l&#8217;ultimo giorno utile per inoltrare alla Regione Veneto la richiesta di esenzione del bollo auto 2018, per gli automezzi delle Organizzazioni di Volontariato. Liliana Tomaselli e Franco Piacentini della Presidenza dell&#8217;Auser Feltre, ricordano che il Decreto Dirigenziale n. 16 del 3 maggio 2018, in attuazione della Legge Regionale n. 12 del 16 marzo 2018, stabilisce anche per il corrente anno l&#8217;esenzione alla tassa automobilistica per le OdV (organizzazioni di volontariato) regolarmente iscritte nell&#8217;apposito registro regionale. E&#8217; consigliabile che i soggetti aventi diritto, ovviamente quelli che non l&#8217;hanno ancora fatto, inoltrino domanda di esenzione, possibilmente, non oltre il 29 p.v. dal momento che la scadenza del 30 settembre coincide con la domenica. Liliana Tomaselli e Franco Piacentini, con l&#8217;occasione evidenziano che nelle premesse alla L.R. del 16.03.2018 n.12, \u00e8 scritto a &#8220;chiare lettere&#8221; che da 2019 l&#8217;esenzione bollo auto, sar\u00e0 estesa anche alle Associazioni di Promozione Sociale. Questo \u00e8 un preciso impegno stabilito soprattutto dall&#8217;Assessore Regionale al Sociale, dott.ssa Manuela Lanzarin, avendo accolto favorevolmente la richiesta dalle tante realt\u00e0 associative, Auser compresa&#8221;.<\/p>\n<p>&nbsp;<\/p>\n<p>&nbsp;<\/p>\n<p>&nbsp;<\/p>\n<h1><\/h1>\n<h1><\/h1>\n<blockquote>\n<h1><\/h1>\n<\/blockquote>\n<h1>PER LA SALVEZZA DEL NEVEGAL ANCHE UNA SOTTOSCRIZIONE POPOLARE<\/h1>\n<p><strong><a class=\"dt-pswp-item\" href=\"http:\/\/www.radiopiu.net\/wordpress\/wp-content\/uploads\/2017\/12\/alpe-del-nevegal-terrazza-dolomiti-2.jpg\" data-dt-img-description=\"\" data-large_image_width=\"2385\" data-large_image_height=\"1780\"><img loading=\"lazy\" decoding=\"async\" class=\"size-medium wp-image-39640 alignleft\" src=\"http:\/\/www.radiopiu.net\/wordpress\/wp-content\/uploads\/2017\/12\/alpe-del-nevegal-terrazza-dolomiti-2-300x224.jpg\" alt=\"\" width=\"300\" height=\"224\" \/><\/a>BELLUNO Una raccolta fondi per il Nevegal, se la generosit\u00e0 dei bellunesi sar\u00e0 sufficiente la stazione turistica invernale aprir\u00e0 il prossimo inverno. Ottimismo sul Colle mentre il Comune decide di investire acquistando ski pass per la promozione. Ora la proposta della Proloco di Castion che ha aperto una sottoscrizione per salvare il Nevegal<\/strong><\/p>\n<p>di Damiano Tormen<\/p>\n<audio class=\"wp-audio-shortcode\" id=\"audio-61306-7\" preload=\"none\" style=\"width: 100%;\" controls=\"controls\"><source type=\"audio\/ogg\" src=\"http:\/\/www.radiopiu.net\/wordpress\/wp-content\/uploads\/2018\/09\/damiano.ogg?_=7\" \/><a href=\"http:\/\/www.radiopiu.net\/wordpress\/wp-content\/uploads\/2018\/09\/damiano.ogg\">http:\/\/www.radiopiu.net\/wordpress\/wp-content\/uploads\/2018\/09\/damiano.ogg<\/a><\/audio>\n<p>ASSEMBLEA CON GLI OPERATORI DEL NEVEGAL, IL COMUNE METTE SUL PIATTO UNA SERIE DI OPERAZIONI FATTE E IN CORSO: CONVENZIONE PER ACQUISTARE GLI SKI PASS PER PROMUOVERE IL COLLE PURCHE&#8217; CI SIA UN IMPEGNO CORALE. LUNEDI NUOVO INCONTRO CON I PORTATORI D&#8217;INTERESSE AI MICROFONI DI RADIO PIU IL SINDACO JACOPO MASSARO CHE CONFERMA &#8220;Da soli? Non si va da nessuna parte&#8221;<\/p>\n<audio class=\"wp-audio-shortcode\" id=\"audio-61306-8\" preload=\"none\" style=\"width: 100%;\" controls=\"controls\"><source type=\"audio\/mpeg\" src=\"http:\/\/www.radiopiu.net\/wordpress\/wp-content\/uploads\/2018\/09\/MASSARO-3.mp3?_=8\" \/><a href=\"http:\/\/www.radiopiu.net\/wordpress\/wp-content\/uploads\/2018\/09\/MASSARO-3.mp3\">http:\/\/www.radiopiu.net\/wordpress\/wp-content\/uploads\/2018\/09\/MASSARO-3.mp3<\/a><\/audio>\n<p>&nbsp;<\/p>\n<h1>PER IL CONSIGLIERE DI MINORANZA FRANCO ROCCON A PROPOSITO DI NEVEGAL IL SINDACO JACOPO MASSARO NON HA DATO IL MEGLIO DI SE&#8217;<\/h1>\n<audio class=\"wp-audio-shortcode\" id=\"audio-61306-9\" preload=\"none\" style=\"width: 100%;\" controls=\"controls\"><source type=\"audio\/ogg\" src=\"http:\/\/www.radiopiu.net\/wordpress\/wp-content\/uploads\/2018\/09\/WhatsApp-Ptt-2018-09-21-at-08.07.26.ogg?_=9\" \/><a href=\"http:\/\/www.radiopiu.net\/wordpress\/wp-content\/uploads\/2018\/09\/WhatsApp-Ptt-2018-09-21-at-08.07.26.ogg\">http:\/\/www.radiopiu.net\/wordpress\/wp-content\/uploads\/2018\/09\/WhatsApp-Ptt-2018-09-21-at-08.07.26.ogg<\/a><\/audio>\n<blockquote class=\"wp-embedded-content\" data-secret=\"G4Fp7oKVKT\"><p><a href=\"http:\/\/www.radiopiu.net\/wordpress\/franco-roccon-nevegal-la-frazione-che-non-vogliono-avere\/\">FRANCO ROCCON &#8220;NEVEGAL, LA FRAZIONE CHE NON VOGLIONO AVERE&#8221;<\/a><\/p><\/blockquote>\n<p><iframe loading=\"lazy\" class=\"wp-embedded-content\" sandbox=\"allow-scripts\" security=\"restricted\" style=\"position: absolute; clip: rect(1px, 1px, 1px, 1px);\" src=\"http:\/\/www.radiopiu.net\/wordpress\/franco-roccon-nevegal-la-frazione-che-non-vogliono-avere\/embed\/#?secret=G4Fp7oKVKT\" data-secret=\"G4Fp7oKVKT\" width=\"600\" height=\"338\" title=\"&#8220;FRANCO ROCCON &#8220;NEVEGAL, LA FRAZIONE CHE NON VOGLIONO AVERE&#8221;&#8221; &#8212; Radio Pi\u00f9\" frameborder=\"0\" marginwidth=\"0\" marginheight=\"0\" scrolling=\"no\"><\/iframe><\/p>\n<p>&nbsp;<\/p>\n<p>&nbsp;<\/p>\n<p>&nbsp;<\/p>\n<h1>VIVAIO DOLOMITI SUL NEVEGAL: DIRITTO DI REPLICA<\/h1>\n<p><a class=\"dt-pswp-item\" href=\"http:\/\/www.radiopiu.net\/wordpress\/wp-content\/uploads\/2018\/07\/VIVAIO-DOLOMITI.jpg\" data-dt-img-description=\"\" data-large_image_width=\"247\" data-large_image_height=\"204\"><img loading=\"lazy\" decoding=\"async\" class=\"size-full wp-image-53894 alignleft\" src=\"http:\/\/www.radiopiu.net\/wordpress\/wp-content\/uploads\/2018\/07\/VIVAIO-DOLOMITI.jpg\" alt=\"\" width=\"247\" height=\"204\" \/><\/a>La conferenza stampa del Pd sul tema Nevegal ci sembra completamente fuori luogo. Nella riunione da noi organizzata a Cirvoi su richiesta di persone preoccupate del futuro del Colle non si \u00e8 fatta nessuna politica partitica ma semplicemente della Polis (bene della citt\u00e0). E\u2019 questa l\u2019unica forma di Politica che ci interessa.<br \/>\nGli esponenti stessi del Pd presenti in sala hanno condiviso le posizioni emerse e da parte nostra c&#8217;\u00e8 sempre stato un confronto e un dialogo propositivo. Le cose ora si stanno indirizzando positivamente dopo mesi di stallo, grazie al lavoro di tutti. Non capiamo perch\u00e9 in questo momento delicato si ritorni alla polemica tralasciando dialogo e proposte. Forse perch\u00e9 si vuole veramente distruggere quanto di buono costruito anche da esponenti dello stesso partito? Non capiamo, ma restiamo amareggiati. Come detto a noi interessano solo la Polis e i risultati positivi per chi vive e opera in Nevegal, ad altri forse interessa solo egemonizzare gli eventi portando tutto allo sfascio in nome del partito. Questo vale per tutti, non solo per il Pd, ma sicuramente con questa uscita si sono messi in prima fila per non trovare soluzioni.<br \/>\nLa partecipazione massiccia e l&#8217;entusiasmo usciti dall&#8217;incontro sono propedeutici per cercare un futuro per il Colle e non lasceremo che un metodo infantile di fare politica distrugga tutto.<\/p>\n<p>&nbsp;<\/p>\n<p>&nbsp;<\/p>\n<p>&nbsp;<\/p>\n<blockquote><p>&nbsp;<\/p><\/blockquote>\n<h1>CARABINIERI: NUOVO COMANDANTE A CORTINA<\/h1>\n<p><strong>CORTINA<\/strong> Benvenuto e buon lavoro al capitano Stefano Biasone che da oggi assume ufficialmente il comando della Compagnia dei Carabinieri di Cortina e il grazie per il lavoro svolto dal capitano Rocchi che lo ha preceduto.<\/p>\n<blockquote><p><a class=\"dt-pswp-item\" href=\"http:\/\/www.radiopiu.net\/wordpress\/wp-content\/uploads\/2018\/09\/WhatsApp-Image-2018-09-20-at-08.19.51.jpeg\" data-dt-img-description=\"\" data-large_image_width=\"1202\" data-large_image_height=\"1600\"><img loading=\"lazy\" decoding=\"async\" class=\"size-medium wp-image-61285 alignleft\" src=\"http:\/\/www.radiopiu.net\/wordpress\/wp-content\/uploads\/2018\/09\/WhatsApp-Image-2018-09-20-at-08.19.51-225x300.jpeg\" alt=\"\" width=\"225\" height=\"300\" srcset=\"https:\/\/www.radiopiu.net\/wordpress\/wp-content\/uploads\/2018\/09\/WhatsApp-Image-2018-09-20-at-08.19.51-225x300.jpeg 225w, https:\/\/www.radiopiu.net\/wordpress\/wp-content\/uploads\/2018\/09\/WhatsApp-Image-2018-09-20-at-08.19.51-768x1022.jpeg 768w, https:\/\/www.radiopiu.net\/wordpress\/wp-content\/uploads\/2018\/09\/WhatsApp-Image-2018-09-20-at-08.19.51-769x1024.jpeg 769w, https:\/\/www.radiopiu.net\/wordpress\/wp-content\/uploads\/2018\/09\/WhatsApp-Image-2018-09-20-at-08.19.51.jpeg 1202w\" sizes=\"auto, (max-width: 225px) 100vw, 225px\" \/><\/a>IL CAPITANO STEFANO BIASONE HA INIZIATO IL PROPRIO ITER FORMATIVO NELLE FORZE ARMATE AL TERMINE DEL BIENNIO DEL LICEO SCIENTIFICO FREQUENTANDO IL TRIENNIO PRESSO LA SCUOLA MILITARE TEULIE&#8217;. SUCCESSIVAMENTE HA FREQUENTATO L&#8217;ACCADEMIA MILITARE E LA SCUOLA UFFICIALE CARABINIERI. UNA VOLTA CONCLUSO IL PERCORSO FORMATIVO DI BASE, HA PRESTATO SERVIZIO PRESSO IL 1\u00b0 REGGIMENTO CARABINIERI PARACADUTISTI TUSCANIA. CON IL REGGIMENTO E&#8217; STATO IMPIEGATO IN AFGHANISTAN, IRAQ E NEL CORNO D&#8217;AFRICA. E&#8217; SPOSTA ED HA UNA FIGLIA<\/p><\/blockquote>\n<p>&nbsp;<\/p>\n<p>&nbsp;<\/p>\n<p>&nbsp;<\/p>\n<h1><\/h1>\n<h1><\/h1>\n<h1><\/h1>\n<h1><\/h1>\n<h1>IL \u201cBUY VENETO SPECIALE MONTAGNA\u201d AL \u201cDOLOMITI SHOW\u201d DI LONGARONE FIERE.<\/h1>\n<p><strong><a class=\"dt-pswp-item\" href=\"http:\/\/www.radiopiu.net\/wordpress\/wp-content\/uploads\/2018\/09\/1369-2018-gruppo.jpg\" data-dt-img-description=\"\" data-large_image_width=\"1032\" data-large_image_height=\"774\"><img loading=\"lazy\" decoding=\"async\" class=\" wp-image-61213 alignleft\" src=\"http:\/\/www.radiopiu.net\/wordpress\/wp-content\/uploads\/2018\/09\/1369-2018-gruppo-300x225.jpg\" alt=\"\" width=\"210\" height=\"157\" srcset=\"https:\/\/www.radiopiu.net\/wordpress\/wp-content\/uploads\/2018\/09\/1369-2018-gruppo-300x225.jpg 300w, https:\/\/www.radiopiu.net\/wordpress\/wp-content\/uploads\/2018\/09\/1369-2018-gruppo-768x576.jpg 768w, https:\/\/www.radiopiu.net\/wordpress\/wp-content\/uploads\/2018\/09\/1369-2018-gruppo-1024x768.jpg 1024w, https:\/\/www.radiopiu.net\/wordpress\/wp-content\/uploads\/2018\/09\/1369-2018-gruppo.jpg 1032w\" sizes=\"auto, (max-width: 210px) 100vw, 210px\" \/><\/a>VENEZIA\u00a0\u00a0<\/strong>Interpretando concretamente lo slogan che proclama il Veneto \u201cthe land of Venice\u201d, dalla citt\u00e0 lagunare \u00e8 stata lanciata \u201cDolomiti Show\u201d, la fiera della montagna, in programma a Longarone Fiere (Bl) il 6 e 7 ottobre prossimi, il cui scopo \u00e8 quello di valorizzare gli sport e il turismo nelle Dolomiti e nel cui ambito si svolger\u00e0 il workshop \u201cBuy Veneto Speciale Montagna\u201d.<\/p>\n<p>&nbsp;<\/p>\n<p><strong>AI MICROFONI DI RADIO PIU&#8217; IL PRESIDENTE DELLA PROVINCIA ROBERTO PADRIN<\/strong><\/p>\n<audio class=\"wp-audio-shortcode\" id=\"audio-61306-10\" preload=\"none\" style=\"width: 100%;\" controls=\"controls\"><source type=\"audio\/ogg\" src=\"http:\/\/www.radiopiu.net\/wordpress\/wp-content\/uploads\/2018\/09\/PADRIN1-1.ogg?_=10\" \/><a href=\"http:\/\/www.radiopiu.net\/wordpress\/wp-content\/uploads\/2018\/09\/PADRIN1-1.ogg\">http:\/\/www.radiopiu.net\/wordpress\/wp-content\/uploads\/2018\/09\/PADRIN1-1.ogg<\/a><\/audio>\n<p>&nbsp;<\/p>\n<p>&nbsp;<\/p>\n<p>&nbsp;<\/p>\n<p>&nbsp;<\/p>\n<p>&nbsp;<\/p>\n<h1>DOMANI I CICLISTI SULLE STRADE DELL&#8217;AGORDINO<\/h1>\n<p><strong><a class=\"dt-pswp-item\" href=\"http:\/\/www.radiopiu.net\/wordpress\/wp-content\/uploads\/2018\/09\/haute-route-dolomites-8-set-2017-valle-del-mis.jpg\" data-dt-img-description=\"\" data-large_image_width=\"2000\" data-large_image_height=\"1238\"><img loading=\"lazy\" decoding=\"async\" class=\" wp-image-61308 alignleft\" src=\"http:\/\/www.radiopiu.net\/wordpress\/wp-content\/uploads\/2018\/09\/haute-route-dolomites-8-set-2017-valle-del-mis-300x186.jpg\" alt=\"\" width=\"211\" height=\"131\" srcset=\"https:\/\/www.radiopiu.net\/wordpress\/wp-content\/uploads\/2018\/09\/haute-route-dolomites-8-set-2017-valle-del-mis-300x186.jpg 300w, https:\/\/www.radiopiu.net\/wordpress\/wp-content\/uploads\/2018\/09\/haute-route-dolomites-8-set-2017-valle-del-mis-768x475.jpg 768w, https:\/\/www.radiopiu.net\/wordpress\/wp-content\/uploads\/2018\/09\/haute-route-dolomites-8-set-2017-valle-del-mis-1024x634.jpg 1024w, https:\/\/www.radiopiu.net\/wordpress\/wp-content\/uploads\/2018\/09\/haute-route-dolomites-8-set-2017-valle-del-mis.jpg 2000w\" sizes=\"auto, (max-width: 211px) 100vw, 211px\" \/><\/a>ASCOLTA LO SPECIALE ANDATO IN ONDA SU RADIO PIU.<\/strong>\u00a0Davide Marchegiano, direttore di gara e responsabile tracciatura percorsi dell&#8217;\u00a0Haute Route Dolomites 2018, evento di tre giorni che portera&#8217; da venerdi&#8217; a domenica centinaia di ciclisti nelle strade dolomitiche. Per sabato e&#8217; in programma il classico giro del rolle, con passaggi sul passo valles, forcella aurine, passo cereda e passo rolle. non sono previsti particolari disagi al traffico, se non una chiusura momentanea per pochissimi minuti dal passaggio del primo concorrente. i dettagli nel servizio.<\/p>\n<audio class=\"wp-audio-shortcode\" id=\"audio-61306-11\" preload=\"none\" style=\"width: 100%;\" controls=\"controls\"><source type=\"audio\/mpeg\" src=\"http:\/\/www.radiopiu.net\/wordpress\/wp-content\/uploads\/2018\/09\/houte-route.mp3?_=11\" \/><a href=\"http:\/\/www.radiopiu.net\/wordpress\/wp-content\/uploads\/2018\/09\/houte-route.mp3\">http:\/\/www.radiopiu.net\/wordpress\/wp-content\/uploads\/2018\/09\/houte-route.mp3<\/a><\/audio>\n<p><strong><a class=\"dt-pswp-item\" href=\"http:\/\/www.radiopiu.net\/wordpress\/wp-content\/uploads\/2018\/09\/haute-route-dolomites-8-set-2017-passo-san-boldo.jpg\" data-dt-img-description=\"\" data-large_image_width=\"2000\" data-large_image_height=\"1335\"><img loading=\"lazy\" decoding=\"async\" class=\"size-medium wp-image-61307 alignleft\" src=\"http:\/\/www.radiopiu.net\/wordpress\/wp-content\/uploads\/2018\/09\/haute-route-dolomites-8-set-2017-passo-san-boldo-300x200.jpg\" alt=\"\" width=\"300\" height=\"200\" srcset=\"https:\/\/www.radiopiu.net\/wordpress\/wp-content\/uploads\/2018\/09\/haute-route-dolomites-8-set-2017-passo-san-boldo-300x200.jpg 300w, https:\/\/www.radiopiu.net\/wordpress\/wp-content\/uploads\/2018\/09\/haute-route-dolomites-8-set-2017-passo-san-boldo-768x513.jpg 768w, https:\/\/www.radiopiu.net\/wordpress\/wp-content\/uploads\/2018\/09\/haute-route-dolomites-8-set-2017-passo-san-boldo-1024x684.jpg 1024w, https:\/\/www.radiopiu.net\/wordpress\/wp-content\/uploads\/2018\/09\/haute-route-dolomites-8-set-2017-passo-san-boldo.jpg 2000w\" sizes=\"auto, (max-width: 300px) 100vw, 300px\" \/><\/a>PREDAZZO\u00a0<\/strong>\u00a0Anche quest&#8217;anno percorrer\u00e0 le strade della provincia di Belluno la Haute Route Dolomites, evento della serie Haute Route, uno dei massimo circuiti mondiali per quanto riguarda il ciclismo amatoriale, proposto da OC Sport (www.ocsport.com).\u00a0Un evento che negli anni passati ha percorso tanti chilometri nel Bellunese, facendo ad esempio tappa a Cortina d&#8217;Ampezzo ma anche scalando i passi Giau, Falzarego, Fedaia e San Boldo.\u00a0L&#8217;appuntamento 2018 sulle strade bellunesi \u00e8 per sabato, 22 settembre, con la seconda frazione della manifestazione che quest&#8217;anno far\u00e0 base a Predazzo (Trento) e che si articoler\u00e0 su tre giornate. Domani, la prima tappa, sar\u00e0 la Predazzo \u2013 Passo Sella, 123 chilometri con ascese ai passi Lavaz\u00e8, Nigra e Pinei. Domani\u00a0\u00a0la seconda tappa sar\u00e0 la Predazzo-Predazzo e per gran parte si snoder\u00e0 lungo le strade dell&#8217; Agordino. Dopo il via dalla cittadina della Val di Fiemme (alle 7.30), i concorrenti saliranno verso il Passo Valles (2.032 metri di altitudine), salita di 6.7 chilometri, con pendenza media del 6.9 per cento. L&#8217;arrivo sul Valles del primo concorrente \u00e8 previsto per le 8.35, quello dell&#8217;ultimo per le 9.30. Dopo la discesa verso Falcade e Cencenighe, i concorrenti si dirigeranno verso Agordo e poi ricominceranno a salire verso Forcella Aurine (quasi 12 km, con pendenza media al 5.7), dove i transiti sono previsti tra le 10 e le 12. Quindi, discesa su Gosaldo prima di riprendere a salire verso il passo Cereda, salita breve ma ostica (3.5 km, con pendenza media dell&#8217;8.5) che costituisce la terza e penultima salita di giornata (l&#8217;ultima sar\u00e0 il passo Rolle) prima del traguardo.\u00a0<strong>\u00abDa sottolineare \u00e8 il fatto che questa manifestazione \u00e8 una ciclosportiva: la classifica di tappa sar\u00e0 infatti determinata dalla somma dei tempi ottenuta nei tratti cronometrati e i diversi valichi sui quali transiteremo non saranno chiusi\u00bb.\u00a0\u00a0\u00a0<\/strong>Per tutte le informazioni su\u00a0Haute Route Dolomites:\u00a0\u00a0<a href=\"https:\/\/www.hauteroute.org\/events\/overview\/dolomites-201\">CLICCA QUI\u00a0<\/a><\/p>\n<p>&nbsp;<\/p>\n<p>&nbsp;<\/p>\n<p>&nbsp;<\/p>\n<h1>PER LE SCUOLE 6 MILIONI, AI MICROFONI DI RADIO PIU ROGER DE MENECH<\/h1>\n<audio class=\"wp-audio-shortcode\" id=\"audio-61306-12\" preload=\"none\" style=\"width: 100%;\" controls=\"controls\"><source type=\"audio\/mpeg\" src=\"http:\/\/www.radiopiu.net\/wordpress\/wp-content\/uploads\/2018\/09\/ROGER-4.mp3?_=12\" \/><a href=\"http:\/\/www.radiopiu.net\/wordpress\/wp-content\/uploads\/2018\/09\/ROGER-4.mp3\">http:\/\/www.radiopiu.net\/wordpress\/wp-content\/uploads\/2018\/09\/ROGER-4.mp3<\/a><\/audio>\n<blockquote class=\"wp-embedded-content\" data-secret=\"mqaMI2i0la\"><p><a href=\"http:\/\/www.radiopiu.net\/wordpress\/edilizia-scolastica-sbloccati-6-milioni-per-le-scuole-bellunesi\/\">EDILIZIA SCOLASTICA  &#8211; Sbloccati 6 milioni per le scuole bellunesi<\/a><\/p><\/blockquote>\n<p><iframe loading=\"lazy\" class=\"wp-embedded-content\" sandbox=\"allow-scripts\" security=\"restricted\" style=\"position: absolute; clip: rect(1px, 1px, 1px, 1px);\" src=\"http:\/\/www.radiopiu.net\/wordpress\/edilizia-scolastica-sbloccati-6-milioni-per-le-scuole-bellunesi\/embed\/#?secret=mqaMI2i0la\" data-secret=\"mqaMI2i0la\" width=\"600\" height=\"338\" title=\"&#8220;EDILIZIA SCOLASTICA  &#8211; Sbloccati 6 milioni per le scuole bellunesi&#8221; &#8212; Radio Pi\u00f9\" frameborder=\"0\" marginwidth=\"0\" marginheight=\"0\" scrolling=\"no\"><\/iframe><\/p>\n<p>&nbsp;<\/p>\n<h1><\/h1>\n<p>&nbsp;<\/p>\n<h1>NUOVA LEGGE PER L\u2019ARTIGIANATO VENETO.<\/h1>\n<p><strong><a class=\"dt-pswp-item\" href=\"http:\/\/www.radiopiu.net\/wordpress\/wp-content\/uploads\/2018\/06\/resized_Assemblea-Unione-Petrolifera_Roma_Marcato.jpg\" data-dt-img-description=\"\" data-large_image_width=\"2419\" data-large_image_height=\"1814\"><img loading=\"lazy\" decoding=\"async\" class=\"size-medium wp-image-52371 alignleft\" src=\"http:\/\/www.radiopiu.net\/wordpress\/wp-content\/uploads\/2018\/06\/resized_Assemblea-Unione-Petrolifera_Roma_Marcato-300x225.jpg\" alt=\"\" width=\"300\" height=\"225\" srcset=\"https:\/\/www.radiopiu.net\/wordpress\/wp-content\/uploads\/2018\/06\/resized_Assemblea-Unione-Petrolifera_Roma_Marcato-300x225.jpg 300w, https:\/\/www.radiopiu.net\/wordpress\/wp-content\/uploads\/2018\/06\/resized_Assemblea-Unione-Petrolifera_Roma_Marcato-768x576.jpg 768w, https:\/\/www.radiopiu.net\/wordpress\/wp-content\/uploads\/2018\/06\/resized_Assemblea-Unione-Petrolifera_Roma_Marcato-1024x768.jpg 1024w\" sizes=\"auto, (max-width: 300px) 100vw, 300px\" \/><\/a>VENEZIA<\/strong>\u00a0 Il Veneto si appresta ad avere una specifica legge per il settore artigiano. L\u2019assessore regionale allo sviluppo economico Roberto Marcato ha presentato oggi alla terza commissione consiliare che lo ha licenziato, il testo del disegno di legge che andr\u00e0 a disciplinare il settore una volta approvato dal Consiglio. L\u2019assessore ha sottolineato che non c\u2019\u00e8 mai stata una legge finalizzata all\u2019artigianato in Veneto. \u201cC\u2019\u00e8 la legge regionale n. 67 del 1987 che disciplina le modalit\u00e0 di iscrizione all\u2019albo delle imprese artigiane, ma non \u00e8 sicuramente una legge di incentivazione delle imprese artigiane. In stretto raccordo con le associazioni categoria abbiamo voluto uno strumento normativo che promuova il ruolo economico, sociale e culturale delle imprese artigiane e del loro patrimonio di conoscenze ed esperienze, riconoscendo l\u2019artigianato come settore trainante dell\u2019economia veneta e fonte di occupazione\u201d. Marcato si \u00e8 detto particolarmente soddisfatto del lavoro svolto per arrivare alla stesura di una normativa importante e attesa. \u201cL\u2019auspicio \u2013 ha aggiunto \u2013 \u00e8 che ora, dopo il passaggio in commissione, la legge venga discussa e approvata presto dal Consiglio Regionale per dare risposte tempestive alle esigenze di sviluppo economico del nostro territorio, che non pu\u00f2 attendere tempi lunghi. Per questo ho apprezzato la disponibilit\u00e0 dimostrata dai componenti della commissione, anche di quelli dell\u2019opposizione presenti oggi\u201d. Il settore dell\u2019artigianato \u00e8 stato esposto in misura rilevante alle conseguenze della crisi economica che ha interessato il Veneto a partire dal 2009. A fine 2016 si contavano poco pi\u00f9 di 129.000 imprese artigiane (pari a circa il 30% di tutte le imprese attive nella regione), con una contrazione rispetto al 2009 di quasi 15.000 imprese. Il disegno di legge contiene una disciplina organica, proponendosi di provvedere alla tutela, allo sviluppo e alla promozione dell\u2019artigianato e delle produzioni artigiane nelle loro diverse espressioni. Avr\u00e0 una dotazione finanziaria di oltre 20 milioni di euro. \u201cPuntiamo non solo alla valorizzazione dell\u2019artigianato artistico e tradizionale \u2013 ha concluso Marcato &#8211; ma anche a rinnovare il settore, grazie all\u2019impiego di tecnologie innovative, incoraggiandone cos\u00ec la continuit\u00e0 anche nelle giovani generazioni\u201d. Nel testo di legge viene confermata la competenza delle camere di commercio in materia di tenuta e gestione dell&#8217;albo delle imprese artigiane e viene introdotta la figura del maestro artigiano, titolo attribuito dalla Regione al titolare dell\u2019impresa artigiana o al socio lavoratore, al fine di garantire la trasmissione delle conoscenze e degli antichi mestieri e la formazione dei giovani artigiani. Le imprese nelle quali opera un maestro artigiano possono essere riconosciute come \u201cbottega scuola&#8221;.<\/p>\n<p>&nbsp;<\/p>\n<p>&nbsp;<\/p>\n<p>&nbsp;<\/p>\n<p>&nbsp;<\/p>\n<div class=\"moz-text-html\" lang=\"x-unicode\">\n<div dir=\"ltr\">\n<h1>ASCA PER LA DEMENZA, NUOVO CENTRO SOLLIEVO PER ANZIANI A ROCCA PIETORE<\/h1>\n<blockquote><p><em>LA CURA: apre il quarto centro sollievo dell&#8217;Agordino e si collabora con l&#8217;asilo nido<\/em><\/p><\/blockquote>\n<p><strong><a class=\"dt-pswp-item\" href=\"http:\/\/www.radiopiu.net\/wordpress\/wp-content\/uploads\/2018\/07\/logo-asca.png\" data-dt-img-description=\"\" data-large_image_width=\"182\" data-large_image_height=\"100\"><img loading=\"lazy\" decoding=\"async\" class=\" wp-image-53885 alignleft\" src=\"http:\/\/www.radiopiu.net\/wordpress\/wp-content\/uploads\/2018\/07\/logo-asca.png\" alt=\"\" width=\"284\" height=\"156\" \/><\/a>AGORDO<\/strong> Nella giornata mondiale dell&#8217;Alzheimer (21 settembre) ASCA ricorda il suo impegno per sostenere le persone malate di demenza e in particolare la presenza di 3 Centri Sollievo ad Agordo, Cencenighe e Gosaldo ai quali si affiancher\u00e0 dall&#8217;11 ottobre quello di Rocca Pietore portando a 4, sui 10 operativi in tutta la Provincia, i \u201cPunti d&#8217;incontro e di benessere\u201d. Nati dall&#8217;omonimo \u201cProgetto Sollievo\u201d della Regione Veneto, a a favore delle persone affette da iniziale decadimento cognitivo e a sostegno delle loro famiglie, sono gestiti da Stefania Troian, psicologa, con il costante ed essenziale contributo delle due assocciazioni di volontariato GAV e AUSER. Quest&#8217;ultimo (circolo El Broi), collaborer\u00e0 con i trasporti anche con il nuovo centro di Rocca Pietore che nasce in una splendida location in localit\u00e0 Bosco Verde presso la sala riunioni dell&#8217;associazione volontari ambulanze, protezione civile, soccorso alpino. La stessa associazione, su indicazione del Sindaco Andrea De Bernardin che ha accolto con entusiasmo la proposta di attivare nel suo territorio il nuovo servizio, collaborer\u00e0 attivamentte anche per lo svolgimento delle attivit\u00e0 proposte di volta in volta negli incontri settimanali facendo tesoro di modelli gi\u00e0 sperimentati come il progetto \u201cAd Agordo \u00e8 cos\u00ec\u201d. Realizzato in collaborazione con la responsabile del Nido \u201cArcobaleno\u201d di Agordo Giannina Sommavilla e l&#8217;insegnante Francesca per fare incontrare e interagire i bambini dai 2 ai 3 anni con gli anziani del Centro Sollievo di Agordo si \u00e8 svolto in 7 incontri e, oltre all&#8217;esibizione di filastrocche e canzoncine da parte dei bambini, si sono effettuate delle attivit\u00e0 ludiche per creare graffiti-disegni spontanei realizzati in coppia bambino-anziano.<\/p>\n<p><strong>LA PREVENZIONE: ASCA offre i test<\/strong><\/p>\n<p>A quante persone accade di pensare che la propria memoria non sia pi\u00f9 quella di una volta? Per verificare se la capacit\u00e0 di apprendimento, di memoria e di pensiero sono ancora intatte, ASCA promuove un nuovo servizio su tutto il territorio Agordino offrendo alle persone che lo desiderano e che hanno superato i 60 anni la possibilit\u00e0 di sottoporsi a un test che permette di intercettare, in modo veloce e sensibile, eventuali soggetti a rischio d&#8217;iniziale declino cognitivo da testare successivamente con modalit\u00e0 pi\u00f9 raffinate per una eventuale conferma diagnostica (General Practitioner Assessment Of Sognition). Per le persone che risultano potenzialmente a rischiodi declino cognitivo verr\u00e0 somministrato il Sage Test, un esame gerocognitivo, ideato dai ricercatori dell&#8217;Universit\u00e0 dell&#8217;Ohio coordinati dal docente Douglas Scharre. Il test, sperimentato su un campione di oltre 1000 persone, si \u00e8 rivelato uno strumento utile per determinare il declino cognitivo degli individui. Per ogni ulteriore informazione e per esprimere il proprio interesse chiamare il numero 349\/6262812 (risponde una professoressa di ASCA)<\/p>\n<\/div>\n<\/div>\n<p>&nbsp;<\/p>\n<p>&nbsp;<\/p>\n<p>&nbsp;<\/p>\n<h1><strong>I GIOVANI DI AGORDO AL CENTRO PARROCCHIALE<\/strong><\/h1>\n<audio class=\"wp-audio-shortcode\" id=\"audio-61306-13\" preload=\"none\" style=\"width: 100%;\" controls=\"controls\"><source type=\"audio\/mpeg\" src=\"http:\/\/www.radiopiu.net\/wordpress\/wp-content\/uploads\/2018\/09\/ANNA2.mp3?_=13\" \/><a href=\"http:\/\/www.radiopiu.net\/wordpress\/wp-content\/uploads\/2018\/09\/ANNA2.mp3\">http:\/\/www.radiopiu.net\/wordpress\/wp-content\/uploads\/2018\/09\/ANNA2.mp3<\/a><\/audio>\n<p><a class=\"dt-pswp-item\" href=\"http:\/\/www.radiopiu.net\/wordpress\/wp-content\/uploads\/2018\/09\/42099750_287376305200857_6264077395964198912_n.jpg\" data-dt-img-description=\"\" data-large_image_width=\"960\" data-large_image_height=\"960\"><img loading=\"lazy\" decoding=\"async\" class=\"size-medium wp-image-61409 alignleft\" src=\"http:\/\/www.radiopiu.net\/wordpress\/wp-content\/uploads\/2018\/09\/42099750_287376305200857_6264077395964198912_n-300x300.jpg\" alt=\"\" width=\"300\" height=\"300\" srcset=\"https:\/\/www.radiopiu.net\/wordpress\/wp-content\/uploads\/2018\/09\/42099750_287376305200857_6264077395964198912_n-300x300.jpg 300w, https:\/\/www.radiopiu.net\/wordpress\/wp-content\/uploads\/2018\/09\/42099750_287376305200857_6264077395964198912_n-150x150.jpg 150w, https:\/\/www.radiopiu.net\/wordpress\/wp-content\/uploads\/2018\/09\/42099750_287376305200857_6264077395964198912_n-768x768.jpg 768w, https:\/\/www.radiopiu.net\/wordpress\/wp-content\/uploads\/2018\/09\/42099750_287376305200857_6264077395964198912_n.jpg 960w\" sizes=\"auto, (max-width: 300px) 100vw, 300px\" \/><\/a><\/p>\n<p>&nbsp;<\/p>\n<p>&nbsp;<\/p>\n<p>&nbsp;<\/p>\n<p>&nbsp;<\/p>\n<p>&nbsp;<\/p>\n<p>&nbsp;<\/p>\n<p>&nbsp;<\/p>\n<p>&nbsp;<\/p>\n<p><strong>AGORDO I Giovani di Agordo scendono in campo e propongono un nuovo appuntamento: ragazzi andiamo? Si tratta di incontri aperti a tutti proposti dal gruppo giovani in programma al giovedi dalle 17 alle 19 presso il centro parrocchiale Monsignor Vincenzo Savio. Per trascorrere ore lite in compagnia. Ecco a Radio Pi\u00f9 gli stessi giovani che cos\u00ec invitano i coetanei a partecipare<\/strong><\/p>\n<p>&nbsp;<\/p>\n<audio class=\"wp-audio-shortcode\" id=\"audio-61306-14\" preload=\"none\" style=\"width: 100%;\" controls=\"controls\"><source type=\"audio\/mpeg\" src=\"http:\/\/www.radiopiu.net\/wordpress\/wp-content\/uploads\/2018\/09\/ANNA1.mp3?_=14\" \/><a href=\"http:\/\/www.radiopiu.net\/wordpress\/wp-content\/uploads\/2018\/09\/ANNA1.mp3\">http:\/\/www.radiopiu.net\/wordpress\/wp-content\/uploads\/2018\/09\/ANNA1.mp3<\/a><\/audio>\n<p>&nbsp;<\/p>\n<p>&nbsp;<\/p>\n<p>&nbsp;<\/p>\n<p>&nbsp;<\/p>\n<h1>MANUTENZIONE DEL PORFIDO IN CITTA&#8217;<\/h1>\n<p><strong><a class=\"dt-pswp-item\" href=\"http:\/\/www.radiopiu.net\/wordpress\/wp-content\/uploads\/2018\/09\/220px-_Pavement_01_-.jpg\" data-dt-img-description=\"\" data-large_image_width=\"220\" data-large_image_height=\"165\"><img loading=\"lazy\" decoding=\"async\" class=\"size-full wp-image-61325 alignleft\" src=\"http:\/\/www.radiopiu.net\/wordpress\/wp-content\/uploads\/2018\/09\/220px-_Pavement_01_-.jpg\" alt=\"\" width=\"220\" height=\"165\" \/><\/a>BELLUNO<\/strong> Assegnati lavori per 36mila euro Continuano le opere di manutenzione in citt\u00e0: dopo essere intervenuti su asfaltature e marciapiedi, ora tocca al porfido di strade e parchi cittadini. Si \u00e8 chiusa infatti pochi giorni fa la procedura di manifestazione di interesse per questi lavori, che sono stati aggiudicati alla Edilveneto di Santa Giustina per un importo di 35.845.50 euro. \u00abIntendiamo avviare al pi\u00f9 presto i lavori, prima dell&#8217;arrivo della stagione fredda. &#8211; sottolinea l&#8217;assessore alle manutenzioni, Biagio\u00a0 iannone \u2013 I cantieri poi riprenderanno nel 2019, ma intanto vogliamo intervenire sulle situazioni pi\u00f9 urgenti, cos\u00ec da presentare al meglio la nostra citt\u00e0 in vista delle tante manifestazioni che ne animeranno l&#8217;autunno\u00bb. Nelle prossime settimane prenderanno il via i primi cantieri che inizialmente interesseranno le strade e le piazze del centro storico.<\/p>\n<p>&nbsp;<\/p>\n<p>&nbsp;<\/p>\n<p>&nbsp;<\/p>\n<p>&nbsp;<\/p>\n<h1><\/h1>\n<h1><\/h1>\n<h1><\/h1>\n<h1>NUOVO DECRETO IMMIGRAZIONE, MODIFICHE GRAVISSIME &#8220;RISCHIO CRIMINALITA'&#8221;<\/h1>\n<p><strong><a class=\"dt-pswp-item\" href=\"http:\/\/www.radiopiu.net\/wordpress\/wp-content\/uploads\/2015\/07\/profughi.jpg\" data-dt-img-description=\"\" data-large_image_width=\"1417\" data-large_image_height=\"945\"><img loading=\"lazy\" decoding=\"async\" class=\"size-medium wp-image-8008 alignleft\" src=\"http:\/\/www.radiopiu.net\/wordpress\/wp-content\/uploads\/2015\/07\/profughi-300x200.jpg\" alt=\"\" width=\"300\" height=\"200\" \/><\/a><\/strong><\/p>\n<p><strong>BELLUNO \u00abNovit\u00e0 delicatissime e gravi, che rischiano di fomentare la criminalit\u00e0 e che metteranno in difficolt\u00e0 i comuni\u00bb: cos\u00ec il primo cittadino di Belluno, Jacopo Massaro, e l&#8217;assessore alle politiche dei flussi migratori, Valentina Tomasi, commentano il disegno di legge \u201cSalvini\u201d illustrato ieri in commissione immigrazione ANCI<\/strong><\/p>\n<p>&nbsp;<\/p>\n<p><strong>IL SINDACO DI BELLUNO JACOPO MASSARO<\/strong><\/p>\n<audio class=\"wp-audio-shortcode\" id=\"audio-61306-15\" preload=\"none\" style=\"width: 100%;\" controls=\"controls\"><source type=\"audio\/mpeg\" src=\"http:\/\/www.radiopiu.net\/wordpress\/wp-content\/uploads\/2018\/09\/Massaro-Bozza-decreto-immigrazione.mp3?_=15\" \/><a href=\"http:\/\/www.radiopiu.net\/wordpress\/wp-content\/uploads\/2018\/09\/Massaro-Bozza-decreto-immigrazione.mp3\">http:\/\/www.radiopiu.net\/wordpress\/wp-content\/uploads\/2018\/09\/Massaro-Bozza-decreto-immigrazione.mp3<\/a><\/audio>\n<p><strong>L&#8217;ASSESSORE ALLE POLITICHE DEI FLUSSI MIGRATORI VALENTINA TOMASI<\/strong><\/p>\n<audio class=\"wp-audio-shortcode\" id=\"audio-61306-16\" preload=\"none\" style=\"width: 100%;\" controls=\"controls\"><source type=\"audio\/mpeg\" src=\"http:\/\/www.radiopiu.net\/wordpress\/wp-content\/uploads\/2018\/09\/Tomasi-Bozza-decreto-immigrazione.mp3?_=16\" \/><a href=\"http:\/\/www.radiopiu.net\/wordpress\/wp-content\/uploads\/2018\/09\/Tomasi-Bozza-decreto-immigrazione.mp3\">http:\/\/www.radiopiu.net\/wordpress\/wp-content\/uploads\/2018\/09\/Tomasi-Bozza-decreto-immigrazione.mp3<\/a><\/audio>\n<h1><\/h1>\n<h1><\/h1>\n<h1><\/h1>\n<h1>IMMIGRAZIONE \u2013 BIFFONI: \u201cGOVERNO ATTIVI CONFRONTO SUI CONTENUTI DEL DECRETO\u201d<\/h1>\n<p><strong><a class=\"dt-pswp-item\" href=\"http:\/\/www.radiopiu.net\/wordpress\/wp-content\/uploads\/2016\/07\/profughi-350x218.jpg\" data-dt-img-description=\"\" data-large_image_width=\"350\" data-large_image_height=\"218\"><img loading=\"lazy\" decoding=\"async\" class=\"size-medium wp-image-21354 alignleft\" src=\"http:\/\/www.radiopiu.net\/wordpress\/wp-content\/uploads\/2016\/07\/profughi-350x218-300x187.jpg\" alt=\"\" width=\"300\" height=\"187\" \/><\/a>ROMA<\/strong> Si \u00e8 svolta oggi a Roma la Commissione immigrazione dell\u2019Anci, presieduta da Irma Melini, consigliere comunale di Bari. Durante l\u2019incontro \u00e8 stato esaminato lo schema di decreto immigrazione, la cui approvazione risulta essere all\u2019ordine del giorno del Consiglio dei ministri di domani. Presenti sindaci e assessori di molte grandi citt\u00e0, medi e piccoli Comuni di tutto il territorio nazionale, tra cui Bari, Roma, Napoli, Reggio Calabria, Catania, Cremona, Torino, Palermo, Lucca, Padova, Belluno, Latina, Ancona, Perugia, Campobasso, Rimini, Sassari, Gorizia, Ferrara, Caserta, Cosenza.<br \/>\n\u201cNel corso della riunione \u2013 dichiara Matteo Biffoni delegato Anci all\u2019Immigrazione \u2013 \u00e8 emersa forte e unanime preoccupazione per i contenuti dello schema di decreto, di cui si ritiene che non sia stata effettuata la necessaria valutazione in merito all\u2019impatto immediato e di lungo periodo sui territori, anche in termini di ordine pubblico. La Commissione valuta il nuovo modello di accoglienza che emerge dall\u2019articolato come un chiaro orientamento a favore dell\u2019accoglienza in grandi strutture, tornando alla situazione dell\u2019inizio dell\u2019anno scorso che vedeva la forte concentrazione di migranti anche in piccoli Comuni, condizione che generava problemi di integrazione sia per gli stranieri che per i residenti. Alla luce dell\u2019esito della discussione, chiediamo al presidente del Consiglio e ai ministri, in un\u2019ottica di collaborazione istituzionale, di riconsiderare l\u2019approvazione del decreto e attivare immediatamente un tavolo di confronto con le autonomie locali al fine di valutare con attenzione l\u2019impatto del provvedimento in termini economici, sociali e sulla sicurezza dei territori\u201d.<\/p>\n<p>&nbsp;<\/p>\n<p>&nbsp;<\/p>\n<p>&nbsp;<\/p>\n<p>&nbsp;<\/p>\n<p>&nbsp;<\/p>\n<p>&nbsp;<\/p>\n<p>&nbsp;<\/p>\n<p>&nbsp;<\/p>\n<p>&nbsp;<\/p>\n<h1><\/h1>\n<h1><\/h1>\n<h1><\/h1>\n<h1>TISPOL PER UNA GIORNATA SENZA DECESSI SULLE STRADE<\/h1>\n<p><strong><a class=\"dt-pswp-item\" href=\"http:\/\/www.radiopiu.net\/wordpress\/wp-content\/uploads\/2016\/02\/tispol-4.jpg\" data-dt-img-description=\"\" data-large_image_width=\"600\" data-large_image_height=\"400\"><img loading=\"lazy\" decoding=\"async\" class=\"size-medium wp-image-16990 alignleft\" src=\"http:\/\/www.radiopiu.net\/wordpress\/wp-content\/uploads\/2016\/02\/tispol-4-300x200.jpg\" alt=\"\" width=\"300\" height=\"200\" \/><\/a>BELLUNO<\/strong> Il Network Europeo delle Polizie Stradali \u201cTISPOL\u201d, il cui impegno per la sicurezza della circolazione \u00e8 ben noto ai nostri lettori, ha programmato per la settimana corrente una nuova campagna alla quale ha dato il nome di \u201cEDWARD\u201d, acronimo per \u201cA European Day Without A Road Death\u201d. L\u2019iniziativa, svolta con il supporto della Commissione Europea, si inserisce nel quadro della settimana della mobilit\u00e0, dal 17 al 23 settembre 2018, ed ha lo scopo di ottenere, a livello comunitario, una giornata, il 19 settembre, senza decessi sulle strade. L\u2019importante obiettivo \u00e8 quello di aumentare la consapevolezza sociale sul drammatico fenomeno della mortalit\u00e0 e dell\u2019incidentalit\u00e0 grave, purtroppo in aumento, richiamando l\u2019attenzione dell\u2019utenza sul proposito di diminuire del 50% il numero delle vittime entro il 2020, e che con il coinvolgimento consapevole e condiviso della collettivit\u00e0, tale risultato pu\u00f2 essere concretizzato. Pertanto, nella data del 19 settembre 2018, anche la Polizia Stradale della Provincia di Belluno porr\u00e0 in essere, nell\u2019arco delle 24 ore, una serie di servizi mirati volti a contrastare quei comportamenti illeciti che, proverbialmente, sono la causa del verificarsi degli incidenti stradali. Particolare attenzione verr\u00e0 rivolta all\u2019eccesso di velocit\u00e0, all\u2019uso dei sistemi di ritenuta ed all\u2019uso dei telefoni cellulari durante la guida, quest\u2019ultimo, riconosciuto come fonte principale di distrazione.\u00a0 I lettori che dovessero trovare l\u2019argomento degno di approfondimento potranno consultare la pagina web: https:\/\/projectedward.eu\/ , ed eventualmente aderirvi sottoscrivendo un impegno tendente al rispetto delle regole del Codice della Strada nell\u2019ottica, appunto, della riduzione dell\u2019incidentalit\u00e0. E\u2019 stata, inoltre, creata una mappa interattiva nella quale, dopo apposita registrazione, sar\u00e0 possibile inserire iniziative organizzate a livello locale. La mappa in parola, collegata al sito web della Commissione Europea, sar\u00e0 consultabile sul sito del progetto ed al link: https:\/\/roadsafetydays.eu\/usr_account\/register . Eventuali fotografie correlate alla promozione degli eventi potranno essere pubblicate sul sito: MOVE-ROAD-SAFETY-AYS@ec.europa.eu . Alla naturale scadenza del progetto, la Commissione Europea sceglier\u00e0 la foto migliore ed il vincitore verr\u00e0 invitato al prossimo \u201cExcellence in Road Safety Awards\u201d che si terr\u00e0 a Bruxelles.<\/p>\n<p>&nbsp;<\/p>\n<p>&nbsp;<\/p>\n<p>&nbsp;<\/p>\n<p>&nbsp;<\/p>\n<h1>FELTRE IN CAMPO NELLA SETTIMANA EUROPEA DELLA MOBILITA&#8217; SOSTENIBILE<\/h1>\n<p><strong>A RADIO PIU&#8217; L&#8217;ASSESSORE VALTER BONAN<\/strong><\/p>\n<p>AUDIO<\/p>\n<audio class=\"wp-audio-shortcode\" id=\"audio-61306-17\" preload=\"none\" style=\"width: 100%;\" controls=\"controls\"><source type=\"audio\/mpeg\" src=\"http:\/\/www.radiopiu.net\/wordpress\/wp-content\/uploads\/2018\/09\/BONAN.mp3?_=17\" \/><a href=\"http:\/\/www.radiopiu.net\/wordpress\/wp-content\/uploads\/2018\/09\/BONAN.mp3\">http:\/\/www.radiopiu.net\/wordpress\/wp-content\/uploads\/2018\/09\/BONAN.mp3<\/a><\/audio>\n<blockquote class=\"wp-embedded-content\" data-secret=\"3rgXGLSQl4\"><p><a href=\"http:\/\/www.radiopiu.net\/wordpress\/settimana-europea-della-mobilita-sostenibile-feltre-in-campo\/\">Settimana Europea della Mobilit\u00e0 Sostenibile: Feltre in campo<\/a><\/p><\/blockquote>\n<p><iframe loading=\"lazy\" class=\"wp-embedded-content\" sandbox=\"allow-scripts\" security=\"restricted\" style=\"position: absolute; clip: rect(1px, 1px, 1px, 1px);\" src=\"http:\/\/www.radiopiu.net\/wordpress\/settimana-europea-della-mobilita-sostenibile-feltre-in-campo\/embed\/#?secret=3rgXGLSQl4\" data-secret=\"3rgXGLSQl4\" width=\"600\" height=\"338\" title=\"&#8220;Settimana Europea della Mobilit\u00e0 Sostenibile: Feltre in campo&#8221; &#8212; Radio Pi\u00f9\" frameborder=\"0\" marginwidth=\"0\" marginheight=\"0\" scrolling=\"no\"><\/iframe><\/p>\n<p>&nbsp;<\/p>\n<p>&nbsp;<\/p>\n<p>&nbsp;<\/p>\n<p>&nbsp;<\/p>\n<h1>BUONE NOTIZIE DALLA CONFERENZA UNIFICATA<\/h1>\n<blockquote class=\"wp-embedded-content\" data-secret=\"mqaMI2i0la\"><p><a href=\"http:\/\/www.radiopiu.net\/wordpress\/edilizia-scolastica-sbloccati-6-milioni-per-le-scuole-bellunesi\/\">EDILIZIA SCOLASTICA  &#8211; Sbloccati 6 milioni per le scuole bellunesi<\/a><\/p><\/blockquote>\n<p><iframe loading=\"lazy\" class=\"wp-embedded-content\" sandbox=\"allow-scripts\" security=\"restricted\" style=\"position: absolute; clip: rect(1px, 1px, 1px, 1px);\" src=\"http:\/\/www.radiopiu.net\/wordpress\/edilizia-scolastica-sbloccati-6-milioni-per-le-scuole-bellunesi\/embed\/#?secret=mqaMI2i0la\" data-secret=\"mqaMI2i0la\" width=\"600\" height=\"338\" title=\"&#8220;EDILIZIA SCOLASTICA  &#8211; Sbloccati 6 milioni per le scuole bellunesi&#8221; &#8212; Radio Pi\u00f9\" frameborder=\"0\" marginwidth=\"0\" marginheight=\"0\" scrolling=\"no\"><\/iframe><\/p>\n<p>&nbsp;<\/p>\n<p>&nbsp;<\/p>\n<p>&nbsp;<\/p>\n<p>&nbsp;<\/p>\n<p align=\"CENTER\"><span style=\"font-family: Arial, sans-serif;\"><span style=\"font-size: x-large;\"><b>Il Parco Dolomiti Bellunesi protagonista a Linea Verde<\/b><\/span><\/span><\/p>\n<p align=\"CENTER\"><em><span style=\"font-family: Arial, sans-serif;\"><span style=\"font-size: large;\">DOMANI su RAI 1, alle 12.20<\/span><\/span><\/em><\/p>\n<p align=\"JUSTIFY\"><span style=\"font-family: Arial, sans-serif;\"><span style=\"font-size: small;\"><strong><a class=\"dt-pswp-item\" href=\"http:\/\/www.radiopiu.net\/wordpress\/wp-content\/uploads\/2018\/09\/download-8.jpg\" data-dt-img-description=\"\" data-large_image_width=\"260\" data-large_image_height=\"194\"><img loading=\"lazy\" decoding=\"async\" class=\"size-full wp-image-61347 alignleft\" src=\"http:\/\/www.radiopiu.net\/wordpress\/wp-content\/uploads\/2018\/09\/download-8.jpg\" alt=\"\" width=\"260\" height=\"194\" \/><\/a>FELTRE<\/strong> Linea Verde, il popolare programma di Rai 1 che da oltre mezzo secolo racconta l&#8217;agricoltura italiana e le sue eccellenze, fa tappa al Parco Nazionale Dolomiti Bellunesi.\u00a0<\/span><\/span><span style=\"font-family: Arial, sans-serif;\"><span style=\"font-size: small;\">Nella puntata in onda\u00a0<b>\u00a0DOMANI\u00a0<\/b><\/span><\/span><span style=\"font-family: Arial, sans-serif;\"><span style=\"font-size: small;\">alle <\/span><\/span><span style=\"font-family: Arial, sans-serif;\"><span style=\"font-size: small;\"><b>\u00a012.20<\/b><\/span><\/span><span style=\"font-family: Arial, sans-serif;\"><span style=\"font-size: small;\"> sono protagonisti il Bellunese e il Parco Nazionale.\u00a0<\/span><\/span><span style=\"font-family: Arial, sans-serif;\"><span style=\"font-size: small;\">All\u2019interno della puntata il conduttore, Marcello, Masi navigher\u00e0 in canoa sul lago del Mis, nel cuore del Parco, e illustrer\u00e0 ai telespettatori le attivit\u00e0 del Parco per lo studio e la tutela dei pesci che popolano i torrenti, realizzate grazie alla collaborazione con l\u2019Universit\u00e0 di Torino e con le associazioni locali dei pescatori;\u00a0<\/span><\/span>\u201c<span style=\"font-family: Arial, sans-serif;\"><span style=\"font-size: small;\">La trasmissione, ha dichiarato il Direttore del Parco, Antonio Andrich, \u00e8 una ulteriore occasione di promozione su scala nazionale del territorio Bellunese e del Parco Nazionale, che segue la puntata di Linea Bianca realizzata alla fine dello scorso inverno e precede due ulteriori appuntamenti, che andranno in onda prossimamente, frutto di una collaborazione del Parco con RAI 3 e la trasmissione Geo\u201d.<\/span><\/span><\/p>\n<p>&nbsp;<\/p>\n<p>&nbsp;<\/p>\n<p>&nbsp;<\/p>\n<p>&nbsp;<\/p>\n<p>&nbsp;<\/p>\n<p>&nbsp;<\/p>\n<p>&nbsp;<\/p>\n<blockquote class=\"wp-embedded-content\" data-secret=\"7HXI3RpAsV\"><p><a href=\"http:\/\/www.radiopiu.net\/wordpress\/associazione-cittadini-per-il-recupero-della-gabelli\/\">Associazione Cittadini per il recupero della Gabelli<\/a><\/p><\/blockquote>\n<p><iframe loading=\"lazy\" class=\"wp-embedded-content\" sandbox=\"allow-scripts\" security=\"restricted\" style=\"position: absolute; clip: rect(1px, 1px, 1px, 1px);\" src=\"http:\/\/www.radiopiu.net\/wordpress\/associazione-cittadini-per-il-recupero-della-gabelli\/embed\/#?secret=7HXI3RpAsV\" data-secret=\"7HXI3RpAsV\" width=\"600\" height=\"338\" title=\"&#8220;Associazione Cittadini per il recupero della Gabelli&#8221; &#8212; Radio Pi\u00f9\" frameborder=\"0\" marginwidth=\"0\" marginheight=\"0\" scrolling=\"no\"><\/iframe><\/p>\n<p>&nbsp;<\/p>\n<p>&nbsp;<\/p>\n<p>&nbsp;<\/p>\n<p>&nbsp;<\/p>\n<p><a class=\"dt-pswp-item\" href=\"http:\/\/www.radiopiu.net\/wordpress\/wp-content\/uploads\/2018\/06\/download.jpg\" data-dt-img-description=\"\" data-large_image_width=\"421\" data-large_image_height=\"120\"><img loading=\"lazy\" decoding=\"async\" class=\"alignnone wp-image-49786 \" src=\"http:\/\/www.radiopiu.net\/wordpress\/wp-content\/uploads\/2018\/06\/download.jpg\" alt=\"\" width=\"646\" height=\"184\" srcset=\"https:\/\/www.radiopiu.net\/wordpress\/wp-content\/uploads\/2018\/06\/download.jpg 421w, https:\/\/www.radiopiu.net\/wordpress\/wp-content\/uploads\/2018\/06\/download-300x86.jpg 300w\" sizes=\"auto, (max-width: 646px) 100vw, 646px\" \/><\/a><\/p>\n<h1><\/h1>\n<h1>TEATRO DEL CUORE<\/h1>\n<p><strong>clicca per ingrandire<\/strong><\/p>\n\n\t\t\t<style type='text\/css'>\n\t\t\t\t#gallery-1 {\n\t\t\t\t\tmargin: auto;\n\t\t\t\t}\n\t\t\t\t#gallery-1 .gallery-item {\n\t\t\t\t\tfloat: left;\n\t\t\t\t\tmargin-top: 10px;\n\t\t\t\t\ttext-align: center;\n\t\t\t\t\twidth: 33%;\n\t\t\t\t}\n\t\t\t\t#gallery-1 img {\n\t\t\t\t\tborder: 2px solid #cfcfcf;\n\t\t\t\t}\n\t\t\t\t#gallery-1 .gallery-caption {\n\t\t\t\t\tmargin-left: 0;\n\t\t\t\t}\n\t\t\t\t\/* see gallery_shortcode() in wp-includes\/media.php *\/\n\t\t\t<\/style>\n\t\t<div id='gallery-1' class='dt-gallery-container gallery galleryid-61306 gallery-columns-3 gallery-size-thumbnail'><dl class='gallery-item'>\n\t\t\t\t<dt class='gallery-icon portrait'>\n\t\t\t\t\t<a class=\"rollover\" href='https:\/\/www.radiopiu.net\/wordpress\/giornale-radiopiu-21-settembre-2018-direttore-mirko-mezzacasa\/41488538_431234387403923_6266572814912847872_n\/'><img loading=\"lazy\" decoding=\"async\" width=\"150\" height=\"150\" src=\"https:\/\/www.radiopiu.net\/wordpress\/wp-content\/uploads\/2018\/09\/41488538_431234387403923_6266572814912847872_n-150x150.jpg\" class=\"attachment-thumbnail size-thumbnail\" alt=\"\" \/><\/a>\n\t\t\t\t<\/dt><\/dl>\n\t\t\t\t<br style='clear: both' \/>\n\t\t\t<\/div>\n\n<p><strong>AGORDO<\/strong> Corso di teatro e lettura espressiva questa sera alle 18.30 per ragazzi e bambini in Biblioteca ad Agordo. A cura di Roberto Faoro, formatore teatrale, attore, regista drammaturgo con il quale presentiamo l&#8217;evento di questa sera<\/p>\n<p><strong>audio<\/strong><\/p>\n<audio class=\"wp-audio-shortcode\" id=\"audio-61306-18\" preload=\"none\" style=\"width: 100%;\" controls=\"controls\"><source type=\"audio\/mpeg\" src=\"http:\/\/www.radiopiu.net\/wordpress\/wp-content\/uploads\/2018\/09\/FAORO.mp3?_=18\" \/><a href=\"http:\/\/www.radiopiu.net\/wordpress\/wp-content\/uploads\/2018\/09\/FAORO.mp3\">http:\/\/www.radiopiu.net\/wordpress\/wp-content\/uploads\/2018\/09\/FAORO.mp3<\/a><\/audio>\n<p>&nbsp;<\/p>\n<p>&nbsp;<\/p>\n<p>&nbsp;<\/p>\n<p>&nbsp;<\/p>\n<h1>FORNASIER CANTA I BELUMAT E APRE ALLA RACCOLTA FONDI PER IL CENTRO DIURNO<\/h1>\n<p><strong><a class=\"dt-pswp-item\" href=\"http:\/\/www.radiopiu.net\/wordpress\/wp-content\/uploads\/2018\/09\/download-1-2.jpg\" data-dt-img-description=\"\" data-large_image_width=\"276\" data-large_image_height=\"183\"><img loading=\"lazy\" decoding=\"async\" class=\" wp-image-61129 alignleft\" src=\"http:\/\/www.radiopiu.net\/wordpress\/wp-content\/uploads\/2018\/09\/download-1-2.jpg\" alt=\"\" width=\"211\" height=\"140\" \/><\/a>AGORDO<\/strong> DOMANI\u00a0 alle 20.30 all&#8217;Auditorium del centro parrocchiale Monsignor Savio si esibir\u00e0 Giorgio Fornasier dei Belumat (foto RadioCortina). L&#8217;evento vuole rappresentare l&#8217;inizio ufficiale della campagna di raccolta fondi per l&#8217;apertura di &#8220;Altro senso&#8221;, il nuovo centro diurno che dal 2019 ospiter\u00e0 gli utenti con disabilit\u00e0 del territorio.<\/p>\n<p>&nbsp;<\/p>\n<p>&nbsp;<\/p>\n<p>&nbsp;<\/p>\n<p>&nbsp;<\/p>\n<h1>SCARPINI E FASCIA TRICOLORE<\/h1>\n<p><strong>BELLUNO<\/strong> Sabato allo stadio comunale di Longarone va in scena l&#8217;Alpen Cup 2018 con la partecipazione delle nazionali di calcio dei sindaci di Italia, Austria, Germania, Slovenia e Sudtirol. Punta di diamante nel team azzurro il sindaco di casa, Roberto Padrin con un passato calcistico di tutto rispetto. Nella foto allegata (clicca per ingrandre) il programma nei dettagli dell&#8217;evento calcistico.<\/p>\n<p>AI MICROFONI DI RADIO PIU ROBERTO PADRIN<\/p>\n<audio class=\"wp-audio-shortcode\" id=\"audio-61306-19\" preload=\"none\" style=\"width: 100%;\" controls=\"controls\"><source type=\"audio\/ogg\" src=\"http:\/\/www.radiopiu.net\/wordpress\/wp-content\/uploads\/2018\/09\/PADRIN2.ogg?_=19\" \/><a href=\"http:\/\/www.radiopiu.net\/wordpress\/wp-content\/uploads\/2018\/09\/PADRIN2.ogg\">http:\/\/www.radiopiu.net\/wordpress\/wp-content\/uploads\/2018\/09\/PADRIN2.ogg<\/a><\/audio>\n\n\t\t\t<style type='text\/css'>\n\t\t\t\t#gallery-2 {\n\t\t\t\t\tmargin: auto;\n\t\t\t\t}\n\t\t\t\t#gallery-2 .gallery-item {\n\t\t\t\t\tfloat: left;\n\t\t\t\t\tmargin-top: 10px;\n\t\t\t\t\ttext-align: center;\n\t\t\t\t\twidth: 33%;\n\t\t\t\t}\n\t\t\t\t#gallery-2 img {\n\t\t\t\t\tborder: 2px solid #cfcfcf;\n\t\t\t\t}\n\t\t\t\t#gallery-2 .gallery-caption {\n\t\t\t\t\tmargin-left: 0;\n\t\t\t\t}\n\t\t\t\t\/* see gallery_shortcode() in wp-includes\/media.php *\/\n\t\t\t<\/style>\n\t\t<div id='gallery-2' class='dt-gallery-container gallery galleryid-61306 gallery-columns-3 gallery-size-thumbnail'><dl class='gallery-item'>\n\t\t\t\t<dt class='gallery-icon portrait'>\n\t\t\t\t\t<a class=\"rollover\" href='https:\/\/www.radiopiu.net\/wordpress\/giornale-radiopiu-20-settembre-2018-direttore-mirko-mezzacasa\/whatsapp-image-2018-09-19-at-20-26-31\/'><img loading=\"lazy\" decoding=\"async\" width=\"150\" height=\"150\" src=\"https:\/\/www.radiopiu.net\/wordpress\/wp-content\/uploads\/2018\/09\/WhatsApp-Image-2018-09-19-at-20.26.31-150x150.jpeg\" class=\"attachment-thumbnail size-thumbnail\" alt=\"\" \/><\/a>\n\t\t\t\t<\/dt><\/dl><dl class='gallery-item'>\n\t\t\t\t<dt class='gallery-icon portrait'>\n\t\t\t\t\t<a class=\"rollover\" href='https:\/\/www.radiopiu.net\/wordpress\/giornale-radiopiu-20-settembre-2018-direttore-mirko-mezzacasa\/whatsapp-image-2018-09-19-at-20-26-38\/'><img loading=\"lazy\" decoding=\"async\" width=\"150\" height=\"150\" src=\"https:\/\/www.radiopiu.net\/wordpress\/wp-content\/uploads\/2018\/09\/WhatsApp-Image-2018-09-19-at-20.26.38-150x150.jpeg\" class=\"attachment-thumbnail size-thumbnail\" alt=\"\" \/><\/a>\n\t\t\t\t<\/dt><\/dl>\n\t\t\t\t<br style='clear: both' \/>\n\t\t\t<\/div>\n\n<p>&nbsp;<\/p>\n<p>&nbsp;<\/p>\n<p>&nbsp;<\/p>\n<p>&nbsp;<\/p>\n<p>&nbsp;<\/p>\n<p>&nbsp;<\/p>\n<p>&nbsp;<\/p>\n<p><a class=\"dt-pswp-item\" href=\"http:\/\/www.radiopiu.net\/wordpress\/wp-content\/uploads\/2018\/09\/sport.jpg\" data-dt-img-description=\"\" data-large_image_width=\"800\" data-large_image_height=\"100\"><img loading=\"lazy\" decoding=\"async\" class=\"alignnone wp-image-60761 size-full\" src=\"http:\/\/www.radiopiu.net\/wordpress\/wp-content\/uploads\/2018\/09\/sport.jpg\" alt=\"\" width=\"800\" height=\"100\" srcset=\"https:\/\/www.radiopiu.net\/wordpress\/wp-content\/uploads\/2018\/09\/sport.jpg 800w, https:\/\/www.radiopiu.net\/wordpress\/wp-content\/uploads\/2018\/09\/sport-300x38.jpg 300w, https:\/\/www.radiopiu.net\/wordpress\/wp-content\/uploads\/2018\/09\/sport-768x96.jpg 768w\" sizes=\"auto, (max-width: 800px) 100vw, 800px\" \/><\/a><\/p>\n<h1><\/h1>\n<h1><\/h1>\n<h1>DOMANI SERA AD ALLEGHE PARTITA E PRESENTAZIONE<\/h1>\n<p><strong><a class=\"dt-pswp-item\" href=\"http:\/\/www.radiopiu.net\/wordpress\/wp-content\/uploads\/2018\/09\/download-1-3.jpg\" data-dt-img-description=\"\" data-large_image_width=\"225\" data-large_image_height=\"225\"><img loading=\"lazy\" decoding=\"async\" class=\"size-full wp-image-61379 alignleft\" src=\"http:\/\/www.radiopiu.net\/wordpress\/wp-content\/uploads\/2018\/09\/download-1-3.jpg\" alt=\"\" width=\"225\" height=\"225\" srcset=\"https:\/\/www.radiopiu.net\/wordpress\/wp-content\/uploads\/2018\/09\/download-1-3.jpg 225w, https:\/\/www.radiopiu.net\/wordpress\/wp-content\/uploads\/2018\/09\/download-1-3-150x150.jpg 150w\" sizes=\"auto, (max-width: 225px) 100vw, 225px\" \/><\/a><\/strong><\/p>\n<p>&nbsp;<\/p>\n<p>&nbsp;<\/p>\n<p>&nbsp;<\/p>\n<p>&nbsp;<\/p>\n<p><strong>di Marco Gaz, ospite Daniele Veggiato\u00a0<\/strong><\/p>\n<audio class=\"wp-audio-shortcode\" id=\"audio-61306-20\" preload=\"none\" style=\"width: 100%;\" controls=\"controls\"><source type=\"audio\/mpeg\" src=\"http:\/\/www.radiopiu.net\/wordpress\/wp-content\/uploads\/2018\/09\/gr-21-alleghe-hockey-veggiato.mp3?_=20\" \/><a href=\"http:\/\/www.radiopiu.net\/wordpress\/wp-content\/uploads\/2018\/09\/gr-21-alleghe-hockey-veggiato.mp3\">http:\/\/www.radiopiu.net\/wordpress\/wp-content\/uploads\/2018\/09\/gr-21-alleghe-hockey-veggiato.mp3<\/a><\/audio>\n<p>&nbsp;<\/p>\n<p>&nbsp;<\/p>\n<p>&nbsp;<\/p>\n<p>&nbsp;<\/p>\n<p><a class=\"dt-pswp-item\" href=\"http:\/\/www.radiopiu.net\/wordpress\/wp-content\/uploads\/2018\/09\/WhatsApp-Image-2018-09-20-at-16.04.06.jpeg\" data-dt-img-description=\"\" data-large_image_width=\"800\" data-large_image_height=\"100\"><img loading=\"lazy\" decoding=\"async\" class=\"alignnone wp-image-61378 size-full\" src=\"http:\/\/www.radiopiu.net\/wordpress\/wp-content\/uploads\/2018\/09\/WhatsApp-Image-2018-09-20-at-16.04.06.jpeg\" alt=\"\" width=\"800\" height=\"100\" srcset=\"https:\/\/www.radiopiu.net\/wordpress\/wp-content\/uploads\/2018\/09\/WhatsApp-Image-2018-09-20-at-16.04.06.jpeg 800w, https:\/\/www.radiopiu.net\/wordpress\/wp-content\/uploads\/2018\/09\/WhatsApp-Image-2018-09-20-at-16.04.06-300x38.jpeg 300w, https:\/\/www.radiopiu.net\/wordpress\/wp-content\/uploads\/2018\/09\/WhatsApp-Image-2018-09-20-at-16.04.06-768x96.jpeg 768w\" sizes=\"auto, (max-width: 800px) 100vw, 800px\" \/><\/a><\/p>\n<h1>PREVISIONI DEL TEMPO DA OGGI A LUNEDI<\/h1>\n<p><strong>Venerdi 21<\/strong><br \/>\nTempo atteso: Tempo perlopi\u00f9 soleggiato, con cielo sereno fino a buona parte del pomeriggio, seguito da un aumento della nuvolosit\u00e0 perlopi\u00f9 per nubi alte, a partire dalle Dolomiti, senza alcun fenomeno. Clima diurno ancora pressoch\u00e9 estivo.<br \/>\nPrecipitazioni: Assenti (0%).<br \/>\nTemperature: Senza notevoli variazioni. Su Prealpi a 1500 m min 12\u00b0C max 17\u00b0C, a 2000 m min 10\u00b0C max 13\u00b0C. Su Dolomiti a 2000 m min 8\u00b0C max 14\u00b0C, a 3000 m min 3\u00b0C max 7\u00b0C.<br \/>\nVenti: Nelle valli da deboli a moderati a regime di brezza; in quota generalmente deboli occidentali, a 5-10 km\/h a 2000 m, 10-20 km\/h a 3000 m.<br \/>\n<strong>Sabato 22<\/strong><br \/>\nTempo atteso: Giornata in buona parte nuvolosa, sia per nubi cumuliformi irregolari che per estese nubi alte, con qualche fenomeno possibile specie verso Est. Lieve calo termico diurno.<br \/>\nPrecipitazioni: Fino a met\u00e0 mattina generalmente assenti (0\/20%); dalla tarda mattinata fino a sera possibili locali rovesci o isolati temporali; i fenomeni saranno pi\u00f9 probabili sulla provincia di Belluno, specie sui settori di confine con il Friuli Venezia Giulia (40\/60%), meno sui settori occidentali; sulle Prealpi veronesi e vicentine i fenomeni saranno pi\u00f9 sporadici, localmente anche del tutto assenti, ed eventualmente pi\u00f9 probabili al pomeriggio\/sera (30\/40%).<br \/>\nTemperature: Minime stazionarie in quota, in aumento nelle valli; massime in lieve calo. Su Prealpi a 1500 m min 12\u00b0C max 16\u00b0C, a 2000 m min 10\u00b0C max 12\u00b0C. Su Dolomiti a 2000 m min 8\u00b0C max 13\u00b0C, a 3000 m min 3\u00b0C max 6\u00b0C.<br \/>\nVenti: Nelle valli generalmente deboli; in quota in intensificazione fino a tesi occidentali, a 10-25 km\/h a 2000 m, 25-40 km\/h a 3000 m.<br \/>\n<strong>Domenica 23<\/strong><br \/>\nTempo in miglioramento con residua nuvolosit\u00e0 mattutina soprattutto sui settori orientali, seguita da ampie schiarite diurne. Clima pi\u00f9 fresco nelle valli, specie in caso di schiarite notturne, anormalmente mite in alta quota. Venti moderati\/tesi nord-occidentali in quota, in attenuazione.<br \/>\n<strong>Lunedi 24<\/strong><br \/>\nPossibile aumento della nuvolosit\u00e0 con qualche fenomeno sparso e sensibile calo termico, almeno in quota, entro la serata. Previsore: G.M.<\/p>\n","protected":false},"excerpt":{"rendered":"<p>ESCURSIONISTA MUORE COLTO DA MALORE CORTINA\u00a0 Ieri mattina l&#8217;elicottero del Suem di Pieve di Cadore \u00e8 decollato per raggiungere il sentiero che dal Rifugio Scoiattoli sale al Rifugio Averau, dove un escursionista della Repubblica Ceca di 70 anni, che si trovava in compagnia della moglie e di altre persone, \u00e8 stato colto da malore. Sbarcati&hellip;<\/p>\n","protected":false},"author":1,"featured_media":61414,"comment_status":"closed","ping_status":"closed","sticky":false,"template":"","format":"standard","meta":{"_monsterinsights_skip_tracking":false,"_monsterinsights_sitenote_active":false,"_monsterinsights_sitenote_note":"","_monsterinsights_sitenote_category":0,"footnotes":""},"categories":[1,86,49],"tags":[],"class_list":["post-61306","post","type-post","status-publish","format-standard","has-post-thumbnail","hentry","category-senza-categoria","category-gr","category-news-18","category-1","category-86","category-49","description-off"],"img_url":"https:\/\/www.radiopiu.net\/wordpress\/wp-content\/uploads\/2018\/09\/WhatsApp-Image-2018-09-18-at-13.42.08.jpeg","_links":{"self":[{"href":"https:\/\/www.radiopiu.net\/wordpress\/wp-json\/wp\/v2\/posts\/61306","targetHints":{"allow":["GET"]}}],"collection":[{"href":"https:\/\/www.radiopiu.net\/wordpress\/wp-json\/wp\/v2\/posts"}],"about":[{"href":"https:\/\/www.radiopiu.net\/wordpress\/wp-json\/wp\/v2\/types\/post"}],"author":[{"embeddable":true,"href":"https:\/\/www.radiopiu.net\/wordpress\/wp-json\/wp\/v2\/users\/1"}],"replies":[{"embeddable":true,"href":"https:\/\/www.radiopiu.net\/wordpress\/wp-json\/wp\/v2\/comments?post=61306"}],"version-history":[{"count":0,"href":"https:\/\/www.radiopiu.net\/wordpress\/wp-json\/wp\/v2\/posts\/61306\/revisions"}],"wp:featuredmedia":[{"embeddable":true,"href":"https:\/\/www.radiopiu.net\/wordpress\/wp-json\/wp\/v2\/media\/61414"}],"wp:attachment":[{"href":"https:\/\/www.radiopiu.net\/wordpress\/wp-json\/wp\/v2\/media?parent=61306"}],"wp:term":[{"taxonomy":"category","embeddable":true,"href":"https:\/\/www.radiopiu.net\/wordpress\/wp-json\/wp\/v2\/categories?post=61306"},{"taxonomy":"post_tag","embeddable":true,"href":"https:\/\/www.radiopiu.net\/wordpress\/wp-json\/wp\/v2\/tags?post=61306"}],"curies":[{"name":"wp","href":"https:\/\/api.w.org\/{rel}","templated":true}]}}