{"id":61311,"date":"2018-09-22T06:15:11","date_gmt":"2018-09-22T04:15:11","guid":{"rendered":"http:\/\/www.radiopiu.net\/wordpress\/?p=61311"},"modified":"2018-09-22T06:15:29","modified_gmt":"2018-09-22T04:15:29","slug":"domani-i-ciclisti-sulle-strade-dellagordino","status":"publish","type":"post","link":"https:\/\/www.radiopiu.net\/wordpress\/domani-i-ciclisti-sulle-strade-dellagordino\/","title":{"rendered":"OGGI  I CICLISTI SULLE STRADE DELL&#8217;AGORDINO"},"content":{"rendered":"<h1><\/h1>\n<p><strong><a class=\"dt-pswp-item\" href=\"http:\/\/www.radiopiu.net\/wordpress\/wp-content\/uploads\/2018\/09\/haute-route-dolomites-8-set-2017-valle-del-mis.jpg\" data-dt-img-description=\"\" data-large_image_width=\"2000\" data-large_image_height=\"1238\"><img loading=\"lazy\" decoding=\"async\" class=\" wp-image-61308 alignleft\" src=\"http:\/\/www.radiopiu.net\/wordpress\/wp-content\/uploads\/2018\/09\/haute-route-dolomites-8-set-2017-valle-del-mis-300x186.jpg\" alt=\"\" width=\"211\" height=\"131\" srcset=\"https:\/\/www.radiopiu.net\/wordpress\/wp-content\/uploads\/2018\/09\/haute-route-dolomites-8-set-2017-valle-del-mis-300x186.jpg 300w, https:\/\/www.radiopiu.net\/wordpress\/wp-content\/uploads\/2018\/09\/haute-route-dolomites-8-set-2017-valle-del-mis-768x475.jpg 768w, https:\/\/www.radiopiu.net\/wordpress\/wp-content\/uploads\/2018\/09\/haute-route-dolomites-8-set-2017-valle-del-mis-1024x634.jpg 1024w, https:\/\/www.radiopiu.net\/wordpress\/wp-content\/uploads\/2018\/09\/haute-route-dolomites-8-set-2017-valle-del-mis.jpg 2000w\" sizes=\"auto, (max-width: 211px) 100vw, 211px\" \/><\/a>ASCOLTA LO SPECIALE ANDATO IN ONDA SU RADIO PIU.<\/strong>\u00a0Davide Marchegiano, direttore di gara e responsabile tracciatura percorsi dell&#8217;\u00a0Haute Route Dolomites 2018, evento di tre giorni che portera&#8217; da venerdi&#8217; a domenica centinaia di ciclisti nelle strade dolomitiche. Per sabato e&#8217; in programma il classico giro del rolle, con passaggi sul passo valles, forcella aurine, passo cereda e passo rolle. non sono previsti particolari disagi al traffico, se non una chiusura momentanea per pochissimi minuti dal passaggio del primo concorrente. i dettagli nel servizio.<\/p>\n<audio class=\"wp-audio-shortcode\" id=\"audio-61311-1\" preload=\"none\" style=\"width: 100%;\" controls=\"controls\"><source type=\"audio\/mpeg\" src=\"http:\/\/www.radiopiu.net\/wordpress\/wp-content\/uploads\/2018\/09\/houte-route.mp3?_=1\" \/><a href=\"http:\/\/www.radiopiu.net\/wordpress\/wp-content\/uploads\/2018\/09\/houte-route.mp3\">http:\/\/www.radiopiu.net\/wordpress\/wp-content\/uploads\/2018\/09\/houte-route.mp3<\/a><\/audio>\n<p><strong><a class=\"dt-pswp-item\" href=\"http:\/\/www.radiopiu.net\/wordpress\/wp-content\/uploads\/2018\/09\/haute-route-dolomites-8-set-2017-passo-san-boldo.jpg\" data-dt-img-description=\"\" data-large_image_width=\"2000\" data-large_image_height=\"1335\"><img loading=\"lazy\" decoding=\"async\" class=\"size-medium wp-image-61307 alignleft\" src=\"http:\/\/www.radiopiu.net\/wordpress\/wp-content\/uploads\/2018\/09\/haute-route-dolomites-8-set-2017-passo-san-boldo-300x200.jpg\" alt=\"\" width=\"300\" height=\"200\" srcset=\"https:\/\/www.radiopiu.net\/wordpress\/wp-content\/uploads\/2018\/09\/haute-route-dolomites-8-set-2017-passo-san-boldo-300x200.jpg 300w, https:\/\/www.radiopiu.net\/wordpress\/wp-content\/uploads\/2018\/09\/haute-route-dolomites-8-set-2017-passo-san-boldo-768x513.jpg 768w, https:\/\/www.radiopiu.net\/wordpress\/wp-content\/uploads\/2018\/09\/haute-route-dolomites-8-set-2017-passo-san-boldo-1024x684.jpg 1024w, https:\/\/www.radiopiu.net\/wordpress\/wp-content\/uploads\/2018\/09\/haute-route-dolomites-8-set-2017-passo-san-boldo.jpg 2000w\" sizes=\"auto, (max-width: 300px) 100vw, 300px\" \/><\/a>PREDAZZO\u00a0<\/strong>\u00a0Anche quest&#8217;anno percorrer\u00e0 le strade della provincia di Belluno la Haute Route Dolomites, evento della serie Haute Route, uno dei massimo circuiti mondiali per quanto riguarda il ciclismo amatoriale, proposto da OC Sport (www.ocsport.com).\u00a0Un evento che negli anni passati ha percorso tanti chilometri nel Bellunese, facendo ad esempio tappa a Cortina d&#8217;Ampezzo ma anche scalando i passi Giau, Falzarego, Fedaia e San Boldo.\u00a0L&#8217;appuntamento 2018 sulle strade bellunesi \u00e8 per sabato, 22 settembre, con la seconda frazione della manifestazione che quest&#8217;anno far\u00e0 base a Predazzo (Trento) e che si articoler\u00e0 su tre giornate. Domani, la prima tappa, sar\u00e0 la Predazzo \u2013 Passo Sella, 123 chilometri con ascese ai passi Lavaz\u00e8, Nigra e Pinei. Domani\u00a0\u00a0la seconda tappa sar\u00e0 la Predazzo-Predazzo e per gran parte si snoder\u00e0 lungo le strade dell&#8217; Agordino. Dopo il via dalla cittadina della Val di Fiemme (alle 7.30), i concorrenti saliranno verso il Passo Valles (2.032 metri di altitudine), salita di 6.7 chilometri, con pendenza media del 6.9 per cento. L&#8217;arrivo sul Valles del primo concorrente \u00e8 previsto per le 8.35, quello dell&#8217;ultimo per le 9.30. Dopo la discesa verso Falcade e Cencenighe, i concorrenti si dirigeranno verso Agordo e poi ricominceranno a salire verso Forcella Aurine (quasi 12 km, con pendenza media al 5.7), dove i transiti sono previsti tra le 10 e le 12. Quindi, discesa su Gosaldo prima di riprendere a salire verso il passo Cereda, salita breve ma ostica (3.5 km, con pendenza media dell&#8217;8.5) che costituisce la terza e penultima salita di giornata (l&#8217;ultima sar\u00e0 il passo Rolle) prima del traguardo.\u00a0<strong>\u00abDa sottolineare \u00e8 il fatto che questa manifestazione \u00e8 una ciclosportiva: la classifica di tappa sar\u00e0 infatti determinata dalla somma dei tempi ottenuta nei tratti cronometrati e i diversi valichi sui quali transiteremo non saranno chiusi\u00bb.\u00a0\u00a0\u00a0<\/strong>Per tutte le informazioni su\u00a0Haute Route Dolomites:\u00a0\u00a0<a href=\"https:\/\/www.hauteroute.org\/events\/overview\/dolomites-201\">CLICCA QU<\/a><\/p>\n","protected":false},"excerpt":{"rendered":"<p>ASCOLTA LO SPECIALE ANDATO IN ONDA SU RADIO PIU.\u00a0Davide Marchegiano, direttore di gara e responsabile tracciatura percorsi dell&#8217;\u00a0Haute Route Dolomites 2018, evento di tre giorni che portera&#8217; da venerdi&#8217; a domenica centinaia di ciclisti nelle strade dolomitiche. Per sabato e&#8217; in programma il classico giro del rolle, con passaggi sul passo valles, forcella aurine, passo&hellip;<\/p>\n","protected":false},"author":1,"featured_media":61307,"comment_status":"closed","ping_status":"closed","sticky":false,"template":"","format":"standard","meta":{"_monsterinsights_skip_tracking":false,"_monsterinsights_sitenote_active":false,"_monsterinsights_sitenote_note":"","_monsterinsights_sitenote_category":0,"footnotes":""},"categories":[49,72],"tags":[],"class_list":["post-61311","post","type-post","status-publish","format-standard","has-post-thumbnail","hentry","category-news-18","category-sport","category-49","category-72","description-off"],"img_url":"https:\/\/www.radiopiu.net\/wordpress\/wp-content\/uploads\/2018\/09\/haute-route-dolomites-8-set-2017-passo-san-boldo.jpg","_links":{"self":[{"href":"https:\/\/www.radiopiu.net\/wordpress\/wp-json\/wp\/v2\/posts\/61311","targetHints":{"allow":["GET"]}}],"collection":[{"href":"https:\/\/www.radiopiu.net\/wordpress\/wp-json\/wp\/v2\/posts"}],"about":[{"href":"https:\/\/www.radiopiu.net\/wordpress\/wp-json\/wp\/v2\/types\/post"}],"author":[{"embeddable":true,"href":"https:\/\/www.radiopiu.net\/wordpress\/wp-json\/wp\/v2\/users\/1"}],"replies":[{"embeddable":true,"href":"https:\/\/www.radiopiu.net\/wordpress\/wp-json\/wp\/v2\/comments?post=61311"}],"version-history":[{"count":0,"href":"https:\/\/www.radiopiu.net\/wordpress\/wp-json\/wp\/v2\/posts\/61311\/revisions"}],"wp:featuredmedia":[{"embeddable":true,"href":"https:\/\/www.radiopiu.net\/wordpress\/wp-json\/wp\/v2\/media\/61307"}],"wp:attachment":[{"href":"https:\/\/www.radiopiu.net\/wordpress\/wp-json\/wp\/v2\/media?parent=61311"}],"wp:term":[{"taxonomy":"category","embeddable":true,"href":"https:\/\/www.radiopiu.net\/wordpress\/wp-json\/wp\/v2\/categories?post=61311"},{"taxonomy":"post_tag","embeddable":true,"href":"https:\/\/www.radiopiu.net\/wordpress\/wp-json\/wp\/v2\/tags?post=61311"}],"curies":[{"name":"wp","href":"https:\/\/api.w.org\/{rel}","templated":true}]}}