{"id":61313,"date":"2018-09-20T15:35:04","date_gmt":"2018-09-20T13:35:04","guid":{"rendered":"http:\/\/www.radiopiu.net\/wordpress\/?p=61313"},"modified":"2018-09-20T15:35:04","modified_gmt":"2018-09-20T13:35:04","slug":"escursionista-muore-colto-da-malore","status":"publish","type":"post","link":"https:\/\/www.radiopiu.net\/wordpress\/escursionista-muore-colto-da-malore\/","title":{"rendered":"ESCURSIONISTA MUORE COLTO DA MALORE"},"content":{"rendered":"<p>&nbsp;<\/p>\n<p><strong><a class=\"dt-pswp-item\" href=\"http:\/\/www.radiopiu.net\/wordpress\/wp-content\/uploads\/2018\/09\/IMG-20180920-WA0005.jpg\" data-dt-img-description=\"\" data-large_image_width=\"1368\" data-large_image_height=\"765\"><img loading=\"lazy\" decoding=\"async\" class=\"size-medium wp-image-61310 alignleft\" src=\"http:\/\/www.radiopiu.net\/wordpress\/wp-content\/uploads\/2018\/09\/IMG-20180920-WA0005-300x168.jpg\" alt=\"\" width=\"300\" height=\"168\" srcset=\"https:\/\/www.radiopiu.net\/wordpress\/wp-content\/uploads\/2018\/09\/IMG-20180920-WA0005-300x168.jpg 300w, https:\/\/www.radiopiu.net\/wordpress\/wp-content\/uploads\/2018\/09\/IMG-20180920-WA0005-768x429.jpg 768w, https:\/\/www.radiopiu.net\/wordpress\/wp-content\/uploads\/2018\/09\/IMG-20180920-WA0005-1024x573.jpg 1024w, https:\/\/www.radiopiu.net\/wordpress\/wp-content\/uploads\/2018\/09\/IMG-20180920-WA0005.jpg 1368w\" sizes=\"auto, (max-width: 300px) 100vw, 300px\" \/><\/a>CORTINA<\/strong>\u00a0 Questa mattina attorno alle 10.15 l&#8217;elicottero del Suem di Pieve di Cadore \u00e8 decollato per raggiungere il sentiero che dal Rifugio Scoiattoli sale al Rifugio Averau, dove un escursionista della Repubblica Ceca di 70 anni, che si trovava in compagnia della moglie e di altre persone, era stato colto da malore. Sbarcati in hovering nelle vicinanze, tecnico del Soccorso alpino dell&#8217;equipaggio, medico e infermiere sono subentrati nelle manovre di rianimazione a chi gi\u00e0 stava cercando di aiutare l&#8217;uomo. Purtroppo, dopo aver a lungo tentato, non \u00e8 rimasto che constatarne il decesso. La salma ricomposta e imbarellata \u00e8 stata trasportata con un verricello fino alla strada e l\u00ec affidata a una squadra del Sagf di Cortina in attesa dell&#8217;arrivo del carro funebre.<\/p>\n","protected":false},"excerpt":{"rendered":"<p>&nbsp; CORTINA\u00a0 Questa mattina attorno alle 10.15 l&#8217;elicottero del Suem di Pieve di Cadore \u00e8 decollato per raggiungere il sentiero che dal Rifugio Scoiattoli sale al Rifugio Averau, dove un escursionista della Repubblica Ceca di 70 anni, che si trovava in compagnia della moglie e di altre persone, era stato colto da malore. Sbarcati in&hellip;<\/p>\n","protected":false},"author":1,"featured_media":61310,"comment_status":"closed","ping_status":"closed","sticky":false,"template":"","format":"standard","meta":{"_monsterinsights_skip_tracking":false,"_monsterinsights_sitenote_active":false,"_monsterinsights_sitenote_note":"","_monsterinsights_sitenote_category":0,"footnotes":""},"categories":[51,49],"tags":[],"class_list":["post-61313","post","type-post","status-publish","format-standard","has-post-thumbnail","hentry","category-evidenza-top","category-news-18","category-51","category-49","description-off"],"img_url":"https:\/\/www.radiopiu.net\/wordpress\/wp-content\/uploads\/2018\/09\/IMG-20180920-WA0005.jpg","_links":{"self":[{"href":"https:\/\/www.radiopiu.net\/wordpress\/wp-json\/wp\/v2\/posts\/61313","targetHints":{"allow":["GET"]}}],"collection":[{"href":"https:\/\/www.radiopiu.net\/wordpress\/wp-json\/wp\/v2\/posts"}],"about":[{"href":"https:\/\/www.radiopiu.net\/wordpress\/wp-json\/wp\/v2\/types\/post"}],"author":[{"embeddable":true,"href":"https:\/\/www.radiopiu.net\/wordpress\/wp-json\/wp\/v2\/users\/1"}],"replies":[{"embeddable":true,"href":"https:\/\/www.radiopiu.net\/wordpress\/wp-json\/wp\/v2\/comments?post=61313"}],"version-history":[{"count":0,"href":"https:\/\/www.radiopiu.net\/wordpress\/wp-json\/wp\/v2\/posts\/61313\/revisions"}],"wp:featuredmedia":[{"embeddable":true,"href":"https:\/\/www.radiopiu.net\/wordpress\/wp-json\/wp\/v2\/media\/61310"}],"wp:attachment":[{"href":"https:\/\/www.radiopiu.net\/wordpress\/wp-json\/wp\/v2\/media?parent=61313"}],"wp:term":[{"taxonomy":"category","embeddable":true,"href":"https:\/\/www.radiopiu.net\/wordpress\/wp-json\/wp\/v2\/categories?post=61313"},{"taxonomy":"post_tag","embeddable":true,"href":"https:\/\/www.radiopiu.net\/wordpress\/wp-json\/wp\/v2\/tags?post=61313"}],"curies":[{"name":"wp","href":"https:\/\/api.w.org\/{rel}","templated":true}]}}