{"id":61349,"date":"2018-09-20T17:20:46","date_gmt":"2018-09-20T15:20:46","guid":{"rendered":"http:\/\/www.radiopiu.net\/wordpress\/?p=61349"},"modified":"2018-09-20T17:20:46","modified_gmt":"2018-09-20T15:20:46","slug":"il-parco-dolomiti-bellunesi-protagonista-a-linea-verde","status":"publish","type":"post","link":"https:\/\/www.radiopiu.net\/wordpress\/il-parco-dolomiti-bellunesi-protagonista-a-linea-verde\/","title":{"rendered":"Il Parco Dolomiti Bellunesi protagonista a Linea Verde"},"content":{"rendered":"<p align=\"CENTER\">\n<p align=\"CENTER\"><em><span style=\"font-family: Arial, sans-serif;\"><span style=\"font-size: large;\">sabato\u00a0 su RAI 1, alle 12.20<\/span><\/span><\/em><\/p>\n<p align=\"JUSTIFY\"><span style=\"font-family: Arial, sans-serif;\"><span style=\"font-size: small;\"><strong><a class=\"dt-pswp-item\" href=\"http:\/\/www.radiopiu.net\/wordpress\/wp-content\/uploads\/2018\/09\/download-8.jpg\" data-dt-img-description=\"\" data-large_image_width=\"260\" data-large_image_height=\"194\"><img loading=\"lazy\" decoding=\"async\" class=\"size-full wp-image-61347 alignleft\" src=\"http:\/\/www.radiopiu.net\/wordpress\/wp-content\/uploads\/2018\/09\/download-8.jpg\" alt=\"\" width=\"260\" height=\"194\" \/><\/a>FELTRE<\/strong> Linea Verde, il popolare programma di Rai 1 che da oltre mezzo secolo racconta l&#8217;agricoltura italiana e le sue eccellenze, fa tappa al Parco Nazionale Dolomiti Bellunesi.\u00a0<\/span><\/span><span style=\"font-family: Arial, sans-serif;\"><span style=\"font-size: small;\">Nella puntata in onda\u00a0<b>\u00a0sabato\u00a0<\/b><\/span><\/span><span style=\"font-family: Arial, sans-serif;\"><span style=\"font-size: small;\">alle <\/span><\/span><span style=\"font-family: Arial, sans-serif;\"><span style=\"font-size: small;\"><b>\u00a012.20<\/b><\/span><\/span><span style=\"font-family: Arial, sans-serif;\"><span style=\"font-size: small;\"> sono protagonisti il Bellunese e il Parco Nazionale.\u00a0<\/span><\/span><span style=\"font-family: Arial, sans-serif;\"><span style=\"font-size: small;\">All\u2019interno della puntata il conduttore, Marcello, Masi navigher\u00e0 in canoa sul lago del Mis, nel cuore del Parco, e illustrer\u00e0 ai telespettatori le attivit\u00e0 del Parco per lo studio e la tutela dei pesci che popolano i torrenti, realizzate grazie alla collaborazione con l\u2019Universit\u00e0 di Torino e con le associazioni locali dei pescatori;\u00a0<\/span><\/span>\u201c<span style=\"font-family: Arial, sans-serif;\"><span style=\"font-size: small;\">La trasmissione, ha dichiarato il Direttore del Parco, Antonio Andrich, \u00e8 una ulteriore occasione di promozione su scala nazionale del territorio Bellunese e del Parco Nazionale, che segue la puntata di Linea Bianca realizzata alla fine dello scorso inverno e precede due ulteriori appuntamenti, che andranno in onda prossimamente, frutto di una collaborazione del Parco con RAI 3 e la trasmissione Geo\u201d.<\/span><\/span><\/p>\n","protected":false},"excerpt":{"rendered":"<p>sabato\u00a0 su RAI 1, alle 12.20 FELTRE Linea Verde, il popolare programma di Rai 1 che da oltre mezzo secolo racconta l&#8217;agricoltura italiana e le sue eccellenze, fa tappa al Parco Nazionale Dolomiti Bellunesi.\u00a0Nella puntata in onda\u00a0\u00a0sabato\u00a0alle \u00a012.20 sono protagonisti il Bellunese e il Parco Nazionale.\u00a0All\u2019interno della puntata il conduttore, Marcello, Masi navigher\u00e0 in canoa&hellip;<\/p>\n","protected":false},"author":1,"featured_media":61347,"comment_status":"closed","ping_status":"closed","sticky":false,"template":"","format":"standard","meta":{"_monsterinsights_skip_tracking":false,"_monsterinsights_sitenote_active":false,"_monsterinsights_sitenote_note":"","_monsterinsights_sitenote_category":0,"footnotes":""},"categories":[49],"tags":[],"class_list":["post-61349","post","type-post","status-publish","format-standard","has-post-thumbnail","hentry","category-news-18","category-49","description-off"],"img_url":"https:\/\/www.radiopiu.net\/wordpress\/wp-content\/uploads\/2018\/09\/download-8.jpg","_links":{"self":[{"href":"https:\/\/www.radiopiu.net\/wordpress\/wp-json\/wp\/v2\/posts\/61349","targetHints":{"allow":["GET"]}}],"collection":[{"href":"https:\/\/www.radiopiu.net\/wordpress\/wp-json\/wp\/v2\/posts"}],"about":[{"href":"https:\/\/www.radiopiu.net\/wordpress\/wp-json\/wp\/v2\/types\/post"}],"author":[{"embeddable":true,"href":"https:\/\/www.radiopiu.net\/wordpress\/wp-json\/wp\/v2\/users\/1"}],"replies":[{"embeddable":true,"href":"https:\/\/www.radiopiu.net\/wordpress\/wp-json\/wp\/v2\/comments?post=61349"}],"version-history":[{"count":0,"href":"https:\/\/www.radiopiu.net\/wordpress\/wp-json\/wp\/v2\/posts\/61349\/revisions"}],"wp:featuredmedia":[{"embeddable":true,"href":"https:\/\/www.radiopiu.net\/wordpress\/wp-json\/wp\/v2\/media\/61347"}],"wp:attachment":[{"href":"https:\/\/www.radiopiu.net\/wordpress\/wp-json\/wp\/v2\/media?parent=61349"}],"wp:term":[{"taxonomy":"category","embeddable":true,"href":"https:\/\/www.radiopiu.net\/wordpress\/wp-json\/wp\/v2\/categories?post=61349"},{"taxonomy":"post_tag","embeddable":true,"href":"https:\/\/www.radiopiu.net\/wordpress\/wp-json\/wp\/v2\/tags?post=61349"}],"curies":[{"name":"wp","href":"https:\/\/api.w.org\/{rel}","templated":true}]}}