{"id":61351,"date":"2018-09-20T17:25:03","date_gmt":"2018-09-20T15:25:03","guid":{"rendered":"http:\/\/www.radiopiu.net\/wordpress\/?p=61351"},"modified":"2018-09-20T18:53:15","modified_gmt":"2018-09-20T16:53:15","slug":"associazione-cittadini-per-il-recupero-della-gabelli","status":"publish","type":"post","link":"https:\/\/www.radiopiu.net\/wordpress\/associazione-cittadini-per-il-recupero-della-gabelli\/","title":{"rendered":"Associazione Cittadini per il recupero della Gabelli"},"content":{"rendered":"<p><a class=\"dt-pswp-item\" href=\"http:\/\/www.radiopiu.net\/wordpress\/wp-content\/uploads\/2017\/10\/GABE.jpg\" data-dt-img-description=\"\" data-large_image_width=\"240\" data-large_image_height=\"243\"><img loading=\"lazy\" decoding=\"async\" class=\"size-full wp-image-37273 alignleft\" src=\"http:\/\/www.radiopiu.net\/wordpress\/wp-content\/uploads\/2017\/10\/GABE.jpg\" alt=\"\" width=\"240\" height=\"243\" \/><\/a>Sabato 22 e domenica 23 settembre nel Chiostro rinascimentale del Seminario cittadino verranno riesposti i quaranta pannelli sulla scuola bellunese \u201cAristide Gabelli\u201d che costituiscono il cuore della mostra &#8220;La scuola pi\u00f9 bella d&#8217;Italia&#8221; allestita nell\u2019autunno 2015. Le visite guidate all\u2019esposizione consentiranno di ripercorrere la nascita e la vita della scuola cittadina, di conoscere Pierina Boranga e i progettisti, i due bellunesi fratelli Zadra, ma anche il contesto storico urbanistico cittadino a cavallo tra le due guerre che fu cornice alla costruzione della scuola e, infine, le illustri premesse storiche della scuola bellunese a partire dal 1820. Questo riallestimento sar\u00e0 l\u2019occasione per immergersi e riscoprire uno degli angoli pi\u00f9 belli e ricchi di storia del centro cittadino di Belluno, il Seminario che il bellunese papa Gregorio XVI volle intitolato a S. Gregorio Magno. Una visita guidata accompagner\u00e0 i gruppi di visitatori attraverso gli antichi chiostri a partire dal sagrato di San Pietro fino alla ex-chiesa di Santa Maria dei Battuti, godendo lungo il percorso delle bellezze storico architettoniche del Chiostro gotico, del Chiostro rinascimentale e del pi\u00f9 recente Chiostro del Lollino. A conclusione della visita la proiezione nell&#8217; Aula magna del Liceo Lollino di un video realizzato dagli studenti liceali sveler\u00e0 tutte le bellezze artistiche del Seminario Gregoriano. Il Seminario \u00e8 luogo di cultura e della conservazione libraria negli enti ecclesiastici della diocesi di Belluno-Feltre. Per conoscere anche questa sua ricchezza, in occasione della mostra, nel pomeriggio di domenica 23 sar\u00e0 aperta al pubblico la Biblioteca Gregoriana, nata nella prima met\u00e0 del XIX secolo da un importante lascito del Papa bellunese Gregorio XVI, e sar\u00e0 possibile accedere con delle visite guidate alla sua raccolta di testi di grande interesse storico locale.<br \/>\nDalla Biblioteca Gregoriana e dal lascito originario del Papa bellunese verranno anche tratti testi preziosi che saranno esposti per la prima volta al pubblico durante i due giorni di visita al Seminario: \u201cHarmonia Macroscopica\u201d opera di Andrea Cellario, volume di un atlante monumentale (Atlas Maior) stampato attorno al 1660 ad Amsterdam, la \u201cSolenne processione vaticana del Corpus Domini\u201d di Salvatore Busuttil del 1838 e il documento del 1694 che illustra lo spostamento dell&#8217;obelisco di Piazza San Pietro avvenuto nel 1586 sotto il pontificato di Sisto V. Ad arricchire ancor pi\u00f9 le visite in quei giorni il Seminario ospiter\u00e0 nel grande Chiostro gotico i concerti della Rassegna di musica giovanile secondo il seguente programma.<\/p>\n<blockquote><p>SABATO 22 SETTEMBRE ORE 11.00 &#8211; SCUOLA ARISTIDE GABELLI<br \/>\nIl coro \u201cMusica 2020\u201d della Scuola Gabelli, Direttore Maestra Anna Reolon<br \/>\nSABATO 22 SETTEMBRE ORE 17.00 &#8211; FILARMONICA DI BELLUNO 1867<br \/>\nLa Prima Banda della Filarmonica di Belluno 1867 nel concerto \u201cLa musica torna a scuola\u201d, Direttore M. Sandro De Marchi<br \/>\nDOMENICA 23 SETTEMBRE ORE 11.00 &#8211; SCUOLA DI MUSICA &#8220;ANTONIO MIARI&#8221;<br \/>\nEnsemble di chitarre \u201cThe Klock\u201d: Maria Vittoria Benzon, Raffaele Bez, Alice Carrera, Erica Da Val, Alessandro Lamberti, Olga Silvestri, Aicha Zatti, Direttore prof.ssa Barbara Dalla Valle<br \/>\nNei due giorni l\u2019accesso alla mostra, le visite guidate e i concerti saranno liberi, con orari di apertura 9:30-12.30 e 15:30-18:30, con ingresso dal sagrato della Chiesa di San Pietro.<\/p><\/blockquote>\n<p>Organizzata dall\u2019Associazione Cittadini per il recupero della Gabelli con il patrocinio e la partecipazione di: Seminario Gregoriano di Belluno, Associazione Amici del Liceo &#8220;Lollino&#8221;, Scuola elementare &#8220;Aristide Gabelli&#8221;, Filarmonica di Belluno 1867, Scuola comunale di Musica &#8220;Antonio Miari&#8221; e Delegazione di Belluno FAI Giovani<\/p>\n","protected":false},"excerpt":{"rendered":"<p>Sabato 22 e domenica 23 settembre nel Chiostro rinascimentale del Seminario cittadino verranno riesposti i quaranta pannelli sulla scuola bellunese \u201cAristide Gabelli\u201d che costituiscono il cuore della mostra &#8220;La scuola pi\u00f9 bella d&#8217;Italia&#8221; allestita nell\u2019autunno 2015. Le visite guidate all\u2019esposizione consentiranno di ripercorrere la nascita e la vita della scuola cittadina, di conoscere Pierina Boranga&hellip;<\/p>\n","protected":false},"author":1,"featured_media":0,"comment_status":"closed","ping_status":"closed","sticky":false,"template":"","format":"standard","meta":{"_monsterinsights_skip_tracking":false,"_monsterinsights_sitenote_active":false,"_monsterinsights_sitenote_note":"","_monsterinsights_sitenote_category":0,"footnotes":""},"categories":[1,49],"tags":[],"class_list":["post-61351","post","type-post","status-publish","format-standard","hentry","category-senza-categoria","category-news-18","category-1","category-49","description-off"],"img_url":false,"_links":{"self":[{"href":"https:\/\/www.radiopiu.net\/wordpress\/wp-json\/wp\/v2\/posts\/61351","targetHints":{"allow":["GET"]}}],"collection":[{"href":"https:\/\/www.radiopiu.net\/wordpress\/wp-json\/wp\/v2\/posts"}],"about":[{"href":"https:\/\/www.radiopiu.net\/wordpress\/wp-json\/wp\/v2\/types\/post"}],"author":[{"embeddable":true,"href":"https:\/\/www.radiopiu.net\/wordpress\/wp-json\/wp\/v2\/users\/1"}],"replies":[{"embeddable":true,"href":"https:\/\/www.radiopiu.net\/wordpress\/wp-json\/wp\/v2\/comments?post=61351"}],"version-history":[{"count":0,"href":"https:\/\/www.radiopiu.net\/wordpress\/wp-json\/wp\/v2\/posts\/61351\/revisions"}],"wp:attachment":[{"href":"https:\/\/www.radiopiu.net\/wordpress\/wp-json\/wp\/v2\/media?parent=61351"}],"wp:term":[{"taxonomy":"category","embeddable":true,"href":"https:\/\/www.radiopiu.net\/wordpress\/wp-json\/wp\/v2\/categories?post=61351"},{"taxonomy":"post_tag","embeddable":true,"href":"https:\/\/www.radiopiu.net\/wordpress\/wp-json\/wp\/v2\/tags?post=61351"}],"curies":[{"name":"wp","href":"https:\/\/api.w.org\/{rel}","templated":true}]}}