{"id":61370,"date":"2018-09-20T17:57:59","date_gmt":"2018-09-20T15:57:59","guid":{"rendered":"http:\/\/www.radiopiu.net\/wordpress\/?p=61370"},"modified":"2018-09-20T18:52:56","modified_gmt":"2018-09-20T16:52:56","slug":"settimana-europea-della-mobilita-sostenibile-feltre-in-campo","status":"publish","type":"post","link":"https:\/\/www.radiopiu.net\/wordpress\/settimana-europea-della-mobilita-sostenibile-feltre-in-campo\/","title":{"rendered":"Settimana Europea della Mobilit\u00e0 Sostenibile: Feltre in campo"},"content":{"rendered":"<p>&nbsp;<\/p>\n<p><strong><a class=\"dt-pswp-item\" href=\"http:\/\/www.radiopiu.net\/wordpress\/wp-content\/uploads\/2018\/09\/IMG_20180920_110118.jpg\" data-dt-img-description=\"\" data-large_image_width=\"4887\" data-large_image_height=\"2817\"><img loading=\"lazy\" decoding=\"async\" class=\"size-medium wp-image-61371 alignleft\" src=\"http:\/\/www.radiopiu.net\/wordpress\/wp-content\/uploads\/2018\/09\/IMG_20180920_110118-300x173.jpg\" alt=\"\" width=\"300\" height=\"173\" srcset=\"https:\/\/www.radiopiu.net\/wordpress\/wp-content\/uploads\/2018\/09\/IMG_20180920_110118-300x173.jpg 300w, https:\/\/www.radiopiu.net\/wordpress\/wp-content\/uploads\/2018\/09\/IMG_20180920_110118-768x443.jpg 768w, https:\/\/www.radiopiu.net\/wordpress\/wp-content\/uploads\/2018\/09\/IMG_20180920_110118-1024x590.jpg 1024w\" sizes=\"auto, (max-width: 300px) 100vw, 300px\" \/><\/a>FELTRE<\/strong> \u201cCambia e vai!\u201d \u00e8 lo slogan della Settimana Europea della Mobilit\u00e0 Sostenibile, in programma dal 16 al 22 settembre e dedicata, in particolar modo, alla mobilit\u00e0 inter-modale. Il Comune di Feltre, da tempo attento ed attivo alle politiche di di questo ambito, ha dato la propria adesione all&#8217;iniziativa, declinandola in tre azioni diverse. Anzitutto, per quanto riguarda l&#8217;aspetto infrastrutturale e permanente, con il varo ufficiale dei nuovi marciapiedi ciclopedonali di via Segusini, realizzati proprio all&#8217;intersezione del primo tratto della ciclabile Feltre-Pedavena e dotati di una serie di accorgimenti a maggior tutela dei pedoni e dei ciclisti.<br \/>\nPer la proposta culturale l&#8217;evento centrale, realizzato in collaborazione con il Parco Nazionale Dolomiti Bellunesi nell&#8217;ambito delle iniziative per i 25 anni di attivit\u00e0, si svolger\u00e0 invece sabato pomeriggio con inizio alle 17 nella Sala degli Stemmi del municipio di Feltre. Ospite d&#8217;eccezione Wu Ming 2, del collettivo di scrittori Wu Ming, che incontrer\u00e0 i cittadini in un confronto-lettura-dialogo sul diritto dei viandanti, sulla mobilit\u00e0 lenta e leggera alternativa all&#8217;alta velocit\u00e0 e alle grandi opere e sull&#8217;interesse e le potenzialit\u00e0 creative degli spazi marginali e abbandonati. L&#8217;incontro prender\u00e0 spunto anche da \u201cIl sentiero luminoso\u201d, l&#8217;ultimo libro della sua trilogia legata al tema del camminare.<br \/>\nDomenica 23 \u00e8 poi in programma la Grande Pedalata della Val Belluna, organizzata da FIAB Belluno e Feltre in collaborazione con i comuni della zona attraversata: un&#8217;occasione per conoscere le potenzialit\u00e0 dell&#8217;anello ciclabile Belluno- Feltre, le connessioni gi\u00e0 realizzate e i tratti ancora da completare e sperimentare una modalit\u00e0 di spostamento per l&#8217;appunto inter-modale: Trenitalia e Dolomiti Bus forniranno infatti il servizio di trasporto delle biciclette per coloro che vorranno muoversi, anche per il rientro a casa, senza l&#8217;utilizzo dell&#8217;auto.<br \/>\nTutte le informazioni e le prenotazioni su www.bellunoinbici.it.<br \/>\n\u201cLe azioni proposte nella Settimana della Mobilit\u00e0 Sostenibile sono in continuit\u00e0 con altri interventi di prossima attuazione che riguardano in particolare un servizio di bike sharing anche per le biciclette a pedalata assistita, l&#8217;installazione delle colonnine di ricarica per le auto elettriche in collaborazione con Enel, e la progettazione e realizzazione di altri percorsi ciclopedonali previsti nella programmazione amministrativa. Gli obiettivi dell&#8217;Europa, che prevedono per il 2030 la logistica e la mobilit\u00e0 urbana a zero emissioni e per il 2050 l&#8217;eliminazione delle auto convenzionali, ci spingono ad affrontare questi argomenti con sempre maggiore impegno, per uno stile di vita che salvaguardi l&#8217;ambiente, la qualit\u00e0 della vita e delle relazioni di comunit\u00e0 e tuteli la salute dei cittadini\u201d, conclude Bonan.<\/p>\n","protected":false},"excerpt":{"rendered":"<p>&nbsp; FELTRE \u201cCambia e vai!\u201d \u00e8 lo slogan della Settimana Europea della Mobilit\u00e0 Sostenibile, in programma dal 16 al 22 settembre e dedicata, in particolar modo, alla mobilit\u00e0 inter-modale. Il Comune di Feltre, da tempo attento ed attivo alle politiche di di questo ambito, ha dato la propria adesione all&#8217;iniziativa, declinandola in tre azioni diverse.&hellip;<\/p>\n","protected":false},"author":1,"featured_media":61372,"comment_status":"closed","ping_status":"closed","sticky":false,"template":"","format":"standard","meta":{"_monsterinsights_skip_tracking":false,"_monsterinsights_sitenote_active":false,"_monsterinsights_sitenote_note":"","_monsterinsights_sitenote_category":0,"footnotes":""},"categories":[49],"tags":[],"class_list":["post-61370","post","type-post","status-publish","format-standard","has-post-thumbnail","hentry","category-news-18","category-49","description-off"],"img_url":"https:\/\/www.radiopiu.net\/wordpress\/wp-content\/uploads\/2018\/09\/IMG_20180920_110251.jpg","_links":{"self":[{"href":"https:\/\/www.radiopiu.net\/wordpress\/wp-json\/wp\/v2\/posts\/61370","targetHints":{"allow":["GET"]}}],"collection":[{"href":"https:\/\/www.radiopiu.net\/wordpress\/wp-json\/wp\/v2\/posts"}],"about":[{"href":"https:\/\/www.radiopiu.net\/wordpress\/wp-json\/wp\/v2\/types\/post"}],"author":[{"embeddable":true,"href":"https:\/\/www.radiopiu.net\/wordpress\/wp-json\/wp\/v2\/users\/1"}],"replies":[{"embeddable":true,"href":"https:\/\/www.radiopiu.net\/wordpress\/wp-json\/wp\/v2\/comments?post=61370"}],"version-history":[{"count":0,"href":"https:\/\/www.radiopiu.net\/wordpress\/wp-json\/wp\/v2\/posts\/61370\/revisions"}],"wp:featuredmedia":[{"embeddable":true,"href":"https:\/\/www.radiopiu.net\/wordpress\/wp-json\/wp\/v2\/media\/61372"}],"wp:attachment":[{"href":"https:\/\/www.radiopiu.net\/wordpress\/wp-json\/wp\/v2\/media?parent=61370"}],"wp:term":[{"taxonomy":"category","embeddable":true,"href":"https:\/\/www.radiopiu.net\/wordpress\/wp-json\/wp\/v2\/categories?post=61370"},{"taxonomy":"post_tag","embeddable":true,"href":"https:\/\/www.radiopiu.net\/wordpress\/wp-json\/wp\/v2\/tags?post=61370"}],"curies":[{"name":"wp","href":"https:\/\/api.w.org\/{rel}","templated":true}]}}