{"id":61405,"date":"2018-09-21T06:07:33","date_gmt":"2018-09-21T04:07:33","guid":{"rendered":"http:\/\/www.radiopiu.net\/wordpress\/?p=61405"},"modified":"2018-09-21T06:07:33","modified_gmt":"2018-09-21T04:07:33","slug":"asca-per-la-demenza-nuovo-centro-sollievo-per-anziani-a-rocca-pietore","status":"publish","type":"post","link":"https:\/\/www.radiopiu.net\/wordpress\/asca-per-la-demenza-nuovo-centro-sollievo-per-anziani-a-rocca-pietore\/","title":{"rendered":"ASCA PER LA DEMENZA, NUOVO CENTRO SOLLIEVO PER ANZIANI A ROCCA PIETORE\u00a0"},"content":{"rendered":"<h1><\/h1>\n<blockquote><p><em>LA CURA: apre il quarto centro sollievo dell&#8217;Agordino e si collabora con l&#8217;asilo nido<\/em><\/p><\/blockquote>\n<p><strong><a class=\"dt-pswp-item\" href=\"http:\/\/www.radiopiu.net\/wordpress\/wp-content\/uploads\/2018\/07\/logo-asca.png\" data-dt-img-description=\"\" data-large_image_width=\"182\" data-large_image_height=\"100\"><img loading=\"lazy\" decoding=\"async\" class=\" wp-image-53885 alignleft\" src=\"http:\/\/www.radiopiu.net\/wordpress\/wp-content\/uploads\/2018\/07\/logo-asca.png\" alt=\"\" width=\"284\" height=\"156\" \/><\/a>AGORDO<\/strong> Nella giornata mondiale dell&#8217;Alzheimer (21 settembre) ASCA ricorda il suo impegno per sostenere le persone malate di demenza e in particolare la presenza di 3 Centri Sollievo ad Agordo, Cencenighe e Gosaldo ai quali si affiancher\u00e0 dall&#8217;11 ottobre quello di Rocca Pietore portando a 4, sui 10 operativi in tutta la Provincia, i \u201cPunti d&#8217;incontro e di benessere\u201d. Nati dall&#8217;omonimo \u201cProgetto Sollievo\u201d della Regione Veneto, a a favore delle persone affette da iniziale decadimento cognitivo e a sostegno delle loro famiglie, sono gestiti da Stefania Troian, psicologa, con il costante ed essenziale contributo delle due assocciazioni di volontariato GAV e AUSER. Quest&#8217;ultimo (circolo El Broi), collaborer\u00e0 con i trasporti anche con il nuovo centro di Rocca Pietore che nasce in una splendida location in localit\u00e0 Bosco Verde presso la sala riunioni dell&#8217;associazione volontari ambulanze, protezione civile, soccorso alpino. La stessa associazione, su indicazione del Sindaco Andrea De Bernardin che ha accolto con entusiasmo la proposta di attivare nel suo territorio il nuovo servizio, collaborer\u00e0 attivamentte anche per lo svolgimento delle attivit\u00e0 proposte di volta in volta negli incontri settimanali facendo tesoro di modelli gi\u00e0 sperimentati come il progetto \u201cAd Agordo \u00e8 cos\u00ec\u201d. Realizzato in collaborazione con la responsabile del Nido \u201cArcobaleno\u201d di Agordo Giannina Sommavilla e l&#8217;insegnante Francesca per fare incontrare e interagire i bambini dai 2 ai 3 anni con gli anziani del Centro Sollievo di Agordo si \u00e8 svolto in 7 incontri e, oltre all&#8217;esibizione di filastrocche e canzoncine da parte dei bambini, si sono effettuate delle attivit\u00e0 ludiche per creare graffiti-disegni spontanei realizzati in coppia bambino-anziano.<\/p>\n<p><strong>LA PREVENZIONE: ASCA offre i test<\/strong><\/p>\n<p>A quante persone accade di pensare che la propria memoria non sia pi\u00f9 quella di una volta? Per verificare se la capacit\u00e0 di apprendimento, di memoria e di pensiero sono ancora intatte, ASCA promuove un nuovo servizio su tutto il territorio Agordino offrendo alle persone che lo desiderano e che hanno superato i 60 anni la possibilit\u00e0 di sottoporsi a un test che permette di intercettare, in modo veloce e sensibile, eventuali soggetti a rischio d&#8217;iniziale declino cognitivo da testare successivamente con modalit\u00e0 pi\u00f9 raffinate per una eventuale conferma diagnostica (General Practitioner Assessment Of Sognition). Per le persone che risultano potenzialmente a rischiodi declino cognitivo verr\u00e0 somministrato il Sage Test, un esame gerocognitivo, ideato dai ricercatori dell&#8217;Universit\u00e0 dell&#8217;Ohio coordinati dal docente Douglas Scharre. Il test, sperimentato su un campione di oltre 1000 persone, si \u00e8 rivelato uno strumento utile per determinare il declino cognitivo degli individui. Per ogni ulteriore informazione e per esprimere il proprio interesse chiamare il numero 349\/6262812 (risponde una professoressa di ASCA)<\/p>\n","protected":false},"excerpt":{"rendered":"<p>LA CURA: apre il quarto centro sollievo dell&#8217;Agordino e si collabora con l&#8217;asilo nido AGORDO Nella giornata mondiale dell&#8217;Alzheimer (21 settembre) ASCA ricorda il suo impegno per sostenere le persone malate di demenza e in particolare la presenza di 3 Centri Sollievo ad Agordo, Cencenighe e Gosaldo ai quali si affiancher\u00e0 dall&#8217;11 ottobre quello di&hellip;<\/p>\n","protected":false},"author":1,"featured_media":53885,"comment_status":"closed","ping_status":"closed","sticky":false,"template":"","format":"standard","meta":{"_monsterinsights_skip_tracking":false,"_monsterinsights_sitenote_active":false,"_monsterinsights_sitenote_note":"","_monsterinsights_sitenote_category":0,"footnotes":""},"categories":[49],"tags":[],"class_list":["post-61405","post","type-post","status-publish","format-standard","has-post-thumbnail","hentry","category-news-18","category-49","description-off"],"img_url":"https:\/\/www.radiopiu.net\/wordpress\/wp-content\/uploads\/2018\/07\/logo-asca.png","_links":{"self":[{"href":"https:\/\/www.radiopiu.net\/wordpress\/wp-json\/wp\/v2\/posts\/61405","targetHints":{"allow":["GET"]}}],"collection":[{"href":"https:\/\/www.radiopiu.net\/wordpress\/wp-json\/wp\/v2\/posts"}],"about":[{"href":"https:\/\/www.radiopiu.net\/wordpress\/wp-json\/wp\/v2\/types\/post"}],"author":[{"embeddable":true,"href":"https:\/\/www.radiopiu.net\/wordpress\/wp-json\/wp\/v2\/users\/1"}],"replies":[{"embeddable":true,"href":"https:\/\/www.radiopiu.net\/wordpress\/wp-json\/wp\/v2\/comments?post=61405"}],"version-history":[{"count":0,"href":"https:\/\/www.radiopiu.net\/wordpress\/wp-json\/wp\/v2\/posts\/61405\/revisions"}],"wp:featuredmedia":[{"embeddable":true,"href":"https:\/\/www.radiopiu.net\/wordpress\/wp-json\/wp\/v2\/media\/53885"}],"wp:attachment":[{"href":"https:\/\/www.radiopiu.net\/wordpress\/wp-json\/wp\/v2\/media?parent=61405"}],"wp:term":[{"taxonomy":"category","embeddable":true,"href":"https:\/\/www.radiopiu.net\/wordpress\/wp-json\/wp\/v2\/categories?post=61405"},{"taxonomy":"post_tag","embeddable":true,"href":"https:\/\/www.radiopiu.net\/wordpress\/wp-json\/wp\/v2\/tags?post=61405"}],"curies":[{"name":"wp","href":"https:\/\/api.w.org\/{rel}","templated":true}]}}