{"id":61423,"date":"2018-09-21T08:04:40","date_gmt":"2018-09-21T06:04:40","guid":{"rendered":"http:\/\/www.radiopiu.net\/wordpress\/?p=61423"},"modified":"2018-09-21T08:04:40","modified_gmt":"2018-09-21T06:04:40","slug":"premi-beato-bernardino-e-feltre-lavoro-ecco-le-scelte-di-famiglia-feltrina","status":"publish","type":"post","link":"https:\/\/www.radiopiu.net\/wordpress\/premi-beato-bernardino-e-feltre-lavoro-ecco-le-scelte-di-famiglia-feltrina\/","title":{"rendered":"PREMI \u201cBEATO BERNARDINO\u201d E \u201cFELTRE &#038; LAVORO\u201d: ECCO LE SCELTE DI FAMIGLIA FELTRINA."},"content":{"rendered":"<p align=\"JUSTIFY\">\n<p align=\"JUSTIFY\"><span style=\"color: #000000;\"><span style=\"font-size: large;\"><a class=\"dt-pswp-item\" href=\"http:\/\/www.radiopiu.net\/wordpress\/wp-content\/uploads\/2018\/09\/xw.png\" data-dt-img-description=\"\" data-large_image_width=\"1506\" data-large_image_height=\"1708\"><img loading=\"lazy\" decoding=\"async\" class=\"size-medium wp-image-61424 alignleft\" src=\"http:\/\/www.radiopiu.net\/wordpress\/wp-content\/uploads\/2018\/09\/xw-265x300.png\" alt=\"\" width=\"265\" height=\"300\" srcset=\"https:\/\/www.radiopiu.net\/wordpress\/wp-content\/uploads\/2018\/09\/xw-265x300.png 265w, https:\/\/www.radiopiu.net\/wordpress\/wp-content\/uploads\/2018\/09\/xw-768x871.png 768w, https:\/\/www.radiopiu.net\/wordpress\/wp-content\/uploads\/2018\/09\/xw-903x1024.png 903w, https:\/\/www.radiopiu.net\/wordpress\/wp-content\/uploads\/2018\/09\/xw.png 1506w\" sizes=\"auto, (max-width: 265px) 100vw, 265px\" \/><\/a>Il Consiglio Direttivo di Famiglia Feltrina, riunitosi sabato scorso 15 settembre, ha, tra le altre cose, individuato gli assegnatari dei premi che verranno consegnati durante l&#8217;assemblea autunnale. <\/span><\/span><\/p>\n<p align=\"JUSTIFY\"><span style=\"color: #000000;\"><span style=\"font-size: large;\">Per quanto riguarda il premio \u201cBeato Bernardino\u201d, riservato a persone, enti o associazioni che si sono particolarmente distinti nel campo dell&#8217;assistenza, della cura e della promozione dei valori umani e sociali, il consiglio ha individuato all&#8217;unanimit\u00e0 l&#8217;Associazione Sociale Sportivi Invalidi- A.S.S.I. di Sedico. L&#8217;associazione, da anni attiva nell&#8217;organizzazione di attivit\u00e0 motorie, e non solo, che coinvolgono e rendono protagoniste centinaia di persone con disabilit\u00e0 di varia natura, ha unito il proprio nome, come molti sanno, a quello di Oscar De Pellegrin; il campione paralimpico sar\u00e0 presente alla cerimonia di consegna del riconoscimento. <\/span><\/span><\/p>\n<p align=\"JUSTIFY\"><span style=\"color: #000000;\"><span style=\"font-size: large;\">Il Premio \u201cFeltre &amp; Lavoro\u201d, destinato ad attivit\u00e0 economiche radicate nel territorio che si sono particolarmente distinte per dinamicit\u00e0, soprattutto nella creazione di nuove opportunit\u00e0 di occupazione, \u00e8 invece stato assegnato, anche in questo caso all&#8217;unanimit\u00e0, alla Cooperativa Valcarne. L&#8217;azienda, che ha da poco festeggiato i 40 anni di attivit\u00e0, riunisce molti piccoli e medi produttori e allevatori della vallata bellunese e in questi ultimi anni ha visto crescere sia il numero dei punti vendita &#8211; ora attivi a Feltre, Pedavena, Santa Giustina e Busche &#8211; che dei dipendenti impiegati (divenuti oltre una ventina).<\/span><\/span><\/p>\n<p align=\"JUSTIFY\"><span style=\"color: #000000;\">\u201c<span style=\"font-size: large;\">Il fatto che le scelte siano state effettuate all&#8217;unanimit\u00e0 ci conferma nella bont\u00e0 delle decisioni assunte\u201d, sottolinea il presidente di Famiglia Feltrina Enrico Gaz, che aggiunge: \u201cl&#8217;associazione \u00e8 impegnata in questo periodo in un&#8217;azione di crescita e rinnovamento aperto a tutti quanti hanno a cuore il bene della nostra comunit\u00e0. Li invitiamo ad avvicinarsi alla Famiglia, anche grazie al nuovo sito internet, da poco on line e in corso di implementazione, dove possono trovare contatti e recapiti utili\u201d. <\/span><\/span><\/p>\n<p align=\"JUSTIFY\"><span style=\"font-family: Times New Roman, serif;\"><span style=\"font-size: large;\">La cerimonia di consegna dei due riconoscimenti avr\u00e0 luogo domenica 21 ottobre a partire dalle 10, durante l&#8217;assemblea autunnale di Famiglia Feltrina, in programma come di consueto nella Sala degli Stemmi del municipio di Feltre. <\/span><\/span><\/p>\n<p align=\"JUSTIFY\"><span style=\"font-family: Times New Roman, serif;\"><span style=\"font-size: large;\">Alla mattinata prenderanno anche gli alunni degli Istituti superiori feltrini diplomatisi con il massimo dei voti, a cui l&#8217;associazione consegner\u00e0 un piccolo premio in pubblicazioni di ambito locale. <\/span><\/span><\/p>\n<p align=\"LEFT\">\n","protected":false},"excerpt":{"rendered":"<p>Il Consiglio Direttivo di Famiglia Feltrina, riunitosi sabato scorso 15 settembre, ha, tra le altre cose, individuato gli assegnatari dei premi che verranno consegnati durante l&#8217;assemblea autunnale. Per quanto riguarda il premio \u201cBeato Bernardino\u201d, riservato a persone, enti o associazioni che si sono particolarmente distinti nel campo dell&#8217;assistenza, della cura e della promozione dei valori&hellip;<\/p>\n","protected":false},"author":1,"featured_media":61424,"comment_status":"closed","ping_status":"closed","sticky":false,"template":"","format":"standard","meta":{"_monsterinsights_skip_tracking":false,"_monsterinsights_sitenote_active":false,"_monsterinsights_sitenote_note":"","_monsterinsights_sitenote_category":0,"footnotes":""},"categories":[49],"tags":[],"class_list":["post-61423","post","type-post","status-publish","format-standard","has-post-thumbnail","hentry","category-news-18","category-49","description-off"],"img_url":"https:\/\/www.radiopiu.net\/wordpress\/wp-content\/uploads\/2018\/09\/xw.png","_links":{"self":[{"href":"https:\/\/www.radiopiu.net\/wordpress\/wp-json\/wp\/v2\/posts\/61423","targetHints":{"allow":["GET"]}}],"collection":[{"href":"https:\/\/www.radiopiu.net\/wordpress\/wp-json\/wp\/v2\/posts"}],"about":[{"href":"https:\/\/www.radiopiu.net\/wordpress\/wp-json\/wp\/v2\/types\/post"}],"author":[{"embeddable":true,"href":"https:\/\/www.radiopiu.net\/wordpress\/wp-json\/wp\/v2\/users\/1"}],"replies":[{"embeddable":true,"href":"https:\/\/www.radiopiu.net\/wordpress\/wp-json\/wp\/v2\/comments?post=61423"}],"version-history":[{"count":0,"href":"https:\/\/www.radiopiu.net\/wordpress\/wp-json\/wp\/v2\/posts\/61423\/revisions"}],"wp:featuredmedia":[{"embeddable":true,"href":"https:\/\/www.radiopiu.net\/wordpress\/wp-json\/wp\/v2\/media\/61424"}],"wp:attachment":[{"href":"https:\/\/www.radiopiu.net\/wordpress\/wp-json\/wp\/v2\/media?parent=61423"}],"wp:term":[{"taxonomy":"category","embeddable":true,"href":"https:\/\/www.radiopiu.net\/wordpress\/wp-json\/wp\/v2\/categories?post=61423"},{"taxonomy":"post_tag","embeddable":true,"href":"https:\/\/www.radiopiu.net\/wordpress\/wp-json\/wp\/v2\/tags?post=61423"}],"curies":[{"name":"wp","href":"https:\/\/api.w.org\/{rel}","templated":true}]}}