{"id":61449,"date":"2018-09-22T04:00:29","date_gmt":"2018-09-22T02:00:29","guid":{"rendered":"http:\/\/www.radiopiu.net\/wordpress\/?p=61449"},"modified":"2018-09-22T10:09:30","modified_gmt":"2018-09-22T08:09:30","slug":"giornale-radiopiu-22-settembre-2018-direttore-mirko-mezzacasa","status":"publish","type":"post","link":"https:\/\/www.radiopiu.net\/wordpress\/giornale-radiopiu-22-settembre-2018-direttore-mirko-mezzacasa\/","title":{"rendered":"GIORNALE RADIOPIU 22 SETTEMBRE 2018 DIRETTORE MIRKO MEZZACASA"},"content":{"rendered":"<h1>RECUPERATI ALPINISTI SULLA TORRE WUNDT<\/h1>\n<p><strong><a class=\"dt-pswp-item\" href=\"http:\/\/www.radiopiu.net\/wordpress\/wp-content\/uploads\/2018\/06\/suem-1.jpg\" data-dt-img-description=\"\" data-large_image_width=\"1280\" data-large_image_height=\"768\"><img loading=\"lazy\" decoding=\"async\" class=\"size-medium wp-image-51755 alignleft\" src=\"http:\/\/www.radiopiu.net\/wordpress\/wp-content\/uploads\/2018\/06\/suem-1-300x180.jpg\" alt=\"\" width=\"300\" height=\"180\" srcset=\"https:\/\/www.radiopiu.net\/wordpress\/wp-content\/uploads\/2018\/06\/suem-1-300x180.jpg 300w, https:\/\/www.radiopiu.net\/wordpress\/wp-content\/uploads\/2018\/06\/suem-1-768x461.jpg 768w, https:\/\/www.radiopiu.net\/wordpress\/wp-content\/uploads\/2018\/06\/suem-1-1024x614.jpg 1024w, https:\/\/www.radiopiu.net\/wordpress\/wp-content\/uploads\/2018\/06\/suem-1.jpg 1280w\" sizes=\"auto, (max-width: 300px) 100vw, 300px\" \/><\/a>AURONZO<\/strong>\u00a0Ieri mattina l&#8217;elicottero Pelikan di Bressanone ha imbarcato due tecnici del Soccorso alpino per volare a recuperare due alpinisti in difficolt\u00e0 sulla Via Mazzorana \u2013 Del Torso alla Torre Wundt. I due rocciatori, dopo essere usciti dalla via nella giornata di giovedi avevano deciso di calarsi in corda doppia dallo stesso itinerario di salita, ma arrivati al terzo tiro avevano avuto problemi. In contatto telefonico con i soccorritori, nella serata di giovedi sera hanno spiegato che erano attrezzati a passare la notte in parete e che si trovavano in totale sicurezza su una sosta con anello cementato. Appena \u00e8 arrivata l\u2019alba ieri mattina, i soccorritori li hanno richiamati per verificare se fossero in grado di rientrare autonomamente o avessero ancora bisogno e i due scalatori hanno risposto che, a causa delle corde incastrate nella roccia, non erano in grado n\u00e9 di calarsi n\u00e9 di risalire. I due alpinisti, recuperati sono pertanto stati recuperati con verricello di 65 metri e trasportati (illesi9 al Rifugio Fonda Savio.<\/p>\n<p>&nbsp;<\/p>\n<p>&nbsp;<\/p>\n<p>&nbsp;<\/p>\n<h1><\/h1>\n<h1>TRE FERITI LEGGERI IN ALTRETTANTI INCIDENTI STRADALI<\/h1>\n<p><strong>VAL DI ZOLDO<\/strong>\u00a0 Un motociclista \u00a0di Chioggia,\u00a0R.B.B. di 63 anni\u00a0 \u00e8 stato trasportato in elicottero all\u2019ospedale di Belluno, mentre percorreva via Roma a Forno con direzione Longarone ha perso il controllo della moto, andando a sbattere contro un muretto e una Jeep che proveniva in senso contrario. Trasportato in ospedale al San Martino di Belluno con un trauma toracico, ha trascorso una notte al nosocomio.<\/p>\n<p><strong>CASTELLAVAZZO<\/strong> Ieri mattina\u00a0 tamponamento a catena fra tre auto in prossimit\u00e0 di un cantiere di lavoro. \u00a0Una Mazda ha tamponato una Fiat 16, che a sua volta ha colpito una Jeep Wrangler. La donna che guidava la prima auto \u00e8 stata portata al pronto soccorso con dolori al costato.<\/p>\n<p><strong>PONTE NELLE ALPI<\/strong> Un giovane con lo scooter\u00a0\u00a0\u00e8 scivolato sull\u2019asfalto urtando la macchina che lo precedeva. Per lui una botta alla gamba<\/p>\n<p>&nbsp;<\/p>\n<h1><\/h1>\n<p>&nbsp;<\/p>\n<h1>FOGLIO DI VIA PER UNA DONNA RUMENA, LA RAPINATRICE DEL SUPERMERCATO<\/h1>\n<p><strong><a class=\"dt-pswp-item\" href=\"http:\/\/www.radiopiu.net\/wordpress\/wp-content\/uploads\/2018\/07\/image1.jpeg\" data-dt-img-description=\"\" data-large_image_width=\"259\" data-large_image_height=\"194\"><img loading=\"lazy\" decoding=\"async\" class=\"size-full wp-image-54495 alignleft\" src=\"http:\/\/www.radiopiu.net\/wordpress\/wp-content\/uploads\/2018\/07\/image1.jpeg\" alt=\"\" width=\"259\" height=\"194\" \/><\/a>BELLUNO\u00a0<\/strong>Il Questore della Provincia di Belluno ha emanato un foglio di via obbligatorio dal comune di Feltre per la durata di tre anni nei confronti di una donna di origini rumene, di anni 31, le cui iniziali sono M.A.I. I fatti risalgono a pochi mesi fa, quando la donna, nel parcheggio antistante un supermercato di Feltre, si \u00e8 resa responsabile di una rapina, aggravata dall\u2019uso di un coltello, ai danni di una cliente appena uscita dal supermercato.L\u2019attivit\u00e0 investigativa dei Carabinieri del Comando Stazione di Feltre permise di identificare l\u2019autrice del reato e di denunciarla all\u2019Autorit\u00e0 Giudiziaria.Oltre ad altre misure di prevenzione a carico, nella banca dati delle forze di polizia la donna risulta avere numerosi alias.\u00a0Oggi l\u2019emissione del foglio di via obbligatorio del Questore di Belluno che impedir\u00e0 alla donna di ritornare nel Comune di Feltre per un periodo di tre anni.<\/p>\n<p>&nbsp;<\/p>\n<p>&nbsp;<\/p>\n<p>&nbsp;<\/p>\n<h1><\/h1>\n<h1><\/h1>\n<h1>NUOVA TRUFFA INFORMATICA: NON PAGATE!<\/h1>\n<blockquote class=\"wp-embedded-content\" data-secret=\"SddRAglClB\"><p><a href=\"http:\/\/www.radiopiu.net\/wordpress\/allarme-spam-la-polizia-postale-avverte\/\">ALLARME SPAM, LA POLIZIA POSTALE AVVERTE<\/a><\/p><\/blockquote>\n<p><iframe loading=\"lazy\" class=\"wp-embedded-content\" sandbox=\"allow-scripts\" security=\"restricted\" style=\"position: absolute; clip: rect(1px, 1px, 1px, 1px);\" src=\"http:\/\/www.radiopiu.net\/wordpress\/allarme-spam-la-polizia-postale-avverte\/embed\/#?secret=SddRAglClB\" data-secret=\"SddRAglClB\" width=\"600\" height=\"338\" title=\"&#8220;ALLARME SPAM, LA POLIZIA POSTALE AVVERTE&#8221; &#8212; Radio Pi\u00f9\" frameborder=\"0\" marginwidth=\"0\" marginheight=\"0\" scrolling=\"no\"><\/iframe><\/p>\n<p>&nbsp;<\/p>\n<p>&nbsp;<\/p>\n<p>&nbsp;<\/p>\n<p>&nbsp;<\/p>\n<h1>TERREMOTO, DI NUOVO A VOLTAGO<\/h1>\n<p><strong>VOLTAGO Scossa di terremoto di lieve entit\u00e0 quella registrata ieri dal sismografo di Agordo (foto 1) in via Molin dei Cot, segnalata dai siti specializzati con epicentro a Voltago (monte Agner, Bec de l&#8217;aquila). Grado 1,8 della scala richter, appena percettebile dunque (foto 2). Non ci sono state segnalazioni di cittadini ai servizi di emergenza e soccorso<\/strong><\/p>\n<p><strong><a class=\"dt-pswp-item\" href=\"http:\/\/www.radiopiu.net\/wordpress\/wp-content\/uploads\/2018\/09\/AGOR.gif\" data-dt-img-description=\"\" data-large_image_width=\"792\" data-large_image_height=\"612\"><img loading=\"lazy\" decoding=\"async\" class=\"wp-image-61441 alignleft\" src=\"http:\/\/www.radiopiu.net\/wordpress\/wp-content\/uploads\/2018\/09\/AGOR.gif\" alt=\"\" width=\"323\" height=\"249\" \/><\/a><\/strong><\/p>\n<p><a class=\"dt-pswp-item\" href=\"http:\/\/www.radiopiu.net\/wordpress\/wp-content\/uploads\/2018\/09\/WhatsApp-Image-2018-09-21-at-15.17.52.jpeg\" data-dt-img-description=\"\" data-large_image_width=\"576\" data-large_image_height=\"1024\"><img loading=\"lazy\" decoding=\"async\" class=\"alignleft wp-image-61442 \" src=\"http:\/\/www.radiopiu.net\/wordpress\/wp-content\/uploads\/2018\/09\/WhatsApp-Image-2018-09-21-at-15.17.52-576x1024.jpeg\" alt=\"\" width=\"193\" height=\"343\" srcset=\"https:\/\/www.radiopiu.net\/wordpress\/wp-content\/uploads\/2018\/09\/WhatsApp-Image-2018-09-21-at-15.17.52.jpeg 576w, https:\/\/www.radiopiu.net\/wordpress\/wp-content\/uploads\/2018\/09\/WhatsApp-Image-2018-09-21-at-15.17.52-169x300.jpeg 169w\" sizes=\"auto, (max-width: 193px) 100vw, 193px\" \/><\/a><\/p>\n<h1><\/h1>\n<h1><\/h1>\n<h1><\/h1>\n<h1><\/h1>\n<h1><\/h1>\n<h1><\/h1>\n<p>&nbsp;<\/p>\n<p>&nbsp;<\/p>\n<h1><\/h1>\n<h1><\/h1>\n<h1><\/h1>\n<p>&nbsp;<\/p>\n<h1>POTABILITA&#8217; DELL&#8217;ACQUA E NON<\/h1>\n<blockquote>\n<p align=\"JUSTIFY\"><span style=\"font-family: Arial, sans-serif;\"><a class=\"dt-pswp-item\" href=\"http:\/\/www.radiopiu.net\/wordpress\/wp-content\/uploads\/2015\/12\/acqua-pubblica_74691.jpg\" data-dt-img-description=\"\" data-large_image_width=\"600\" data-large_image_height=\"300\"><img loading=\"lazy\" decoding=\"async\" class=\"size-medium wp-image-14375 alignleft\" src=\"http:\/\/www.radiopiu.net\/wordpress\/wp-content\/uploads\/2015\/12\/acqua-pubblica_74691-300x150.jpg\" alt=\"\" width=\"300\" height=\"150\" \/><\/a>Gestione Servizi Pubblici informa che a <\/span><span style=\"font-family: Arial, sans-serif;\">Rocca Pietore nelle vie Davare, Val, Laste, Dagai, Soppera, Le Coste, Ronch, a Falcade nelle frazioni di Falcade Alto, Villotta, La Foca, Mas De Le Mole, a Termine di Ospitale di Cadore e a Val di Zoldo in localit\u00e0 Chiesa e in via Le Scuole, l&#8217;acqua erogata dall&#8217;acquedotto \u00e8 di nuovo potabile e pu\u00f2 essere usata, quindi, per tutti gli usi.<\/span><\/p>\n<p align=\"JUSTIFY\"><span style=\"color: #0000ff;\"><strong><span style=\"font-family: Arial, sans-serif;\">E\u2019 non potabile, invece, e non utilizzabile per scopi alimentari l\u2019acqua erogata a <\/span><span style=\"font-family: Arial, sans-serif;\">Sedico nelle localit\u00e0 di Bolago, Libano, Barp, Comui, Sommaval.<\/span><\/strong><\/span><\/p>\n<p align=\"JUSTIFY\">\n<\/blockquote>\n<h1><\/h1>\n<h1><\/h1>\n<h1><\/h1>\n<blockquote><p>&nbsp;<\/p><\/blockquote>\n<h1>VIABILITA&#8217; DA LUNEDI 563 DI SALESEI A SINGHIOZZO<\/h1>\n<p><strong>ROCCA PIETORE <span style=\"color: #ff0000;\">DA LUNEDI AL 28 SETTEMBRE INTEDIZIONI A FASCE ORARIE ALLA CIRCOLAZIONE DEI VEICOLI LUNGO LA PROVINCIALE 563 DI SALESEI ALL&#8217;ALTEZZA DELLA GALLERIA DI SAVINER PER LA MESSA IN SICUREZZA DEI VERSANTI. CHIUSURA: dalle 7.40 alle 12 e dalle 13.30 alle 17.30. Dal 1 ottobre e fino al 17 ottobre dalle 7 alle 17.30 senso unico alternato a vista<\/span><\/strong><\/p>\n<p>&nbsp;<\/p>\n<p>&nbsp;<\/p>\n<p>&nbsp;<\/p>\n<p>&nbsp;<\/p>\n<h1>METEO: INSTABILIT\u00c0 E TEMPORALI IN VENETO, POSSIBILI DISAGI SULLA RETE IDROGRAFICA<\/h1>\n<p><strong><a class=\"dt-pswp-item\" href=\"http:\/\/www.radiopiu.net\/wordpress\/wp-content\/uploads\/2018\/08\/instabilita.jpg\" data-dt-img-description=\"\" data-large_image_width=\"1280\" data-large_image_height=\"768\"><img loading=\"lazy\" decoding=\"async\" class=\" wp-image-57488 alignright\" src=\"http:\/\/www.radiopiu.net\/wordpress\/wp-content\/uploads\/2018\/08\/instabilita-300x180.jpg\" alt=\"\" width=\"253\" height=\"152\" srcset=\"https:\/\/www.radiopiu.net\/wordpress\/wp-content\/uploads\/2018\/08\/instabilita-300x180.jpg 300w, https:\/\/www.radiopiu.net\/wordpress\/wp-content\/uploads\/2018\/08\/instabilita-768x461.jpg 768w, https:\/\/www.radiopiu.net\/wordpress\/wp-content\/uploads\/2018\/08\/instabilita-1024x614.jpg 1024w, https:\/\/www.radiopiu.net\/wordpress\/wp-content\/uploads\/2018\/08\/instabilita.jpg 1280w\" sizes=\"auto, (max-width: 253px) 100vw, 253px\" \/><\/a>VENEZIA\u00a0<\/strong> Una perturbazione in transito a nord delle Alpi interesser\u00e0 oggi\u00a0 marginalmente il Veneto. A partire dalle prime ore\u00a0 il tempo sar\u00e0 variabile, a tratti instabile sulle zone orientali, con precipitazioni anche a carattere di rovescio e temporali da locali a sparse, pi\u00f9 probabili nella notte e mattinata sulle zone nord orientali (Bellunese, Trevigiano, Veneziano centro settentrionale). Diradamento dei fenomeni in serata. Non si escludono fenomeni localmente intensi su zone pedemontane e pianura nordorientali. Il Centro funzionale decentrato della protezione civile del Veneto avverte pertanto della possibilit\u00e0 di criticit\u00e0 e disagi sulla rete idrografica minore di alcuni bacini idrografici. L&#8217;allerta \u201cgialla\u201d (ordinaria criticit\u00e0) per il bacino dell\u2019Alto Piave \u00e8 limitata al comune di Perarolo di Cadore (BL) per la situazione legata alla frana della Busa del Cristo, oggetto di monitoraggio da parte degli uffici della Protezione Civile della Regione.<\/p>\n<p>&nbsp;<\/p>\n<p>&nbsp;<\/p>\n<p>&nbsp;<\/p>\n<p>&nbsp;<\/p>\n<h1 style=\"text-align: center;\"><span style=\"color: #ff0000;\">AGORDINO LACERATO<\/span><\/h1>\n<div><strong><a class=\"dt-pswp-item\" href=\"http:\/\/www.radiopiu.net\/wordpress\/wp-content\/uploads\/2017\/10\/11201175_546893842116298_4188043545427527597_n.jpg\" data-dt-img-description=\"\" data-large_image_width=\"309\" data-large_image_height=\"206\"><img loading=\"lazy\" decoding=\"async\" class=\"wp-image-37146 alignleft\" src=\"http:\/\/www.radiopiu.net\/wordpress\/wp-content\/uploads\/2017\/10\/11201175_546893842116298_4188043545427527597_n-300x200.jpg\" alt=\"\" width=\"194\" height=\"129\" \/><\/a>&#8220;ULSS CHE TRADISCE LE PROMESSE, CONFERENZA DEI SINDACI LE CUI DECISIONI SONO CARTA STRACCIA, IL PRESIDENTE DELL&#8217;UNIONE MONTANA (foto) ETICHETTATO COME PONZIO PILATO E I FONDI DI CONFINE CHE SPACCANO UNA VALLATA&#8221; Sono alcuni dei concetti espressi l&#8217;altra sera in Unione Montana. De Bernardin per il s\u00ec a sistemare il Pronto Soccorso, alcuni sindaci si sentono presi in giro&#8230;<br \/>\nnel servizio di GIANNI SANTOMASO i sindaci pro e i sindaci contro<\/strong><\/div>\n<div>\n<audio class=\"wp-audio-shortcode\" id=\"audio-61449-1\" preload=\"none\" style=\"width: 100%;\" controls=\"controls\"><source type=\"audio\/mpeg\" src=\"http:\/\/www.radiopiu.net\/wordpress\/wp-content\/uploads\/2018\/09\/GIANNI-2.mp3?_=1\" \/><a href=\"http:\/\/www.radiopiu.net\/wordpress\/wp-content\/uploads\/2018\/09\/GIANNI-2.mp3\">http:\/\/www.radiopiu.net\/wordpress\/wp-content\/uploads\/2018\/09\/GIANNI-2.mp3<\/a><\/audio>\n<\/div>\n<blockquote>\n<div><\/div>\n<\/blockquote>\n<p>&nbsp;<\/p>\n<p>&nbsp;<\/p>\n<p>&nbsp;<\/p>\n<h1>PRONTO SOCCORSO: &#8220;NON SOLO MURA NUOVE, MA SERVIZI E RISORSE UMANE&#8221;, L&#8217;INTERVENTO DEL SINDACO SILVIA TORMEN<\/h1>\n<p><strong><a class=\"dt-pswp-item\" href=\"http:\/\/www.radiopiu.net\/wordpress\/wp-content\/uploads\/2018\/08\/silvia-tormen.jpg\" data-dt-img-description=\"\" data-large_image_width=\"978\" data-large_image_height=\"723\"><img loading=\"lazy\" decoding=\"async\" class=\" wp-image-58055 alignleft\" src=\"http:\/\/www.radiopiu.net\/wordpress\/wp-content\/uploads\/2018\/08\/silvia-tormen-300x222.jpg\" alt=\"\" width=\"236\" height=\"175\" srcset=\"https:\/\/www.radiopiu.net\/wordpress\/wp-content\/uploads\/2018\/08\/silvia-tormen-300x222.jpg 300w, https:\/\/www.radiopiu.net\/wordpress\/wp-content\/uploads\/2018\/08\/silvia-tormen-768x568.jpg 768w, https:\/\/www.radiopiu.net\/wordpress\/wp-content\/uploads\/2018\/08\/silvia-tormen.jpg 978w\" sizes=\"auto, (max-width: 236px) 100vw, 236px\" \/><\/a>AGORDO<\/strong> L&#8217;altra sera il sindaco di Taibon Silvia Tormen non ha partecipato al dibattito sulla sanit\u00e0 agordina, ai microfoni di RADIO PIU spiega la motivazione &#8220;Non sapevo che l&#8217;intervento di De Bernardin era dedicato all&#8217;ospedale, piuttosto pensavo fosse riferito al consiglio regionale in Marmolada\u00a0 e formalmente non mi sembra sia corretto quanto accaduto e che i colleghi si siano fermati a dibattere sul tema lo reputo sconveniente&#8221;.<br \/>\n<strong>A RADIO PIU&#8217; IL SINDACO DI TAIBON SILVIA TORMEN E LE PERPLESSITA&#8217; CIRCA LE RIFLESSIONI DEI PRIMARI DELL&#8217;OSPEDALE DI AGORDO RIFERITE AL DOTTOR CESARE DAL BO\u00a0<\/strong><\/p>\n<audio class=\"wp-audio-shortcode\" id=\"audio-61449-2\" preload=\"none\" style=\"width: 100%;\" controls=\"controls\"><source type=\"audio\/mpeg\" src=\"http:\/\/www.radiopiu.net\/wordpress\/wp-content\/uploads\/2018\/09\/SILVIA-2.mp3?_=2\" \/><a href=\"http:\/\/www.radiopiu.net\/wordpress\/wp-content\/uploads\/2018\/09\/SILVIA-2.mp3\">http:\/\/www.radiopiu.net\/wordpress\/wp-content\/uploads\/2018\/09\/SILVIA-2.mp3<\/a><\/audio>\n<p>&nbsp;<\/p>\n<p>&nbsp;<\/p>\n<p>&nbsp;<\/p>\n<p>&nbsp;<\/p>\n<h1>LE DIRETTE DIFFERITE DI RADIO PIU<\/h1>\n<p><strong><a class=\"dt-pswp-item\" href=\"http:\/\/www.radiopiu.net\/wordpress\/wp-content\/uploads\/2016\/04\/sanit\u00e0-1.jpg\" data-dt-img-description=\"\" data-large_image_width=\"1728\" data-large_image_height=\"800\"><img loading=\"lazy\" decoding=\"async\" class=\"size-medium wp-image-18839 alignleft\" src=\"http:\/\/www.radiopiu.net\/wordpress\/wp-content\/uploads\/2016\/04\/sanit\u00e0-1-300x139.jpg\" alt=\"\" width=\"300\" height=\"139\" \/><\/a>AGORDO<\/strong> Ristrutturazione del Pronto Soccorso di Agordo e contributo di 2,5 milioni dei fondi di confine a fronte di un cofinanziamento della Ulss1 pari a 500 mila euro. Contributo da concedere oppure no? I sindaci dell&#8217;Agordino ancora non hanno deciso ma la scadenza (30 settembre) \u00e8 alle porte. Ieri sera oltre un&#8217;ora di dibattito dopo la lettura del documento da parte del sindaco di Rocca Pietore Andrea De Bernardin, scritto dal dottor Cesare Dal B\u00f2 che ha chiesto il parere a 3 primari dell&#8217;ospedale di Agordo.<br \/>\nContrari a concedere il contributo quei sindaci che non credono pi\u00f9 nell&#8217;Istituzione Regione-Ulss1 per le promesse disattese (laboratorio analisi). Favorevoli i sindaci che propendono per dare comunque il contributo anche senza precise garanzie sul futuro dell&#8217;ospedale. Il problema \u00e8 solo il laboratorio analisi? O forse la paura come peraltro rimarcato anche nei giorni scorsi da autorevoli fonti che l&#8217;ospedale vada verso la chiusura per la mancanza di adeguate professionalit\u00e0 e non certo di &#8220;clienti&#8221; perch\u00e9 nell&#8217;Agordino per lunghi periodi dell&#8217;anno sono presenti anche tanti turisti, gli stessi che prima di scegliere la m\u00e8ta della vacanza s&#8217;informano, soprattutto su cosa offre la valle, presidi sanitari compresi.<\/p>\n<blockquote><p><strong>LUNEDI SERA DALLE 20.30 IL DIBATTITO SULL&#8217;OSPEDALE DI AGORDO IN SALA DON TAMIS A MARGINE DEL CONSIGLIO DELL&#8217;UNIONE MONTANA AGORDINA.\u00a0<\/strong><strong>INTERVERRANNO I SINDACI: ANDREA DE BERNARDIN, FABIO LUCHETTA, FLAVIO COLCERGNAN, SISTO DA ROIT, LEANDRO GRONES, MAURO SOPPELSA, GIANLUCA GAIARDI, MICHELE COSTA, BRUNO ZANVIT, SIRO DE BIASIO, GIOVANNI DEON.<\/strong><\/p><\/blockquote>\n<h2><span style=\"color: #ff0000;\">L&#8217;OPINIONE DEL DOTTOR CESARE DAL BO&#8217;, GIA&#8217; RESPONSABILE DELLA RADIOLOGIA AD AGORDO\u00a0<\/span><\/h2>\n<p><strong>Lo scorso 12 settembre su facebook scriveva\u00a0 &#8220;Sto pensando alla polemica tra i 16 sindaci dell&#8217;Agordino relativa all&#8217;ospedale di Agordo.Siamo meno di 20.000 abitanti e abbiamo 16 sindaci (mediamente 1 sindaco ogni 1250 persone) che non riescono a trovare una linea di condotta univoca su un problema urgente come quello della ristrutturazione del pronto soccorso. Con tutto il rispetto per le opinioni di ciascuno mi verrebbe da chiuderli in conclave finch\u00e8 non trovano una proposta maggioritaria da portare avanti.&#8221;<\/strong><\/p>\n<div><em><span style=\"color: #1d2129; font-family: Helvetica, Arial, sans-serif;\"><a class=\"dt-pswp-item\" href=\"http:\/\/www.radiopiu.net\/wordpress\/wp-content\/uploads\/2016\/05\/cesare-dal-bo.jpg\" data-dt-img-description=\"\" data-large_image_width=\"367\" data-large_image_height=\"450\"><img loading=\"lazy\" decoding=\"async\" class=\"wp-image-19553 alignleft\" src=\"http:\/\/www.radiopiu.net\/wordpress\/wp-content\/uploads\/2016\/05\/cesare-dal-bo-245x300.jpg\" alt=\"\" width=\"127\" height=\"156\" \/><\/a>&#8220;Ho partecipato al Consiglio dell&#8217;UMA incerto fino all&#8217;ultimo momento per la difficolt\u00e0 di raggiungere il numero legale (non mi faccio meraviglia che i delegati non partecipino a Consigli cos\u00ec poco interessanti) aspettando che si parlasse del problema pi\u00f9 importante che in questo momento interessa la vita della nostra piccola comunit\u00e0 agordina: la destinazione di fondi di confine per la ristrutturazione del Pronto Soccorso\u00a0 e del piano primo del monoblocco ospedaliero.\u00a0<\/span><\/em><em><span style=\"color: #1d2129; font-family: Helvetica, Arial, sans-serif;\">Finalmente ho respirato un p\u00f2 di &#8220;politica&#8221;.\u00a0<\/span><span style=\"color: #1d2129; font-family: Helvetica, Arial, sans-serif;\">Diversi convenuti, in modo garbato e democratico, hanno espresso i loro pareri in merito evidenziando comunque una spaccatura che non riguarda il merito ovvero la necessit\u00e0 di provvedere alla ristrutturazione dell&#8217;ospedale contribuendo finanziariamente con fondi\u00a0 di confine,\u00a0 ma il modus operandi della controparte (USL e REGIONE) che non si stanno comportando come ci si aspetterebbe (e di questo ne terremo conto).\u00a0<\/span><span style=\"color: #1d2129; font-family: Helvetica, Arial, sans-serif;\">Fortunatamente sembra che ci si avvii verso una soluzione se non unanime almeno maggioritaria.\u00a0<\/span><\/em><em><span style=\"color: #1d2129; font-family: Helvetica, Arial, sans-serif;\">Sta alla Stampa e a Radiopi\u00f9 incalzare i nostri rappresentanti perch\u00e8 nel pi\u00f9 breve tempo possibile indicano\u00a0 un Consiglio di Comunit\u00e0 dove decidere a maggioranza con voto palese per il s\u00ec o per il no.\u00a0<\/span><\/em><em><span style=\"color: #1d2129; font-family: Helvetica, Arial, sans-serif;\">Diversamente farebbero bene a chiudere &#8220;bottega&#8221; \u00a0sapendo che, cos\u00ec facendo, mettono a repentaglio anche ci\u00f2 che resta del nostro\u00a0 ospedale&#8221;.<\/span><\/em><\/div>\n<blockquote>\n<div><\/div>\n<div><\/div>\n<\/blockquote>\n<div><\/div>\n<div><\/div>\n<blockquote>\n<div><\/div>\n<\/blockquote>\n<h1>=======================<\/h1>\n<blockquote><p>&nbsp;<\/p><\/blockquote>\n<h1>IN UNIONE MONTANA: FLAVIO COLCERGNAN, MARILISA LUCHETTA,\u00a0 MATTEO TANCON<\/h1>\n<div><a class=\"dt-pswp-item\" href=\"http:\/\/www.radiopiu.net\/wordpress\/wp-content\/uploads\/2018\/06\/246f9ff4-41c2-4b64-bdad-8b3cf692432c.jpg\" data-dt-img-description=\"\" data-large_image_width=\"1599\" data-large_image_height=\"1200\"><img loading=\"lazy\" decoding=\"async\" class=\"size-medium wp-image-51703 alignleft\" src=\"http:\/\/www.radiopiu.net\/wordpress\/wp-content\/uploads\/2018\/06\/246f9ff4-41c2-4b64-bdad-8b3cf692432c-300x225.jpg\" alt=\"\" width=\"300\" height=\"225\" srcset=\"https:\/\/www.radiopiu.net\/wordpress\/wp-content\/uploads\/2018\/06\/246f9ff4-41c2-4b64-bdad-8b3cf692432c-300x225.jpg 300w, https:\/\/www.radiopiu.net\/wordpress\/wp-content\/uploads\/2018\/06\/246f9ff4-41c2-4b64-bdad-8b3cf692432c-768x576.jpg 768w, https:\/\/www.radiopiu.net\/wordpress\/wp-content\/uploads\/2018\/06\/246f9ff4-41c2-4b64-bdad-8b3cf692432c-1024x768.jpg 1024w, https:\/\/www.radiopiu.net\/wordpress\/wp-content\/uploads\/2018\/06\/246f9ff4-41c2-4b64-bdad-8b3cf692432c.jpg 1599w\" sizes=\"auto, (max-width: 300px) 100vw, 300px\" \/><\/a><\/div>\n<div><\/div>\n<div><\/div>\n<div><\/div>\n<div><\/div>\n<div><strong>CANALE D&#8217;AGORDO<\/strong> Dopo le recenti elezioni sono questi i tre rappresentanti del Comune di Canale d&#8217;Agordo in seno all&#8217;Unione Montana Agordina. Il saluto di benvenuto del presidente Fabio Luchetta<\/div>\n<div><\/div>\n<div><\/div>\n<div>\n<audio class=\"wp-audio-shortcode\" id=\"audio-61449-3\" preload=\"none\" style=\"width: 100%;\" controls=\"controls\"><source type=\"audio\/mpeg\" src=\"http:\/\/www.radiopiu.net\/wordpress\/wp-content\/uploads\/2018\/09\/LUCHETTA.mp3?_=3\" \/><a href=\"http:\/\/www.radiopiu.net\/wordpress\/wp-content\/uploads\/2018\/09\/LUCHETTA.mp3\">http:\/\/www.radiopiu.net\/wordpress\/wp-content\/uploads\/2018\/09\/LUCHETTA.mp3<\/a><\/audio>\n<\/div>\n<h1><\/h1>\n<blockquote><p>&nbsp;<\/p><\/blockquote>\n<p>&nbsp;<\/p>\n<p>&nbsp;<\/p>\n<div>\n<h1>BOOM DI ISCRITTI AL CORSO PER ADDETTI AGLI IMPIANTI A FUNE DA REVIVISCAR IN COLLABORAZIONE CON ANEF, LUNEDI IL VIA ALLA SCUOLE DI CAPRILE DI ALLEGHE<\/h1>\n<p><strong><a class=\"dt-pswp-item\" href=\"http:\/\/www.radiopiu.net\/wordpress\/wp-content\/uploads\/2018\/01\/Funifor_Arabba_Porta_Vescovo.jpg\" data-dt-img-description=\"\" data-large_image_width=\"1200\" data-large_image_height=\"801\"><img loading=\"lazy\" decoding=\"async\" class=\"size-medium wp-image-42607 alignleft\" src=\"http:\/\/www.radiopiu.net\/wordpress\/wp-content\/uploads\/2018\/01\/Funifor_Arabba_Porta_Vescovo-300x200.jpg\" alt=\"\" width=\"300\" height=\"200\" srcset=\"https:\/\/www.radiopiu.net\/wordpress\/wp-content\/uploads\/2018\/01\/Funifor_Arabba_Porta_Vescovo-300x200.jpg 300w, https:\/\/www.radiopiu.net\/wordpress\/wp-content\/uploads\/2018\/01\/Funifor_Arabba_Porta_Vescovo-768x513.jpg 768w, https:\/\/www.radiopiu.net\/wordpress\/wp-content\/uploads\/2018\/01\/Funifor_Arabba_Porta_Vescovo-1024x684.jpg 1024w, https:\/\/www.radiopiu.net\/wordpress\/wp-content\/uploads\/2018\/01\/Funifor_Arabba_Porta_Vescovo.jpg 1200w\" sizes=\"auto, (max-width: 300px) 100vw, 300px\" \/><\/a>BELLUNO\u00a0\u00a0<\/strong>40 iscritti, di cui 9\u00a0 provenienti dal Friuli Venezia Giulia e 2 dal Trentino Alto Adige per il corso promosso da Reviviscar, la societ\u00e0 di servizi di Confindustria Belluno Dolomiti, \u00a0in collaborazione con Anef, \u00a0che prender\u00e0 il via luned\u00ec 24 settembre e si concluder\u00e0 il 9 ottobre nella sede della\u00a0 scuola media di Caprile. Il corso \u00e8 stato studiato per preparare gli addetti alla conduzione di impianti a fune in servizio pubblico che vogliono conseguire l\u2019abilitazione\u00a0 a macchinisti e\/o caposervizio di impianti di ammorsamento automatico e che vogliono affrontare l\u2019esame di valutazione di idoneit\u00e0 tecnica, accertata dall\u2019U.S.T.I.F. territorialmente competente. Il programma del percorso formativo \u00e8 intenso e prevede una parte teorica\u00a0 che riguarda\u00a0 materie come elettrotecnica e meccanica, applicate ovviamente agli impianti a fune, normativa nazionale e provinciale, antiinfotunistica, primo soccorso ed altro, e una pratica durante la quale si effettueranno misure elettriche e meccaniche; controllo, regolazione ed aggiustaggio di meccanismi, manovre di funzionamento delle varie parti dell\u2019impianto; operazioni di salvataggio in linea. Gli allievi saranno impegnati per otto ore al giorno dal luned\u00ec al venerd\u00ec.<\/p>\n<p><strong>AI MICROFONI DI RADIO PIU&#8217; IL PRESIDENTE ANEF, RENZO MINELLA<\/strong><\/p>\n<\/div>\n<audio class=\"wp-audio-shortcode\" id=\"audio-61449-4\" preload=\"none\" style=\"width: 100%;\" controls=\"controls\"><source type=\"audio\/mpeg\" src=\"http:\/\/www.radiopiu.net\/wordpress\/wp-content\/uploads\/2018\/09\/MINELLA.mp3?_=4\" \/><a href=\"http:\/\/www.radiopiu.net\/wordpress\/wp-content\/uploads\/2018\/09\/MINELLA.mp3\">http:\/\/www.radiopiu.net\/wordpress\/wp-content\/uploads\/2018\/09\/MINELLA.mp3<\/a><\/audio>\n<p>&nbsp;<\/p>\n<p>&nbsp;<\/p>\n<p>&nbsp;<\/p>\n<p>&nbsp;<\/p>\n<p>&nbsp;<\/p>\n<h1>PRESIDENTE ZAIA LUNED\u00cc 24 PARTECIPA A CONSIGLIO STRAORDINARIO SULLA MARMOLADA, A PUNTA SERAUTA<\/h1>\n<p><strong><a class=\"dt-pswp-item\" href=\"http:\/\/www.radiopiu.net\/wordpress\/wp-content\/uploads\/2016\/01\/57-2016-NUOVA-CABINOVIA-FALCADE-15.01.2016-Zaia-e-Caner.jpg\" data-dt-img-description=\"\" data-large_image_width=\"1563\" data-large_image_height=\"1051\"><img loading=\"lazy\" decoding=\"async\" class=\" wp-image-15514 alignleft\" src=\"http:\/\/www.radiopiu.net\/wordpress\/wp-content\/uploads\/2016\/01\/57-2016-NUOVA-CABINOVIA-FALCADE-15.01.2016-Zaia-e-Caner-300x202.jpg\" alt=\"\" width=\"223\" height=\"150\" \/><\/a>VENEZIA<\/strong>\u00a0 Il presidente della Regione Veneto Luca Zaia luned\u00ec\u00a0 parteciper\u00e0 alla seduta straordinaria del Consiglio regionale convocata nella sede del Museo della Grande Guerra, nella stazione funiviaria di Serauta, nel comune di Rocca Pietore. Il presidente partir\u00e0 con la prima corsa della funivia per la Marmolada (ritrovo in localit\u00e0 Malga Ciapela alle ore 10). Al termine della seduta straordinaria, previsto per le ore 13.30, il presidente deporr\u00e0 una corona di alloro al Monumento ai caduti della Grande Guerra.<\/p>\n<h3>AI MICROFONI DI RADIO PIU&#8217; L&#8217;ASSESSORE AL TURISMO FEDERICO CANER<\/h3>\n<audio class=\"wp-audio-shortcode\" id=\"audio-61449-5\" preload=\"none\" style=\"width: 100%;\" controls=\"controls\"><source type=\"audio\/mpeg\" src=\"http:\/\/www.radiopiu.net\/wordpress\/wp-content\/uploads\/2018\/09\/CANER.mp3?_=5\" \/><a href=\"http:\/\/www.radiopiu.net\/wordpress\/wp-content\/uploads\/2018\/09\/CANER.mp3\">http:\/\/www.radiopiu.net\/wordpress\/wp-content\/uploads\/2018\/09\/CANER.mp3<\/a><\/audio>\n<p>&nbsp;<\/p>\n<p>&nbsp;<\/p>\n<p>&nbsp;<\/p>\n<p>&nbsp;<\/p>\n<p>&nbsp;<\/p>\n<h1>ALZHEIMER: ASSESSORE LANZARIN, \u201cPICCOLI PASSI NELLA RICERCA, MA GRANDI INVESTIMENTI NEL SOLLIEVO\u201d<\/h1>\n<p><strong><a class=\"dt-pswp-item\" href=\"http:\/\/www.radiopiu.net\/wordpress\/wp-content\/uploads\/2018\/09\/1386-2018-Lanzarin-inaugura-centro-alzheimer.jpg\" data-dt-img-description=\"\" data-large_image_width=\"900\" data-large_image_height=\"600\"><img loading=\"lazy\" decoding=\"async\" class=\"alignnone wp-image-61457 size-full\" src=\"http:\/\/www.radiopiu.net\/wordpress\/wp-content\/uploads\/2018\/09\/1386-2018-Lanzarin-inaugura-centro-alzheimer.jpg\" alt=\"\" width=\"900\" height=\"600\" srcset=\"https:\/\/www.radiopiu.net\/wordpress\/wp-content\/uploads\/2018\/09\/1386-2018-Lanzarin-inaugura-centro-alzheimer.jpg 900w, https:\/\/www.radiopiu.net\/wordpress\/wp-content\/uploads\/2018\/09\/1386-2018-Lanzarin-inaugura-centro-alzheimer-300x200.jpg 300w, https:\/\/www.radiopiu.net\/wordpress\/wp-content\/uploads\/2018\/09\/1386-2018-Lanzarin-inaugura-centro-alzheimer-768x512.jpg 768w\" sizes=\"auto, (max-width: 900px) 100vw, 900px\" \/><\/a><\/strong><\/p>\n<p><strong>VENEZIA<\/strong>\u00a0 \u201cLa ricerca ha ancora molta strada da fare per dare una risposta a demenze e Alzheimer, ma intanto la nostra sfida quotidiana \u00e8 dare sollievo alle famiglie e ai malati, offrendo loro occasioni di incontro, socializzazione e riabilitazione. Una sfida possibile, attraverso l\u2019impegno congiunto di Regione, Ulss, Comuni e associazioni e volontari\u201d. E\u2019 il messaggio che l\u2019assessore al Sociale della Regione Veneto, Manuela Lanzarin, ha voluto lanciare oggi, in occasione della 25\u00b0 giornata mondiale dell\u2019Alzheimer, inaugurando il nuovo Centro Sollievo di Ros\u00e0, in piazza Mazzini, e intervenendo al convegno a Sarmeola di Rubano \u201cInsieme. Molto \u00e8 ancora possibile\u201d promosso da associazioni, strutture e servizi padovani per l\u2019Alzheimer.\u00a0 In Veneto continua a crescere la \u2018rete\u2019 regionale dei Centri Sollievo, sostenuta e finanziata dalla Regione: con 155 strutture presenti nelle diverse province venete (erano 106 nel 2015), la rete dei Centri Sollievo mobilita 153 associazioni, oltre 1200 volontari, e offre assistenza ad un migliaio di persone affette da Alzheimer e da patologie di decadimento cognitivo. La Regione Veneto, dal 2013 ad oggi, ha investito 4.650.000 euro per consolidare i progetti di \u2018Sollievo\u2019 e sviluppare nuovi centri e servizi. \u201cSono in arrivo nuove linee guida regionali per incrementare i servizi di Sollievo e di accompagnamento dei malati e delle famiglie \u2013 ha annunciato l\u2019assessore &#8211; Con gli ultimi provvedimenti si \u00e8 inteso rafforzare le forme di integrazione tra i servizi delle aziende sanitarie competenti in materia e i centri sollievo per riqualificare i protocolli di presa in carico degli assistiti e la formazione dei volontari negli interventi di riabilitazione\u201d. Studi specifici su campioni di soggetti affetti da decadimento cognitivo con problematiche nella sfera dell\u2019orientamento spazio\/tempo, della memoria e dell\u2019attenzione, hanno dimostrato che le tecniche di assistenza mediante attivit\u00e0 di stimolazione cognitiva, musicoterapia, psicomotricit\u00e0, arteterapia, yoga e fisioterapia di gruppo producono effetti di stabilizzazione della situazione di decadimento e, per alcune funzioni, anche un tendenziale miglioramento: orientamento nello spazio e nel tempo, nella comprensione verbale e nell\u2019umore. \u201cLa prima battaglia da vincere \u00e8 quella contro l\u2019isolamento e lo scoraggiamento \u2013 ha esortato l\u2019assessore \u2013 \u00c8 dimostrato che inattivit\u00e0 e solitudine possono comportare un peggioramento complessivo delle funzioni di memoria, orientamento ed equilibrio. I Centri Sollievo sono una prima risposta per rompere il muro del silenzio e per offrire alle famiglie il supporto di persone competenti e di attivit\u00e0 che aiutino i loro familiari a mantenere dignit\u00e0 e qualit\u00e0 di vita\u201d.<\/p>\n<p>&nbsp;<\/p>\n<p>&nbsp;<\/p>\n<p>&nbsp;<\/p>\n<p>&nbsp;<\/p>\n<h1>REGIONE. PRESENTATO BILANCIO CONSOLIDATO 2017. FORCOLIN: \u201cCONSENTE UNA VISIONE D\u2019INSIEME DELL\u2019ATTIVITA\u2019\u201d<\/h1>\n<p><strong><a class=\"dt-pswp-item\" href=\"http:\/\/www.radiopiu.net\/wordpress\/wp-content\/uploads\/2016\/06\/1435664065538_Forcolin_Gianluca-2.jpg\" data-dt-img-description=\"\" data-large_image_width=\"580\" data-large_image_height=\"800\"><img loading=\"lazy\" decoding=\"async\" class=\"size-medium wp-image-20331 alignleft\" src=\"http:\/\/www.radiopiu.net\/wordpress\/wp-content\/uploads\/2016\/06\/1435664065538_Forcolin_Gianluca-2-218x300.jpg\" alt=\"\" width=\"218\" height=\"300\" \/><\/a>VENEZIA<\/strong>\u00a0 Tra gli adempimenti contabili previsti dalla normativa nazionale (D.Lgs. 118\/2011), c\u2019\u00e8 anche l\u2019obbligo per la Regione di predisporre il proprio bilancio consolidato, insieme con enti ed organismi strumentali, aziende, societ\u00e0 controllate e partecipate. Nel 2017 il totale dell\u2019attivo patrimoniale consolidato ammonta a 11.145.140.581,27 euro (rispetto ai 10.139.890.541,00 euro del 2016), con un risultato economico d\u2019esercizio consolidato pari a 625.275.486,45 euro e un patrimonio netto di 1.963.041.796,77 euro. \u201cIl bilancio consolidato \u2013 spiega il vicepresidente della giunta veneta Gianluca Forcolin, che lo ha presentato alle commissioni consiliari per il parere in vista dell\u2019approvazione da parte del Consiglio regionale &#8211; rappresenta la situazione economica, finanziaria e patrimoniale dei soggetti compresi nel perimetro di consolidamento 2017. Sopperendo alle carenze informative e valutative dei bilanci forniti disgiuntamente dai singoli soggetti, consente una visione d&#8217;insieme dell&#8217;attivit\u00e0 svolta dall&#8217;ente Regione attraverso il gruppo\u201d. Con un provvedimento dello scorso aprile la giunta regionale aveva infatti approvato la composizione del &#8220;Gruppo Regione del Veneto&#8221; nell&#8217;ambito del quale sono stati individuati i soggetti il cui bilancio deve essere consolidato con quello regionale. Rispetto all\u2019esercizio 2016, il perimetro di consolidamento sale da 5 a 26 soggetti: si tratta di 7 societ\u00e0 (Veneto Acque, Veneto Innovazione, Sistemi Territoriali, Immobiliare Marco Polo, Societ\u00e0 Veneziana Edilizia Canalgrande in liquidazione, quota parte di CAV, VI Holding in liquidazione partecipata di Veneto Innovazione) e 19 enti (ATER, ESU, ARPAV, Parchi regionali, AVEPA, Istituto Ville Venete, Veneto Lavoro, AVISP \u201cVeneto Agricoltura\u201d e quota parte dell\u2019AIPO Agenzia Interregionale per fiume il Po). I dati comprendono anche quelli del Consiglio regionale.<\/p>\n<p>&nbsp;<\/p>\n<p>&nbsp;<\/p>\n<p>&nbsp;<\/p>\n<p>&nbsp;<\/p>\n<h1><\/h1>\n<h1>TECNOLOGIA ALLE MEDIE DI VIALE SOMMARIVA<\/h1>\n<p><strong><a class=\"dt-pswp-item\" href=\"http:\/\/www.radiopiu.net\/wordpress\/wp-content\/uploads\/2016\/10\/scuola-media-agordo-3.jpg\" data-dt-img-description=\"\" data-large_image_width=\"640\" data-large_image_height=\"480\"><img loading=\"lazy\" decoding=\"async\" class=\"size-medium wp-image-24372 alignleft\" src=\"http:\/\/www.radiopiu.net\/wordpress\/wp-content\/uploads\/2016\/10\/scuola-media-agordo-3-300x225.jpg\" alt=\"\" width=\"300\" height=\"225\" \/><\/a>AGORDO<\/strong> Alla scuola media di Agordo c&#8217;\u00e8 la\u00a0 rete wi-fi protetta,\u00a0 (mentre la scuola primaria risulta gi\u00e0 coperta), \u00a0intervento permetter\u00e0 l\u2019utilizzo del Registro Elettronico Scolastico da parte dei docenti al fine dell\u2019invio delle comunicazioni agli alunni e alle famiglie in formato elettronico.\u00a0 <em>&#8220;Per la digitalizzazione dei servizi, gli investimenti in infrastrutture materiali e immateriali rivestono cruciale importanza &#8211; dice il sindaco Sisto Da Roit &#8211;\u00a0 Il comune di Agordo consapevole di ci\u00f2 gi\u00e0 da tempo sta compiendo ogni sforzo al fine di procedere in questa direzione, cercando di rispondere alle esigenze emergenti nei vari campi ma sempre nel rispetto dei vincoli del bilancio. Negli ultimi anni anche il mondo della scuola ha visto la graduale implementazione delle tecnologie informatiche in ambito didattico e gestionale. In ambito didattico si ricordano le Lavagne Interattive Multimediali (LIM), di cui la scuola primaria di Agordo \u00e8 stata fornita con investimenti negli ultimi anni; nell\u2018ambito gestionale possiamo far riferimento al progetto del registro elettronico che \u00e8 in fase di implementazione in tutte le scuole di vario ordine e grado. Questi interventi sono stati programmati ed effettuati dal comune in stretta collaborazione con le richieste provenienti dall\u2019istituzione scolastica&#8221;.\u00a0<\/em>L\u2019intervento \u00e8 stato realizzato nello scorso mese di agosto per non interferire con le attivit\u00e0 scolastiche,\u00a0 ha previsto la posa in opera di tre antenne wi-fi per interno, con accesso protetto da password, e relativo impianto cablato di collegamento, presso i tre piani dell\u2019edificio della succursale. La realizzazione \u00e8 stata possibile grazie al contributo concesso al Comune di Agordo dal Consorzio dei Comuni del Bacino Imbrifero Montano del Piave appartenenti alla Provincia di Belluno per un importo di\u00a0 2500 euro a totale copertura dell\u2019investimento.<\/p>\n<p>&nbsp;<\/p>\n<p>&nbsp;<\/p>\n<p>&nbsp;<\/p>\n<p>&nbsp;<\/p>\n<p>&nbsp;<\/p>\n<h1>OGGI AD AGORDO CORSO CANTIERI<\/h1>\n<p><strong><a class=\"dt-pswp-item\" href=\"http:\/\/www.radiopiu.net\/wordpress\/wp-content\/uploads\/2016\/12\/POLOTAMONICH.jpg\" data-dt-img-description=\"\" data-large_image_width=\"284\" data-large_image_height=\"158\"><img loading=\"lazy\" decoding=\"async\" class=\"size-full wp-image-26115 alignleft\" src=\"http:\/\/www.radiopiu.net\/wordpress\/wp-content\/uploads\/2016\/12\/POLOTAMONICH.jpg\" alt=\"\" width=\"284\" height=\"158\" \/><\/a>AGORDO<\/strong>\u00a0Oggi alle 10. 30, nell\u2019auditorium \u201cAntonio Favretti\u201d dell\u2019Istituto Umberto Follador di Agordo, verr\u00e0 presentato \u00a0il Diploma statale superiore di 5\u00b0 livello europeo \u201cGreen manager per la gestione sostenibile dei cantieri\u201d: \u00a0opportunit\u00e0per il futuro dei giovani diplomati agordini, che potranno avere sul territorio la<br \/>\npossibilit\u00e0 di specializzarsi e di essere inseriti in tempi brevissimi nel mondo del lavoro. Il corso, biennale, rivolto a diplomati e professionisti nel settore edile, \u00a0interverranno il sindaco di Agordo, Sisto Da Roit; il dirigente scolastico del Follador, Paolo Giovanni Zanin; il presidente del Centro per la formazione<br \/>\ne la sicurezza di Sedico, Dario Tonin; il segretario dell\u2019Associazione periti minerari-Apim,Franco Benvegn\u00f9; un\u2019azienda, con Gino Romor; il presidente Its Red, Cristiano Perale.<\/p>\n<p>&nbsp;<\/p>\n<p>&nbsp;<\/p>\n<h1><\/h1>\n<p>&nbsp;<\/p>\n<h1><\/h1>\n<h1>OGGI LABORATORIO PSICOEDUCATIVO NEL RICORDO DI ENRICO MICHIELI<\/h1>\n<p>di Gianni Santomaso<\/p>\n<h1>audio, LA STORIA<\/h1>\n<audio class=\"wp-audio-shortcode\" id=\"audio-61449-6\" preload=\"none\" style=\"width: 100%;\" controls=\"controls\"><source type=\"audio\/mpeg\" src=\"http:\/\/www.radiopiu.net\/wordpress\/wp-content\/uploads\/2018\/09\/MICHIELI1.mp3?_=6\" \/><a href=\"http:\/\/www.radiopiu.net\/wordpress\/wp-content\/uploads\/2018\/09\/MICHIELI1.mp3\">http:\/\/www.radiopiu.net\/wordpress\/wp-content\/uploads\/2018\/09\/MICHIELI1.mp3<\/a><\/audio>\n<h1><strong>IL CONVEGNO DI OGGI<\/strong><\/h1>\n<p><a class=\"dt-pswp-item\" href=\"http:\/\/www.radiopiu.net\/wordpress\/wp-content\/uploads\/2018\/09\/Micheli-Enrico-e-Cesarina-Xais.jpg\" data-dt-img-description=\"OLYMPUS DIGITAL CAMERA\" data-large_image_width=\"251\" data-large_image_height=\"187\"><img loading=\"lazy\" decoding=\"async\" class=\"wp-image-61461 alignleft\" src=\"http:\/\/www.radiopiu.net\/wordpress\/wp-content\/uploads\/2018\/09\/Micheli-Enrico-e-Cesarina-Xais.jpg\" alt=\"\" width=\"271\" height=\"202\" \/><\/a><\/p>\n<p><strong>AGORDO.<\/strong> \u201cAttualit\u00e0 e forza del pensiero di Enrico Micheli. Gli elementi che hanno portato a un cambiamento nell\u2019approccio all\u2019autismo\u201d. \u00c8 il titolo della giornata di studi organizzata per\u00a0 oggi dalle 9 alle 17 in sala don Tamis ad Agordo dal Laboratorio psicoeducativo di La Valle Agordina in ricordo dello psicologo Enrico Micheli a 10 anni dalla morte avvenuta nel luglio 2008 sulle Cinque Torri. Un evento importante per la comunit\u00e0 agordina che vedr\u00e0 la partecipazione di importanti studiosi in tema di autismo, ma anche di tanti genitori e ragazzi che hanno avuto aiuto, sostegno e beneficio dalle competenze che Micheli aveva sviluppato e affinato con i suoi studi di respiro internazionale e durante una lunga carriera vissuta prima al servizio di neuropsichiatria infantile di Milano, quindi, dal 2000, in Agordino sia al Centro dell\u2019et\u00e0 evolutiva dell\u2019ospedale di Agordo, sia nel Laboratorio fondato a La Valle.<br \/>\nIl programma della giornata di studi di sabato prevede l\u2019apertura dei lavori alle 9. Si inizier\u00e0 con una proiezione del filmato sulla storia di Enrico Micheli, seguiranno gli interventi del Laboratorio Psicoeducativo e vari altri interventi in ricordo delle esperienze e delle iniziative fatte con Enrico Micheli: Il sime 14 di Milano: \u201cDove tutto ebbe inizio\u201d (Gruppo Simee 14 Milano: Daniela Costa, Patrizia Parassina, Elena Poggio, Enrico Profumo, Franca Risatti); L\u2019attualit\u00e0 del pensiero di Enrico (Maurizio Arduino, Clea Terzuolo); Il lavoro con le famiglie (Flavia Caretto, Anna Gianquinto); Riflessioni in libert\u00e0 (Roberto Cavagnola, Serafino Corti, Mauro Leoni); Scintille di speranza e buone evoluzioni (Paola Bogoni); Il sostegno ai genitori in quanto genitori e in quanto appartenenti ad un\u2019associazione (Pietro Diliberto, Marco Granata); L\u2019importanza del parent training nell\u2019educazione del bambino con disturbo dello spettro autistico (Emanuela Russo); Miti e realt\u00e0 nell\u2019assistenza territoriale (Renato Cerbo); Dalla parte dei bambini (Giulia Ceccarelli, Dora D\u2019Eugenio, Idetta Galvani). Alle 14 inizier\u00e0 la parte finale dedicata alle conclusioni e agli interventi liberi: L\u2019approccio integrato in un percorso di cambiamento di un servizio pubblico (Annamaria Dalla Vecchia, Virginia Giuberti); Condivisone del pensiero in una visione comprehensive (Paola Visconti); La scienza ritorna. Il contributo di Enrico Micheli (Paolo Moderato); Pensieri e ricordi (Massimo Marzocchi); Pensieri liberi camminando (Silvio Grignaschi); La nascita di un gruppo di pensiero (Lisa Costagliola, Mariagrazia Chil\u00f2); La pratica dell\u2019intervento integrato (Rossella Paura); La pratica dell\u2019intervento integrato (Maddalena Mauceri); Testimonianze (Maurizio Troisi, Marina Gattel), Esperienza di un gruppo di genitori (Gruppo Autismo Belluno).\u00a0 (FOTO SUPERANDO.IT, Enrico Michieli con la moglie Cesarina Xaiz)<\/p>\n<p>&nbsp;<\/p>\n<p>&nbsp;<\/p>\n<p>&nbsp;<\/p>\n<p><strong><span style=\"color: #ff0000;\">TESTO, AUDIO DAL SITO, RADIOPIU.NET<\/span><\/strong><\/p>\n<blockquote class=\"wp-embedded-content\" data-secret=\"jSdc6BBsga\"><p><a href=\"http:\/\/www.radiopiu.net\/wordpress\/e-arrivata-in-veneto-la-campagna-itinerante-epatite-c-zero-audio\/\">\u00c8 ARRIVATA IN VENETO LA CAMPAGNA ITINERANTE \u201cEPATITE C ZERO\u201d &#8211; AUDIO &#8211;<\/a><\/p><\/blockquote>\n<p><iframe loading=\"lazy\" class=\"wp-embedded-content\" sandbox=\"allow-scripts\" security=\"restricted\" style=\"position: absolute; clip: rect(1px, 1px, 1px, 1px);\" src=\"http:\/\/www.radiopiu.net\/wordpress\/e-arrivata-in-veneto-la-campagna-itinerante-epatite-c-zero-audio\/embed\/#?secret=jSdc6BBsga\" data-secret=\"jSdc6BBsga\" width=\"600\" height=\"338\" title=\"&#8220;\u00c8 ARRIVATA IN VENETO LA CAMPAGNA ITINERANTE \u201cEPATITE C ZERO\u201d &#8211; AUDIO &#8211;&#8221; &#8212; Radio Pi\u00f9\" frameborder=\"0\" marginwidth=\"0\" marginheight=\"0\" scrolling=\"no\"><\/iframe><\/p>\n<p>&nbsp;<\/p>\n<p>&nbsp;<\/p>\n<p>&nbsp;<\/p>\n<p>&nbsp;<\/p>\n<h1>L\u2019INATTIVITA\u2019 FISICA: LA MALATTIA DEL 21\u00b0 SECOLO<\/h1>\n<blockquote><p><em>Incontro con il Prof. Conconi all\u2019Unione Montana Agordina<\/em><\/p><\/blockquote>\n<p><strong><a class=\"dt-pswp-item\" href=\"http:\/\/www.radiopiu.net\/wordpress\/wp-content\/uploads\/2018\/09\/Conconi-foto1.jpg\" data-dt-img-description=\"\" data-large_image_width=\"2370\" data-large_image_height=\"1534\"><img loading=\"lazy\" decoding=\"async\" class=\"size-medium wp-image-61458 alignleft\" src=\"http:\/\/www.radiopiu.net\/wordpress\/wp-content\/uploads\/2018\/09\/Conconi-foto1-300x194.jpg\" alt=\"\" width=\"300\" height=\"194\" srcset=\"https:\/\/www.radiopiu.net\/wordpress\/wp-content\/uploads\/2018\/09\/Conconi-foto1-300x194.jpg 300w, https:\/\/www.radiopiu.net\/wordpress\/wp-content\/uploads\/2018\/09\/Conconi-foto1-768x497.jpg 768w, https:\/\/www.radiopiu.net\/wordpress\/wp-content\/uploads\/2018\/09\/Conconi-foto1-1024x663.jpg 1024w\" sizes=\"auto, (max-width: 300px) 100vw, 300px\" \/><\/a>AGORDO<\/strong>\u00a0 L\u2019Organizzazione Mondiale della Sanit\u00e0 (OMS) ha stimato che nel mondo un adulto su quattro non \u00e8 sufficientemente attivo e che l\u2019ottanta per cento degli adolescenti non raggiunge i livelli raccomandati di attivit\u00e0 fisica.<br \/>\nMolti studi collegano alla mancanza di attivit\u00e0 fisica l\u2019insorgere di malattie come diabete, ictus, disturbi cardiocircolatori, depressione e cancro: secondo queste ricerche \u00e8 quindi fondamentale promuovere a tutti i livelli forme di attivit\u00e0 fisica, effettuata a ritmi e tempi adeguati. E questo non solo per un migliore benessere personale, ma anche per un vantaggio in termini economici complessivi: recentemente, infatti il Ministero della Salute ha affermato come \u201cun aumento dell\u2019attivit\u00e0 fisica determinerebbe un minor costo per il Servizio Sanitario Nazionale pari a oltre 2, 3 miliardi di euro in termini di prestazioni specialistiche e diagnostiche ambulatoriali, trattamenti ospedalieri e terapie farmacologiche\u201d Di queste importanti tematiche si parler\u00e0 ad Agordo in un incontro con un \u201cguru\u201d dell\u2019attivit\u00e0 fisica: Francesco Conconi, che animer\u00e0 l\u2019evento intitolato \u201cL\u2019inattivit\u00e0 fisica: la malattia del 21\u00b0 secolo\u201d\u00a0 Il prof Francesco Conconi \u2013 classe 1935 \u2013 \u00e8 un medico molto famoso in ambito sportivo, per le sue ricerche sugli aspetti biomedici dello sport: \u00e8 fondatore del Centro di ricerca biomedica applicata allo sport dell\u2019Universit\u00e0 di Ferrara. Ha avuto importanti collaborazioni con il <a class=\"dt-pswp-item\" href=\"http:\/\/www.radiopiu.net\/wordpress\/wp-content\/uploads\/2018\/09\/Conconi-foto2.jpg\" data-dt-img-description=\"\" data-large_image_width=\"1600\" data-large_image_height=\"1200\"><img loading=\"lazy\" decoding=\"async\" class=\"size-medium wp-image-61459 alignright\" src=\"http:\/\/www.radiopiu.net\/wordpress\/wp-content\/uploads\/2018\/09\/Conconi-foto2-300x225.jpg\" alt=\"\" width=\"300\" height=\"225\" srcset=\"https:\/\/www.radiopiu.net\/wordpress\/wp-content\/uploads\/2018\/09\/Conconi-foto2-300x225.jpg 300w, https:\/\/www.radiopiu.net\/wordpress\/wp-content\/uploads\/2018\/09\/Conconi-foto2-768x576.jpg 768w, https:\/\/www.radiopiu.net\/wordpress\/wp-content\/uploads\/2018\/09\/Conconi-foto2-1024x768.jpg 1024w, https:\/\/www.radiopiu.net\/wordpress\/wp-content\/uploads\/2018\/09\/Conconi-foto2.jpg 1600w\" sizes=\"auto, (max-width: 300px) 100vw, 300px\" \/><\/a>Coni e ha partecipato a molte edizioni delle olimpiadi accompagnando atleti di diverse discipline sportive, e maturando esperienze specifiche in molti sport come Biathlon, Canoa, Ciclismo, Corsa , Sci, e Pallavolo Ha messo a punto un importante test sulle capacit\u00e0 aerobiche degli atleti, che porta il suo nome e viene utilizzato da preparatori atletici in tutto il mondo. Negli ultimi anni ha applicato le sue conoscenze anche alla popolazione dei non atleti, promuovendo l\u2019attivit\u00e0 fisica come strumento importantissimo per migliorare la qualit\u00e0 della vita a tutte le et\u00e0. Nel corso dell\u2019incontro, dopo la presentazione del dott. Cesare Dal Bo &#8211; direttore sanitario del Poliambulatorio Agordino &#8211; Conconi illustrer\u00e0 i suoi studi e porter\u00e0 i risultati di iniziative di promozione dell\u2019attivit\u00e0 fisica nella popolazione di diverse fasce d\u2019et\u00e0.\u00a0 L\u2019incontro con il Prof. Conconi \u00e8 organizzato dal Poliambulatorio Agordino e dal Centro Di Intrattenimento sportivo B-Fit di Agordo, e gode del patrocinio dell\u2019Unione Montana Agordina. L\u2019evento, che si svolger\u00e0 Venerd\u00ec 28 settembre dalle ore 18, presso la sala \u201cDon Tamis\u201d dell\u2019Unione Montana Agordina, \u00e8 aperto a tutti gli interessati ed \u00e8 gratuito.<\/p>\n<p>&nbsp;<\/p>\n<p>&nbsp;<\/p>\n<p>&nbsp;<\/p>\n<p>&nbsp;<\/p>\n<h1>PREMI \u201cBEATO BERNARDINO\u201d E \u201cFELTRE &amp; LAVORO\u201d: ECCO LE SCELTE DI FAMIGLIA FELTRINA.<\/h1>\n<p><strong><a class=\"dt-pswp-item\" href=\"http:\/\/www.radiopiu.net\/wordpress\/wp-content\/uploads\/2018\/05\/Feltre_Piazza_Maggiore_1.jpg\" data-dt-img-description=\"\" data-large_image_width=\"310\" data-large_image_height=\"186\"><img loading=\"lazy\" decoding=\"async\" class=\"size-medium wp-image-48325 alignleft\" src=\"http:\/\/www.radiopiu.net\/wordpress\/wp-content\/uploads\/2018\/05\/Feltre_Piazza_Maggiore_1-300x180.jpg\" alt=\"\" width=\"300\" height=\"180\" srcset=\"https:\/\/www.radiopiu.net\/wordpress\/wp-content\/uploads\/2018\/05\/Feltre_Piazza_Maggiore_1-300x180.jpg 300w, https:\/\/www.radiopiu.net\/wordpress\/wp-content\/uploads\/2018\/05\/Feltre_Piazza_Maggiore_1.jpg 310w\" sizes=\"auto, (max-width: 300px) 100vw, 300px\" \/><\/a>FELTRE\u00a0<\/strong> Il Consiglio Direttivo di Famiglia Feltrina, riunitosi sabato scorso 15 settembre, ha, tra le altre cose, individuato gli assegnatari dei premi che verranno consegnati durante l&#8217;assemblea autunnale. Per quanto riguarda il premio \u201cBeato Bernardino\u201d, riservato a persone, enti o associazioni che si sono particolarmente distinti nel campo dell&#8217;assistenza, della cura e della promozione dei valori umani e sociali, il consiglio ha individuato all&#8217;unanimit\u00e0 l&#8217;Associazione Sociale Sportivi Invalidi- A.S.S.I. di Sedico. L&#8217;associazione, da anni attiva nell&#8217;organizzazione di attivit\u00e0 motorie, e non solo, che coinvolgono e rendono protagoniste centinaia di persone con disabilit\u00e0 di varia natura, ha unito il proprio nome, come molti sanno, a quello di Oscar De Pellegrin; il campione paralimpico sar\u00e0 presente alla cerimonia di consegna del riconoscimento. Il Premio \u201cFeltre &amp; Lavoro\u201d, destinato ad attivit\u00e0 economiche radicate nel territorio che si sono particolarmente distinte per dinamicit\u00e0, soprattutto nella creazione di nuove opportunit\u00e0 di occupazione, \u00e8 invece stato assegnato, anche in questo caso all&#8217;unanimit\u00e0, alla Cooperativa Valcarne. L&#8217;azienda, che ha da poco festeggiato i 40 anni di attivit\u00e0, riunisce molti piccoli e medi produttori e allevatori della vallata bellunese e in questi ultimi anni ha visto crescere sia il numero dei punti vendita &#8211; ora attivi a Feltre, Pedavena, Santa Giustina e Busche &#8211; che dei dipendenti impiegati (divenuti oltre una ventina). \u201cIl fatto che le scelte siano state effettuate all&#8217;unanimit\u00e0 ci conferma nella bont\u00e0 delle decisioni assunte\u201d, sottolinea il presidente di Famiglia Feltrina Enrico Gaz, che aggiunge: \u201cl&#8217;associazione \u00e8 impegnata in questo periodo in un&#8217;azione di crescita e rinnovamento aperto a tutti quanti hanno a cuore il bene della nostra comunit\u00e0. Li invitiamo ad avvicinarsi alla Famiglia, anche grazie al nuovo sito internet, da poco on line e in corso di implementazione, dove possono trovare contatti e recapiti utili\u201d. La cerimonia di consegna dei due riconoscimenti avr\u00e0 luogo domenica 21 ottobre a partire dalle 10, durante l&#8217;assemblea autunnale di Famiglia Feltrina, in programma come di consueto nella Sala degli Stemmi del municipio di Feltre. Alla mattinata prenderanno anche gli alunni degli Istituti superiori feltrini diplomatisi con il massimo dei voti, a cui l&#8217;associazione consegner\u00e0 un piccolo premio in pubblicazioni di ambito locale.<\/p>\n<p>&nbsp;<\/p>\n<p>&nbsp;<\/p>\n<p>&nbsp;<\/p>\n<h1>DOMANI LA 16\u00a0 COMUNI A RIVAMONTE AGORDINO, IN DIRETTA SU RADIO PIU DALLE 9.00<\/h1>\n\n\t\t\t<style type='text\/css'>\n\t\t\t\t#gallery-1 {\n\t\t\t\t\tmargin: auto;\n\t\t\t\t}\n\t\t\t\t#gallery-1 .gallery-item {\n\t\t\t\t\tfloat: left;\n\t\t\t\t\tmargin-top: 10px;\n\t\t\t\t\ttext-align: center;\n\t\t\t\t\twidth: 33%;\n\t\t\t\t}\n\t\t\t\t#gallery-1 img {\n\t\t\t\t\tborder: 2px solid #cfcfcf;\n\t\t\t\t}\n\t\t\t\t#gallery-1 .gallery-caption {\n\t\t\t\t\tmargin-left: 0;\n\t\t\t\t}\n\t\t\t\t\/* see gallery_shortcode() in wp-includes\/media.php *\/\n\t\t\t<\/style>\n\t\t<div id='gallery-1' class='dt-gallery-container gallery galleryid-61449 gallery-columns-3 gallery-size-thumbnail'><dl class='gallery-item'>\n\t\t\t\t<dt class='gallery-icon portrait'>\n\t\t\t\t\t<a class=\"rollover\" href='https:\/\/www.radiopiu.net\/wordpress\/giornale-radiopiu-22-settembre-2018-direttore-mirko-mezzacasa\/3156d96d-44db-418c-88e6-fe2afe5a4dde\/'><img loading=\"lazy\" decoding=\"async\" width=\"150\" height=\"150\" src=\"https:\/\/www.radiopiu.net\/wordpress\/wp-content\/uploads\/2018\/09\/3156d96d-44db-418c-88e6-fe2afe5a4dde-150x150.jpg\" class=\"attachment-thumbnail size-thumbnail\" alt=\"\" \/><\/a>\n\t\t\t\t<\/dt><\/dl><dl class='gallery-item'>\n\t\t\t\t<dt class='gallery-icon landscape'>\n\t\t\t\t\t<a class=\"rollover\" href='https:\/\/www.radiopiu.net\/wordpress\/giornale-radiopiu-22-settembre-2018-direttore-mirko-mezzacasa\/9cc061bb-2ca5-49a8-9695-ad49aeefcc74\/'><img loading=\"lazy\" decoding=\"async\" width=\"150\" height=\"150\" src=\"https:\/\/www.radiopiu.net\/wordpress\/wp-content\/uploads\/2018\/09\/9cc061bb-2ca5-49a8-9695-ad49aeefcc74-150x150.jpg\" class=\"attachment-thumbnail size-thumbnail\" alt=\"\" \/><\/a>\n\t\t\t\t<\/dt><\/dl><dl class='gallery-item'>\n\t\t\t\t<dt class='gallery-icon portrait'>\n\t\t\t\t\t<a class=\"rollover\" href='https:\/\/www.radiopiu.net\/wordpress\/giornale-radiopiu-22-settembre-2018-direttore-mirko-mezzacasa\/d5e1ce17-7bb5-4360-a74e-5135ee6e93a3\/'><img loading=\"lazy\" decoding=\"async\" width=\"150\" height=\"150\" src=\"https:\/\/www.radiopiu.net\/wordpress\/wp-content\/uploads\/2018\/09\/d5e1ce17-7bb5-4360-a74e-5135ee6e93a3-150x150.jpg\" class=\"attachment-thumbnail size-thumbnail\" alt=\"\" \/><\/a>\n\t\t\t\t<\/dt><\/dl><br style=\"clear: both\" \/>\n\t\t\t<\/div>\n\n<p><strong>RIVAMONTE<\/strong> Domani \u00e8 il giorno della 16 Comuni, la gara a staffetta. Nello speciale di RADIOPIU Giulia Schena e il sindaco di Rivamonte Giovanni Nino Deon<\/p>\n<audio class=\"wp-audio-shortcode\" id=\"audio-61449-7\" preload=\"none\" style=\"width: 100%;\" controls=\"controls\"><source type=\"audio\/mpeg\" src=\"http:\/\/www.radiopiu.net\/wordpress\/wp-content\/uploads\/2018\/09\/976.mp3?_=7\" \/><a href=\"http:\/\/www.radiopiu.net\/wordpress\/wp-content\/uploads\/2018\/09\/976.mp3\">http:\/\/www.radiopiu.net\/wordpress\/wp-content\/uploads\/2018\/09\/976.mp3<\/a><\/audio>\n<p>&nbsp;<\/p>\n<p>&nbsp;<\/p>\n<p>&nbsp;<\/p>\n<p>&nbsp;<\/p>\n<h1>TOURING CLUB ITALIANO IN PRIMIERO<\/h1>\n<p>GALLERIA FOTO, CLICCA PER INGRANDIRE<\/p>\n\n\t\t\t<style type='text\/css'>\n\t\t\t\t#gallery-2 {\n\t\t\t\t\tmargin: auto;\n\t\t\t\t}\n\t\t\t\t#gallery-2 .gallery-item {\n\t\t\t\t\tfloat: left;\n\t\t\t\t\tmargin-top: 10px;\n\t\t\t\t\ttext-align: center;\n\t\t\t\t\twidth: 33%;\n\t\t\t\t}\n\t\t\t\t#gallery-2 img {\n\t\t\t\t\tborder: 2px solid #cfcfcf;\n\t\t\t\t}\n\t\t\t\t#gallery-2 .gallery-caption {\n\t\t\t\t\tmargin-left: 0;\n\t\t\t\t}\n\t\t\t\t\/* see gallery_shortcode() in wp-includes\/media.php *\/\n\t\t\t<\/style>\n\t\t<div id='gallery-2' class='dt-gallery-container gallery galleryid-61449 gallery-columns-3 gallery-size-thumbnail'><dl class='gallery-item'>\n\t\t\t\t<dt class='gallery-icon landscape'>\n\t\t\t\t\t<a class=\"rollover\" href='https:\/\/www.radiopiu.net\/wordpress\/giornale-radiopiu-22-settembre-2018-direttore-mirko-mezzacasa\/fiera-di-p-gruppo-tci-2\/'><img loading=\"lazy\" decoding=\"async\" width=\"150\" height=\"150\" src=\"https:\/\/www.radiopiu.net\/wordpress\/wp-content\/uploads\/2018\/09\/Fiera-di-P.-gruppo-TCI-2-150x150.jpg\" class=\"attachment-thumbnail size-thumbnail\" alt=\"\" aria-describedby=\"gallery-2-61451\" \/><\/a>\n\t\t\t\t<\/dt>\n\t\t\t\t\t<dd class='wp-caption-text gallery-caption' id='gallery-2-61451'>\n\t\t\t\t\tFIERA DI PRIMIERO GRUPPO TC2\n\t\t\t\t\t<\/dd><\/dl><dl class='gallery-item'>\n\t\t\t\t<dt class='gallery-icon landscape'>\n\t\t\t\t\t<a class=\"rollover\" href='https:\/\/www.radiopiu.net\/wordpress\/giornale-radiopiu-22-settembre-2018-direttore-mirko-mezzacasa\/omaggio-tci-allassessore-brunet\/'><img loading=\"lazy\" decoding=\"async\" width=\"150\" height=\"150\" src=\"https:\/\/www.radiopiu.net\/wordpress\/wp-content\/uploads\/2018\/09\/Omaggio-TCI-allAssessore-Brunet-150x150.jpg\" class=\"attachment-thumbnail size-thumbnail\" alt=\"\" aria-describedby=\"gallery-2-61452\" \/><\/a>\n\t\t\t\t<\/dt>\n\t\t\t\t\t<dd class='wp-caption-text gallery-caption' id='gallery-2-61452'>\n\t\t\t\t\tOMAGGIO TCI ALL&#8217;ASSESSORE BRUNET \n\t\t\t\t\t<\/dd><\/dl><dl class='gallery-item'>\n\t\t\t\t<dt class='gallery-icon landscape'>\n\t\t\t\t\t<a class=\"rollover\" href='https:\/\/www.radiopiu.net\/wordpress\/giornale-radiopiu-22-settembre-2018-direttore-mirko-mezzacasa\/fiera-arcipretale-3\/'><img loading=\"lazy\" decoding=\"async\" width=\"150\" height=\"150\" src=\"https:\/\/www.radiopiu.net\/wordpress\/wp-content\/uploads\/2018\/09\/Fiera-arcipretale-3-150x150.jpg\" class=\"attachment-thumbnail size-thumbnail\" alt=\"\" aria-describedby=\"gallery-2-61450\" \/><\/a>\n\t\t\t\t<\/dt>\n\t\t\t\t\t<dd class='wp-caption-text gallery-caption' id='gallery-2-61450'>\n\t\t\t\t\tFIERA ARCIPRETALE \n\t\t\t\t\t<\/dd><\/dl><br style=\"clear: both\" \/><dl class='gallery-item'>\n\t\t\t\t<dt class='gallery-icon landscape'>\n\t\t\t\t\t<a class=\"rollover\" href='https:\/\/www.radiopiu.net\/wordpress\/giornale-radiopiu-22-settembre-2018-direttore-mirko-mezzacasa\/tonadico-1\/'><img loading=\"lazy\" decoding=\"async\" width=\"150\" height=\"150\" src=\"https:\/\/www.radiopiu.net\/wordpress\/wp-content\/uploads\/2018\/09\/Tonadico-1-150x150.jpg\" class=\"attachment-thumbnail size-thumbnail\" alt=\"\" aria-describedby=\"gallery-2-61453\" \/><\/a>\n\t\t\t\t<\/dt>\n\t\t\t\t\t<dd class='wp-caption-text gallery-caption' id='gallery-2-61453'>\n\t\t\t\t\tTONADICO\n\t\t\t\t\t<\/dd><\/dl><dl class='gallery-item'>\n\t\t\t\t<dt class='gallery-icon landscape'>\n\t\t\t\t\t<a class=\"rollover\" href='https:\/\/www.radiopiu.net\/wordpress\/giornale-radiopiu-22-settembre-2018-direttore-mirko-mezzacasa\/tonadico-affresco\/'><img loading=\"lazy\" decoding=\"async\" width=\"150\" height=\"150\" src=\"https:\/\/www.radiopiu.net\/wordpress\/wp-content\/uploads\/2018\/09\/Tonadico-affresco-150x150.jpg\" class=\"attachment-thumbnail size-thumbnail\" alt=\"\" aria-describedby=\"gallery-2-61454\" \/><\/a>\n\t\t\t\t<\/dt>\n\t\t\t\t\t<dd class='wp-caption-text gallery-caption' id='gallery-2-61454'>\n\t\t\t\t\tTONADICO\n\t\t\t\t\t<\/dd><\/dl><dl class='gallery-item'>\n\t\t\t\t<dt class='gallery-icon landscape'>\n\t\t\t\t\t<a class=\"rollover\" href='https:\/\/www.radiopiu.net\/wordpress\/giornale-radiopiu-22-settembre-2018-direttore-mirko-mezzacasa\/tonadico-scopoli\/'><img loading=\"lazy\" decoding=\"async\" width=\"150\" height=\"150\" src=\"https:\/\/www.radiopiu.net\/wordpress\/wp-content\/uploads\/2018\/09\/tonadico-scopoli-150x150.jpg\" class=\"attachment-thumbnail size-thumbnail\" alt=\"\" \/><\/a>\n\t\t\t\t<\/dt><\/dl><br style=\"clear: both\" \/>\n\t\t\t<\/div>\n\n<p><strong>FIERA DI PRIMIERO<\/strong> Una bolla cuscinetto fra Veneto e Tirolo. Questo \u00e8 stata, e per certi versi lo \u00e8 ancora, la valle del Primiero. Prima tutto pascoli, boschi, vacche e masi, poi fiorente localit\u00e0 mineraria e dall&#8217;800, rinomata stazione turistica. Lo rappresenta bene Fiera di Primiero, rimasta grossomodo intatta nella conformazione urbanistica, persino nelle tinte dei palazzi che fanno da quinta alla via principale e che erano segno distintivo dei vari proprietari. Una via che si apre dapprima in un piccolo slargo con fontana su cui prospetta la chiesa della venerata Madonna dell&#8217;Aiuto e, finisce in luogo rialzato, con il cosiddetto Palazzo delle Miniere dalla nordica architettura e la vicina imponente arcipretale gotica. Di carattere totalmente diverso, il vicino centro di Tonadico, con buona probabilit\u00e0\u00a0il paese pi\u00f9 antico della valle, in tempi lontani sede del Vicario del Capitano del Castello e del Vescovo di Feltre, vale a dire gli amministratori di giustizia dell&#8217;epoca. Nonostante le recenti modifiche urbanistiche, \u00e8 ancora possibile fare un tuffo nel passato agricolo percorrendo le sue\u00a0canis\u00e8le, le originali viuzze del centro storico, scoprendo i molti affreschi seicenteschi a sfondo religioso che impreziosiscono le facciate delle case, delle chiese e dei palazzi. Fra questi, palazzo Scopoli &#8211; dove si \u00e8 conclusa la giornata Touring organizzata dal Console TCI Eldo Candeago \u2013 edificio che \u00e8 stato nel corso dei secoli silenzioso spettatore della storia del paese, cambiando svariate volte la propria destinazione d&#8217;uso. Restaurato ad inizio 2000, Palazzo Scopoli \u00e8 tornato ad essere sede di mostre e manifestazioni culturali. All&#8217;interno, ove era un tempo la cappella del Giuramento, sono esposti alcuni stacchi di affreschi della chiesa di San Vittore che sovrasta il paese, e un prezioso altare tardogotico della bottega di Ruprecht Potsch.<\/p>\n<p>&nbsp;<\/p>\n<p>&nbsp;<\/p>\n<p>&nbsp;<\/p>\n<h1>URBABIO ENTRA NEL VIVO<\/h1>\n<p><strong>BELLUNO<\/strong> Il progetto UrbaBio entra nel vivo,\u00a0 coinvolger\u00e0 quattro tra le &#8220;Citt\u00e0 Alpine dell&#8217;anno&#8221;: Belluno, Trento, Chambery e Annecy. Martedi sar\u00e0 presentata ufficialmente alla stampa dal sindaco\u00a0Jacopo Massaro dal&#8217;assessore alle politiche ambientali, Stefania Ganz e dalla direttrice dell&#8217;associazione Citt\u00e0 Alpine dell&#8217;anno, Claire Simon. Saranno presenti anche i rappresentanti delle altre tre citt\u00e0.<\/p>\n<p>&nbsp;<\/p>\n<p>&nbsp;<\/p>\n<p>&nbsp;<\/p>\n<p>&nbsp;<\/p>\n<p><a class=\"dt-pswp-item\" href=\"http:\/\/www.radiopiu.net\/wordpress\/wp-content\/uploads\/2015\/08\/PROSSIMI_APPUNTAMENTI.jpg\" data-dt-img-description=\"\" data-large_image_width=\"397\" data-large_image_height=\"123\"><img loading=\"lazy\" decoding=\"async\" class=\"alignnone wp-image-8642 \" src=\"http:\/\/www.radiopiu.net\/wordpress\/wp-content\/uploads\/2015\/08\/PROSSIMI_APPUNTAMENTI.jpg\" alt=\"\" width=\"736\" height=\"228\" \/><\/a><\/p>\n<p>&nbsp;<\/p>\n<h1>FORNASIER CANTA I BELUMAT E APRE ALLA RACCOLTA FONDI PER IL CENTRO DIURNO<\/h1>\n<p><strong><a class=\"dt-pswp-item\" href=\"http:\/\/www.radiopiu.net\/wordpress\/wp-content\/uploads\/2018\/09\/download-1-2.jpg\" data-dt-img-description=\"\" data-large_image_width=\"276\" data-large_image_height=\"183\"><img loading=\"lazy\" decoding=\"async\" class=\" wp-image-61129 alignleft\" src=\"http:\/\/www.radiopiu.net\/wordpress\/wp-content\/uploads\/2018\/09\/download-1-2.jpg\" alt=\"\" width=\"211\" height=\"140\" \/><\/a>AGORDO <\/strong>Questa sera alle 20.30 all&#8217;Auditorium del centro parrocchiale Monsignor Savio si esibir\u00e0 Giorgio Fornasier dei Belumat (foto RadioCortina). L&#8217;evento vuole rappresentare l&#8217;inizio ufficiale della campagna di raccolta fondi per l&#8217;apertura di &#8220;Altro senso&#8221;, il nuovo centro diurno che dal 2019 ospiter\u00e0 gli utenti con disabilit\u00e0 del territorio.<\/p>\n<p>&nbsp;<\/p>\n<p>&nbsp;<\/p>\n<p>&nbsp;<\/p>\n<p>&nbsp;<\/p>\n<h1>SCARPINI E FASCIA TRICOLORE<\/h1>\n\n\t\t\t<style type='text\/css'>\n\t\t\t\t#gallery-3 {\n\t\t\t\t\tmargin: auto;\n\t\t\t\t}\n\t\t\t\t#gallery-3 .gallery-item {\n\t\t\t\t\tfloat: left;\n\t\t\t\t\tmargin-top: 10px;\n\t\t\t\t\ttext-align: center;\n\t\t\t\t\twidth: 33%;\n\t\t\t\t}\n\t\t\t\t#gallery-3 img {\n\t\t\t\t\tborder: 2px solid #cfcfcf;\n\t\t\t\t}\n\t\t\t\t#gallery-3 .gallery-caption {\n\t\t\t\t\tmargin-left: 0;\n\t\t\t\t}\n\t\t\t\t\/* see gallery_shortcode() in wp-includes\/media.php *\/\n\t\t\t<\/style>\n\t\t<div id='gallery-3' class='dt-gallery-container gallery galleryid-61449 gallery-columns-3 gallery-size-thumbnail'><dl class='gallery-item'>\n\t\t\t\t<dt class='gallery-icon portrait'>\n\t\t\t\t\t<a class=\"rollover\" href='https:\/\/www.radiopiu.net\/wordpress\/giornale-radiopiu-20-settembre-2018-direttore-mirko-mezzacasa\/whatsapp-image-2018-09-19-at-20-26-38\/'><img loading=\"lazy\" decoding=\"async\" width=\"150\" height=\"150\" src=\"https:\/\/www.radiopiu.net\/wordpress\/wp-content\/uploads\/2018\/09\/WhatsApp-Image-2018-09-19-at-20.26.38-150x150.jpeg\" class=\"attachment-thumbnail size-thumbnail\" alt=\"\" \/><\/a>\n\t\t\t\t<\/dt><\/dl>\n\t\t\t\t<br style='clear: both' \/>\n\t\t\t<\/div>\n\n<p><strong>BELLUNO<\/strong> Oggi allo stadio comunale di Longarone va in scena l&#8217;Alpen Cup 2018 con la partecipazione delle nazionali di calcio dei sindaci di Italia, Austria, Germania, Slovenia e Sudtirol. Punta di diamante nel team azzurro il sindaco di casa, Roberto Padrin con un passato calcistico di tutto rispetto. Nella foto allegata (clicca per ingrandire) il programma nei dettagli dell&#8217;evento calcistico.<\/p>\n<p>&nbsp;<\/p>\n<p>&nbsp;<\/p>\n<p>&nbsp;<\/p>\n<p>&nbsp;<\/p>\n<p align=\"CENTER\"><span style=\"font-family: Arial, sans-serif;\"><span style=\"font-size: x-large;\"><b>Il Parco Dolomiti Bellunesi protagonista a Linea Verde<\/b><\/span><\/span><\/p>\n<p align=\"CENTER\"><em><span style=\"font-family: Arial, sans-serif;\"><span style=\"font-size: large;\">\u00a0alle 12.20<\/span><\/span><\/em><\/p>\n<p align=\"JUSTIFY\"><span style=\"font-family: Arial, sans-serif;\"><span style=\"font-size: small;\"><strong><a class=\"dt-pswp-item\" href=\"http:\/\/www.radiopiu.net\/wordpress\/wp-content\/uploads\/2018\/09\/download-8.jpg\" data-dt-img-description=\"\" data-large_image_width=\"260\" data-large_image_height=\"194\"><img loading=\"lazy\" decoding=\"async\" class=\"size-full wp-image-61347 alignleft\" src=\"http:\/\/www.radiopiu.net\/wordpress\/wp-content\/uploads\/2018\/09\/download-8.jpg\" alt=\"\" width=\"260\" height=\"194\" \/><\/a>FELTRE<\/strong> Linea Verde, il popolare programma di Rai 1 che da oltre mezzo secolo racconta l&#8217;agricoltura italiana e le sue eccellenze, fa tappa al Parco Nazionale Dolomiti Bellunesi.\u00a0<\/span><\/span><span style=\"font-family: Arial, sans-serif;\"><span style=\"font-size: small;\">Nella puntata in onda\u00a0oggi\u00a0<\/span><\/span><span style=\"font-family: Arial, sans-serif;\"><span style=\"font-size: small;\">alle <\/span><\/span><span style=\"font-family: Arial, sans-serif;\"><span style=\"font-size: small;\">12.20<\/span><\/span><span style=\"font-family: Arial, sans-serif;\"><span style=\"font-size: small;\"> sono protagonisti il Bellunese e il Parco Nazionale.<\/span><\/span><\/p>\n<p>&nbsp;<\/p>\n<p>&nbsp;<\/p>\n<p>&nbsp;<\/p>\n<blockquote><p>&nbsp;<\/p><\/blockquote>\n<p><a class=\"dt-pswp-item\" href=\"http:\/\/www.radiopiu.net\/wordpress\/wp-content\/uploads\/2018\/09\/sport.jpg\" data-dt-img-description=\"\" data-large_image_width=\"800\" data-large_image_height=\"100\"><img loading=\"lazy\" decoding=\"async\" class=\"alignnone wp-image-60761 size-full\" src=\"http:\/\/www.radiopiu.net\/wordpress\/wp-content\/uploads\/2018\/09\/sport.jpg\" alt=\"\" width=\"800\" height=\"100\" srcset=\"https:\/\/www.radiopiu.net\/wordpress\/wp-content\/uploads\/2018\/09\/sport.jpg 800w, https:\/\/www.radiopiu.net\/wordpress\/wp-content\/uploads\/2018\/09\/sport-300x38.jpg 300w, https:\/\/www.radiopiu.net\/wordpress\/wp-content\/uploads\/2018\/09\/sport-768x96.jpg 768w\" sizes=\"auto, (max-width: 800px) 100vw, 800px\" \/><\/a><\/p>\n<h1><\/h1>\n<div class=\"moz-text-html\" lang=\"x-unicode\">\n<div dir=\"ltr\">\n<h1>APPUNTAMENTI DEL FINE SETTIMANA<\/h1>\n<blockquote>\n<h1>HOCKEY.<\/h1>\n<\/blockquote>\n<p>Inizia oggi l&#8217;Italian Hockey League e l&#8217;Alleghe inaugura la stagione in casa questa sera alle ore 18 contro il Como. Dopo la partita di IHL allo stadio Alvise De Toni ci sar\u00e0 anche la presentazione di tutte le squadre iscritte ai vari campionati, dalle giovanili, passando per l&#8217;Alleghe Girls e la prima squadra. Settore giovanile dell&#8217;Alleghe impegnato nel fine settimana con la under 19 che domani giocher\u00e0 in trasferta contro l&#8217;Appiano alle ore 16:30. Giornata di riposo invece per l&#8217;Under 17. esordio per l&#8217;under 15 che domani mattina alle 11 giocher\u00e0 in casa contro il Renon mentre oggi pomeriggio al De Toni verr\u00e0 inaugurata la stagione anche della under 13 che gioca la prima partita di campionato contro il Val Pusteria.<\/p>\n<h1><span style=\"color: #ff0000;\"><strong>SPECIALE IHL<\/strong><\/span><\/h1>\n<\/div>\n<\/div>\n<blockquote class=\"wp-embedded-content\" data-secret=\"Sg1ap596pb\"><p><a href=\"http:\/\/www.radiopiu.net\/wordpress\/italian-hockey-league-si-comincia\/\">ITALIAN HOCKEY LEAGUE&#8230;SI COMINCIA!!!<\/a><\/p><\/blockquote>\n<p><iframe loading=\"lazy\" class=\"wp-embedded-content\" sandbox=\"allow-scripts\" security=\"restricted\" style=\"position: absolute; clip: rect(1px, 1px, 1px, 1px);\" src=\"http:\/\/www.radiopiu.net\/wordpress\/italian-hockey-league-si-comincia\/embed\/#?secret=Sg1ap596pb\" data-secret=\"Sg1ap596pb\" width=\"600\" height=\"338\" title=\"&#8220;ITALIAN HOCKEY LEAGUE&#8230;SI COMINCIA!!!&#8221; &#8212; Radio Pi\u00f9\" frameborder=\"0\" marginwidth=\"0\" marginheight=\"0\" scrolling=\"no\"><\/iframe><\/p>\n<p>&nbsp;<\/p>\n<p>&nbsp;<\/p>\n<div class=\"moz-text-html\" lang=\"x-unicode\">\n<div dir=\"ltr\">\n<blockquote>\n<h1><\/h1>\n<h1>CALCIO<\/h1>\n<\/blockquote>\n<p>Seconda partita di campionato CSI per il Le Ville che oggi a La Valle giocher\u00e0 contro il Bar Quadrifoglio alle 15:30. Settore giovanile dell&#8217;Agordina con la juoniores di Piergiorgio De Bastiani che gioca in trasferta contro il Limana oggi pomeriggio alle 15:30 . Gli allievi provinciali allenati da Renato Orzetti giocheranno domani mattina contro il Pizzocco. In campo anche i giovanissimi di Alessandro De Lazzer che oggi alle 15:30 sfideranno il Limana tra le mura amiche. Domani pomeriggio su Radio Pi\u00f9 seguiremo la prima squadra dell&#8217;Agordina e il Fioribarp in diretta all&#8217;interno di DOMENICA PIU&#8217; SPORT a partire dalle 15:30. Fiori Barp che gioca in casa contro l&#8217;Altivolese (Prima Categoria gir. G del Veneto). Agordina in campo ad Agordo contro il Sarmede (Seconda Categoria gir. R del Veneto).<\/p>\n<\/div>\n<\/div>\n<p>&nbsp;<\/p>\n<p>&nbsp;<\/p>\n<p>&nbsp;<\/p>\n<h1>DOMANI IL RACING MOTOR AD AGORDO<\/h1>\n<h1><span style=\"color: #ff0000;\">SPECIALE RADIOPIU<\/span><\/h1>\n<blockquote class=\"wp-embedded-content\" data-secret=\"YRtmBlzCM4\"><p><a href=\"http:\/\/www.radiopiu.net\/wordpress\/motori-domenica-il-racing-motor-nel-pomeriggio-lo-speciale-a-radio-piu-con-mauro-riva\/\">MOTORI, DOMENICA IL RACING MOTOR, NEL POMERIGGIO LO SPECIALE A RADIO PIU CON MAURO RIVA<\/a><\/p><\/blockquote>\n<p><iframe loading=\"lazy\" class=\"wp-embedded-content\" sandbox=\"allow-scripts\" security=\"restricted\" style=\"position: absolute; clip: rect(1px, 1px, 1px, 1px);\" src=\"http:\/\/www.radiopiu.net\/wordpress\/motori-domenica-il-racing-motor-nel-pomeriggio-lo-speciale-a-radio-piu-con-mauro-riva\/embed\/#?secret=YRtmBlzCM4\" data-secret=\"YRtmBlzCM4\" width=\"600\" height=\"338\" title=\"&#8220;MOTORI, DOMENICA IL RACING MOTOR, NEL POMERIGGIO LO SPECIALE A RADIO PIU CON MAURO RIVA&#8221; &#8212; Radio Pi\u00f9\" frameborder=\"0\" marginwidth=\"0\" marginheight=\"0\" scrolling=\"no\"><\/iframe><\/p>\n<p>&nbsp;<\/p>\n<p>&nbsp;<\/p>\n<p>&nbsp;<\/p>\n<p>&nbsp;<\/p>\n<blockquote>\n<h1><span style=\"color: #0000ff;\">OGGI ALLE 18 DIRETTA ALLEGHE HOCKEY DAL DE TONI<\/span><\/h1>\n<h1><span style=\"color: #0000ff;\">DOMANI DALLE 9 DIRETTA 16 COMUNI AGORDINO<\/span><\/h1>\n<h1><span style=\"color: #0000ff;\">DOMANI POMERIGGIO DOMENICA PIU&#8217; SPORT, AGORDINA CALCIO, FIORI BARP, LO SPORT AGORDINO\u00a0<\/span><\/h1>\n<\/blockquote>\n<p>&nbsp;<\/p>\n<p>&nbsp;<\/p>\n<p><a class=\"dt-pswp-item\" href=\"http:\/\/www.radiopiu.net\/wordpress\/wp-content\/uploads\/2018\/09\/WhatsApp-Image-2018-09-20-at-16.04.06.jpeg\" data-dt-img-description=\"\" data-large_image_width=\"800\" data-large_image_height=\"100\"><img loading=\"lazy\" decoding=\"async\" class=\"alignnone wp-image-61378 size-full\" src=\"http:\/\/www.radiopiu.net\/wordpress\/wp-content\/uploads\/2018\/09\/WhatsApp-Image-2018-09-20-at-16.04.06.jpeg\" alt=\"\" width=\"800\" height=\"100\" srcset=\"https:\/\/www.radiopiu.net\/wordpress\/wp-content\/uploads\/2018\/09\/WhatsApp-Image-2018-09-20-at-16.04.06.jpeg 800w, https:\/\/www.radiopiu.net\/wordpress\/wp-content\/uploads\/2018\/09\/WhatsApp-Image-2018-09-20-at-16.04.06-300x38.jpeg 300w, https:\/\/www.radiopiu.net\/wordpress\/wp-content\/uploads\/2018\/09\/WhatsApp-Image-2018-09-20-at-16.04.06-768x96.jpeg 768w\" sizes=\"auto, (max-width: 800px) 100vw, 800px\" \/><\/a><\/p>\n<p>&nbsp;<\/p>\n<blockquote><p><strong>E&#8217; terminata ieri una seconda decade di settembre molto calda, con media delle temperature massime circa 5\u00b0C superiore alla norma. Ieri sono stati raggiunti 31.8\u00b0C a Feltre, ma negli ultimi 10 giorni erano gi\u00e0 stati raggiunti pi\u00f9 volte valori termici tipicamente estivi, come i 29.7\u00b0C di Santa Giustina, 28.7\u00b0C a Belluno, 28.8\u00b0C a Santo Stefano, 25.2\u00b0C a Falcade, 22.6\u00b0C ad Arabba, 19.4\u00b0C a Passo Falzarego e i 9.8\u00b0C sulla Marmolada. Per ritrovare temperature cos\u00ec alte nella seconda decade di questo mese bisogna risalire al 1987, quando, soprattutto in quota, fece ancora pi\u00f9 caldo (25\u00b0C ad Arabba e 21\u00b0C a Passo Falzarego). Fra luned\u00ec e marted\u00ec \u00e8 previsto un drastico calo termico (circa 10\u00b0C) e nel resto della settimana si avranno temperature sensibilmente inferiori alla norma, con valori tipicamente autunnali. Per ulteriori dettagli sulle condizioni meteorologiche previste per la montagna veneta si veda il bollettino Dolomiti Meteo, aggiornato alle ore13 http:\/\/www.arpa.veneto.it\/previsioni\/it\/html\/meteo_dolomiti.php<\/strong><\/p><\/blockquote>\n<p>&nbsp;<\/p>\n<p>&nbsp;<\/p>\n<p>&nbsp;<\/p>\n<h1>PREVISIONI DEL TEMPO DA OGGI A MARTEDI<\/h1>\n<p><strong>Sabato 22<\/strong><br \/>\nTempo atteso: Cielo spesso nuvoloso, a tratti parziali rasserenamenti.<br \/>\nPrecipitazioni: Su Bellunese e Prealpi Trevigiane probabilita medio-bassa (30-50%) fino al mattino e medio-alta (50-70%) dal pomeriggio, su Prealpi Vicentine e Veronesi assenti fino al mattino e probabilit\u00e0 medio-bassa (30-50%) dal pomeriggio. Piovaschi, rovesci e temporali saranno pi\u00f9 probabili sulle zone nord-orientali rispetto alle zone sud-occidentali, e pi\u00f9 probabili dal pomeriggio; entro fine giornata avranno interessato in modo diffuso le Dolomiti e le zone trevigiane, sparso le zone vicentine, locale le zone veronesi.<br \/>\nTemperature: Rispetto a venerd\u00ec fino al primo mattino saranno stazionare in quota e in aumento leggero o moderato nelle valli, poi in calo anche sensibile con minime a tarda sera. Valori sopra la norma anche di molto fino al primo mattino, poi pi\u00f9 in linea con le medie tipiche del periodo. Su Prealpi a 1500 m min 8 e max 15, a 2000 m min 8 e max 11; su Dolomiti a 2000 m min 7 e max 11, a 3000 m min 2 e max 4.<br \/>\nVenti: Nelle valli deboli o moderati con direzione variabile; in quota moderati o tesi da ovest, fino a 10-25 km\/h a 2000 m e 35-50 km\/h a 3000 m.<br \/>\n<strong>Domenica 23<\/strong><br \/>\nTempo atteso: Cielo parzialmente nuvoloso o nuvoloso fino al primo mattino, poi alternanza di nuvolosit\u00e0 variabile e rasserenamenti.<br \/>\nPrecipitazioni: Assenti.<br \/>\nTemperature: Rispetto a sabato saranno in calo di notte e in aumento di giorno, leggero o moderato. Su Prealpi a 1500 m min 8 e max 16, a 2000 m min 8 e max 11; su Dolomiti a 2000 m min 7 e max 11, a 3000 m min 2 e max 6.<br \/>\nVenti: Nelle valli deboli o moderati con direzione variabile; in quota moderati o tesi da nord-ovest, fino a 25-40 km\/h a 2000 m e 40-60 km\/h a 3000 m.<br \/>\n<strong>Lunedi 24<\/strong><br \/>\nFino al primo mattino alternanza di nuvolosit\u00e0 variabile e rasserenamenti con qualche pioggia sulle Dolomiti, poi cielo sereno o poco nuvoloso eccetto addensamenti locali e temporanei. Venti di Tramontana spesso tesi o forti in quota e con raffiche a tratti nelle valli. Temperature in calo in quota e con andamento molto variabile nelle valli per effetto Foehn.<br \/>\n<strong>Martedi 25<\/strong><br \/>\nPrecipitazioni assenti, cielo sereno o poco nuvoloso, ancora ventoso per Tramontana, temperature in calo. Previsore: sv<\/p>\n<p>&nbsp;<\/p>\n","protected":false},"excerpt":{"rendered":"<p>RECUPERATI ALPINISTI SULLA TORRE WUNDT AURONZO\u00a0Ieri mattina l&#8217;elicottero Pelikan di Bressanone ha imbarcato due tecnici del Soccorso alpino per volare a recuperare due alpinisti in difficolt\u00e0 sulla Via Mazzorana \u2013 Del Torso alla Torre Wundt. I due rocciatori, dopo essere usciti dalla via nella giornata di giovedi avevano deciso di calarsi in corda doppia dallo&hellip;<\/p>\n","protected":false},"author":1,"featured_media":0,"comment_status":"closed","ping_status":"closed","sticky":false,"template":"","format":"standard","meta":{"_monsterinsights_skip_tracking":false,"_monsterinsights_sitenote_active":false,"_monsterinsights_sitenote_note":"","_monsterinsights_sitenote_category":0,"footnotes":""},"categories":[86,49],"tags":[],"class_list":["post-61449","post","type-post","status-publish","format-standard","hentry","category-gr","category-news-18","category-86","category-49","description-off"],"img_url":false,"_links":{"self":[{"href":"https:\/\/www.radiopiu.net\/wordpress\/wp-json\/wp\/v2\/posts\/61449","targetHints":{"allow":["GET"]}}],"collection":[{"href":"https:\/\/www.radiopiu.net\/wordpress\/wp-json\/wp\/v2\/posts"}],"about":[{"href":"https:\/\/www.radiopiu.net\/wordpress\/wp-json\/wp\/v2\/types\/post"}],"author":[{"embeddable":true,"href":"https:\/\/www.radiopiu.net\/wordpress\/wp-json\/wp\/v2\/users\/1"}],"replies":[{"embeddable":true,"href":"https:\/\/www.radiopiu.net\/wordpress\/wp-json\/wp\/v2\/comments?post=61449"}],"version-history":[{"count":0,"href":"https:\/\/www.radiopiu.net\/wordpress\/wp-json\/wp\/v2\/posts\/61449\/revisions"}],"wp:attachment":[{"href":"https:\/\/www.radiopiu.net\/wordpress\/wp-json\/wp\/v2\/media?parent=61449"}],"wp:term":[{"taxonomy":"category","embeddable":true,"href":"https:\/\/www.radiopiu.net\/wordpress\/wp-json\/wp\/v2\/categories?post=61449"},{"taxonomy":"post_tag","embeddable":true,"href":"https:\/\/www.radiopiu.net\/wordpress\/wp-json\/wp\/v2\/tags?post=61449"}],"curies":[{"name":"wp","href":"https:\/\/api.w.org\/{rel}","templated":true}]}}