{"id":61491,"date":"2018-09-22T06:17:02","date_gmt":"2018-09-22T04:17:02","guid":{"rendered":"http:\/\/www.radiopiu.net\/wordpress\/?p=61491"},"modified":"2018-09-22T06:17:51","modified_gmt":"2018-09-22T04:17:51","slug":"speciale-ospedale-di-agordo-agordino-lacerata-tormen-perche-ho-lasciato-laula-lopinione-di-dal-bo-lunedi-il-dibattito-in-diretta-differita-alla-radio","status":"publish","type":"post","link":"https:\/\/www.radiopiu.net\/wordpress\/speciale-ospedale-di-agordo-agordino-lacerata-tormen-perche-ho-lasciato-laula-lopinione-di-dal-bo-lunedi-il-dibattito-in-diretta-differita-alla-radio\/","title":{"rendered":"SPECIALE OSPEDALE DI AGORDO: &#8220;AGORDINO LACERATO&#8221;. TORMEN &#8220;PERCHE&#8217; HO LASCIATO L&#8217;AULA&#8221; L&#8217;OPINIONE DI DAL BO&#8217;. LUNEDI  IL DIBATTITO IN DIRETTA DIFFERITA ALLA RADIO"},"content":{"rendered":"<h1 style=\"text-align: center;\"><span style=\"color: #ff0000;\">AGORDINO LACERATO<\/span><\/h1>\n<div><strong><a class=\"dt-pswp-item\" href=\"http:\/\/www.radiopiu.net\/wordpress\/wp-content\/uploads\/2017\/10\/11201175_546893842116298_4188043545427527597_n.jpg\" data-dt-img-description=\"\" data-large_image_width=\"309\" data-large_image_height=\"206\"><img loading=\"lazy\" decoding=\"async\" class=\"wp-image-37146 alignleft\" src=\"http:\/\/www.radiopiu.net\/wordpress\/wp-content\/uploads\/2017\/10\/11201175_546893842116298_4188043545427527597_n-300x200.jpg\" alt=\"\" width=\"194\" height=\"129\" \/><\/a>&#8220;ULSS CHE TRADISCE LE PROMESSE, CONFERENZA DEI SINDACI LE CUI DECISIONI SONO CARTA STRACCIA, IL PRESIDENTE DELL&#8217;UNIONE MONTANA (foto) ETICHETTATO COME PONZIO PILATO E I FONDI DI CONFINE CHE SPACCANO UNA VALLATA&#8221; Sono alcuni dei concetti espressi l&#8217;altra sera in Unione Montana. De Bernardin per il s\u00ec a sistemare il Pronto Soccorso, alcuni sindaci si sentono presi in giro&#8230;<br \/>\nnel servizio di GIANNI SANTOMASO i sindaci pro e i sindaci contro<\/strong><\/div>\n<div>\n<audio class=\"wp-audio-shortcode\" id=\"audio-61491-1\" preload=\"none\" style=\"width: 100%;\" controls=\"controls\"><source type=\"audio\/mpeg\" src=\"http:\/\/www.radiopiu.net\/wordpress\/wp-content\/uploads\/2018\/09\/GIANNI-2.mp3?_=1\" \/><a href=\"http:\/\/www.radiopiu.net\/wordpress\/wp-content\/uploads\/2018\/09\/GIANNI-2.mp3\">http:\/\/www.radiopiu.net\/wordpress\/wp-content\/uploads\/2018\/09\/GIANNI-2.mp3<\/a><\/audio>\n<\/div>\n<blockquote>\n<div><\/div>\n<\/blockquote>\n<p>&nbsp;<\/p>\n<p>&nbsp;<\/p>\n<p>&nbsp;<\/p>\n<h1>PRONTO SOCCORSO: &#8220;NON SOLO MURA NUOVE, MA SERVIZI E RISORSE UMANE&#8221;, L&#8217;INTERVENTO DEL SINDACO SILVIA TORMEN<\/h1>\n<p><strong><a class=\"dt-pswp-item\" href=\"http:\/\/www.radiopiu.net\/wordpress\/wp-content\/uploads\/2018\/08\/silvia-tormen.jpg\" data-dt-img-description=\"\" data-large_image_width=\"978\" data-large_image_height=\"723\"><img loading=\"lazy\" decoding=\"async\" class=\" wp-image-58055 alignleft\" src=\"http:\/\/www.radiopiu.net\/wordpress\/wp-content\/uploads\/2018\/08\/silvia-tormen-300x222.jpg\" alt=\"\" width=\"236\" height=\"175\" srcset=\"https:\/\/www.radiopiu.net\/wordpress\/wp-content\/uploads\/2018\/08\/silvia-tormen-300x222.jpg 300w, https:\/\/www.radiopiu.net\/wordpress\/wp-content\/uploads\/2018\/08\/silvia-tormen-768x568.jpg 768w, https:\/\/www.radiopiu.net\/wordpress\/wp-content\/uploads\/2018\/08\/silvia-tormen.jpg 978w\" sizes=\"auto, (max-width: 236px) 100vw, 236px\" \/><\/a>AGORDO<\/strong> L&#8217;altra sera il sindaco di Taibon Silvia Tormen non ha partecipato al dibattito sulla sanit\u00e0 agordina, ai microfoni di RADIO PIU spiega la motivazione &#8220;Non sapevo che l&#8217;intervento di De Bernardin era dedicato all&#8217;ospedale, piuttosto pensavo fosse riferito al consiglio regionale in Marmolada\u00a0 e formalmente non mi sembra sia corretto quanto accaduto e che i colleghi si siano fermati a dibattere sul tema lo reputo sconveniente&#8221;.<br \/>\n<strong>A RADIO PIU&#8217; IL SINDACO DI TAIBON SILVIA TORMEN E LE PERPLESSITA&#8217; CIRCA LE RIFLESSIONI DEI PRIMARI DELL&#8217;OSPEDALE DI AGORDO RIFERITE AL DOTTOR CESARE DAL BO\u00a0<\/strong><\/p>\n<audio class=\"wp-audio-shortcode\" id=\"audio-61491-2\" preload=\"none\" style=\"width: 100%;\" controls=\"controls\"><source type=\"audio\/mpeg\" src=\"http:\/\/www.radiopiu.net\/wordpress\/wp-content\/uploads\/2018\/09\/SILVIA-2.mp3?_=2\" \/><a href=\"http:\/\/www.radiopiu.net\/wordpress\/wp-content\/uploads\/2018\/09\/SILVIA-2.mp3\">http:\/\/www.radiopiu.net\/wordpress\/wp-content\/uploads\/2018\/09\/SILVIA-2.mp3<\/a><\/audio>\n<p>&nbsp;<\/p>\n<p>&nbsp;<\/p>\n<p>&nbsp;<\/p>\n<p>&nbsp;<\/p>\n<h1>LE DIRETTE DIFFERITE DI RADIO PIU<\/h1>\n<p><strong><a class=\"dt-pswp-item\" href=\"http:\/\/www.radiopiu.net\/wordpress\/wp-content\/uploads\/2016\/04\/sanit\u00e0-1.jpg\" data-dt-img-description=\"\" data-large_image_width=\"1728\" data-large_image_height=\"800\"><img loading=\"lazy\" decoding=\"async\" class=\"size-medium wp-image-18839 alignleft\" src=\"http:\/\/www.radiopiu.net\/wordpress\/wp-content\/uploads\/2016\/04\/sanit\u00e0-1-300x139.jpg\" alt=\"\" width=\"300\" height=\"139\" \/><\/a>AGORDO<\/strong> Ristrutturazione del Pronto Soccorso di Agordo e contributo di 2,5 milioni dei fondi di confine a fronte di un cofinanziamento della Ulss1 pari a 500 mila euro. Contributo da concedere oppure no? I sindaci dell&#8217;Agordino ancora non hanno deciso ma la scadenza (30 settembre) \u00e8 alle porte. Ieri sera oltre un&#8217;ora di dibattito dopo la lettura del documento da parte del sindaco di Rocca Pietore Andrea De Bernardin, scritto dal dottor Cesare Dal B\u00f2 che ha chiesto il parere a 3 primari dell&#8217;ospedale di Agordo.<br \/>\nContrari a concedere il contributo quei sindaci che non credono pi\u00f9 nell&#8217;Istituzione Regione-Ulss1 per le promesse disattese (laboratorio analisi). Favorevoli i sindaci che propendono per dare comunque il contributo anche senza precise garanzie sul futuro dell&#8217;ospedale. Il problema \u00e8 solo il laboratorio analisi? O forse la paura come peraltro rimarcato anche nei giorni scorsi da autorevoli fonti che l&#8217;ospedale vada verso la chiusura per la mancanza di adeguate professionalit\u00e0 e non certo di &#8220;clienti&#8221; perch\u00e9 nell&#8217;Agordino per lunghi periodi dell&#8217;anno sono presenti anche tanti turisti, gli stessi che prima di scegliere la m\u00e8ta della vacanza s&#8217;informano, soprattutto su cosa offre la valle, presidi sanitari compresi.<\/p>\n<blockquote><p><strong>LUNEDI SERA DALLE 20.30 IL DIBATTITO SULL&#8217;OSPEDALE DI AGORDO IN SALA DON TAMIS A MARGINE DEL CONSIGLIO DELL&#8217;UNIONE MONTANA AGORDINA.\u00a0<\/strong><strong>INTERVERRANNO I SINDACI: ANDREA DE BERNARDIN, FABIO LUCHETTA, FLAVIO COLCERGNAN, SISTO DA ROIT, LEANDRO GRONES, MAURO SOPPELSA, GIANLUCA GAIARDI, MICHELE COSTA, BRUNO ZANVIT, SIRO DE BIASIO, GIOVANNI DEON.<\/strong><\/p><\/blockquote>\n<h2><span style=\"color: #ff0000;\">L&#8217;OPINIONE DEL DOTTOR CESARE DAL BO&#8217;, GIA&#8217; RESPONSABILE DELLA RADIOLOGIA AD AGORDO\u00a0<\/span><\/h2>\n<p><strong>Lo scorso 12 settembre su facebook scriveva\u00a0 &#8220;Sto pensando alla polemica tra i 16 sindaci dell&#8217;Agordino relativa all&#8217;ospedale di Agordo.Siamo meno di 20.000 abitanti e abbiamo 16 sindaci (mediamente 1 sindaco ogni 1250 persone) che non riescono a trovare una linea di condotta univoca su un problema urgente come quello della ristrutturazione del pronto soccorso. Con tutto il rispetto per le opinioni di ciascuno mi verrebbe da chiuderli in conclave finch\u00e8 non trovano una proposta maggioritaria da portare avanti.&#8221;<\/strong><\/p>\n<div><em><span style=\"color: #1d2129; font-family: Helvetica, Arial, sans-serif;\"><a class=\"dt-pswp-item\" href=\"http:\/\/www.radiopiu.net\/wordpress\/wp-content\/uploads\/2016\/05\/cesare-dal-bo.jpg\" data-dt-img-description=\"\" data-large_image_width=\"367\" data-large_image_height=\"450\"><img loading=\"lazy\" decoding=\"async\" class=\"wp-image-19553 alignleft\" src=\"http:\/\/www.radiopiu.net\/wordpress\/wp-content\/uploads\/2016\/05\/cesare-dal-bo-245x300.jpg\" alt=\"\" width=\"127\" height=\"156\" \/><\/a>&#8220;Ho partecipato al Consiglio dell&#8217;UMA incerto fino all&#8217;ultimo momento per la difficolt\u00e0 di raggiungere il numero legale (non mi faccio meraviglia che i delegati non partecipino a Consigli cos\u00ec poco interessanti) aspettando che si parlasse del problema pi\u00f9 importante che in questo momento interessa la vita della nostra piccola comunit\u00e0 agordina: la destinazione di fondi di confine per la ristrutturazione del Pronto Soccorso\u00a0 e del piano primo del monoblocco ospedaliero.\u00a0<\/span><\/em><em><span style=\"color: #1d2129; font-family: Helvetica, Arial, sans-serif;\">Finalmente ho respirato un p\u00f2 di &#8220;politica&#8221;.\u00a0<\/span><span style=\"color: #1d2129; font-family: Helvetica, Arial, sans-serif;\">Diversi convenuti, in modo garbato e democratico, hanno espresso i loro pareri in merito evidenziando comunque una spaccatura che non riguarda il merito ovvero la necessit\u00e0 di provvedere alla ristrutturazione dell&#8217;ospedale contribuendo finanziariamente con fondi\u00a0 di confine,\u00a0 ma il modus operandi della controparte (USL e REGIONE) che non si stanno comportando come ci si aspetterebbe (e di questo ne terremo conto).\u00a0<\/span><span style=\"color: #1d2129; font-family: Helvetica, Arial, sans-serif;\">Fortunatamente sembra che ci si avvii verso una soluzione se non unanime almeno maggioritaria.\u00a0<\/span><\/em><em><span style=\"color: #1d2129; font-family: Helvetica, Arial, sans-serif;\">Sta alla Stampa e a Radiopi\u00f9 incalzare i nostri rappresentanti perch\u00e8 nel pi\u00f9 breve tempo possibile indicano\u00a0 un Consiglio di Comunit\u00e0 dove decidere a maggioranza con voto palese per il s\u00ec o per il no.\u00a0<\/span><\/em><em><span style=\"color: #1d2129; font-family: Helvetica, Arial, sans-serif;\">Diversamente farebbero bene a chiudere &#8220;bottega&#8221; \u00a0sapendo che, cos\u00ec facendo, mettono a repentaglio anche ci\u00f2 che resta del nostro\u00a0 ospedale&#8221;.<\/span><\/em><\/div>\n<blockquote>\n<div><\/div>\n<\/blockquote>\n<div><\/div>\n","protected":false},"excerpt":{"rendered":"<p>AGORDINO LACERATO &#8220;ULSS CHE TRADISCE LE PROMESSE, CONFERENZA DEI SINDACI LE CUI DECISIONI SONO CARTA STRACCIA, IL PRESIDENTE DELL&#8217;UNIONE MONTANA (foto) ETICHETTATO COME PONZIO PILATO E I FONDI DI CONFINE CHE SPACCANO UNA VALLATA&#8221; Sono alcuni dei concetti espressi l&#8217;altra sera in Unione Montana. De Bernardin per il s\u00ec a sistemare il Pronto Soccorso, alcuni&hellip;<\/p>\n","protected":false},"author":1,"featured_media":0,"comment_status":"closed","ping_status":"closed","sticky":false,"template":"","format":"standard","meta":{"_monsterinsights_skip_tracking":false,"_monsterinsights_sitenote_active":false,"_monsterinsights_sitenote_note":"","_monsterinsights_sitenote_category":0,"footnotes":""},"categories":[51,84],"tags":[],"class_list":["post-61491","post","type-post","status-publish","format-standard","hentry","category-evidenza-top","category-speciali","category-51","category-84","description-off"],"img_url":false,"_links":{"self":[{"href":"https:\/\/www.radiopiu.net\/wordpress\/wp-json\/wp\/v2\/posts\/61491","targetHints":{"allow":["GET"]}}],"collection":[{"href":"https:\/\/www.radiopiu.net\/wordpress\/wp-json\/wp\/v2\/posts"}],"about":[{"href":"https:\/\/www.radiopiu.net\/wordpress\/wp-json\/wp\/v2\/types\/post"}],"author":[{"embeddable":true,"href":"https:\/\/www.radiopiu.net\/wordpress\/wp-json\/wp\/v2\/users\/1"}],"replies":[{"embeddable":true,"href":"https:\/\/www.radiopiu.net\/wordpress\/wp-json\/wp\/v2\/comments?post=61491"}],"version-history":[{"count":0,"href":"https:\/\/www.radiopiu.net\/wordpress\/wp-json\/wp\/v2\/posts\/61491\/revisions"}],"wp:attachment":[{"href":"https:\/\/www.radiopiu.net\/wordpress\/wp-json\/wp\/v2\/media?parent=61491"}],"wp:term":[{"taxonomy":"category","embeddable":true,"href":"https:\/\/www.radiopiu.net\/wordpress\/wp-json\/wp\/v2\/categories?post=61491"},{"taxonomy":"post_tag","embeddable":true,"href":"https:\/\/www.radiopiu.net\/wordpress\/wp-json\/wp\/v2\/tags?post=61491"}],"curies":[{"name":"wp","href":"https:\/\/api.w.org\/{rel}","templated":true}]}}