{"id":61493,"date":"2018-09-22T06:05:28","date_gmt":"2018-09-22T04:05:28","guid":{"rendered":"http:\/\/www.radiopiu.net\/wordpress\/?p=61493"},"modified":"2018-09-22T06:06:52","modified_gmt":"2018-09-22T04:06:52","slug":"presidente-zaia-lunedi-24-partecipa-a-consiglio-straordinario-sulla-marmolada-a-punta-serauta-caner-ai-microfoni-di-radiopiu","status":"publish","type":"post","link":"https:\/\/www.radiopiu.net\/wordpress\/presidente-zaia-lunedi-24-partecipa-a-consiglio-straordinario-sulla-marmolada-a-punta-serauta-caner-ai-microfoni-di-radiopiu\/","title":{"rendered":"PRESIDENTE ZAIA LUNED\u00cc 24 PARTECIPA A CONSIGLIO STRAORDINARIO SULLA MARMOLADA, A PUNTA SERAUTA, CANER AI MICROFONI DI RADIOPIU"},"content":{"rendered":"<h1><\/h1>\n<p><strong><a class=\"dt-pswp-item\" href=\"http:\/\/www.radiopiu.net\/wordpress\/wp-content\/uploads\/2016\/01\/57-2016-NUOVA-CABINOVIA-FALCADE-15.01.2016-Zaia-e-Caner.jpg\" data-dt-img-description=\"\" data-large_image_width=\"1563\" data-large_image_height=\"1051\"><img loading=\"lazy\" decoding=\"async\" class=\" wp-image-15514 alignleft\" src=\"http:\/\/www.radiopiu.net\/wordpress\/wp-content\/uploads\/2016\/01\/57-2016-NUOVA-CABINOVIA-FALCADE-15.01.2016-Zaia-e-Caner-300x202.jpg\" alt=\"\" width=\"223\" height=\"150\" \/><\/a>VENEZIA<\/strong>\u00a0 Il presidente della Regione Veneto Luca Zaia luned\u00ec\u00a0 parteciper\u00e0 alla seduta straordinaria del Consiglio regionale convocata nella sede del Museo della Grande Guerra, nella stazione funiviaria di Serauta, nel comune di Rocca Pietore. Il presidente partir\u00e0 con la prima corsa della funivia per la Marmolada (ritrovo in localit\u00e0 Malga Ciapela alle ore 10). Al termine della seduta straordinaria, previsto per le ore 13.30, il presidente deporr\u00e0 una corona di alloro al Monumento ai caduti della Grande Guerra.<\/p>\n<h3>AI MICROFONI DI RADIO PIU&#8217; L&#8217;ASSESSORE AL TURISMO FEDERICO CANER<\/h3>\n<audio class=\"wp-audio-shortcode\" id=\"audio-61493-1\" preload=\"none\" style=\"width: 100%;\" controls=\"controls\"><source type=\"audio\/mpeg\" src=\"http:\/\/www.radiopiu.net\/wordpress\/wp-content\/uploads\/2018\/09\/CANER.mp3?_=1\" \/><a href=\"http:\/\/www.radiopiu.net\/wordpress\/wp-content\/uploads\/2018\/09\/CANER.mp3\">http:\/\/www.radiopiu.net\/wordpress\/wp-content\/uploads\/2018\/09\/CANER.mp3<\/a><\/audio>\n<p>&nbsp;<\/p>\n<p>&nbsp;<\/p>\n","protected":false},"excerpt":{"rendered":"<p>VENEZIA\u00a0 Il presidente della Regione Veneto Luca Zaia luned\u00ec\u00a0 parteciper\u00e0 alla seduta straordinaria del Consiglio regionale convocata nella sede del Museo della Grande Guerra, nella stazione funiviaria di Serauta, nel comune di Rocca Pietore. Il presidente partir\u00e0 con la prima corsa della funivia per la Marmolada (ritrovo in localit\u00e0 Malga Ciapela alle ore 10). Al&hellip;<\/p>\n","protected":false},"author":1,"featured_media":0,"comment_status":"closed","ping_status":"closed","sticky":false,"template":"","format":"standard","meta":{"_monsterinsights_skip_tracking":false,"_monsterinsights_sitenote_active":false,"_monsterinsights_sitenote_note":"","_monsterinsights_sitenote_category":0,"footnotes":""},"categories":[2],"tags":[],"class_list":["post-61493","post","type-post","status-publish","format-standard","hentry","category-news","category-2","description-off"],"img_url":false,"_links":{"self":[{"href":"https:\/\/www.radiopiu.net\/wordpress\/wp-json\/wp\/v2\/posts\/61493","targetHints":{"allow":["GET"]}}],"collection":[{"href":"https:\/\/www.radiopiu.net\/wordpress\/wp-json\/wp\/v2\/posts"}],"about":[{"href":"https:\/\/www.radiopiu.net\/wordpress\/wp-json\/wp\/v2\/types\/post"}],"author":[{"embeddable":true,"href":"https:\/\/www.radiopiu.net\/wordpress\/wp-json\/wp\/v2\/users\/1"}],"replies":[{"embeddable":true,"href":"https:\/\/www.radiopiu.net\/wordpress\/wp-json\/wp\/v2\/comments?post=61493"}],"version-history":[{"count":0,"href":"https:\/\/www.radiopiu.net\/wordpress\/wp-json\/wp\/v2\/posts\/61493\/revisions"}],"wp:attachment":[{"href":"https:\/\/www.radiopiu.net\/wordpress\/wp-json\/wp\/v2\/media?parent=61493"}],"wp:term":[{"taxonomy":"category","embeddable":true,"href":"https:\/\/www.radiopiu.net\/wordpress\/wp-json\/wp\/v2\/categories?post=61493"},{"taxonomy":"post_tag","embeddable":true,"href":"https:\/\/www.radiopiu.net\/wordpress\/wp-json\/wp\/v2\/tags?post=61493"}],"curies":[{"name":"wp","href":"https:\/\/api.w.org\/{rel}","templated":true}]}}