{"id":61595,"date":"2018-09-25T06:24:55","date_gmt":"2018-09-25T04:24:55","guid":{"rendered":"http:\/\/www.radiopiu.net\/wordpress\/?p=61595"},"modified":"2018-09-25T06:23:38","modified_gmt":"2018-09-25T04:23:38","slug":"giorgio-fornasier-ha-cantato-a-sostegno-del-nuovo-centro-diurnogiovedi-diretta-differita-su-radio-piu-dalle-20-30","status":"publish","type":"post","link":"https:\/\/www.radiopiu.net\/wordpress\/giorgio-fornasier-ha-cantato-a-sostegno-del-nuovo-centro-diurnogiovedi-diretta-differita-su-radio-piu-dalle-20-30\/","title":{"rendered":"GIORGIO FORNASIER HA CANTATO A SOSTEGNO DEL NUOVO CENTRO DIURNO,GIOVEDI DIRETTA DIFFERITA SU RADIO PIU&#8217; DALLE 20.30"},"content":{"rendered":"<h1><\/h1>\n<p><span style=\"color: #ff0000;\">DI BRUNELLA MORO<\/span><\/p>\n<p><strong><a class=\"dt-pswp-item\" href=\"http:\/\/www.radiopiu.net\/wordpress\/wp-content\/uploads\/2018\/09\/0793707b-f644-4259-942e-360c91d07f16.jpg\" data-dt-img-description=\"\" data-large_image_width=\"1200\" data-large_image_height=\"1599\"><img loading=\"lazy\" decoding=\"async\" class=\" wp-image-61593 alignleft\" src=\"http:\/\/www.radiopiu.net\/wordpress\/wp-content\/uploads\/2018\/09\/0793707b-f644-4259-942e-360c91d07f16-225x300.jpg\" alt=\"\" width=\"186\" height=\"248\" srcset=\"https:\/\/www.radiopiu.net\/wordpress\/wp-content\/uploads\/2018\/09\/0793707b-f644-4259-942e-360c91d07f16-225x300.jpg 225w, https:\/\/www.radiopiu.net\/wordpress\/wp-content\/uploads\/2018\/09\/0793707b-f644-4259-942e-360c91d07f16-768x1024.jpg 768w, https:\/\/www.radiopiu.net\/wordpress\/wp-content\/uploads\/2018\/09\/0793707b-f644-4259-942e-360c91d07f16.jpg 1200w\" sizes=\"auto, (max-width: 186px) 100vw, 186px\" \/><\/a><\/strong><\/p>\n<p>&nbsp;<\/p>\n<p><strong>AGORDO<\/strong> Una serata ideata per uno scopo benefico si \u00e8 trasformata in uno spettacolo piacevole all&#8217;insegna della musica di Giorgio Fornasier, che ha ricordato attraverso le sue canzoni il percorso del binomio Gianni Secco-Giorgio Fornasier che hanno dato vita ai Belumat. La serata di sabato all&#8217;auditurium Monsignor Vincenzo Savio \u00e8 stata organizzata con un obiettivo preciso: raccogliere fondi per la ristrutturazione del nuovo centro diurno per disabili, raccolta che continua come ricorda il presidente Federico Bristot.<\/p>\n<audio class=\"wp-audio-shortcode\" id=\"audio-61595-1\" preload=\"none\" style=\"width: 100%;\" controls=\"controls\"><source type=\"audio\/mpeg\" src=\"http:\/\/www.radiopiu.net\/wordpress\/wp-content\/uploads\/2018\/09\/FEDERICO-BRISTOT.mp3?_=1\" \/><a href=\"http:\/\/www.radiopiu.net\/wordpress\/wp-content\/uploads\/2018\/09\/FEDERICO-BRISTOT.mp3\">http:\/\/www.radiopiu.net\/wordpress\/wp-content\/uploads\/2018\/09\/FEDERICO-BRISTOT.mp3<\/a><\/audio>\n<p>Per Giorgio Fornasier applausi a scena aperta, nell&#8217;arco di due ore ha ripercorso un&#8217;avventura importante condivisa con l&#8217;amico Gianni Secco, ovvero la storia dei Belumat<\/p>\n<audio class=\"wp-audio-shortcode\" id=\"audio-61595-2\" preload=\"none\" style=\"width: 100%;\" controls=\"controls\"><source type=\"audio\/mpeg\" src=\"http:\/\/www.radiopiu.net\/wordpress\/wp-content\/uploads\/2018\/09\/GIORGIO-1.mp3?_=2\" \/><a href=\"http:\/\/www.radiopiu.net\/wordpress\/wp-content\/uploads\/2018\/09\/GIORGIO-1.mp3\">http:\/\/www.radiopiu.net\/wordpress\/wp-content\/uploads\/2018\/09\/GIORGIO-1.mp3<\/a><\/audio>\n<p>L&#8217;artista profondamente coinvolto in prima persona ha raccontato anche la sua storia, per gran parte della sua vita si \u00e8 infatti occupato delle tematiche della disabilit\u00e0 seguendo il figlio Daniele tutt&#8217;ora ospite di Societ\u00e0 nuova<\/p>\n<audio class=\"wp-audio-shortcode\" id=\"audio-61595-3\" preload=\"none\" style=\"width: 100%;\" controls=\"controls\"><source type=\"audio\/mpeg\" src=\"http:\/\/www.radiopiu.net\/wordpress\/wp-content\/uploads\/2018\/09\/GIORGIO-2.mp3?_=3\" \/><a href=\"http:\/\/www.radiopiu.net\/wordpress\/wp-content\/uploads\/2018\/09\/GIORGIO-2.mp3\">http:\/\/www.radiopiu.net\/wordpress\/wp-content\/uploads\/2018\/09\/GIORGIO-2.mp3<\/a><\/audio>\n<p>L&#8217;INVITO<\/p>\n<audio class=\"wp-audio-shortcode\" id=\"audio-61595-4\" preload=\"none\" style=\"width: 100%;\" controls=\"controls\"><source type=\"audio\/mpeg\" src=\"http:\/\/www.radiopiu.net\/wordpress\/wp-content\/uploads\/2018\/09\/denis.mp3?_=4\" \/><a href=\"http:\/\/www.radiopiu.net\/wordpress\/wp-content\/uploads\/2018\/09\/denis.mp3\">http:\/\/www.radiopiu.net\/wordpress\/wp-content\/uploads\/2018\/09\/denis.mp3<\/a><\/audio>\n<p>GALLERIA FOTO CLICCA PER INGRANDIRE<\/p>\n<p>&nbsp;<\/p>\n\n\t\t\t<style type='text\/css'>\n\t\t\t\t#gallery-1 {\n\t\t\t\t\tmargin: auto;\n\t\t\t\t}\n\t\t\t\t#gallery-1 .gallery-item {\n\t\t\t\t\tfloat: left;\n\t\t\t\t\tmargin-top: 10px;\n\t\t\t\t\ttext-align: center;\n\t\t\t\t\twidth: 33%;\n\t\t\t\t}\n\t\t\t\t#gallery-1 img {\n\t\t\t\t\tborder: 2px solid #cfcfcf;\n\t\t\t\t}\n\t\t\t\t#gallery-1 .gallery-caption {\n\t\t\t\t\tmargin-left: 0;\n\t\t\t\t}\n\t\t\t\t\/* see gallery_shortcode() in wp-includes\/media.php *\/\n\t\t\t<\/style>\n\t\t<div id='gallery-1' class='dt-gallery-container gallery galleryid-61595 gallery-columns-3 gallery-size-thumbnail'><dl class='gallery-item'>\n\t\t\t\t<dt class='gallery-icon landscape'>\n\t\t\t\t\t<a class=\"rollover\" href='https:\/\/www.radiopiu.net\/wordpress\/giornale-radiopiu-24-settembre-2018-direttore-mirko-mezzacasa\/1d77cb54-288b-4bd4-a33a-93797313e891\/'><img loading=\"lazy\" decoding=\"async\" width=\"150\" height=\"150\" src=\"https:\/\/www.radiopiu.net\/wordpress\/wp-content\/uploads\/2018\/09\/1d77cb54-288b-4bd4-a33a-93797313e891-150x150.jpg\" class=\"attachment-thumbnail size-thumbnail\" alt=\"\" \/><\/a>\n\t\t\t\t<\/dt><\/dl><dl class='gallery-item'>\n\t\t\t\t<dt class='gallery-icon portrait'>\n\t\t\t\t\t<a class=\"rollover\" href='https:\/\/www.radiopiu.net\/wordpress\/giornale-radiopiu-24-settembre-2018-direttore-mirko-mezzacasa\/6ffb29d7-d83a-4258-a7c4-90f233bf1d87\/'><img loading=\"lazy\" decoding=\"async\" width=\"150\" height=\"150\" src=\"https:\/\/www.radiopiu.net\/wordpress\/wp-content\/uploads\/2018\/09\/6ffb29d7-d83a-4258-a7c4-90f233bf1d87-150x150.jpg\" class=\"attachment-thumbnail size-thumbnail\" alt=\"\" \/><\/a>\n\t\t\t\t<\/dt><\/dl><dl class='gallery-item'>\n\t\t\t\t<dt class='gallery-icon portrait'>\n\t\t\t\t\t<a class=\"rollover\" href='https:\/\/www.radiopiu.net\/wordpress\/giornale-radiopiu-24-settembre-2018-direttore-mirko-mezzacasa\/bbf93eb6-a28c-47c9-b026-49da744f9e73\/'><img loading=\"lazy\" decoding=\"async\" width=\"150\" height=\"150\" src=\"https:\/\/www.radiopiu.net\/wordpress\/wp-content\/uploads\/2018\/09\/bbf93eb6-a28c-47c9-b026-49da744f9e73-150x150.jpg\" class=\"attachment-thumbnail size-thumbnail\" alt=\"\" \/><\/a>\n\t\t\t\t<\/dt><\/dl><br style=\"clear: both\" \/><dl class='gallery-item'>\n\t\t\t\t<dt class='gallery-icon portrait'>\n\t\t\t\t\t<a class=\"rollover\" href='https:\/\/www.radiopiu.net\/wordpress\/giornale-radiopiu-24-settembre-2018-direttore-mirko-mezzacasa\/f207f2fc-a0ad-47a2-b340-fa77b6c5946c\/'><img loading=\"lazy\" decoding=\"async\" width=\"150\" height=\"150\" src=\"https:\/\/www.radiopiu.net\/wordpress\/wp-content\/uploads\/2018\/09\/f207f2fc-a0ad-47a2-b340-fa77b6c5946c-150x150.jpg\" class=\"attachment-thumbnail size-thumbnail\" alt=\"\" \/><\/a>\n\t\t\t\t<\/dt><\/dl><dl class='gallery-item'>\n\t\t\t\t<dt class='gallery-icon portrait'>\n\t\t\t\t\t<a class=\"rollover\" href='https:\/\/www.radiopiu.net\/wordpress\/giornale-radiopiu-24-settembre-2018-direttore-mirko-mezzacasa\/6954b1a5-efa1-49d9-bbd6-ba0fa0576391\/'><img loading=\"lazy\" decoding=\"async\" width=\"150\" height=\"150\" src=\"https:\/\/www.radiopiu.net\/wordpress\/wp-content\/uploads\/2018\/09\/6954b1a5-efa1-49d9-bbd6-ba0fa0576391-150x150.jpg\" class=\"attachment-thumbnail size-thumbnail\" alt=\"\" \/><\/a>\n\t\t\t\t<\/dt><\/dl><dl class='gallery-item'>\n\t\t\t\t<dt class='gallery-icon portrait'>\n\t\t\t\t\t<a class=\"rollover\" href='https:\/\/www.radiopiu.net\/wordpress\/giornale-radiopiu-24-settembre-2018-direttore-mirko-mezzacasa\/e2f18374-a49d-43c0-8d7e-c204c0c2a41b\/'><img loading=\"lazy\" decoding=\"async\" width=\"150\" height=\"150\" src=\"https:\/\/www.radiopiu.net\/wordpress\/wp-content\/uploads\/2018\/09\/e2f18374-a49d-43c0-8d7e-c204c0c2a41b-150x150.jpg\" class=\"attachment-thumbnail size-thumbnail\" alt=\"\" \/><\/a>\n\t\t\t\t<\/dt><\/dl><br style=\"clear: both\" \/>\n\t\t\t<\/div>\n\n<p>&nbsp;<\/p>\n<p>&nbsp;<\/p>\n","protected":false},"excerpt":{"rendered":"<p>DI BRUNELLA MORO &nbsp; AGORDO Una serata ideata per uno scopo benefico si \u00e8 trasformata in uno spettacolo piacevole all&#8217;insegna della musica di Giorgio Fornasier, che ha ricordato attraverso le sue canzoni il percorso del binomio Gianni Secco-Giorgio Fornasier che hanno dato vita ai Belumat. La serata di sabato all&#8217;auditurium Monsignor Vincenzo Savio \u00e8 stata&hellip;<\/p>\n","protected":false},"author":1,"featured_media":61587,"comment_status":"closed","ping_status":"closed","sticky":false,"template":"","format":"standard","meta":{"_monsterinsights_skip_tracking":false,"_monsterinsights_sitenote_active":false,"_monsterinsights_sitenote_note":"","_monsterinsights_sitenote_category":0,"footnotes":""},"categories":[49],"tags":[],"class_list":["post-61595","post","type-post","status-publish","format-standard","has-post-thumbnail","hentry","category-news-18","category-49","description-off"],"img_url":"https:\/\/www.radiopiu.net\/wordpress\/wp-content\/uploads\/2018\/09\/1d77cb54-288b-4bd4-a33a-93797313e891.jpg","_links":{"self":[{"href":"https:\/\/www.radiopiu.net\/wordpress\/wp-json\/wp\/v2\/posts\/61595","targetHints":{"allow":["GET"]}}],"collection":[{"href":"https:\/\/www.radiopiu.net\/wordpress\/wp-json\/wp\/v2\/posts"}],"about":[{"href":"https:\/\/www.radiopiu.net\/wordpress\/wp-json\/wp\/v2\/types\/post"}],"author":[{"embeddable":true,"href":"https:\/\/www.radiopiu.net\/wordpress\/wp-json\/wp\/v2\/users\/1"}],"replies":[{"embeddable":true,"href":"https:\/\/www.radiopiu.net\/wordpress\/wp-json\/wp\/v2\/comments?post=61595"}],"version-history":[{"count":0,"href":"https:\/\/www.radiopiu.net\/wordpress\/wp-json\/wp\/v2\/posts\/61595\/revisions"}],"wp:featuredmedia":[{"embeddable":true,"href":"https:\/\/www.radiopiu.net\/wordpress\/wp-json\/wp\/v2\/media\/61587"}],"wp:attachment":[{"href":"https:\/\/www.radiopiu.net\/wordpress\/wp-json\/wp\/v2\/media?parent=61595"}],"wp:term":[{"taxonomy":"category","embeddable":true,"href":"https:\/\/www.radiopiu.net\/wordpress\/wp-json\/wp\/v2\/categories?post=61595"},{"taxonomy":"post_tag","embeddable":true,"href":"https:\/\/www.radiopiu.net\/wordpress\/wp-json\/wp\/v2\/tags?post=61595"}],"curies":[{"name":"wp","href":"https:\/\/api.w.org\/{rel}","templated":true}]}}