{"id":61627,"date":"2018-09-24T05:22:29","date_gmt":"2018-09-24T03:22:29","guid":{"rendered":"http:\/\/www.radiopiu.net\/wordpress\/?p=61627"},"modified":"2018-09-24T05:22:29","modified_gmt":"2018-09-24T03:22:29","slug":"san-bartolomeo-di-tiser-23-settembre-18","status":"publish","type":"post","link":"https:\/\/www.radiopiu.net\/wordpress\/san-bartolomeo-di-tiser-23-settembre-18\/","title":{"rendered":"SAN BARTOLOMEO DI TISER (23 SETTEMBRE 18)"},"content":{"rendered":"<h1>GLI SPECIALI DI RADIOPIU.<\/h1>\n<p><strong>DI RENATO BONA<\/strong><\/p>\n<div id=\"js_9z\" class=\"_5pbx userContent _3576\" data-ft=\"{&quot;tn&quot;:&quot;K&quot;}\">\n<div id=\"id_5ba857bb55f365696932167\" class=\"text_exposed_root text_exposed\">\n<p>Il numero 44 del settimanale \u201cDomenica\u201d edito dalla Diocesi di Belluno-Feltre e diretto dal vescovo emerito monsignor Giuseppe Andrich scrive che oggi, domenica 23 settembre 2018, ricorre l\u2019anniversario della dedicazione della chiesa di Tiser. Sarebbe il cinquantaseiesimo se fosse esatta la data 1962 che \u00e8 riportata nella pubblicazione. In realt\u00e0 &#8211; lo sostiene il parroco don Fabiano Del Favero che abbiamo contattato &#8211; l\u2019edificio sacro<span class=\"text_exposed_show\">\u00a0\u00e8 di fine quattordicesimo secolo, la consacrazione del 14 agosto 1568 \u2013 e fanno 450 anni! &#8211; e l\u2019istituzione della parrocchia del 1662.<br \/>\nAgordino Dolomiti a proposito della Chiesa di San Bartolomeo riferisce che \u201c\u00c8 la parrocchiale di Tiser, realizzata nel Trecento e pi\u00f9 volte rimaneggiata (l&#8217;ultima ricostruzione \u00e8 del 1697). Vi si trovano opere di Tomaso Da Rin (1921), nonch\u00e9 due statue lignee (San Pietro e San Paolo) realizzate nel 1855 da Valentino Besarel. L&#8217;altare maggiore (1685) e quello della Madonna del Rosario (1705) sono attribuiti a Fioravante Costa, mentre un altro altare laterale (1752) potrebbe essere opera del figlio Antonio\u201d.<br \/>\nLo scomparso prof. don Ferdinando Tamis in \u201cBreve storia dell\u2019Agordino\u201d tipografia Piave marzo 1989: \u201cLa chiesa, documentata nel 1414, si pu\u00f2 far risalire al XIV secolo e forse anche prima. Ebbe sacerdote proprio nel 1597 insieme con Rivamonte e da sola verso il 1636. E\u2019 la prima che fu eretta formalmente in parrocchia il 13 novembre 1662, con decreto vescovile dopo le disposizioni del Concilio di Trento\u201d.<br \/>\nPer Alberto Locatelli Tiser \u00e8 ricordato la prima volta in un documento del 1148. Al tempo della Serenissima formava una \u2018regola\u2019 che nelle cose civili in molti punti rimaneva unita e dipendente da Riva. Ora \u00e8 una frazione del Comune di Gosaldo. Da vedere la bella ed antica chiesa del XIV secolo, restaurata durante l&#8217;epidemia del 1547-49, fu consacrata il 14 agosto 1568 e dedicata a San Bartolomeo Apostolo.<br \/>\nL&#8217; altare maggiore \u00e8 impreziosito da due sculture di San Pietro e Paolo opere di Valentino Panciera Besarel. Venne eretta a parrocchia il 13 novembre 1662 (allora contava 1000 abitanti)<br \/>\nUn momento importante nella vita di Tiser \u00e8 tuttora la Sagra in occasione della festa dei patroni San Rocco e San Bartolomeo. Locatelli richiama quindi altre date unificative: 11 agosto 1906 benedizione delle campane; il 25-26 febbraio gli austriaci le confiscarono per fonderle e farne cannoni; terminata la guerra Tiser riusc\u00ec a rifondere le sue campane con il bronzo dei cannoni austriaci che il governo destinava alle chiese danneggiate dalla guerra; l\u201911 febbraio 1923 furono nuovamente e solennemente inaugurate. Erano state fuse dalla stessa fonderia dove nel 1906 erano state realizzate quelle messe in opera sul campanile dallo stesso meccanico.<br \/>\nNELLE FOTO (Daniele Felli, Alberto Locatelli): la chiesa di San Bartolomeo di Tiser oggi e in una vecchia cartolina.<\/span><\/p>\n<\/div>\n<\/div>\n<div class=\"_3x-2\" data-ft=\"{&quot;tn&quot;:&quot;H&quot;}\">\n<div data-ft=\"{&quot;tn&quot;:&quot;H&quot;}\">\n<div class=\"mtm\">\n<div class=\"_2a2q _65sr\">\n<div class=\"_46-h\"><a class=\"dt-pswp-item\" href=\"http:\/\/www.radiopiu.net\/wordpress\/wp-content\/uploads\/2018\/09\/42302510_1951529848241200_7142562731013439488_n.jpg\" data-dt-img-description=\"\" data-large_image_width=\"636\" data-large_image_height=\"960\"><img loading=\"lazy\" decoding=\"async\" class=\"alignnone size-medium wp-image-61625\" src=\"http:\/\/www.radiopiu.net\/wordpress\/wp-content\/uploads\/2018\/09\/42302510_1951529848241200_7142562731013439488_n-199x300.jpg\" alt=\"\" width=\"199\" height=\"300\" srcset=\"https:\/\/www.radiopiu.net\/wordpress\/wp-content\/uploads\/2018\/09\/42302510_1951529848241200_7142562731013439488_n-199x300.jpg 199w, https:\/\/www.radiopiu.net\/wordpress\/wp-content\/uploads\/2018\/09\/42302510_1951529848241200_7142562731013439488_n.jpg 636w\" sizes=\"auto, (max-width: 199px) 100vw, 199px\" \/><\/a><a class=\"dt-pswp-item\" href=\"http:\/\/www.radiopiu.net\/wordpress\/wp-content\/uploads\/2018\/09\/42366775_1951529731574545_6023763216859922432_n.jpg\" data-dt-img-description=\"\" data-large_image_width=\"799\" data-large_image_height=\"504\"><img loading=\"lazy\" decoding=\"async\" class=\"alignnone size-medium wp-image-61626\" src=\"http:\/\/www.radiopiu.net\/wordpress\/wp-content\/uploads\/2018\/09\/42366775_1951529731574545_6023763216859922432_n-300x189.jpg\" alt=\"\" width=\"300\" height=\"189\" srcset=\"https:\/\/www.radiopiu.net\/wordpress\/wp-content\/uploads\/2018\/09\/42366775_1951529731574545_6023763216859922432_n-300x189.jpg 300w, https:\/\/www.radiopiu.net\/wordpress\/wp-content\/uploads\/2018\/09\/42366775_1951529731574545_6023763216859922432_n-768x484.jpg 768w, https:\/\/www.radiopiu.net\/wordpress\/wp-content\/uploads\/2018\/09\/42366775_1951529731574545_6023763216859922432_n.jpg 799w\" sizes=\"auto, (max-width: 300px) 100vw, 300px\" \/><\/a><\/div>\n<p><a id=\"u_ps_fetchstream_3_3_14\" class=\"_5dec _xcx\" href=\"https:\/\/www.facebook.com\/photo.php?fbid=1951529844907867&amp;set=pcb.1951529954907856&amp;type=3&amp;__tn__=HH-R&amp;eid=ARANVB7LpAKzyQTfwCRInhc9cO2NL3KRT4KRQvMEeCSEMTJuyrPuVUcuhkhEXtZCcbG0rQNCt6AjyBnn&amp;__xts__%5B0%5D=68.ARCBe-u2GmLVv-oETTp2t9IjyPmZhkz39djMO7WhHiRBVYT0FGNsxuoDu2eV3oWSIw2Rbhv5X77tBMRDEmc9c0QYIG4RmKmzpgSg4MJfsmWE8pRwifspq_FpiVDn6l3yuIGwlWueqyQiXr98wVAenuK1hNLy6EDYrOLw1xA49DGQHnY0fTSnhA\" rel=\"theater\" data-referrerid=\"100001526120073\" data-ploi=\"https:\/\/scontent-mxp1-1.xx.fbcdn.net\/v\/t1.0-9\/42314533_1951529851574533_6174249787055931392_o.jpg?_nc_cat=0&amp;oh=0a8db49ef8aca05b34103bb9d422d6b8&amp;oe=5C1C00E2\" data-plsi=\"https:\/\/scontent-mxp1-1.xx.fbcdn.net\/v\/t1.0-9\/42302510_1951529848241200_7142562731013439488_n.jpg?_nc_cat=0&amp;oh=8c4e3911697bd935f5f229567fa8afa6&amp;oe=5C1A7615\" data-render-location=\"timeline\"><\/a><\/div>\n<\/div>\n<\/div>\n<\/div>\n<p>&nbsp;<\/p>\n<p>&nbsp;<\/p>\n<p>&nbsp;<\/p>\n<p>&nbsp;<\/p>\n","protected":false},"excerpt":{"rendered":"<p>GLI SPECIALI DI RADIOPIU. DI RENATO BONA Il numero 44 del settimanale \u201cDomenica\u201d edito dalla Diocesi di Belluno-Feltre e diretto dal vescovo emerito monsignor Giuseppe Andrich scrive che oggi, domenica 23 settembre 2018, ricorre l\u2019anniversario della dedicazione della chiesa di Tiser. Sarebbe il cinquantaseiesimo se fosse esatta la data 1962 che \u00e8 riportata nella pubblicazione.&hellip;<\/p>\n","protected":false},"author":1,"featured_media":61626,"comment_status":"closed","ping_status":"closed","sticky":false,"template":"","format":"standard","meta":{"_monsterinsights_skip_tracking":false,"_monsterinsights_sitenote_active":false,"_monsterinsights_sitenote_note":"","_monsterinsights_sitenote_category":0,"footnotes":""},"categories":[49,84],"tags":[],"class_list":["post-61627","post","type-post","status-publish","format-standard","has-post-thumbnail","hentry","category-news-18","category-speciali","category-49","category-84","description-off"],"img_url":"https:\/\/www.radiopiu.net\/wordpress\/wp-content\/uploads\/2018\/09\/42366775_1951529731574545_6023763216859922432_n.jpg","_links":{"self":[{"href":"https:\/\/www.radiopiu.net\/wordpress\/wp-json\/wp\/v2\/posts\/61627","targetHints":{"allow":["GET"]}}],"collection":[{"href":"https:\/\/www.radiopiu.net\/wordpress\/wp-json\/wp\/v2\/posts"}],"about":[{"href":"https:\/\/www.radiopiu.net\/wordpress\/wp-json\/wp\/v2\/types\/post"}],"author":[{"embeddable":true,"href":"https:\/\/www.radiopiu.net\/wordpress\/wp-json\/wp\/v2\/users\/1"}],"replies":[{"embeddable":true,"href":"https:\/\/www.radiopiu.net\/wordpress\/wp-json\/wp\/v2\/comments?post=61627"}],"version-history":[{"count":0,"href":"https:\/\/www.radiopiu.net\/wordpress\/wp-json\/wp\/v2\/posts\/61627\/revisions"}],"wp:featuredmedia":[{"embeddable":true,"href":"https:\/\/www.radiopiu.net\/wordpress\/wp-json\/wp\/v2\/media\/61626"}],"wp:attachment":[{"href":"https:\/\/www.radiopiu.net\/wordpress\/wp-json\/wp\/v2\/media?parent=61627"}],"wp:term":[{"taxonomy":"category","embeddable":true,"href":"https:\/\/www.radiopiu.net\/wordpress\/wp-json\/wp\/v2\/categories?post=61627"},{"taxonomy":"post_tag","embeddable":true,"href":"https:\/\/www.radiopiu.net\/wordpress\/wp-json\/wp\/v2\/tags?post=61627"}],"curies":[{"name":"wp","href":"https:\/\/api.w.org\/{rel}","templated":true}]}}