{"id":61651,"date":"2018-09-24T09:52:43","date_gmt":"2018-09-24T07:52:43","guid":{"rendered":"http:\/\/www.radiopiu.net\/wordpress\/?p=61651"},"modified":"2018-09-24T09:52:43","modified_gmt":"2018-09-24T07:52:43","slug":"a-filippo-beccari-e-barbara-giacomuzzi-il-delicious-trail-dolomiti","status":"publish","type":"post","link":"https:\/\/www.radiopiu.net\/wordpress\/a-filippo-beccari-e-barbara-giacomuzzi-il-delicious-trail-dolomiti\/","title":{"rendered":"A FILIPPO BECCARI E BARBARA GIACOMUZZI IL DELICIOUS TRAIL DOLOMITI"},"content":{"rendered":"<h1><\/h1>\n<blockquote>\n<h3>Una guida alpina e una maestra di sci si aggiudicano questa 3a edizione<\/h3>\n<\/blockquote>\n<p><strong><a class=\"dt-pswp-item\" href=\"http:\/\/www.radiopiu.net\/wordpress\/wp-content\/uploads\/2018\/09\/Il-vincitore-Filippo-Beccari.jpg\" data-dt-img-description=\"\" data-large_image_width=\"511\" data-large_image_height=\"768\"><img loading=\"lazy\" decoding=\"async\" class=\" wp-image-61559 alignleft\" src=\"http:\/\/www.radiopiu.net\/wordpress\/wp-content\/uploads\/2018\/09\/Il-vincitore-Filippo-Beccari-200x300.jpg\" alt=\"\" width=\"226\" height=\"339\" srcset=\"https:\/\/www.radiopiu.net\/wordpress\/wp-content\/uploads\/2018\/09\/Il-vincitore-Filippo-Beccari-200x300.jpg 200w, https:\/\/www.radiopiu.net\/wordpress\/wp-content\/uploads\/2018\/09\/Il-vincitore-Filippo-Beccari.jpg 511w\" sizes=\"auto, (max-width: 226px) 100vw, 226px\" \/><\/a>CORTINA<\/strong> Oltre mille i concorrenti che questa mattina hanno preso parte alla terza edizione del Delicious Trail Dolomiti (tra short e long), l\u2019evento di trail-running organizzato dalla L5TSPORT ASD con il patrocinio del Comune di Cortina d\u2019Ampezzo, Regole d\u2019Ampezzo, Cai sezione di Cortina, e della Fondazione Cortina 2021, che ha visto primeggiare Filippo Beccari e Barbara Giacomuzzi. Il trail corto invece \u00e8 andato a Daniele De Monte e a Sara Della Coletta. Il vincitore Filippo Beccari, bolognese ma da anni residente ad Arabba: <em>\u00abEra la prima volta che partecipavo a questa gara. Sono abituato alle competizioni di trail-running anche se generalmente le scelgo un po\u2019 pi\u00f9 corte, per\u00f2 conosco bene la zona facendo la guida alpina da queste parti. Mi \u00e8 piaciuto l\u2019ambiente e l\u2019organizzazione spettacolare; non ho potuto apprezzare il cibo perch\u00e9 non mi sono mai fermato. Il tratto pi\u00f9 duro \u00e8 stato quello in galleria, ma \u00e8 l\u00ec che ho fatto la differenza staccando il tedesco nell\u2019ultimo tratto, ho guadagnato pochi minuti che mi sono serviti per vincere\u00bb.\u00a0<\/em>Kristina Ghedina ha partecipato al trail di 22 km con il team di Cortina 2021 e ha raccontato all\u2019arrivo: <em>\u00abLa gara \u00e8 bellissima, del resto \u00e8 il terzo anno consecutivo che partecipo, anche se questa volta ho faticato parecchio. Il tratto che mi ha fatto emozionare di pi\u00f9 \u00e8 stato quello poco prima di arrivare alle Cinque Torri, con il passaggio attraverso i sentieri della Grande Guerra; \u00e8 molto caratteristico e hai il contatto diretto con la roccia. Un tempo queste montagne le percorrevo in discesa con gli sci e andavo velocissimo, ora le faccio camminando in salita e molto lentamente. Certo ho fatto dei piccoli tratti di corsa ma non sono allenato e devo fare i conti con le articolazioni usurate, quindi va bene cos\u00ec\u00bb.\u00a0<\/em>Venti le nazioni presenti in totale tra gara lunga e short; le pi\u00f9 rappresentative dopo l\u2019Italia sono: Stati uniti (22 runners), Belgio (22) e Olanda (10).\u00a0 PODIO MASCHILE TRAIL DI 38,5 KM 1 . Filippo Beccari, La Sportiva \u2013 3:55:30 2 Christoph Lauterbach (GER), Adidas Terrex \u2013 3:58:33\u00a0\u00a03 Fabiano Roccabruna, La Sportiva \u2013 4:16:25 PODIO FEMMINILE TRAIL DI 38,5 KM 1\u00a0Barbara Giacomuzzi, Atletica Cortina \u2013 4:57:47 2 Miriam Cusini, Marathon Club Livigno \u2013 5:30:31 3 Sandra Fazio, Atletica Cortina \u2013 5:35:23 PODIO MASCHILE TRAIL DI 22 KM 1 Daniele De Monte, Gemona Atletica \u2013 2:27:10 2 Filippo Cagnati, Atletica Cortina \u2013 2:29:41 3 Christian Zandonella, Cadoreventi ASD \u2013 2:31:30 PODIO FEMMINILE TRAIL DI 22 KM 1 Sara Della Coletta, 2:38:42 2 Francesca Scribanti, Atletica Cortina \u2013 2:38:42 (scarto di un centesimo) 3 Anna Ongaro, 2:44:58<\/p>\n<p><strong>GALLERIA FOTO CLICCA PER INGRANDIRE<\/strong><\/p>\n\n\t\t\t<style type='text\/css'>\n\t\t\t\t#gallery-1 {\n\t\t\t\t\tmargin: auto;\n\t\t\t\t}\n\t\t\t\t#gallery-1 .gallery-item {\n\t\t\t\t\tfloat: left;\n\t\t\t\t\tmargin-top: 10px;\n\t\t\t\t\ttext-align: center;\n\t\t\t\t\twidth: 33%;\n\t\t\t\t}\n\t\t\t\t#gallery-1 img {\n\t\t\t\t\tborder: 2px solid #cfcfcf;\n\t\t\t\t}\n\t\t\t\t#gallery-1 .gallery-caption {\n\t\t\t\t\tmargin-left: 0;\n\t\t\t\t}\n\t\t\t\t\/* see gallery_shortcode() in wp-includes\/media.php *\/\n\t\t\t<\/style>\n\t\t<div id='gallery-1' class='dt-gallery-container gallery galleryid-61651 gallery-columns-3 gallery-size-thumbnail'><dl class='gallery-item'>\n\t\t\t\t<dt class='gallery-icon landscape'>\n\t\t\t\t\t<a class=\"rollover\" href='https:\/\/www.radiopiu.net\/wordpress\/giornale-radiopiu-24-settembre-2018-direttore-mirko-mezzacasa\/i-vincitori-delledizione-2018-foto-p-benini\/'><img loading=\"lazy\" decoding=\"async\" width=\"150\" height=\"150\" src=\"https:\/\/www.radiopiu.net\/wordpress\/wp-content\/uploads\/2018\/09\/I-vincitori-delledizione-2018-Foto-P.-Benini-150x150.jpg\" class=\"attachment-thumbnail size-thumbnail\" alt=\"\" \/><\/a>\n\t\t\t\t<\/dt><\/dl><dl class='gallery-item'>\n\t\t\t\t<dt class='gallery-icon portrait'>\n\t\t\t\t\t<a class=\"rollover\" href='https:\/\/www.radiopiu.net\/wordpress\/giornale-radiopiu-24-settembre-2018-direttore-mirko-mezzacasa\/il-vincitore-filippo-beccari\/'><img loading=\"lazy\" decoding=\"async\" width=\"150\" height=\"150\" src=\"https:\/\/www.radiopiu.net\/wordpress\/wp-content\/uploads\/2018\/09\/Il-vincitore-Filippo-Beccari-150x150.jpg\" class=\"attachment-thumbnail size-thumbnail\" alt=\"\" \/><\/a>\n\t\t\t\t<\/dt><\/dl><dl class='gallery-item'>\n\t\t\t\t<dt class='gallery-icon portrait'>\n\t\t\t\t\t<a class=\"rollover\" href='https:\/\/www.radiopiu.net\/wordpress\/giornale-radiopiu-24-settembre-2018-direttore-mirko-mezzacasa\/kristian-ghedina-in-azione-foto-p-benini\/'><img loading=\"lazy\" decoding=\"async\" width=\"150\" height=\"150\" src=\"https:\/\/www.radiopiu.net\/wordpress\/wp-content\/uploads\/2018\/09\/Kristian-Ghedina-in-azione-Foto-P.-Benini-150x150.jpg\" class=\"attachment-thumbnail size-thumbnail\" alt=\"\" \/><\/a>\n\t\t\t\t<\/dt><\/dl><br style=\"clear: both\" \/><dl class='gallery-item'>\n\t\t\t\t<dt class='gallery-icon landscape'>\n\t\t\t\t\t<a class=\"rollover\" href='https:\/\/www.radiopiu.net\/wordpress\/giornale-radiopiu-24-settembre-2018-direttore-mirko-mezzacasa\/la-concorrente-chiara-fabio-in-gara-foto-p-benini\/'><img loading=\"lazy\" decoding=\"async\" width=\"150\" height=\"150\" src=\"https:\/\/www.radiopiu.net\/wordpress\/wp-content\/uploads\/2018\/09\/La-concorrente-Chiara-Fabio-in-gara-Foto-P.-Benini-150x150.jpg\" class=\"attachment-thumbnail size-thumbnail\" alt=\"\" \/><\/a>\n\t\t\t\t<\/dt><\/dl><dl class='gallery-item'>\n\t\t\t\t<dt class='gallery-icon landscape'>\n\t\t\t\t\t<a class=\"rollover\" href='https:\/\/www.radiopiu.net\/wordpress\/giornale-radiopiu-24-settembre-2018-direttore-mirko-mezzacasa\/partenza-foto-p-benini\/'><img loading=\"lazy\" decoding=\"async\" width=\"150\" height=\"150\" src=\"https:\/\/www.radiopiu.net\/wordpress\/wp-content\/uploads\/2018\/09\/Partenza-Foto-P.-Benini-150x150.jpg\" class=\"attachment-thumbnail size-thumbnail\" alt=\"\" \/><\/a>\n\t\t\t\t<\/dt><\/dl><dl class='gallery-item'>\n\t\t\t\t<dt class='gallery-icon landscape'>\n\t\t\t\t\t<a class=\"rollover\" href='https:\/\/www.radiopiu.net\/wordpress\/giornale-radiopiu-24-settembre-2018-direttore-mirko-mezzacasa\/ristoro-rifugio-scoiattoli-foto-p-benini\/'><img loading=\"lazy\" decoding=\"async\" width=\"150\" height=\"150\" src=\"https:\/\/www.radiopiu.net\/wordpress\/wp-content\/uploads\/2018\/09\/Ristoro-Rifugio-Scoiattoli-Foto-P.-Benini-150x150.jpg\" class=\"attachment-thumbnail size-thumbnail\" alt=\"\" \/><\/a>\n\t\t\t\t<\/dt><\/dl><br style=\"clear: both\" \/>\n\t\t\t<\/div>\n\n<p>&nbsp;<\/p>\n<p>&nbsp;<\/p>\n<p>&nbsp;<\/p>\n<p>&nbsp;<\/p>\n","protected":false},"excerpt":{"rendered":"<p>Una guida alpina e una maestra di sci si aggiudicano questa 3a edizione CORTINA Oltre mille i concorrenti che questa mattina hanno preso parte alla terza edizione del Delicious Trail Dolomiti (tra short e long), l\u2019evento di trail-running organizzato dalla L5TSPORT ASD con il patrocinio del Comune di Cortina d\u2019Ampezzo, Regole d\u2019Ampezzo, Cai sezione di&hellip;<\/p>\n","protected":false},"author":1,"featured_media":61559,"comment_status":"closed","ping_status":"closed","sticky":false,"template":"","format":"standard","meta":{"_monsterinsights_skip_tracking":false,"_monsterinsights_sitenote_active":false,"_monsterinsights_sitenote_note":"","_monsterinsights_sitenote_category":0,"footnotes":""},"categories":[49,72],"tags":[],"class_list":["post-61651","post","type-post","status-publish","format-standard","has-post-thumbnail","hentry","category-news-18","category-sport","category-49","category-72","description-off"],"img_url":"https:\/\/www.radiopiu.net\/wordpress\/wp-content\/uploads\/2018\/09\/Il-vincitore-Filippo-Beccari.jpg","_links":{"self":[{"href":"https:\/\/www.radiopiu.net\/wordpress\/wp-json\/wp\/v2\/posts\/61651","targetHints":{"allow":["GET"]}}],"collection":[{"href":"https:\/\/www.radiopiu.net\/wordpress\/wp-json\/wp\/v2\/posts"}],"about":[{"href":"https:\/\/www.radiopiu.net\/wordpress\/wp-json\/wp\/v2\/types\/post"}],"author":[{"embeddable":true,"href":"https:\/\/www.radiopiu.net\/wordpress\/wp-json\/wp\/v2\/users\/1"}],"replies":[{"embeddable":true,"href":"https:\/\/www.radiopiu.net\/wordpress\/wp-json\/wp\/v2\/comments?post=61651"}],"version-history":[{"count":0,"href":"https:\/\/www.radiopiu.net\/wordpress\/wp-json\/wp\/v2\/posts\/61651\/revisions"}],"wp:featuredmedia":[{"embeddable":true,"href":"https:\/\/www.radiopiu.net\/wordpress\/wp-json\/wp\/v2\/media\/61559"}],"wp:attachment":[{"href":"https:\/\/www.radiopiu.net\/wordpress\/wp-json\/wp\/v2\/media?parent=61651"}],"wp:term":[{"taxonomy":"category","embeddable":true,"href":"https:\/\/www.radiopiu.net\/wordpress\/wp-json\/wp\/v2\/categories?post=61651"},{"taxonomy":"post_tag","embeddable":true,"href":"https:\/\/www.radiopiu.net\/wordpress\/wp-json\/wp\/v2\/tags?post=61651"}],"curies":[{"name":"wp","href":"https:\/\/api.w.org\/{rel}","templated":true}]}}